{"id":9548,"date":"2019-12-01T11:43:21","date_gmt":"2019-12-01T10:43:21","guid":{"rendered":"https:\/\/www.kirche-sdh.de\/side\/?p=9548"},"modified":"2019-12-01T11:58:11","modified_gmt":"2019-12-01T10:58:11","slug":"licht-in-die-welt-gebracht","status":"publish","type":"post","link":"https:\/\/www.kirche-sdh.de\/side\/licht-in-die-welt-gebracht\/","title":{"rendered":"&#8222;Licht in die Welt gebracht&#8220;"},"content":{"rendered":"<p><strong>Andacht und Martinszug des Sch\u00f6nthaler Kindergartens &#8211; Martinsg\u00e4nse verteilt<\/strong><\/p>\n<p>In einem langen Laternenzug, angef\u00fchrt von Sankt Martin auf seinem Pferd, sind zu Ehren des Heiligen die Kinder des Kindergartens Sankt Johannes gemeinsam mit den Kindergartenfr\u00e4ulein, Geschwistern, Eltern und Gro\u00dfeltern sowie der Eltern-Kind-Gruppe singend von der Pfarrkirche zum vor\u00fcbergehenden Kindergarten gezogen. Zuvor hatten sie mit Einbruch der Dunkelheit im Gotteshaus zusammen mit Pfarrer Alfons Eder eine kurze Andacht zum Gedenken an den Heiligen Martin gefeiert.<\/p>\n<p>Pfarrer Eder begr\u00fc\u00dfte die Kleinen mit ihren Laternen und freute sich, sie in der Sch\u00f6nthaler Pfarrkirche im Andenken an Martin willkommen hei\u00dfen zu d\u00fcrfen. Der heilige Martin habe ein gro\u00dfes Herz gehabt, sei hilfsbereit und fromm gewesen und habe Gutes getan. Damit habe Martin Licht in die Welt gebracht. Heute w\u00fcrden die Laternen der Kinder das leuchtende Licht des Heiligen Sankt Martin symbolisieren. Sankt Martin sei als Licht f\u00fcr alle Menschen vorangegangen und k\u00f6nne ein Vorbild an Hilfsbereitschaft und Fr\u00f6mmigkeit f\u00fcr alle sein, so Pfarrer Eder.<\/p>\n<p><img loading=\"lazy\" decoding=\"async\" width=\"5184\" height=\"3456\" alt=\"\" src=\"https:\/\/www.kirche-sdh.de\/side\/wp-content\/uploads\/2019\/12\/IMG_3831.jpg\" \/><\/p>\n<p>Diesen Gedanken griffen die Kinder in ihren Liedern und Gebeten immer wieder auf, &#8222;Liebt einander, helft einander, teilt miteinander euer Brot&#8220; hie\u00df es unter anderem im Schlusslied der Kindergartenkinder. Die Legende des heiligen Martin mit der Mantelteilung und schlie\u00dflich sein Wirken als Bischof trugen die Kinder in einem Spiel gemeinsam mit Erzieherin Michaela Nitsch vor.<\/p>\n<p>Zum Abschluss der von vielen sch\u00f6nen Martinsliedern umrahmten Andacht segnete Pfarrer Alfons Eder die Kinder sowie gebackene Martinsg\u00e4nse. Kindergartenleiterin Martina Pirzl dankte Pfarrer Eder, dem Elternbeirat, der Familie Eidel f\u00fcr die Begleitung mit einem Pferd aus dem Reitstall B\u00f6sl aus Thurau sowie der freiwilligen Feuerwehr f\u00fcr die Absicherung beim Martinszug.<\/p>\n<p><img loading=\"lazy\" decoding=\"async\" width=\"5184\" height=\"3456\" alt=\"\" src=\"https:\/\/www.kirche-sdh.de\/side\/wp-content\/uploads\/2019\/12\/IMG_3860.jpg\" \/><\/p>\n<p>Im Kindergarten sorgte der Elternbeirat zum gem\u00fctlichen Ausklang f\u00fcr Bewirtung mit warmen und kalten Getr\u00e4nken und zum Essen warme Leberk\u00e4sesemmeln und Brezen. Die gespendeten Martinsg\u00e4nse wurden an die Kindergartenkinder verteilt, die diese wiederrum mit ihren Eltern, Geschwistern und Freunden in Anlehnung an die Legende des heiligen Martin bereitwillig teilten.<\/p>\n","protected":false},"excerpt":{"rendered":"<p>Andacht und Martinszug des Sch\u00f6nthaler Kindergartens &#8211; Martinsg\u00e4nse verteilt In einem langen Laternenzug, angef\u00fchrt von Sankt Martin auf seinem Pferd, sind zu Ehren des Heiligen die Kinder des Kindergartens Sankt Johannes gemeinsam mit den Kindergartenfr\u00e4ulein, Geschwistern, Eltern und Gro\u00dfeltern sowie der Eltern-Kind-Gruppe singend von der Pfarrkirche zum vor\u00fcbergehenden Kindergarten gezogen. [&hellip;]<\/p>\n","protected":false},"author":3,"featured_media":9552,"comment_status":"open","ping_status":"open","sticky":true,"template":"","format":"standard","meta":{"footnotes":""},"categories":[21],"tags":[],"class_list":["post-9548","post","type-post","status-publish","format-standard","has-post-thumbnail","hentry","category-schoenthal"],"yoast_head":"<!-- This site is optimized with the Yoast SEO plugin v27.4 - https:\/\/yoast.com\/product\/yoast-seo-wordpress\/ -->\n<title>&quot;Licht in die Welt gebracht&quot; - Informationsseite und Seelsorgeeinheit<\/title>\n<meta name=\"robots\" content=\"index, follow, max-snippet:-1, max-image-preview:large, max-video-preview:-1\" \/>\n<link rel=\"canonical\" href=\"https:\/\/www.kirche-sdh.de\/side\/licht-in-die-welt-gebracht\/\" \/>\n<meta property=\"og:locale\" content=\"de_DE\" \/>\n<meta property=\"og:type\" content=\"article\" \/>\n<meta property=\"og:title\" content=\"&quot;Licht in die Welt gebracht&quot; - Informationsseite und Seelsorgeeinheit\" \/>\n<meta property=\"og:description\" content=\"Andacht und Martinszug des Sch\u00f6nthaler Kindergartens &#8211; Martinsg\u00e4nse verteilt In einem langen Laternenzug, angef\u00fchrt von Sankt Martin auf seinem Pferd, sind zu Ehren des Heiligen die Kinder des Kindergartens Sankt Johannes gemeinsam mit den Kindergartenfr\u00e4ulein, Geschwistern, Eltern und Gro\u00dfeltern sowie der Eltern-Kind-Gruppe singend von der Pfarrkirche zum vor\u00fcbergehenden Kindergarten gezogen. [&hellip;]\" \/>\n<meta property=\"og:url\" content=\"https:\/\/www.kirche-sdh.de\/side\/licht-in-die-welt-gebracht\/\" \/>\n<meta property=\"og:site_name\" content=\"Informationsseite und Seelsorgeeinheit\" \/>\n<meta property=\"article:published_time\" content=\"2019-12-01T10:43:21+00:00\" \/>\n<meta property=\"article:modified_time\" content=\"2019-12-01T10:58:11+00:00\" \/>\n<meta property=\"og:image\" content=\"https:\/\/www.kirche-sdh.de\/side\/wp-content\/uploads\/2019\/12\/IMG_3831-1024x683.jpg\" \/>\n\t<meta property=\"og:image:width\" content=\"1024\" \/>\n\t<meta property=\"og:image:height\" content=\"683\" \/>\n\t<meta property=\"og:image:type\" content=\"image\/jpeg\" \/>\n<meta name=\"author\" content=\"Martin Zangl\" \/>\n<meta name=\"twitter:card\" content=\"summary_large_image\" \/>\n<meta name=\"twitter:label1\" content=\"Verfasst von\" \/>\n\t<meta name=\"twitter:data1\" content=\"Martin Zangl\" \/>\n\t<meta name=\"twitter:label2\" content=\"Gesch\u00e4tzte Lesezeit\" \/>\n\t<meta name=\"twitter:data2\" content=\"2\u00a0Minuten\" \/>\n<script type=\"application\/ld+json\" class=\"yoast-schema-graph\">{\"@context\":\"https:\\\/\\\/schema.org\",\"@graph\":[{\"@type\":\"Article\",\"@id\":\"https:\\\/\\\/www.kirche-sdh.de\\\/side\\\/licht-in-die-welt-gebracht\\\/#article\",\"isPartOf\":{\"@id\":\"https:\\\/\\\/www.kirche-sdh.de\\\/side\\\/licht-in-die-welt-gebracht\\\/\"},\"author\":{\"name\":\"Martin Zangl\",\"@id\":\"https:\\\/\\\/www.kirche-sdh.de\\\/side\\\/#\\\/schema\\\/person\\\/e05baeb81583d4659c11ea77b24c3640\"},\"headline\":\"&#8222;Licht in die Welt gebracht&#8220;\",\"datePublished\":\"2019-12-01T10:43:21+00:00\",\"dateModified\":\"2019-12-01T10:58:11+00:00\",\"mainEntityOfPage\":{\"@id\":\"https:\\\/\\\/www.kirche-sdh.de\\\/side\\\/licht-in-die-welt-gebracht\\\/\"},\"wordCount\":346,\"commentCount\":0,\"publisher\":{\"@id\":\"https:\\\/\\\/www.kirche-sdh.de\\\/side\\\/#organization\"},\"image\":{\"@id\":\"https:\\\/\\\/www.kirche-sdh.de\\\/side\\\/licht-in-die-welt-gebracht\\\/#primaryimage\"},\"thumbnailUrl\":\"https:\\\/\\\/www.kirche-sdh.de\\\/side\\\/wp-content\\\/uploads\\\/2019\\\/12\\\/IMG_3831.jpg\",\"articleSection\":[\"Sch\u00f6nthal\"],\"inLanguage\":\"de\"},{\"@type\":\"WebPage\",\"@id\":\"https:\\\/\\\/www.kirche-sdh.de\\\/side\\\/licht-in-die-welt-gebracht\\\/\",\"url\":\"https:\\\/\\\/www.kirche-sdh.de\\\/side\\\/licht-in-die-welt-gebracht\\\/\",\"name\":\"\\\"Licht in die Welt gebracht\\\" - Informationsseite und Seelsorgeeinheit\",\"isPartOf\":{\"@id\":\"https:\\\/\\\/www.kirche-sdh.de\\\/side\\\/#website\"},\"primaryImageOfPage\":{\"@id\":\"https:\\\/\\\/www.kirche-sdh.de\\\/side\\\/licht-in-die-welt-gebracht\\\/#primaryimage\"},\"image\":{\"@id\":\"https:\\\/\\\/www.kirche-sdh.de\\\/side\\\/licht-in-die-welt-gebracht\\\/#primaryimage\"},\"thumbnailUrl\":\"https:\\\/\\\/www.kirche-sdh.de\\\/side\\\/wp-content\\\/uploads\\\/2019\\\/12\\\/IMG_3831.jpg\",\"datePublished\":\"2019-12-01T10:43:21+00:00\",\"dateModified\":\"2019-12-01T10:58:11+00:00\",\"breadcrumb\":{\"@id\":\"https:\\\/\\\/www.kirche-sdh.de\\\/side\\\/licht-in-die-welt-gebracht\\\/#breadcrumb\"},\"inLanguage\":\"de\",\"potentialAction\":[{\"@type\":\"ReadAction\",\"target\":[\"https:\\\/\\\/www.kirche-sdh.de\\\/side\\\/licht-in-die-welt-gebracht\\\/\"]}]},{\"@type\":\"ImageObject\",\"inLanguage\":\"de\",\"@id\":\"https:\\\/\\\/www.kirche-sdh.de\\\/side\\\/licht-in-die-welt-gebracht\\\/#primaryimage\",\"url\":\"https:\\\/\\\/www.kirche-sdh.de\\\/side\\\/wp-content\\\/uploads\\\/2019\\\/12\\\/IMG_3831.jpg\",\"contentUrl\":\"https:\\\/\\\/www.kirche-sdh.de\\\/side\\\/wp-content\\\/uploads\\\/2019\\\/12\\\/IMG_3831.jpg\",\"width\":5184,\"height\":3456},{\"@type\":\"BreadcrumbList\",\"@id\":\"https:\\\/\\\/www.kirche-sdh.de\\\/side\\\/licht-in-die-welt-gebracht\\\/#breadcrumb\",\"itemListElement\":[{\"@type\":\"ListItem\",\"position\":1,\"name\":\"Startseite\",\"item\":\"https:\\\/\\\/www.kirche-sdh.de\\\/side\\\/\"},{\"@type\":\"ListItem\",\"position\":2,\"name\":\"&#8222;Licht in die Welt gebracht&#8220;\"}]},{\"@type\":\"WebSite\",\"@id\":\"https:\\\/\\\/www.kirche-sdh.de\\\/side\\\/#website\",\"url\":\"https:\\\/\\\/www.kirche-sdh.de\\\/side\\\/\",\"name\":\"Informationsseite und Seelsorgeeinheit\",\"description\":\"Informationsseite und Seelsorgeeinheit\",\"publisher\":{\"@id\":\"https:\\\/\\\/www.kirche-sdh.de\\\/side\\\/#organization\"},\"potentialAction\":[{\"@type\":\"SearchAction\",\"target\":{\"@type\":\"EntryPoint\",\"urlTemplate\":\"https:\\\/\\\/www.kirche-sdh.de\\\/side\\\/?s={search_term_string}\"},\"query-input\":{\"@type\":\"PropertyValueSpecification\",\"valueRequired\":true,\"valueName\":\"search_term_string\"}}],\"inLanguage\":\"de\"},{\"@type\":\"Organization\",\"@id\":\"https:\\\/\\\/www.kirche-sdh.de\\\/side\\\/#organization\",\"name\":\"Informationsseite und Seelsorgeeinheit\",\"url\":\"https:\\\/\\\/www.kirche-sdh.de\\\/side\\\/\",\"logo\":{\"@type\":\"ImageObject\",\"inLanguage\":\"de\",\"@id\":\"https:\\\/\\\/www.kirche-sdh.de\\\/side\\\/#\\\/schema\\\/logo\\\/image\\\/\",\"url\":\"https:\\\/\\\/www.kirche-sdh.de\\\/side\\\/wp-content\\\/uploads\\\/2017\\\/12\\\/kirche-logos.png\",\"contentUrl\":\"https:\\\/\\\/www.kirche-sdh.de\\\/side\\\/wp-content\\\/uploads\\\/2017\\\/12\\\/kirche-logos.png\",\"width\":438,\"height\":191,\"caption\":\"Informationsseite und Seelsorgeeinheit\"},\"image\":{\"@id\":\"https:\\\/\\\/www.kirche-sdh.de\\\/side\\\/#\\\/schema\\\/logo\\\/image\\\/\"}},{\"@type\":\"Person\",\"@id\":\"https:\\\/\\\/www.kirche-sdh.de\\\/side\\\/#\\\/schema\\\/person\\\/e05baeb81583d4659c11ea77b24c3640\",\"name\":\"Martin Zangl\",\"url\":\"https:\\\/\\\/www.kirche-sdh.de\\\/side\\\/author\\\/zangl\\\/\"}]}<\/script>\n<!-- \/ Yoast SEO plugin. -->","yoast_head_json":{"title":"\"Licht in die Welt gebracht\" - Informationsseite und Seelsorgeeinheit","robots":{"index":"index","follow":"follow","max-snippet":"max-snippet:-1","max-image-preview":"max-image-preview:large","max-video-preview":"max-video-preview:-1"},"canonical":"https:\/\/www.kirche-sdh.de\/side\/licht-in-die-welt-gebracht\/","og_locale":"de_DE","og_type":"article","og_title":"\"Licht in die Welt gebracht\" - Informationsseite und Seelsorgeeinheit","og_description":"Andacht und Martinszug des Sch\u00f6nthaler Kindergartens &#8211; Martinsg\u00e4nse verteilt In einem langen Laternenzug, angef\u00fchrt von Sankt Martin auf seinem Pferd, sind zu Ehren des Heiligen die Kinder des Kindergartens Sankt Johannes gemeinsam mit den Kindergartenfr\u00e4ulein, Geschwistern, Eltern und Gro\u00dfeltern sowie der Eltern-Kind-Gruppe singend von der Pfarrkirche zum vor\u00fcbergehenden Kindergarten gezogen. [&hellip;]","og_url":"https:\/\/www.kirche-sdh.de\/side\/licht-in-die-welt-gebracht\/","og_site_name":"Informationsseite und Seelsorgeeinheit","article_published_time":"2019-12-01T10:43:21+00:00","article_modified_time":"2019-12-01T10:58:11+00:00","og_image":[{"width":1024,"height":683,"url":"https:\/\/www.kirche-sdh.de\/side\/wp-content\/uploads\/2019\/12\/IMG_3831-1024x683.jpg","type":"image\/jpeg"}],"author":"Martin Zangl","twitter_card":"summary_large_image","twitter_misc":{"Verfasst von":"Martin Zangl","Gesch\u00e4tzte Lesezeit":"2\u00a0Minuten"},"schema":{"@context":"https:\/\/schema.org","@graph":[{"@type":"Article","@id":"https:\/\/www.kirche-sdh.de\/side\/licht-in-die-welt-gebracht\/#article","isPartOf":{"@id":"https:\/\/www.kirche-sdh.de\/side\/licht-in-die-welt-gebracht\/"},"author":{"name":"Martin Zangl","@id":"https:\/\/www.kirche-sdh.de\/side\/#\/schema\/person\/e05baeb81583d4659c11ea77b24c3640"},"headline":"&#8222;Licht in die Welt gebracht&#8220;","datePublished":"2019-12-01T10:43:21+00:00","dateModified":"2019-12-01T10:58:11+00:00","mainEntityOfPage":{"@id":"https:\/\/www.kirche-sdh.de\/side\/licht-in-die-welt-gebracht\/"},"wordCount":346,"commentCount":0,"publisher":{"@id":"https:\/\/www.kirche-sdh.de\/side\/#organization"},"image":{"@id":"https:\/\/www.kirche-sdh.de\/side\/licht-in-die-welt-gebracht\/#primaryimage"},"thumbnailUrl":"https:\/\/www.kirche-sdh.de\/side\/wp-content\/uploads\/2019\/12\/IMG_3831.jpg","articleSection":["Sch\u00f6nthal"],"inLanguage":"de"},{"@type":"WebPage","@id":"https:\/\/www.kirche-sdh.de\/side\/licht-in-die-welt-gebracht\/","url":"https:\/\/www.kirche-sdh.de\/side\/licht-in-die-welt-gebracht\/","name":"\"Licht in die Welt gebracht\" - Informationsseite und Seelsorgeeinheit","isPartOf":{"@id":"https:\/\/www.kirche-sdh.de\/side\/#website"},"primaryImageOfPage":{"@id":"https:\/\/www.kirche-sdh.de\/side\/licht-in-die-welt-gebracht\/#primaryimage"},"image":{"@id":"https:\/\/www.kirche-sdh.de\/side\/licht-in-die-welt-gebracht\/#primaryimage"},"thumbnailUrl":"https:\/\/www.kirche-sdh.de\/side\/wp-content\/uploads\/2019\/12\/IMG_3831.jpg","datePublished":"2019-12-01T10:43:21+00:00","dateModified":"2019-12-01T10:58:11+00:00","breadcrumb":{"@id":"https:\/\/www.kirche-sdh.de\/side\/licht-in-die-welt-gebracht\/#breadcrumb"},"inLanguage":"de","potentialAction":[{"@type":"ReadAction","target":["https:\/\/www.kirche-sdh.de\/side\/licht-in-die-welt-gebracht\/"]}]},{"@type":"ImageObject","inLanguage":"de","@id":"https:\/\/www.kirche-sdh.de\/side\/licht-in-die-welt-gebracht\/#primaryimage","url":"https:\/\/www.kirche-sdh.de\/side\/wp-content\/uploads\/2019\/12\/IMG_3831.jpg","contentUrl":"https:\/\/www.kirche-sdh.de\/side\/wp-content\/uploads\/2019\/12\/IMG_3831.jpg","width":5184,"height":3456},{"@type":"BreadcrumbList","@id":"https:\/\/www.kirche-sdh.de\/side\/licht-in-die-welt-gebracht\/#breadcrumb","itemListElement":[{"@type":"ListItem","position":1,"name":"Startseite","item":"https:\/\/www.kirche-sdh.de\/side\/"},{"@type":"ListItem","position":2,"name":"&#8222;Licht in die Welt gebracht&#8220;"}]},{"@type":"WebSite","@id":"https:\/\/www.kirche-sdh.de\/side\/#website","url":"https:\/\/www.kirche-sdh.de\/side\/","name":"Informationsseite und Seelsorgeeinheit","description":"Informationsseite und Seelsorgeeinheit","publisher":{"@id":"https:\/\/www.kirche-sdh.de\/side\/#organization"},"potentialAction":[{"@type":"SearchAction","target":{"@type":"EntryPoint","urlTemplate":"https:\/\/www.kirche-sdh.de\/side\/?s={search_term_string}"},"query-input":{"@type":"PropertyValueSpecification","valueRequired":true,"valueName":"search_term_string"}}],"inLanguage":"de"},{"@type":"Organization","@id":"https:\/\/www.kirche-sdh.de\/side\/#organization","name":"Informationsseite und Seelsorgeeinheit","url":"https:\/\/www.kirche-sdh.de\/side\/","logo":{"@type":"ImageObject","inLanguage":"de","@id":"https:\/\/www.kirche-sdh.de\/side\/#\/schema\/logo\/image\/","url":"https:\/\/www.kirche-sdh.de\/side\/wp-content\/uploads\/2017\/12\/kirche-logos.png","contentUrl":"https:\/\/www.kirche-sdh.de\/side\/wp-content\/uploads\/2017\/12\/kirche-logos.png","width":438,"height":191,"caption":"Informationsseite und Seelsorgeeinheit"},"image":{"@id":"https:\/\/www.kirche-sdh.de\/side\/#\/schema\/logo\/image\/"}},{"@type":"Person","@id":"https:\/\/www.kirche-sdh.de\/side\/#\/schema\/person\/e05baeb81583d4659c11ea77b24c3640","name":"Martin Zangl","url":"https:\/\/www.kirche-sdh.de\/side\/author\/zangl\/"}]}},"_links":{"self":[{"href":"https:\/\/www.kirche-sdh.de\/side\/wp-json\/wp\/v2\/posts\/9548","targetHints":{"allow":["GET"]}}],"collection":[{"href":"https:\/\/www.kirche-sdh.de\/side\/wp-json\/wp\/v2\/posts"}],"about":[{"href":"https:\/\/www.kirche-sdh.de\/side\/wp-json\/wp\/v2\/types\/post"}],"author":[{"embeddable":true,"href":"https:\/\/www.kirche-sdh.de\/side\/wp-json\/wp\/v2\/users\/3"}],"replies":[{"embeddable":true,"href":"https:\/\/www.kirche-sdh.de\/side\/wp-json\/wp\/v2\/comments?post=9548"}],"version-history":[{"count":0,"href":"https:\/\/www.kirche-sdh.de\/side\/wp-json\/wp\/v2\/posts\/9548\/revisions"}],"wp:featuredmedia":[{"embeddable":true,"href":"https:\/\/www.kirche-sdh.de\/side\/wp-json\/wp\/v2\/media\/9552"}],"wp:attachment":[{"href":"https:\/\/www.kirche-sdh.de\/side\/wp-json\/wp\/v2\/media?parent=9548"}],"wp:term":[{"taxonomy":"category","embeddable":true,"href":"https:\/\/www.kirche-sdh.de\/side\/wp-json\/wp\/v2\/categories?post=9548"},{"taxonomy":"post_tag","embeddable":true,"href":"https:\/\/www.kirche-sdh.de\/side\/wp-json\/wp\/v2\/tags?post=9548"}],"curies":[{"name":"wp","href":"https:\/\/api.w.org\/{rel}","templated":true}]}}