{"id":7491,"date":"2019-05-25T17:53:34","date_gmt":"2019-05-25T15:53:34","guid":{"rendered":"https:\/\/www.kirche-sdh.de\/side\/?p=7491"},"modified":"2019-06-28T17:55:29","modified_gmt":"2019-06-28T15:55:29","slug":"bittgang-nach-ast-2","status":"publish","type":"post","link":"https:\/\/www.kirche-sdh.de\/side\/bittgang-nach-ast-2\/","title":{"rendered":"Bittgang nach Ast"},"content":{"rendered":"<h1>Dankgang nach Ast<\/h1>\n<p>Am letzten Samstag im Mai macht sich die D\u00f6feringer Pfarrei traditionell auf zur Gottesmutter nach Ast um das Versprechen ihrer Vorfahren einzul\u00f6sen.<\/p>\n<p><img loading=\"lazy\" decoding=\"async\" src=\"https:\/\/www.kirche-sdh.de\/side\/wp-content\/uploads\/2019\/06\/P1360609-1024x768.jpg\" alt=\"\" width=\"750\" height=\"563\" class=\"alignleft size-large wp-image-7492\" srcset=\"https:\/\/www.kirche-sdh.de\/side\/wp-content\/uploads\/2019\/06\/P1360609-1024x768.jpg 1024w, https:\/\/www.kirche-sdh.de\/side\/wp-content\/uploads\/2019\/06\/P1360609-300x225.jpg 300w, https:\/\/www.kirche-sdh.de\/side\/wp-content\/uploads\/2019\/06\/P1360609-768x576.jpg 768w\" sizes=\"auto, (max-width: 750px) 100vw, 750px\" \/><\/p>\n<p>Dazu machten sich auch heuer wieder rund \u00a0drei\u00dfig Walfahrer \u00a0bereits um sieben Uhr von der D\u00f6feringer St. \u00c4gidiuskirche in Richtung Ast \u00fcber die Ortschaft Thurau bei strahlendem Sonnenschein \u00a0auf.<\/p>\n<p><img loading=\"lazy\" decoding=\"async\" src=\"https:\/\/www.kirche-sdh.de\/side\/wp-content\/uploads\/2019\/06\/P1360612-1024x768.jpg\" alt=\"\" width=\"750\" height=\"563\" class=\"alignleft size-large wp-image-7493\" srcset=\"https:\/\/www.kirche-sdh.de\/side\/wp-content\/uploads\/2019\/06\/P1360612-1024x768.jpg 1024w, https:\/\/www.kirche-sdh.de\/side\/wp-content\/uploads\/2019\/06\/P1360612-300x225.jpg 300w, https:\/\/www.kirche-sdh.de\/side\/wp-content\/uploads\/2019\/06\/P1360612-768x576.jpg 768w, https:\/\/www.kirche-sdh.de\/side\/wp-content\/uploads\/2019\/06\/P1360612.jpg 1600w\" sizes=\"auto, (max-width: 750px) 100vw, 750px\" \/><\/p>\n<p>An der Spitze waren wieder die Ministranten mit dem\u00a0 Pilgerkreuz. Das flei\u00dfige Vorbeten\u00a0 des Rosenkranzes \u00fcbernahm in diesem Jahr wieder Pfarrer Alfons Eder.\u00a0 In Ast eingetroffen wurden die D\u00f6feringer Fu\u00dfwallfahrer durch den\u00a0 Aster Ruhestandgeistlichen, Pfarrer Raimund Arnold, am Treppenaufgang zur Kirche\u00a0 erwartet.\u00a0 Zusammen mit Pfarrer Alfons Eder feierten die Pilger dann in der Aster Pfarrkirche einen w\u00fcrdigen Gottesdienst. Pfarrer Eder meinte, dass der Gottesdienst nicht nur ein Bittgottesdienst, sondern vielmehr auch ein Dankgotttesdienst sei.<\/p>\n<p>Die Messe endete mit der Bitte um gedeihliches Wetter. Nach der Messe st\u00e4rkten sich die Pilger bei einer Brotzeit, welche die flei\u00dfigen Damen der Aster Pfarrgemeinderats im Aster Pfarrheim wieder hergerichtet hatten. Danach trat man bei sch\u00f6nstem Pilgerwetter betend den Heimweg nach D\u00f6fering an.<\/p>\n","protected":false},"excerpt":{"rendered":"<p>Dankgang nach Ast Am letzten Samstag im Mai macht sich die D\u00f6feringer Pfarrei traditionell auf zur Gottesmutter nach Ast um das Versprechen ihrer Vorfahren einzul\u00f6sen. Dazu machten sich auch heuer wieder rund \u00a0drei\u00dfig Walfahrer \u00a0bereits um sieben Uhr von der D\u00f6feringer St. \u00c4gidiuskirche in Richtung Ast \u00fcber die Ortschaft Thurau [&hellip;]<\/p>\n","protected":false},"author":1,"featured_media":7492,"comment_status":"open","ping_status":"open","sticky":false,"template":"","format":"standard","meta":{"footnotes":""},"categories":[20],"tags":[],"class_list":["post-7491","post","type-post","status-publish","format-standard","has-post-thumbnail","hentry","category-doefering"],"yoast_head":"<!-- This site is optimized with the Yoast SEO plugin v27.5 - https:\/\/yoast.com\/product\/yoast-seo-wordpress\/ -->\n<title>Bittgang nach Ast - Informationsseite und Seelsorgeeinheit<\/title>\n<meta name=\"robots\" content=\"index, follow, max-snippet:-1, max-image-preview:large, max-video-preview:-1\" \/>\n<link rel=\"canonical\" href=\"https:\/\/www.kirche-sdh.de\/side\/bittgang-nach-ast-2\/\" \/>\n<meta property=\"og:locale\" content=\"de_DE\" \/>\n<meta property=\"og:type\" content=\"article\" \/>\n<meta property=\"og:title\" content=\"Bittgang nach Ast - Informationsseite und Seelsorgeeinheit\" \/>\n<meta property=\"og:description\" content=\"Dankgang nach Ast Am letzten Samstag im Mai macht sich die D\u00f6feringer Pfarrei traditionell auf zur Gottesmutter nach Ast um das Versprechen ihrer Vorfahren einzul\u00f6sen. Dazu machten sich auch heuer wieder rund \u00a0drei\u00dfig Walfahrer \u00a0bereits um sieben Uhr von der D\u00f6feringer St. \u00c4gidiuskirche in Richtung Ast \u00fcber die Ortschaft Thurau [&hellip;]\" \/>\n<meta property=\"og:url\" content=\"https:\/\/www.kirche-sdh.de\/side\/bittgang-nach-ast-2\/\" \/>\n<meta property=\"og:site_name\" content=\"Informationsseite und Seelsorgeeinheit\" \/>\n<meta property=\"article:published_time\" content=\"2019-05-25T15:53:34+00:00\" \/>\n<meta property=\"article:modified_time\" content=\"2019-06-28T15:55:29+00:00\" \/>\n<meta property=\"og:image\" content=\"https:\/\/www.kirche-sdh.de\/side\/wp-content\/uploads\/2019\/06\/P1360609-1024x768.jpg\" \/>\n\t<meta property=\"og:image:width\" content=\"1024\" \/>\n\t<meta property=\"og:image:height\" content=\"768\" \/>\n\t<meta property=\"og:image:type\" content=\"image\/jpeg\" \/>\n<meta name=\"author\" content=\"Dirscherl\" \/>\n<meta name=\"twitter:card\" content=\"summary_large_image\" \/>\n<meta name=\"twitter:label1\" content=\"Verfasst von\" \/>\n\t<meta name=\"twitter:data1\" content=\"Dirscherl\" \/>\n\t<meta name=\"twitter:label2\" content=\"Gesch\u00e4tzte Lesezeit\" \/>\n\t<meta name=\"twitter:data2\" content=\"1\u00a0Minute\" \/>\n<script type=\"application\/ld+json\" class=\"yoast-schema-graph\">{\"@context\":\"https:\\\/\\\/schema.org\",\"@graph\":[{\"@type\":\"Article\",\"@id\":\"https:\\\/\\\/www.kirche-sdh.de\\\/side\\\/bittgang-nach-ast-2\\\/#article\",\"isPartOf\":{\"@id\":\"https:\\\/\\\/www.kirche-sdh.de\\\/side\\\/bittgang-nach-ast-2\\\/\"},\"author\":{\"name\":\"Dirscherl\",\"@id\":\"https:\\\/\\\/www.kirche-sdh.de\\\/side\\\/#\\\/schema\\\/person\\\/03813c96da9249c1923a325c77818b1a\"},\"headline\":\"Bittgang nach Ast\",\"datePublished\":\"2019-05-25T15:53:34+00:00\",\"dateModified\":\"2019-06-28T15:55:29+00:00\",\"mainEntityOfPage\":{\"@id\":\"https:\\\/\\\/www.kirche-sdh.de\\\/side\\\/bittgang-nach-ast-2\\\/\"},\"wordCount\":187,\"commentCount\":0,\"publisher\":{\"@id\":\"https:\\\/\\\/www.kirche-sdh.de\\\/side\\\/#organization\"},\"image\":{\"@id\":\"https:\\\/\\\/www.kirche-sdh.de\\\/side\\\/bittgang-nach-ast-2\\\/#primaryimage\"},\"thumbnailUrl\":\"https:\\\/\\\/www.kirche-sdh.de\\\/side\\\/wp-content\\\/uploads\\\/2019\\\/06\\\/P1360609.jpg\",\"articleSection\":[\"D\u00f6fering\"],\"inLanguage\":\"de\"},{\"@type\":\"WebPage\",\"@id\":\"https:\\\/\\\/www.kirche-sdh.de\\\/side\\\/bittgang-nach-ast-2\\\/\",\"url\":\"https:\\\/\\\/www.kirche-sdh.de\\\/side\\\/bittgang-nach-ast-2\\\/\",\"name\":\"Bittgang nach Ast - Informationsseite und Seelsorgeeinheit\",\"isPartOf\":{\"@id\":\"https:\\\/\\\/www.kirche-sdh.de\\\/side\\\/#website\"},\"primaryImageOfPage\":{\"@id\":\"https:\\\/\\\/www.kirche-sdh.de\\\/side\\\/bittgang-nach-ast-2\\\/#primaryimage\"},\"image\":{\"@id\":\"https:\\\/\\\/www.kirche-sdh.de\\\/side\\\/bittgang-nach-ast-2\\\/#primaryimage\"},\"thumbnailUrl\":\"https:\\\/\\\/www.kirche-sdh.de\\\/side\\\/wp-content\\\/uploads\\\/2019\\\/06\\\/P1360609.jpg\",\"datePublished\":\"2019-05-25T15:53:34+00:00\",\"dateModified\":\"2019-06-28T15:55:29+00:00\",\"breadcrumb\":{\"@id\":\"https:\\\/\\\/www.kirche-sdh.de\\\/side\\\/bittgang-nach-ast-2\\\/#breadcrumb\"},\"inLanguage\":\"de\",\"potentialAction\":[{\"@type\":\"ReadAction\",\"target\":[\"https:\\\/\\\/www.kirche-sdh.de\\\/side\\\/bittgang-nach-ast-2\\\/\"]}]},{\"@type\":\"ImageObject\",\"inLanguage\":\"de\",\"@id\":\"https:\\\/\\\/www.kirche-sdh.de\\\/side\\\/bittgang-nach-ast-2\\\/#primaryimage\",\"url\":\"https:\\\/\\\/www.kirche-sdh.de\\\/side\\\/wp-content\\\/uploads\\\/2019\\\/06\\\/P1360609.jpg\",\"contentUrl\":\"https:\\\/\\\/www.kirche-sdh.de\\\/side\\\/wp-content\\\/uploads\\\/2019\\\/06\\\/P1360609.jpg\",\"width\":3648,\"height\":2736},{\"@type\":\"BreadcrumbList\",\"@id\":\"https:\\\/\\\/www.kirche-sdh.de\\\/side\\\/bittgang-nach-ast-2\\\/#breadcrumb\",\"itemListElement\":[{\"@type\":\"ListItem\",\"position\":1,\"name\":\"Startseite\",\"item\":\"https:\\\/\\\/www.kirche-sdh.de\\\/side\\\/\"},{\"@type\":\"ListItem\",\"position\":2,\"name\":\"Bittgang nach Ast\"}]},{\"@type\":\"WebSite\",\"@id\":\"https:\\\/\\\/www.kirche-sdh.de\\\/side\\\/#website\",\"url\":\"https:\\\/\\\/www.kirche-sdh.de\\\/side\\\/\",\"name\":\"Informationsseite und Seelsorgeeinheit\",\"description\":\"Informationsseite und Seelsorgeeinheit\",\"publisher\":{\"@id\":\"https:\\\/\\\/www.kirche-sdh.de\\\/side\\\/#organization\"},\"potentialAction\":[{\"@type\":\"SearchAction\",\"target\":{\"@type\":\"EntryPoint\",\"urlTemplate\":\"https:\\\/\\\/www.kirche-sdh.de\\\/side\\\/?s={search_term_string}\"},\"query-input\":{\"@type\":\"PropertyValueSpecification\",\"valueRequired\":true,\"valueName\":\"search_term_string\"}}],\"inLanguage\":\"de\"},{\"@type\":\"Organization\",\"@id\":\"https:\\\/\\\/www.kirche-sdh.de\\\/side\\\/#organization\",\"name\":\"Informationsseite und Seelsorgeeinheit\",\"url\":\"https:\\\/\\\/www.kirche-sdh.de\\\/side\\\/\",\"logo\":{\"@type\":\"ImageObject\",\"inLanguage\":\"de\",\"@id\":\"https:\\\/\\\/www.kirche-sdh.de\\\/side\\\/#\\\/schema\\\/logo\\\/image\\\/\",\"url\":\"https:\\\/\\\/www.kirche-sdh.de\\\/side\\\/wp-content\\\/uploads\\\/2017\\\/12\\\/kirche-logos.png\",\"contentUrl\":\"https:\\\/\\\/www.kirche-sdh.de\\\/side\\\/wp-content\\\/uploads\\\/2017\\\/12\\\/kirche-logos.png\",\"width\":438,\"height\":191,\"caption\":\"Informationsseite und Seelsorgeeinheit\"},\"image\":{\"@id\":\"https:\\\/\\\/www.kirche-sdh.de\\\/side\\\/#\\\/schema\\\/logo\\\/image\\\/\"}},{\"@type\":\"Person\",\"@id\":\"https:\\\/\\\/www.kirche-sdh.de\\\/side\\\/#\\\/schema\\\/person\\\/03813c96da9249c1923a325c77818b1a\",\"name\":\"Dirscherl\",\"url\":\"https:\\\/\\\/www.kirche-sdh.de\\\/side\\\/author\\\/kirchesdh\\\/\"}]}<\/script>\n<!-- \/ Yoast SEO plugin. -->","yoast_head_json":{"title":"Bittgang nach Ast - Informationsseite und Seelsorgeeinheit","robots":{"index":"index","follow":"follow","max-snippet":"max-snippet:-1","max-image-preview":"max-image-preview:large","max-video-preview":"max-video-preview:-1"},"canonical":"https:\/\/www.kirche-sdh.de\/side\/bittgang-nach-ast-2\/","og_locale":"de_DE","og_type":"article","og_title":"Bittgang nach Ast - Informationsseite und Seelsorgeeinheit","og_description":"Dankgang nach Ast Am letzten Samstag im Mai macht sich die D\u00f6feringer Pfarrei traditionell auf zur Gottesmutter nach Ast um das Versprechen ihrer Vorfahren einzul\u00f6sen. Dazu machten sich auch heuer wieder rund \u00a0drei\u00dfig Walfahrer \u00a0bereits um sieben Uhr von der D\u00f6feringer St. \u00c4gidiuskirche in Richtung Ast \u00fcber die Ortschaft Thurau [&hellip;]","og_url":"https:\/\/www.kirche-sdh.de\/side\/bittgang-nach-ast-2\/","og_site_name":"Informationsseite und Seelsorgeeinheit","article_published_time":"2019-05-25T15:53:34+00:00","article_modified_time":"2019-06-28T15:55:29+00:00","og_image":[{"width":1024,"height":768,"url":"https:\/\/www.kirche-sdh.de\/side\/wp-content\/uploads\/2019\/06\/P1360609-1024x768.jpg","type":"image\/jpeg"}],"author":"Dirscherl","twitter_card":"summary_large_image","twitter_misc":{"Verfasst von":"Dirscherl","Gesch\u00e4tzte Lesezeit":"1\u00a0Minute"},"schema":{"@context":"https:\/\/schema.org","@graph":[{"@type":"Article","@id":"https:\/\/www.kirche-sdh.de\/side\/bittgang-nach-ast-2\/#article","isPartOf":{"@id":"https:\/\/www.kirche-sdh.de\/side\/bittgang-nach-ast-2\/"},"author":{"name":"Dirscherl","@id":"https:\/\/www.kirche-sdh.de\/side\/#\/schema\/person\/03813c96da9249c1923a325c77818b1a"},"headline":"Bittgang nach Ast","datePublished":"2019-05-25T15:53:34+00:00","dateModified":"2019-06-28T15:55:29+00:00","mainEntityOfPage":{"@id":"https:\/\/www.kirche-sdh.de\/side\/bittgang-nach-ast-2\/"},"wordCount":187,"commentCount":0,"publisher":{"@id":"https:\/\/www.kirche-sdh.de\/side\/#organization"},"image":{"@id":"https:\/\/www.kirche-sdh.de\/side\/bittgang-nach-ast-2\/#primaryimage"},"thumbnailUrl":"https:\/\/www.kirche-sdh.de\/side\/wp-content\/uploads\/2019\/06\/P1360609.jpg","articleSection":["D\u00f6fering"],"inLanguage":"de"},{"@type":"WebPage","@id":"https:\/\/www.kirche-sdh.de\/side\/bittgang-nach-ast-2\/","url":"https:\/\/www.kirche-sdh.de\/side\/bittgang-nach-ast-2\/","name":"Bittgang nach Ast - Informationsseite und Seelsorgeeinheit","isPartOf":{"@id":"https:\/\/www.kirche-sdh.de\/side\/#website"},"primaryImageOfPage":{"@id":"https:\/\/www.kirche-sdh.de\/side\/bittgang-nach-ast-2\/#primaryimage"},"image":{"@id":"https:\/\/www.kirche-sdh.de\/side\/bittgang-nach-ast-2\/#primaryimage"},"thumbnailUrl":"https:\/\/www.kirche-sdh.de\/side\/wp-content\/uploads\/2019\/06\/P1360609.jpg","datePublished":"2019-05-25T15:53:34+00:00","dateModified":"2019-06-28T15:55:29+00:00","breadcrumb":{"@id":"https:\/\/www.kirche-sdh.de\/side\/bittgang-nach-ast-2\/#breadcrumb"},"inLanguage":"de","potentialAction":[{"@type":"ReadAction","target":["https:\/\/www.kirche-sdh.de\/side\/bittgang-nach-ast-2\/"]}]},{"@type":"ImageObject","inLanguage":"de","@id":"https:\/\/www.kirche-sdh.de\/side\/bittgang-nach-ast-2\/#primaryimage","url":"https:\/\/www.kirche-sdh.de\/side\/wp-content\/uploads\/2019\/06\/P1360609.jpg","contentUrl":"https:\/\/www.kirche-sdh.de\/side\/wp-content\/uploads\/2019\/06\/P1360609.jpg","width":3648,"height":2736},{"@type":"BreadcrumbList","@id":"https:\/\/www.kirche-sdh.de\/side\/bittgang-nach-ast-2\/#breadcrumb","itemListElement":[{"@type":"ListItem","position":1,"name":"Startseite","item":"https:\/\/www.kirche-sdh.de\/side\/"},{"@type":"ListItem","position":2,"name":"Bittgang nach Ast"}]},{"@type":"WebSite","@id":"https:\/\/www.kirche-sdh.de\/side\/#website","url":"https:\/\/www.kirche-sdh.de\/side\/","name":"Informationsseite und Seelsorgeeinheit","description":"Informationsseite und Seelsorgeeinheit","publisher":{"@id":"https:\/\/www.kirche-sdh.de\/side\/#organization"},"potentialAction":[{"@type":"SearchAction","target":{"@type":"EntryPoint","urlTemplate":"https:\/\/www.kirche-sdh.de\/side\/?s={search_term_string}"},"query-input":{"@type":"PropertyValueSpecification","valueRequired":true,"valueName":"search_term_string"}}],"inLanguage":"de"},{"@type":"Organization","@id":"https:\/\/www.kirche-sdh.de\/side\/#organization","name":"Informationsseite und Seelsorgeeinheit","url":"https:\/\/www.kirche-sdh.de\/side\/","logo":{"@type":"ImageObject","inLanguage":"de","@id":"https:\/\/www.kirche-sdh.de\/side\/#\/schema\/logo\/image\/","url":"https:\/\/www.kirche-sdh.de\/side\/wp-content\/uploads\/2017\/12\/kirche-logos.png","contentUrl":"https:\/\/www.kirche-sdh.de\/side\/wp-content\/uploads\/2017\/12\/kirche-logos.png","width":438,"height":191,"caption":"Informationsseite und Seelsorgeeinheit"},"image":{"@id":"https:\/\/www.kirche-sdh.de\/side\/#\/schema\/logo\/image\/"}},{"@type":"Person","@id":"https:\/\/www.kirche-sdh.de\/side\/#\/schema\/person\/03813c96da9249c1923a325c77818b1a","name":"Dirscherl","url":"https:\/\/www.kirche-sdh.de\/side\/author\/kirchesdh\/"}]}},"_links":{"self":[{"href":"https:\/\/www.kirche-sdh.de\/side\/wp-json\/wp\/v2\/posts\/7491","targetHints":{"allow":["GET"]}}],"collection":[{"href":"https:\/\/www.kirche-sdh.de\/side\/wp-json\/wp\/v2\/posts"}],"about":[{"href":"https:\/\/www.kirche-sdh.de\/side\/wp-json\/wp\/v2\/types\/post"}],"author":[{"embeddable":true,"href":"https:\/\/www.kirche-sdh.de\/side\/wp-json\/wp\/v2\/users\/1"}],"replies":[{"embeddable":true,"href":"https:\/\/www.kirche-sdh.de\/side\/wp-json\/wp\/v2\/comments?post=7491"}],"version-history":[{"count":0,"href":"https:\/\/www.kirche-sdh.de\/side\/wp-json\/wp\/v2\/posts\/7491\/revisions"}],"wp:featuredmedia":[{"embeddable":true,"href":"https:\/\/www.kirche-sdh.de\/side\/wp-json\/wp\/v2\/media\/7492"}],"wp:attachment":[{"href":"https:\/\/www.kirche-sdh.de\/side\/wp-json\/wp\/v2\/media?parent=7491"}],"wp:term":[{"taxonomy":"category","embeddable":true,"href":"https:\/\/www.kirche-sdh.de\/side\/wp-json\/wp\/v2\/categories?post=7491"},{"taxonomy":"post_tag","embeddable":true,"href":"https:\/\/www.kirche-sdh.de\/side\/wp-json\/wp\/v2\/tags?post=7491"}],"curies":[{"name":"wp","href":"https:\/\/api.w.org\/{rel}","templated":true}]}}