{"id":6964,"date":"2019-05-20T19:27:33","date_gmt":"2019-05-20T17:27:33","guid":{"rendered":"https:\/\/www.kirche-sdh.de\/side\/?p=6964"},"modified":"2019-05-20T19:29:06","modified_gmt":"2019-05-20T17:29:06","slug":"wechsel-auf-der-mesnerbank","status":"publish","type":"post","link":"https:\/\/www.kirche-sdh.de\/side\/wechsel-auf-der-mesnerbank\/","title":{"rendered":"Wechsel auf der Mesnerbank"},"content":{"rendered":"<p align=\"center\"><b><span style=\"font-family: 'Arial',sans-serif; font-size: x-large;\"><\/span><\/b><\/p>\n<p align=\"center\"><b><span style=\"font-size: 14.0pt; font-family: 'Arial',sans-serif;\">Mesnerehepaar Edeltraud und Rudolf Gilch verabschiedet \u2013 Monika Fries neue Mesnerin<\/span><\/b><\/p>\n<p><span style=\"font-family: 'Arial',sans-serif;\"><img loading=\"lazy\" decoding=\"async\" width=\"5184\" height=\"3456\" class=\"aligncenter size-full wp-image-6966\" alt=\"\" src=\"https:\/\/www.kirche-sdh.de\/side\/wp-content\/uploads\/2019\/05\/IMG_1520.jpg\" srcset=\"https:\/\/www.kirche-sdh.de\/side\/wp-content\/uploads\/2019\/05\/IMG_1520.jpg 5184w, https:\/\/www.kirche-sdh.de\/side\/wp-content\/uploads\/2019\/05\/IMG_1520-300x200.jpg 300w, https:\/\/www.kirche-sdh.de\/side\/wp-content\/uploads\/2019\/05\/IMG_1520-768x512.jpg 768w, https:\/\/www.kirche-sdh.de\/side\/wp-content\/uploads\/2019\/05\/IMG_1520-1024x683.jpg 1024w, https:\/\/www.kirche-sdh.de\/side\/wp-content\/uploads\/2019\/05\/IMG_1520-360x240.jpg 360w\" sizes=\"auto, (max-width: 5184px) 100vw, 5184px\" \/> Nach fast 28 Jahren haben Edeltraud und Rudolf Gilch das Mesneramt in der Pfarrei Sch\u00f6nthal beendet und dieses an Monika Fries weitergegeben. Die gesamte Pfarrgemeinde Sch\u00f6nthal, allen voran Pfarrer Alfons Eder, sagte ihnen im Sonntagsgottesdienst Danke f\u00fcr die lange Treue, die Hilfe und die f\u00fcrsorgliche Art in der Aus\u00fcbung dieses vertrauensvollen Amtes. Herzlich willkommen gehei\u00dfen wurde Monika Fries aus Eschlhof. Sie ist seit 1. Mai die neue Mesnerin in der Sch\u00f6nthaler Pfarrkirche. <\/span><\/p>\n<p><span style=\"font-family: 'Arial',sans-serif;\">Bereits zu Beginn des Gottesdienstes begr\u00fc\u00dfte Pfarrer Eder das Ehepaar Edeltraud und Rudolf Gilch. Ihnen gelte es heute im Besonderen zu danken. Dar\u00fcber hinaus freute sich der Geistliche, mit Monika Fries die neue Mesnerin offiziell begr\u00fc\u00dfen zu d\u00fcrfen. In seiner Laudatio zu Ehren der bisherigen Mesner blickte Pfarrer Eder auf Jahre der vertrauensvollen Zusammenarbeit zur\u00fcck. Unter Pfarrer Erwin Bauer im Oktober 1991 h\u00e4tten sie das Amt von der Familie Dirnberger \u00fcbernommen, zu Zeiten von Pfarrer Bede Nwancha und Pater Ivan fortgef\u00fchrt und bis heute gewissenhaft und verl\u00e4sslich verrichtet. Gemeinsam seien beide eine gro\u00dfe St\u00fctze und Hilfe gewesen. Gerade die ruhige Art von Edeltraud Gilch, selbst im gr\u00f6\u00dften Trubel an den Hochfesten, sch\u00e4tzte er sehr. Die gro\u00dfe Schar der Ministranten komme nicht von ungef\u00e4hr und sei auch ein Verdienst von Edeltraud Gilch, der \u201eguten Seele in der Sakristei\u201c, so Pfarrer Eder. Die Ministranten, voran mit den Oberministrantinnen Kerstin B\u00fccherl und Rebecca Zeiser, zeigten ihre Dankbarkeit und Wertsch\u00e4tzung indem sie Blumen, ein Gruppenfoto, eine Torte und ein gebackenes \u201eDanke\u201c \u00fcberreichten. Edeltraud Gilch freute sich \u00fcber die gro\u00dfe \u00dcberraschung, dankte f\u00fcr die sch\u00f6ne Zeit und die entgegengebrachte Herzlichkeit und lud alle Ministranten und Pfarrer Eder kurzer Hand zum Pizzaessen ein. <\/span><\/p>\n<p><span><img loading=\"lazy\" decoding=\"async\" width=\"5184\" height=\"3456\" class=\"aligncenter size-full wp-image-6967\" alt=\"\" src=\"https:\/\/www.kirche-sdh.de\/side\/wp-content\/uploads\/2019\/05\/IMG_1494.jpg\" srcset=\"https:\/\/www.kirche-sdh.de\/side\/wp-content\/uploads\/2019\/05\/IMG_1494.jpg 5184w, https:\/\/www.kirche-sdh.de\/side\/wp-content\/uploads\/2019\/05\/IMG_1494-300x200.jpg 300w, https:\/\/www.kirche-sdh.de\/side\/wp-content\/uploads\/2019\/05\/IMG_1494-768x512.jpg 768w, https:\/\/www.kirche-sdh.de\/side\/wp-content\/uploads\/2019\/05\/IMG_1494-1024x683.jpg 1024w, https:\/\/www.kirche-sdh.de\/side\/wp-content\/uploads\/2019\/05\/IMG_1494-360x240.jpg 360w\" sizes=\"auto, (max-width: 5184px) 100vw, 5184px\" \/><\/span><\/p>\n<p><span style=\"font-family: 'Arial',sans-serif;\">Als Nachfolgerin durfte Pfarrer Eder Monika Fries im Mesneramt begr\u00fc\u00dfen. F\u00fcr die \u00dcbernahme dankte er sehr herzlich und bat um Unterst\u00fctzung, Wohlwollen und Sympathie innerhalb der Pfarrei. Frau Fries, dessen sei er sich bewusst, erf\u00fclle dieses Amt von Herzen gern, sorge sie sich doch bereits schon um das Pfarr- und Jugendheim in besonders hingebungsvoller Weise.<\/span><\/p>\n<p><span style=\"font-family: 'Arial',sans-serif;\">Zum Abschluss des Gottesdienstes brachten Kirchenpfleger Martin Zangl und Pfarrgemeinderatssprecher Maximilian Ruhland dem Ehepaar Gilch von Seiten der Kirchenverwaltung und dem Pfarrgemeinderat Dank und Anerkennung zum Ausdruck. Das, was Edeltraud und Rudolf Gilch f\u00fcr die Pfarrei geleistet haben, sei kaum zu beschreiben. Das gesamte Jahr \u00fcber, vor, w\u00e4hrend und nach den Gottesdiensten vor Ort zu sein, treu und gewissenhaft sich um die Pfarrkirche zu k\u00fcmmern und sich der Ministranten anzunehmen nannte Zangl nur exemplarisch f\u00fcr die fast 28 Jahre Mesnerdienst. <\/span><\/p>\n<p><span style=\"font-family: 'Arial',sans-serif;\">In Anlehnung an den Kirchenpatron \u00fcberreichten sie eine Heiligenfigur des Heiligen Michael, einen Blumenstrau\u00df sowie eine Fotoleinwand mit einem Foto aus der aktiven Mesnerzeit. <\/span><\/p>\n<p><span style=\"font-family: 'Arial',sans-serif;\">Erfreut zeigte sich Martin Zangl mit Monika Fries die neue Mesnerin offiziell vorstellen zu d\u00fcrfen. Da sie in der Pfarrei keine Unbekannte sei und bereits seit mehreren Jahren f\u00fcrsorglich das Pfarr- und Jugendheim reinigt und versch\u00f6nert sei er zuversichtlich, dass sie mit ihrem festen Glauben und ihrer Hingabe auch das Mesneramt ausf\u00fcllen werde. In der Pfarrgemeinde bat Zangl, auch die neue Mesnerin wo es geht zu unterst\u00fctzen. Mit einem bunten Blumenstrau\u00df bedankten sich Martin Zangl und Maximilian Ruhland bei Monika Fries und w\u00fcnschten alles Gute, ehe alle Gottesdienstbesucher wiederholt kr\u00e4ftigen Applaus spendeten.<\/span><\/p>\n<p><span><img loading=\"lazy\" decoding=\"async\" width=\"3771\" height=\"2745\" class=\"size-full wp-image-6965 alignright\" alt=\"\" src=\"https:\/\/www.kirche-sdh.de\/side\/wp-content\/uploads\/2019\/05\/IMG_1508.jpg\" srcset=\"https:\/\/www.kirche-sdh.de\/side\/wp-content\/uploads\/2019\/05\/IMG_1508.jpg 3771w, https:\/\/www.kirche-sdh.de\/side\/wp-content\/uploads\/2019\/05\/IMG_1508-300x218.jpg 300w, https:\/\/www.kirche-sdh.de\/side\/wp-content\/uploads\/2019\/05\/IMG_1508-768x559.jpg 768w, https:\/\/www.kirche-sdh.de\/side\/wp-content\/uploads\/2019\/05\/IMG_1508-1024x745.jpg 1024w\" sizes=\"auto, (max-width: 3771px) 100vw, 3771px\" \/><\/span><\/p>\n<p><span><img loading=\"lazy\" decoding=\"async\" width=\"5184\" height=\"3456\" class=\"aligncenter size-full wp-image-6968\" alt=\"\" src=\"https:\/\/www.kirche-sdh.de\/side\/wp-content\/uploads\/2019\/05\/IMG_1526.jpg\" srcset=\"https:\/\/www.kirche-sdh.de\/side\/wp-content\/uploads\/2019\/05\/IMG_1526.jpg 5184w, https:\/\/www.kirche-sdh.de\/side\/wp-content\/uploads\/2019\/05\/IMG_1526-300x200.jpg 300w, https:\/\/www.kirche-sdh.de\/side\/wp-content\/uploads\/2019\/05\/IMG_1526-768x512.jpg 768w, https:\/\/www.kirche-sdh.de\/side\/wp-content\/uploads\/2019\/05\/IMG_1526-1024x683.jpg 1024w, https:\/\/www.kirche-sdh.de\/side\/wp-content\/uploads\/2019\/05\/IMG_1526-360x240.jpg 360w\" sizes=\"auto, (max-width: 5184px) 100vw, 5184px\" \/><\/span><\/p>\n","protected":false},"excerpt":{"rendered":"<p>Mesnerehepaar Edeltraud und Rudolf Gilch verabschiedet \u2013 Monika Fries neue Mesnerin Nach fast 28 Jahren haben Edeltraud und Rudolf Gilch das Mesneramt in der Pfarrei Sch\u00f6nthal beendet und dieses an Monika Fries weitergegeben. Die gesamte Pfarrgemeinde Sch\u00f6nthal, allen voran Pfarrer Alfons Eder, sagte ihnen im Sonntagsgottesdienst Danke f\u00fcr die lange [&hellip;]<\/p>\n","protected":false},"author":3,"featured_media":6966,"comment_status":"open","ping_status":"open","sticky":false,"template":"","format":"standard","meta":{"footnotes":""},"categories":[21],"tags":[],"class_list":["post-6964","post","type-post","status-publish","format-standard","has-post-thumbnail","hentry","category-schoenthal"],"yoast_head":"<!-- This site is optimized with the Yoast SEO plugin v27.5 - https:\/\/yoast.com\/product\/yoast-seo-wordpress\/ -->\n<title>Wechsel auf der Mesnerbank - Informationsseite und Seelsorgeeinheit<\/title>\n<meta name=\"robots\" content=\"index, follow, max-snippet:-1, max-image-preview:large, max-video-preview:-1\" \/>\n<link rel=\"canonical\" href=\"https:\/\/www.kirche-sdh.de\/side\/wechsel-auf-der-mesnerbank\/\" \/>\n<meta property=\"og:locale\" content=\"de_DE\" \/>\n<meta property=\"og:type\" content=\"article\" \/>\n<meta property=\"og:title\" content=\"Wechsel auf der Mesnerbank - Informationsseite und Seelsorgeeinheit\" \/>\n<meta property=\"og:description\" content=\"Mesnerehepaar Edeltraud und Rudolf Gilch verabschiedet \u2013 Monika Fries neue Mesnerin Nach fast 28 Jahren haben Edeltraud und Rudolf Gilch das Mesneramt in der Pfarrei Sch\u00f6nthal beendet und dieses an Monika Fries weitergegeben. Die gesamte Pfarrgemeinde Sch\u00f6nthal, allen voran Pfarrer Alfons Eder, sagte ihnen im Sonntagsgottesdienst Danke f\u00fcr die lange [&hellip;]\" \/>\n<meta property=\"og:url\" content=\"https:\/\/www.kirche-sdh.de\/side\/wechsel-auf-der-mesnerbank\/\" \/>\n<meta property=\"og:site_name\" content=\"Informationsseite und Seelsorgeeinheit\" \/>\n<meta property=\"article:published_time\" content=\"2019-05-20T17:27:33+00:00\" \/>\n<meta property=\"article:modified_time\" content=\"2019-05-20T17:29:06+00:00\" \/>\n<meta property=\"og:image\" content=\"https:\/\/www.kirche-sdh.de\/side\/wp-content\/uploads\/2019\/05\/IMG_1520-1024x683.jpg\" \/>\n\t<meta property=\"og:image:width\" content=\"1024\" \/>\n\t<meta property=\"og:image:height\" content=\"683\" \/>\n\t<meta property=\"og:image:type\" content=\"image\/jpeg\" \/>\n<meta name=\"author\" content=\"Martin Zangl\" \/>\n<meta name=\"twitter:card\" content=\"summary_large_image\" \/>\n<meta name=\"twitter:label1\" content=\"Verfasst von\" \/>\n\t<meta name=\"twitter:data1\" content=\"Martin Zangl\" \/>\n\t<meta name=\"twitter:label2\" content=\"Gesch\u00e4tzte Lesezeit\" \/>\n\t<meta name=\"twitter:data2\" content=\"3\u00a0Minuten\" \/>\n<script type=\"application\/ld+json\" class=\"yoast-schema-graph\">{\"@context\":\"https:\\\/\\\/schema.org\",\"@graph\":[{\"@type\":\"Article\",\"@id\":\"https:\\\/\\\/www.kirche-sdh.de\\\/side\\\/wechsel-auf-der-mesnerbank\\\/#article\",\"isPartOf\":{\"@id\":\"https:\\\/\\\/www.kirche-sdh.de\\\/side\\\/wechsel-auf-der-mesnerbank\\\/\"},\"author\":{\"name\":\"Martin Zangl\",\"@id\":\"https:\\\/\\\/www.kirche-sdh.de\\\/side\\\/#\\\/schema\\\/person\\\/e05baeb81583d4659c11ea77b24c3640\"},\"headline\":\"Wechsel auf der Mesnerbank\",\"datePublished\":\"2019-05-20T17:27:33+00:00\",\"dateModified\":\"2019-05-20T17:29:06+00:00\",\"mainEntityOfPage\":{\"@id\":\"https:\\\/\\\/www.kirche-sdh.de\\\/side\\\/wechsel-auf-der-mesnerbank\\\/\"},\"wordCount\":571,\"commentCount\":0,\"publisher\":{\"@id\":\"https:\\\/\\\/www.kirche-sdh.de\\\/side\\\/#organization\"},\"image\":{\"@id\":\"https:\\\/\\\/www.kirche-sdh.de\\\/side\\\/wechsel-auf-der-mesnerbank\\\/#primaryimage\"},\"thumbnailUrl\":\"https:\\\/\\\/www.kirche-sdh.de\\\/side\\\/wp-content\\\/uploads\\\/2019\\\/05\\\/IMG_1520.jpg\",\"articleSection\":[\"Sch\u00f6nthal\"],\"inLanguage\":\"de\"},{\"@type\":\"WebPage\",\"@id\":\"https:\\\/\\\/www.kirche-sdh.de\\\/side\\\/wechsel-auf-der-mesnerbank\\\/\",\"url\":\"https:\\\/\\\/www.kirche-sdh.de\\\/side\\\/wechsel-auf-der-mesnerbank\\\/\",\"name\":\"Wechsel auf der Mesnerbank - Informationsseite und Seelsorgeeinheit\",\"isPartOf\":{\"@id\":\"https:\\\/\\\/www.kirche-sdh.de\\\/side\\\/#website\"},\"primaryImageOfPage\":{\"@id\":\"https:\\\/\\\/www.kirche-sdh.de\\\/side\\\/wechsel-auf-der-mesnerbank\\\/#primaryimage\"},\"image\":{\"@id\":\"https:\\\/\\\/www.kirche-sdh.de\\\/side\\\/wechsel-auf-der-mesnerbank\\\/#primaryimage\"},\"thumbnailUrl\":\"https:\\\/\\\/www.kirche-sdh.de\\\/side\\\/wp-content\\\/uploads\\\/2019\\\/05\\\/IMG_1520.jpg\",\"datePublished\":\"2019-05-20T17:27:33+00:00\",\"dateModified\":\"2019-05-20T17:29:06+00:00\",\"breadcrumb\":{\"@id\":\"https:\\\/\\\/www.kirche-sdh.de\\\/side\\\/wechsel-auf-der-mesnerbank\\\/#breadcrumb\"},\"inLanguage\":\"de\",\"potentialAction\":[{\"@type\":\"ReadAction\",\"target\":[\"https:\\\/\\\/www.kirche-sdh.de\\\/side\\\/wechsel-auf-der-mesnerbank\\\/\"]}]},{\"@type\":\"ImageObject\",\"inLanguage\":\"de\",\"@id\":\"https:\\\/\\\/www.kirche-sdh.de\\\/side\\\/wechsel-auf-der-mesnerbank\\\/#primaryimage\",\"url\":\"https:\\\/\\\/www.kirche-sdh.de\\\/side\\\/wp-content\\\/uploads\\\/2019\\\/05\\\/IMG_1520.jpg\",\"contentUrl\":\"https:\\\/\\\/www.kirche-sdh.de\\\/side\\\/wp-content\\\/uploads\\\/2019\\\/05\\\/IMG_1520.jpg\",\"width\":5184,\"height\":3456},{\"@type\":\"BreadcrumbList\",\"@id\":\"https:\\\/\\\/www.kirche-sdh.de\\\/side\\\/wechsel-auf-der-mesnerbank\\\/#breadcrumb\",\"itemListElement\":[{\"@type\":\"ListItem\",\"position\":1,\"name\":\"Startseite\",\"item\":\"https:\\\/\\\/www.kirche-sdh.de\\\/side\\\/\"},{\"@type\":\"ListItem\",\"position\":2,\"name\":\"Wechsel auf der Mesnerbank\"}]},{\"@type\":\"WebSite\",\"@id\":\"https:\\\/\\\/www.kirche-sdh.de\\\/side\\\/#website\",\"url\":\"https:\\\/\\\/www.kirche-sdh.de\\\/side\\\/\",\"name\":\"Informationsseite und Seelsorgeeinheit\",\"description\":\"Informationsseite und Seelsorgeeinheit\",\"publisher\":{\"@id\":\"https:\\\/\\\/www.kirche-sdh.de\\\/side\\\/#organization\"},\"potentialAction\":[{\"@type\":\"SearchAction\",\"target\":{\"@type\":\"EntryPoint\",\"urlTemplate\":\"https:\\\/\\\/www.kirche-sdh.de\\\/side\\\/?s={search_term_string}\"},\"query-input\":{\"@type\":\"PropertyValueSpecification\",\"valueRequired\":true,\"valueName\":\"search_term_string\"}}],\"inLanguage\":\"de\"},{\"@type\":\"Organization\",\"@id\":\"https:\\\/\\\/www.kirche-sdh.de\\\/side\\\/#organization\",\"name\":\"Informationsseite und Seelsorgeeinheit\",\"url\":\"https:\\\/\\\/www.kirche-sdh.de\\\/side\\\/\",\"logo\":{\"@type\":\"ImageObject\",\"inLanguage\":\"de\",\"@id\":\"https:\\\/\\\/www.kirche-sdh.de\\\/side\\\/#\\\/schema\\\/logo\\\/image\\\/\",\"url\":\"https:\\\/\\\/www.kirche-sdh.de\\\/side\\\/wp-content\\\/uploads\\\/2017\\\/12\\\/kirche-logos.png\",\"contentUrl\":\"https:\\\/\\\/www.kirche-sdh.de\\\/side\\\/wp-content\\\/uploads\\\/2017\\\/12\\\/kirche-logos.png\",\"width\":438,\"height\":191,\"caption\":\"Informationsseite und Seelsorgeeinheit\"},\"image\":{\"@id\":\"https:\\\/\\\/www.kirche-sdh.de\\\/side\\\/#\\\/schema\\\/logo\\\/image\\\/\"}},{\"@type\":\"Person\",\"@id\":\"https:\\\/\\\/www.kirche-sdh.de\\\/side\\\/#\\\/schema\\\/person\\\/e05baeb81583d4659c11ea77b24c3640\",\"name\":\"Martin Zangl\",\"url\":\"https:\\\/\\\/www.kirche-sdh.de\\\/side\\\/author\\\/zangl\\\/\"}]}<\/script>\n<!-- \/ Yoast SEO plugin. -->","yoast_head_json":{"title":"Wechsel auf der Mesnerbank - Informationsseite und Seelsorgeeinheit","robots":{"index":"index","follow":"follow","max-snippet":"max-snippet:-1","max-image-preview":"max-image-preview:large","max-video-preview":"max-video-preview:-1"},"canonical":"https:\/\/www.kirche-sdh.de\/side\/wechsel-auf-der-mesnerbank\/","og_locale":"de_DE","og_type":"article","og_title":"Wechsel auf der Mesnerbank - Informationsseite und Seelsorgeeinheit","og_description":"Mesnerehepaar Edeltraud und Rudolf Gilch verabschiedet \u2013 Monika Fries neue Mesnerin Nach fast 28 Jahren haben Edeltraud und Rudolf Gilch das Mesneramt in der Pfarrei Sch\u00f6nthal beendet und dieses an Monika Fries weitergegeben. Die gesamte Pfarrgemeinde Sch\u00f6nthal, allen voran Pfarrer Alfons Eder, sagte ihnen im Sonntagsgottesdienst Danke f\u00fcr die lange [&hellip;]","og_url":"https:\/\/www.kirche-sdh.de\/side\/wechsel-auf-der-mesnerbank\/","og_site_name":"Informationsseite und Seelsorgeeinheit","article_published_time":"2019-05-20T17:27:33+00:00","article_modified_time":"2019-05-20T17:29:06+00:00","og_image":[{"width":1024,"height":683,"url":"https:\/\/www.kirche-sdh.de\/side\/wp-content\/uploads\/2019\/05\/IMG_1520-1024x683.jpg","type":"image\/jpeg"}],"author":"Martin Zangl","twitter_card":"summary_large_image","twitter_misc":{"Verfasst von":"Martin Zangl","Gesch\u00e4tzte Lesezeit":"3\u00a0Minuten"},"schema":{"@context":"https:\/\/schema.org","@graph":[{"@type":"Article","@id":"https:\/\/www.kirche-sdh.de\/side\/wechsel-auf-der-mesnerbank\/#article","isPartOf":{"@id":"https:\/\/www.kirche-sdh.de\/side\/wechsel-auf-der-mesnerbank\/"},"author":{"name":"Martin Zangl","@id":"https:\/\/www.kirche-sdh.de\/side\/#\/schema\/person\/e05baeb81583d4659c11ea77b24c3640"},"headline":"Wechsel auf der Mesnerbank","datePublished":"2019-05-20T17:27:33+00:00","dateModified":"2019-05-20T17:29:06+00:00","mainEntityOfPage":{"@id":"https:\/\/www.kirche-sdh.de\/side\/wechsel-auf-der-mesnerbank\/"},"wordCount":571,"commentCount":0,"publisher":{"@id":"https:\/\/www.kirche-sdh.de\/side\/#organization"},"image":{"@id":"https:\/\/www.kirche-sdh.de\/side\/wechsel-auf-der-mesnerbank\/#primaryimage"},"thumbnailUrl":"https:\/\/www.kirche-sdh.de\/side\/wp-content\/uploads\/2019\/05\/IMG_1520.jpg","articleSection":["Sch\u00f6nthal"],"inLanguage":"de"},{"@type":"WebPage","@id":"https:\/\/www.kirche-sdh.de\/side\/wechsel-auf-der-mesnerbank\/","url":"https:\/\/www.kirche-sdh.de\/side\/wechsel-auf-der-mesnerbank\/","name":"Wechsel auf der Mesnerbank - Informationsseite und Seelsorgeeinheit","isPartOf":{"@id":"https:\/\/www.kirche-sdh.de\/side\/#website"},"primaryImageOfPage":{"@id":"https:\/\/www.kirche-sdh.de\/side\/wechsel-auf-der-mesnerbank\/#primaryimage"},"image":{"@id":"https:\/\/www.kirche-sdh.de\/side\/wechsel-auf-der-mesnerbank\/#primaryimage"},"thumbnailUrl":"https:\/\/www.kirche-sdh.de\/side\/wp-content\/uploads\/2019\/05\/IMG_1520.jpg","datePublished":"2019-05-20T17:27:33+00:00","dateModified":"2019-05-20T17:29:06+00:00","breadcrumb":{"@id":"https:\/\/www.kirche-sdh.de\/side\/wechsel-auf-der-mesnerbank\/#breadcrumb"},"inLanguage":"de","potentialAction":[{"@type":"ReadAction","target":["https:\/\/www.kirche-sdh.de\/side\/wechsel-auf-der-mesnerbank\/"]}]},{"@type":"ImageObject","inLanguage":"de","@id":"https:\/\/www.kirche-sdh.de\/side\/wechsel-auf-der-mesnerbank\/#primaryimage","url":"https:\/\/www.kirche-sdh.de\/side\/wp-content\/uploads\/2019\/05\/IMG_1520.jpg","contentUrl":"https:\/\/www.kirche-sdh.de\/side\/wp-content\/uploads\/2019\/05\/IMG_1520.jpg","width":5184,"height":3456},{"@type":"BreadcrumbList","@id":"https:\/\/www.kirche-sdh.de\/side\/wechsel-auf-der-mesnerbank\/#breadcrumb","itemListElement":[{"@type":"ListItem","position":1,"name":"Startseite","item":"https:\/\/www.kirche-sdh.de\/side\/"},{"@type":"ListItem","position":2,"name":"Wechsel auf der Mesnerbank"}]},{"@type":"WebSite","@id":"https:\/\/www.kirche-sdh.de\/side\/#website","url":"https:\/\/www.kirche-sdh.de\/side\/","name":"Informationsseite und Seelsorgeeinheit","description":"Informationsseite und Seelsorgeeinheit","publisher":{"@id":"https:\/\/www.kirche-sdh.de\/side\/#organization"},"potentialAction":[{"@type":"SearchAction","target":{"@type":"EntryPoint","urlTemplate":"https:\/\/www.kirche-sdh.de\/side\/?s={search_term_string}"},"query-input":{"@type":"PropertyValueSpecification","valueRequired":true,"valueName":"search_term_string"}}],"inLanguage":"de"},{"@type":"Organization","@id":"https:\/\/www.kirche-sdh.de\/side\/#organization","name":"Informationsseite und Seelsorgeeinheit","url":"https:\/\/www.kirche-sdh.de\/side\/","logo":{"@type":"ImageObject","inLanguage":"de","@id":"https:\/\/www.kirche-sdh.de\/side\/#\/schema\/logo\/image\/","url":"https:\/\/www.kirche-sdh.de\/side\/wp-content\/uploads\/2017\/12\/kirche-logos.png","contentUrl":"https:\/\/www.kirche-sdh.de\/side\/wp-content\/uploads\/2017\/12\/kirche-logos.png","width":438,"height":191,"caption":"Informationsseite und Seelsorgeeinheit"},"image":{"@id":"https:\/\/www.kirche-sdh.de\/side\/#\/schema\/logo\/image\/"}},{"@type":"Person","@id":"https:\/\/www.kirche-sdh.de\/side\/#\/schema\/person\/e05baeb81583d4659c11ea77b24c3640","name":"Martin Zangl","url":"https:\/\/www.kirche-sdh.de\/side\/author\/zangl\/"}]}},"_links":{"self":[{"href":"https:\/\/www.kirche-sdh.de\/side\/wp-json\/wp\/v2\/posts\/6964","targetHints":{"allow":["GET"]}}],"collection":[{"href":"https:\/\/www.kirche-sdh.de\/side\/wp-json\/wp\/v2\/posts"}],"about":[{"href":"https:\/\/www.kirche-sdh.de\/side\/wp-json\/wp\/v2\/types\/post"}],"author":[{"embeddable":true,"href":"https:\/\/www.kirche-sdh.de\/side\/wp-json\/wp\/v2\/users\/3"}],"replies":[{"embeddable":true,"href":"https:\/\/www.kirche-sdh.de\/side\/wp-json\/wp\/v2\/comments?post=6964"}],"version-history":[{"count":0,"href":"https:\/\/www.kirche-sdh.de\/side\/wp-json\/wp\/v2\/posts\/6964\/revisions"}],"wp:featuredmedia":[{"embeddable":true,"href":"https:\/\/www.kirche-sdh.de\/side\/wp-json\/wp\/v2\/media\/6966"}],"wp:attachment":[{"href":"https:\/\/www.kirche-sdh.de\/side\/wp-json\/wp\/v2\/media?parent=6964"}],"wp:term":[{"taxonomy":"category","embeddable":true,"href":"https:\/\/www.kirche-sdh.de\/side\/wp-json\/wp\/v2\/categories?post=6964"},{"taxonomy":"post_tag","embeddable":true,"href":"https:\/\/www.kirche-sdh.de\/side\/wp-json\/wp\/v2\/tags?post=6964"}],"curies":[{"name":"wp","href":"https:\/\/api.w.org\/{rel}","templated":true}]}}