{"id":6319,"date":"2019-03-27T22:16:51","date_gmt":"2019-03-27T21:16:51","guid":{"rendered":"https:\/\/www.kirche-sdh.de\/side\/?p=6319"},"modified":"2019-04-25T22:11:42","modified_gmt":"2019-04-25T20:11:42","slug":"reiche-klostergeschichte-laesst-sich-nur-noch-erahnen","status":"publish","type":"post","link":"https:\/\/www.kirche-sdh.de\/side\/reiche-klostergeschichte-laesst-sich-nur-noch-erahnen\/","title":{"rendered":"Reiche Klostergeschichte l\u00e4sst sich nur noch erahnen"},"content":{"rendered":"\n<h3 class=\"wp-block-heading\">Kirchenentdecker Karl-Heinz Hofmann f\u00fchrt durch Sch\u00f6nthaler Klostergeschichte und Kirche <\/h3>\n\n\n\n<p>Einst ein religi\u00f6ses und wirtschaftliches Zentrum hat sich das Sch\u00f6nthaler Kloster mit seiner Kirche \u00fcber die Jahrhunderte hinweg stark ver\u00e4ndert. Der ehemalige Reichtum des Klosters und seine Bedeutung \u00fcber das \u201evallis speciosa\u201c \u2013 das sch\u00f6ne, anmutige Tal hinaus lassen sich heute nur noch erahnen. Umso interessanter erscheint es, die Geschichte der Sch\u00f6nthaler Kirche, die unweigerlich untrennbar mit dem Kloster verbunden ist, zu erforschen. Dem hat sich Kirchenentdecker Karl-Heinz Hofmann aus R\u00f6tz verschrieben und am Sonntagnachmittag zu einer Kirchenf\u00fchrung eingeladen. Hofmann blickte auf die Anf\u00e4nge des Klosters, dessen Aufstieg und letztlich seinen Niedergang zur\u00fcck. Erstmals urkundlich im Jahr 1253 erw\u00e4hnt, erwuchs das Kloster zu einem bedeutenden religi\u00f6sen Seelsorgezentrum. Urspr\u00fcnglich ein Eremitenkloster der Wilhelmiten entwickelte es sich als Kloster des Augustinerorden und, ausgestattet mit Hofmarksrechten, zu einem wirtschaftlichen Mittelpunkt. R\u00fcckschl\u00e4ge und st\u00e4ndige Ver\u00e4nderungen mussten durch die Hussiten, die Reformation und wiederrum die Gegenreformation hingenommen werden. Mit der S\u00e4kularisation 1802 wurde das Kloster schlie\u00dflich zerschlagen, die Besitzungen eingezogen und versteigert. Die Kirche, an der heutigen Stelle 1710 erbaut, wurde ehemals im Barockstil ausgestattet. Am 13. September 1833 brannte die Kirche samt Pfarrhof nieder und zerst\u00f6rte die barocke Sch\u00f6nheit. 1821 traf bereits ein Blitz den Kirchturm und vernichtete die Turmzwiebel. Die Kirche, wie sie heute besteht, geht auf das Jahr 1909 zur\u00fcck. Geweiht ist die Pfarrkirche dem Heiligen Michael. Hofmann ging dabei auf das Bildnis des Engelsturz nach Rubbens am neobarocken Hochaltar ein. Auch weitere Gem\u00e4lde, die Seitenalt\u00e4re, die Orgel sowie die lebensgro\u00dfen Heiligenfiguren stellte Hofmann vor. Einige der Figuren, unter anderem die Verk\u00fcndigungsgruppe am Hochaltar, stammten dabei noch aus der Klosterzeit. Sie konnten vor der Brandkatastrophe 1833 gerettet werden und stellen zusammen mit den Altarleuchtern und der Monstranz die wertvollsten Gegenst\u00e4nde der heutigen Pfarrkirche dar. Der etwas mehr als eineinhalb Stunden dauernden Exkursion in die Sch\u00f6nthaler Klostergeschichte lauschten mehr als 50 interessierte Zuh\u00f6rer, darunter auch Pfarrer Alfons Eder und Ruhestandsgeistlicher Michael Reitinger aus Stein. Pfarrer Eder dankte Hofmann f\u00fcr seine kurzweilige F\u00fchrung und die Erl\u00e4uterungen zur Kirche, die Hofmann als Gesamtkunstwerk f\u00fcr die Liturgie und gleichzeitig wertvolles Kulturgut bezeichnete und auf die man trotz aller Ver\u00e4nderungen stolz sein d\u00fcrfe.<\/p>\n\n\n\n<figure class=\"wp-block-image\"><img loading=\"lazy\" decoding=\"async\" width=\"1024\" height=\"683\" src=\"https:\/\/www.kirche-sdh.de\/side\/wp-content\/uploads\/2019\/03\/IMG_0921-1024x683.jpg\" alt=\"\" class=\"wp-image-6321\" srcset=\"https:\/\/www.kirche-sdh.de\/side\/wp-content\/uploads\/2019\/03\/IMG_0921-1024x683.jpg 1024w, https:\/\/www.kirche-sdh.de\/side\/wp-content\/uploads\/2019\/03\/IMG_0921-300x200.jpg 300w, https:\/\/www.kirche-sdh.de\/side\/wp-content\/uploads\/2019\/03\/IMG_0921-768x512.jpg 768w, https:\/\/www.kirche-sdh.de\/side\/wp-content\/uploads\/2019\/03\/IMG_0921-360x240.jpg 360w\" sizes=\"auto, (max-width: 1024px) 100vw, 1024px\" \/><\/figure>\n\n\n\n<figure class=\"wp-block-image\"><img loading=\"lazy\" decoding=\"async\" width=\"1024\" height=\"727\" src=\"https:\/\/www.kirche-sdh.de\/side\/wp-content\/uploads\/2019\/03\/IMG_0911-1024x727.jpg\" alt=\"\" class=\"wp-image-6320\" srcset=\"https:\/\/www.kirche-sdh.de\/side\/wp-content\/uploads\/2019\/03\/IMG_0911-1024x727.jpg 1024w, https:\/\/www.kirche-sdh.de\/side\/wp-content\/uploads\/2019\/03\/IMG_0911-300x213.jpg 300w, https:\/\/www.kirche-sdh.de\/side\/wp-content\/uploads\/2019\/03\/IMG_0911-768x546.jpg 768w\" sizes=\"auto, (max-width: 1024px) 100vw, 1024px\" \/><figcaption>Kirchenentdecker Karl-Heinz Hofmann f\u00fchrte durch die ehemalige Klosterkirche Sch\u00f6nthal.<\/figcaption><\/figure>\n\n\n\n<figure class=\"wp-block-image\"><img loading=\"lazy\" decoding=\"async\" width=\"683\" height=\"1024\" src=\"https:\/\/www.kirche-sdh.de\/side\/wp-content\/uploads\/2019\/03\/IMG_0919-1-e1553721172154-683x1024.jpg\" alt=\"\" class=\"wp-image-6325\" srcset=\"https:\/\/www.kirche-sdh.de\/side\/wp-content\/uploads\/2019\/03\/IMG_0919-1-e1553721172154-683x1024.jpg 683w, https:\/\/www.kirche-sdh.de\/side\/wp-content\/uploads\/2019\/03\/IMG_0919-1-e1553721172154-200x300.jpg 200w, https:\/\/www.kirche-sdh.de\/side\/wp-content\/uploads\/2019\/03\/IMG_0919-1-e1553721172154-768x1152.jpg 768w\" sizes=\"auto, (max-width: 683px) 100vw, 683px\" \/><\/figure>\n","protected":false},"excerpt":{"rendered":"<p>Kirchenentdecker Karl-Heinz Hofmann f\u00fchrt durch Sch\u00f6nthaler Klostergeschichte und Kirche Einst ein religi\u00f6ses und wirtschaftliches Zentrum hat sich das Sch\u00f6nthaler Kloster mit seiner Kirche \u00fcber die Jahrhunderte hinweg stark ver\u00e4ndert. Der ehemalige Reichtum des Klosters und seine Bedeutung \u00fcber das \u201evallis speciosa\u201c \u2013 das sch\u00f6ne, anmutige Tal hinaus lassen sich heute [&hellip;]<\/p>\n","protected":false},"author":3,"featured_media":6321,"comment_status":"open","ping_status":"open","sticky":false,"template":"","format":"standard","meta":{"footnotes":""},"categories":[21],"tags":[],"class_list":["post-6319","post","type-post","status-publish","format-standard","has-post-thumbnail","hentry","category-schoenthal"],"yoast_head":"<!-- This site is optimized with the Yoast SEO plugin v27.4 - https:\/\/yoast.com\/product\/yoast-seo-wordpress\/ -->\n<title>Reiche Klostergeschichte l\u00e4sst sich nur noch erahnen - Informationsseite und Seelsorgeeinheit<\/title>\n<meta name=\"robots\" content=\"index, follow, max-snippet:-1, max-image-preview:large, max-video-preview:-1\" \/>\n<link rel=\"canonical\" href=\"https:\/\/www.kirche-sdh.de\/side\/reiche-klostergeschichte-laesst-sich-nur-noch-erahnen\/\" \/>\n<meta property=\"og:locale\" content=\"de_DE\" \/>\n<meta property=\"og:type\" content=\"article\" \/>\n<meta property=\"og:title\" content=\"Reiche Klostergeschichte l\u00e4sst sich nur noch erahnen - Informationsseite und Seelsorgeeinheit\" \/>\n<meta property=\"og:description\" content=\"Kirchenentdecker Karl-Heinz Hofmann f\u00fchrt durch Sch\u00f6nthaler Klostergeschichte und Kirche Einst ein religi\u00f6ses und wirtschaftliches Zentrum hat sich das Sch\u00f6nthaler Kloster mit seiner Kirche \u00fcber die Jahrhunderte hinweg stark ver\u00e4ndert. Der ehemalige Reichtum des Klosters und seine Bedeutung \u00fcber das \u201evallis speciosa\u201c \u2013 das sch\u00f6ne, anmutige Tal hinaus lassen sich heute [&hellip;]\" \/>\n<meta property=\"og:url\" content=\"https:\/\/www.kirche-sdh.de\/side\/reiche-klostergeschichte-laesst-sich-nur-noch-erahnen\/\" \/>\n<meta property=\"og:site_name\" content=\"Informationsseite und Seelsorgeeinheit\" \/>\n<meta property=\"article:published_time\" content=\"2019-03-27T21:16:51+00:00\" \/>\n<meta property=\"article:modified_time\" content=\"2019-04-25T20:11:42+00:00\" \/>\n<meta property=\"og:image\" content=\"https:\/\/www.kirche-sdh.de\/side\/wp-content\/uploads\/2019\/03\/IMG_0921-1024x683.jpg\" \/>\n\t<meta property=\"og:image:width\" content=\"1024\" \/>\n\t<meta property=\"og:image:height\" content=\"683\" \/>\n\t<meta property=\"og:image:type\" content=\"image\/jpeg\" \/>\n<meta name=\"author\" content=\"Martin Zangl\" \/>\n<meta name=\"twitter:card\" content=\"summary_large_image\" \/>\n<meta name=\"twitter:label1\" content=\"Verfasst von\" \/>\n\t<meta name=\"twitter:data1\" content=\"Martin Zangl\" \/>\n\t<meta name=\"twitter:label2\" content=\"Gesch\u00e4tzte Lesezeit\" \/>\n\t<meta name=\"twitter:data2\" content=\"2\u00a0Minuten\" \/>\n<script type=\"application\/ld+json\" class=\"yoast-schema-graph\">{\"@context\":\"https:\\\/\\\/schema.org\",\"@graph\":[{\"@type\":\"Article\",\"@id\":\"https:\\\/\\\/www.kirche-sdh.de\\\/side\\\/reiche-klostergeschichte-laesst-sich-nur-noch-erahnen\\\/#article\",\"isPartOf\":{\"@id\":\"https:\\\/\\\/www.kirche-sdh.de\\\/side\\\/reiche-klostergeschichte-laesst-sich-nur-noch-erahnen\\\/\"},\"author\":{\"name\":\"Martin Zangl\",\"@id\":\"https:\\\/\\\/www.kirche-sdh.de\\\/side\\\/#\\\/schema\\\/person\\\/e05baeb81583d4659c11ea77b24c3640\"},\"headline\":\"Reiche Klostergeschichte l\u00e4sst sich nur noch erahnen\",\"datePublished\":\"2019-03-27T21:16:51+00:00\",\"dateModified\":\"2019-04-25T20:11:42+00:00\",\"mainEntityOfPage\":{\"@id\":\"https:\\\/\\\/www.kirche-sdh.de\\\/side\\\/reiche-klostergeschichte-laesst-sich-nur-noch-erahnen\\\/\"},\"wordCount\":400,\"commentCount\":0,\"publisher\":{\"@id\":\"https:\\\/\\\/www.kirche-sdh.de\\\/side\\\/#organization\"},\"image\":{\"@id\":\"https:\\\/\\\/www.kirche-sdh.de\\\/side\\\/reiche-klostergeschichte-laesst-sich-nur-noch-erahnen\\\/#primaryimage\"},\"thumbnailUrl\":\"https:\\\/\\\/www.kirche-sdh.de\\\/side\\\/wp-content\\\/uploads\\\/2019\\\/03\\\/IMG_0921.jpg\",\"articleSection\":[\"Sch\u00f6nthal\"],\"inLanguage\":\"de\"},{\"@type\":\"WebPage\",\"@id\":\"https:\\\/\\\/www.kirche-sdh.de\\\/side\\\/reiche-klostergeschichte-laesst-sich-nur-noch-erahnen\\\/\",\"url\":\"https:\\\/\\\/www.kirche-sdh.de\\\/side\\\/reiche-klostergeschichte-laesst-sich-nur-noch-erahnen\\\/\",\"name\":\"Reiche Klostergeschichte l\u00e4sst sich nur noch erahnen - Informationsseite und Seelsorgeeinheit\",\"isPartOf\":{\"@id\":\"https:\\\/\\\/www.kirche-sdh.de\\\/side\\\/#website\"},\"primaryImageOfPage\":{\"@id\":\"https:\\\/\\\/www.kirche-sdh.de\\\/side\\\/reiche-klostergeschichte-laesst-sich-nur-noch-erahnen\\\/#primaryimage\"},\"image\":{\"@id\":\"https:\\\/\\\/www.kirche-sdh.de\\\/side\\\/reiche-klostergeschichte-laesst-sich-nur-noch-erahnen\\\/#primaryimage\"},\"thumbnailUrl\":\"https:\\\/\\\/www.kirche-sdh.de\\\/side\\\/wp-content\\\/uploads\\\/2019\\\/03\\\/IMG_0921.jpg\",\"datePublished\":\"2019-03-27T21:16:51+00:00\",\"dateModified\":\"2019-04-25T20:11:42+00:00\",\"breadcrumb\":{\"@id\":\"https:\\\/\\\/www.kirche-sdh.de\\\/side\\\/reiche-klostergeschichte-laesst-sich-nur-noch-erahnen\\\/#breadcrumb\"},\"inLanguage\":\"de\",\"potentialAction\":[{\"@type\":\"ReadAction\",\"target\":[\"https:\\\/\\\/www.kirche-sdh.de\\\/side\\\/reiche-klostergeschichte-laesst-sich-nur-noch-erahnen\\\/\"]}]},{\"@type\":\"ImageObject\",\"inLanguage\":\"de\",\"@id\":\"https:\\\/\\\/www.kirche-sdh.de\\\/side\\\/reiche-klostergeschichte-laesst-sich-nur-noch-erahnen\\\/#primaryimage\",\"url\":\"https:\\\/\\\/www.kirche-sdh.de\\\/side\\\/wp-content\\\/uploads\\\/2019\\\/03\\\/IMG_0921.jpg\",\"contentUrl\":\"https:\\\/\\\/www.kirche-sdh.de\\\/side\\\/wp-content\\\/uploads\\\/2019\\\/03\\\/IMG_0921.jpg\",\"width\":5184,\"height\":3456},{\"@type\":\"BreadcrumbList\",\"@id\":\"https:\\\/\\\/www.kirche-sdh.de\\\/side\\\/reiche-klostergeschichte-laesst-sich-nur-noch-erahnen\\\/#breadcrumb\",\"itemListElement\":[{\"@type\":\"ListItem\",\"position\":1,\"name\":\"Startseite\",\"item\":\"https:\\\/\\\/www.kirche-sdh.de\\\/side\\\/\"},{\"@type\":\"ListItem\",\"position\":2,\"name\":\"Reiche Klostergeschichte l\u00e4sst sich nur noch erahnen\"}]},{\"@type\":\"WebSite\",\"@id\":\"https:\\\/\\\/www.kirche-sdh.de\\\/side\\\/#website\",\"url\":\"https:\\\/\\\/www.kirche-sdh.de\\\/side\\\/\",\"name\":\"Informationsseite und Seelsorgeeinheit\",\"description\":\"Informationsseite und Seelsorgeeinheit\",\"publisher\":{\"@id\":\"https:\\\/\\\/www.kirche-sdh.de\\\/side\\\/#organization\"},\"potentialAction\":[{\"@type\":\"SearchAction\",\"target\":{\"@type\":\"EntryPoint\",\"urlTemplate\":\"https:\\\/\\\/www.kirche-sdh.de\\\/side\\\/?s={search_term_string}\"},\"query-input\":{\"@type\":\"PropertyValueSpecification\",\"valueRequired\":true,\"valueName\":\"search_term_string\"}}],\"inLanguage\":\"de\"},{\"@type\":\"Organization\",\"@id\":\"https:\\\/\\\/www.kirche-sdh.de\\\/side\\\/#organization\",\"name\":\"Informationsseite und Seelsorgeeinheit\",\"url\":\"https:\\\/\\\/www.kirche-sdh.de\\\/side\\\/\",\"logo\":{\"@type\":\"ImageObject\",\"inLanguage\":\"de\",\"@id\":\"https:\\\/\\\/www.kirche-sdh.de\\\/side\\\/#\\\/schema\\\/logo\\\/image\\\/\",\"url\":\"https:\\\/\\\/www.kirche-sdh.de\\\/side\\\/wp-content\\\/uploads\\\/2017\\\/12\\\/kirche-logos.png\",\"contentUrl\":\"https:\\\/\\\/www.kirche-sdh.de\\\/side\\\/wp-content\\\/uploads\\\/2017\\\/12\\\/kirche-logos.png\",\"width\":438,\"height\":191,\"caption\":\"Informationsseite und Seelsorgeeinheit\"},\"image\":{\"@id\":\"https:\\\/\\\/www.kirche-sdh.de\\\/side\\\/#\\\/schema\\\/logo\\\/image\\\/\"}},{\"@type\":\"Person\",\"@id\":\"https:\\\/\\\/www.kirche-sdh.de\\\/side\\\/#\\\/schema\\\/person\\\/e05baeb81583d4659c11ea77b24c3640\",\"name\":\"Martin Zangl\",\"url\":\"https:\\\/\\\/www.kirche-sdh.de\\\/side\\\/author\\\/zangl\\\/\"}]}<\/script>\n<!-- \/ Yoast SEO plugin. -->","yoast_head_json":{"title":"Reiche Klostergeschichte l\u00e4sst sich nur noch erahnen - Informationsseite und Seelsorgeeinheit","robots":{"index":"index","follow":"follow","max-snippet":"max-snippet:-1","max-image-preview":"max-image-preview:large","max-video-preview":"max-video-preview:-1"},"canonical":"https:\/\/www.kirche-sdh.de\/side\/reiche-klostergeschichte-laesst-sich-nur-noch-erahnen\/","og_locale":"de_DE","og_type":"article","og_title":"Reiche Klostergeschichte l\u00e4sst sich nur noch erahnen - Informationsseite und Seelsorgeeinheit","og_description":"Kirchenentdecker Karl-Heinz Hofmann f\u00fchrt durch Sch\u00f6nthaler Klostergeschichte und Kirche Einst ein religi\u00f6ses und wirtschaftliches Zentrum hat sich das Sch\u00f6nthaler Kloster mit seiner Kirche \u00fcber die Jahrhunderte hinweg stark ver\u00e4ndert. Der ehemalige Reichtum des Klosters und seine Bedeutung \u00fcber das \u201evallis speciosa\u201c \u2013 das sch\u00f6ne, anmutige Tal hinaus lassen sich heute [&hellip;]","og_url":"https:\/\/www.kirche-sdh.de\/side\/reiche-klostergeschichte-laesst-sich-nur-noch-erahnen\/","og_site_name":"Informationsseite und Seelsorgeeinheit","article_published_time":"2019-03-27T21:16:51+00:00","article_modified_time":"2019-04-25T20:11:42+00:00","og_image":[{"width":1024,"height":683,"url":"https:\/\/www.kirche-sdh.de\/side\/wp-content\/uploads\/2019\/03\/IMG_0921-1024x683.jpg","type":"image\/jpeg"}],"author":"Martin Zangl","twitter_card":"summary_large_image","twitter_misc":{"Verfasst von":"Martin Zangl","Gesch\u00e4tzte Lesezeit":"2\u00a0Minuten"},"schema":{"@context":"https:\/\/schema.org","@graph":[{"@type":"Article","@id":"https:\/\/www.kirche-sdh.de\/side\/reiche-klostergeschichte-laesst-sich-nur-noch-erahnen\/#article","isPartOf":{"@id":"https:\/\/www.kirche-sdh.de\/side\/reiche-klostergeschichte-laesst-sich-nur-noch-erahnen\/"},"author":{"name":"Martin Zangl","@id":"https:\/\/www.kirche-sdh.de\/side\/#\/schema\/person\/e05baeb81583d4659c11ea77b24c3640"},"headline":"Reiche Klostergeschichte l\u00e4sst sich nur noch erahnen","datePublished":"2019-03-27T21:16:51+00:00","dateModified":"2019-04-25T20:11:42+00:00","mainEntityOfPage":{"@id":"https:\/\/www.kirche-sdh.de\/side\/reiche-klostergeschichte-laesst-sich-nur-noch-erahnen\/"},"wordCount":400,"commentCount":0,"publisher":{"@id":"https:\/\/www.kirche-sdh.de\/side\/#organization"},"image":{"@id":"https:\/\/www.kirche-sdh.de\/side\/reiche-klostergeschichte-laesst-sich-nur-noch-erahnen\/#primaryimage"},"thumbnailUrl":"https:\/\/www.kirche-sdh.de\/side\/wp-content\/uploads\/2019\/03\/IMG_0921.jpg","articleSection":["Sch\u00f6nthal"],"inLanguage":"de"},{"@type":"WebPage","@id":"https:\/\/www.kirche-sdh.de\/side\/reiche-klostergeschichte-laesst-sich-nur-noch-erahnen\/","url":"https:\/\/www.kirche-sdh.de\/side\/reiche-klostergeschichte-laesst-sich-nur-noch-erahnen\/","name":"Reiche Klostergeschichte l\u00e4sst sich nur noch erahnen - Informationsseite und Seelsorgeeinheit","isPartOf":{"@id":"https:\/\/www.kirche-sdh.de\/side\/#website"},"primaryImageOfPage":{"@id":"https:\/\/www.kirche-sdh.de\/side\/reiche-klostergeschichte-laesst-sich-nur-noch-erahnen\/#primaryimage"},"image":{"@id":"https:\/\/www.kirche-sdh.de\/side\/reiche-klostergeschichte-laesst-sich-nur-noch-erahnen\/#primaryimage"},"thumbnailUrl":"https:\/\/www.kirche-sdh.de\/side\/wp-content\/uploads\/2019\/03\/IMG_0921.jpg","datePublished":"2019-03-27T21:16:51+00:00","dateModified":"2019-04-25T20:11:42+00:00","breadcrumb":{"@id":"https:\/\/www.kirche-sdh.de\/side\/reiche-klostergeschichte-laesst-sich-nur-noch-erahnen\/#breadcrumb"},"inLanguage":"de","potentialAction":[{"@type":"ReadAction","target":["https:\/\/www.kirche-sdh.de\/side\/reiche-klostergeschichte-laesst-sich-nur-noch-erahnen\/"]}]},{"@type":"ImageObject","inLanguage":"de","@id":"https:\/\/www.kirche-sdh.de\/side\/reiche-klostergeschichte-laesst-sich-nur-noch-erahnen\/#primaryimage","url":"https:\/\/www.kirche-sdh.de\/side\/wp-content\/uploads\/2019\/03\/IMG_0921.jpg","contentUrl":"https:\/\/www.kirche-sdh.de\/side\/wp-content\/uploads\/2019\/03\/IMG_0921.jpg","width":5184,"height":3456},{"@type":"BreadcrumbList","@id":"https:\/\/www.kirche-sdh.de\/side\/reiche-klostergeschichte-laesst-sich-nur-noch-erahnen\/#breadcrumb","itemListElement":[{"@type":"ListItem","position":1,"name":"Startseite","item":"https:\/\/www.kirche-sdh.de\/side\/"},{"@type":"ListItem","position":2,"name":"Reiche Klostergeschichte l\u00e4sst sich nur noch erahnen"}]},{"@type":"WebSite","@id":"https:\/\/www.kirche-sdh.de\/side\/#website","url":"https:\/\/www.kirche-sdh.de\/side\/","name":"Informationsseite und Seelsorgeeinheit","description":"Informationsseite und Seelsorgeeinheit","publisher":{"@id":"https:\/\/www.kirche-sdh.de\/side\/#organization"},"potentialAction":[{"@type":"SearchAction","target":{"@type":"EntryPoint","urlTemplate":"https:\/\/www.kirche-sdh.de\/side\/?s={search_term_string}"},"query-input":{"@type":"PropertyValueSpecification","valueRequired":true,"valueName":"search_term_string"}}],"inLanguage":"de"},{"@type":"Organization","@id":"https:\/\/www.kirche-sdh.de\/side\/#organization","name":"Informationsseite und Seelsorgeeinheit","url":"https:\/\/www.kirche-sdh.de\/side\/","logo":{"@type":"ImageObject","inLanguage":"de","@id":"https:\/\/www.kirche-sdh.de\/side\/#\/schema\/logo\/image\/","url":"https:\/\/www.kirche-sdh.de\/side\/wp-content\/uploads\/2017\/12\/kirche-logos.png","contentUrl":"https:\/\/www.kirche-sdh.de\/side\/wp-content\/uploads\/2017\/12\/kirche-logos.png","width":438,"height":191,"caption":"Informationsseite und Seelsorgeeinheit"},"image":{"@id":"https:\/\/www.kirche-sdh.de\/side\/#\/schema\/logo\/image\/"}},{"@type":"Person","@id":"https:\/\/www.kirche-sdh.de\/side\/#\/schema\/person\/e05baeb81583d4659c11ea77b24c3640","name":"Martin Zangl","url":"https:\/\/www.kirche-sdh.de\/side\/author\/zangl\/"}]}},"_links":{"self":[{"href":"https:\/\/www.kirche-sdh.de\/side\/wp-json\/wp\/v2\/posts\/6319","targetHints":{"allow":["GET"]}}],"collection":[{"href":"https:\/\/www.kirche-sdh.de\/side\/wp-json\/wp\/v2\/posts"}],"about":[{"href":"https:\/\/www.kirche-sdh.de\/side\/wp-json\/wp\/v2\/types\/post"}],"author":[{"embeddable":true,"href":"https:\/\/www.kirche-sdh.de\/side\/wp-json\/wp\/v2\/users\/3"}],"replies":[{"embeddable":true,"href":"https:\/\/www.kirche-sdh.de\/side\/wp-json\/wp\/v2\/comments?post=6319"}],"version-history":[{"count":0,"href":"https:\/\/www.kirche-sdh.de\/side\/wp-json\/wp\/v2\/posts\/6319\/revisions"}],"wp:featuredmedia":[{"embeddable":true,"href":"https:\/\/www.kirche-sdh.de\/side\/wp-json\/wp\/v2\/media\/6321"}],"wp:attachment":[{"href":"https:\/\/www.kirche-sdh.de\/side\/wp-json\/wp\/v2\/media?parent=6319"}],"wp:term":[{"taxonomy":"category","embeddable":true,"href":"https:\/\/www.kirche-sdh.de\/side\/wp-json\/wp\/v2\/categories?post=6319"},{"taxonomy":"post_tag","embeddable":true,"href":"https:\/\/www.kirche-sdh.de\/side\/wp-json\/wp\/v2\/tags?post=6319"}],"curies":[{"name":"wp","href":"https:\/\/api.w.org\/{rel}","templated":true}]}}