{"id":5679,"date":"2019-01-20T21:39:44","date_gmt":"2019-01-20T20:39:44","guid":{"rendered":"https:\/\/www.kirche-sdh.de\/side\/?p=5679"},"modified":"2019-01-20T21:56:43","modified_gmt":"2019-01-20T20:56:43","slug":"ein-grosser-heiliger-der-naechstenliebe","status":"publish","type":"post","link":"https:\/\/www.kirche-sdh.de\/side\/ein-grosser-heiliger-der-naechstenliebe\/","title":{"rendered":"Ein gro\u00dfer Heiliger der N\u00e4chstenliebe"},"content":{"rendered":"\n<h3 class=\"wp-block-heading\"><strong>Pfarrgemeinde Sch\u00f6nthal begeht Gedenktag des Pestheiligen &#8211; Prozession abgehalten<\/strong><\/h3>\n\n<p>Zur\u00fcckgehend auf die Pestzeit wird in vielen Pfarrgemeinden der heilige Sebastian als M\u00e4rtyrer, Nothelfer und Pestheiliger verehrt. Sein Gedenk- und Namenstag wird am 20. Januar gefeiert und in der Pfarrei Sch\u00f6nthal seit Jahrhunderten w\u00fcrdig begangen. Die Verehrung geht hier auf den Zusammenschluss zu einer Sebastiani-Bruderschaft im 17. Jahrhundert zur\u00fcck. Von Pfeilen durchbohrt wird der Heilige Sebastian in der Pfarrkirche Sch\u00f6nthal am rechten Seitenalter dargestellt. Festlich geschm\u00fcckt zeigte sich dieser zum Festgottesdienst am Gedenktag des F\u00fcrbitters und Helfer aller Kranken. An der heilenden Kraft des Glaubens gelte es auch heute noch festzuhalten, so Pfarrer Eder in seinen begr\u00fc\u00dfenden Worten zu Ehren des Volksheiligen und M\u00e4rtyrers. In dem Gottesdienst wurde im Besonderen der verstorbenen Mitglieder der Bruderschaft gedacht und die Neuaufnahme erm\u00f6glicht.<\/p>\n<div id=\"attachment_5683\" style=\"width: 5194px\" class=\"wp-caption aligncenter\"><img loading=\"lazy\" decoding=\"async\" aria-describedby=\"caption-attachment-5683\" width=\"5184\" height=\"3456\" alt=\"\" src=\"https:\/\/www.kirche-sdh.de\/side\/wp-content\/uploads\/2019\/01\/IMG_0589.jpg\" \/><p id=\"caption-attachment-5683\" class=\"wp-caption-text\">Pfarrer Alfons Eder und Diakon Alfons Eiber zelebrierten zu Ehren des Heiligen Sebastian den Festgottesdienst<\/p><\/div>\n<p><\/p>\n<p>Diakon Alfons Eiber, der gemeinsam mit Pfarrer Eder den Gottesdienst zelebrierte, erinnerte in seiner Predigt an das Leben des heiligen Sebastian und an die Entstehung seiner Verehrung als Pestheiliger. Diese gr\u00fcnde sich daran, dass, nachdem seine Reliquien w\u00e4hrend der Pestzeit durch Rom getragen worden sind, das Volk von der Pest befreit wurde. Doch m\u00fcsse man sich die Frage stellen, ob die die Verehrung des Heiligen noch zeitgem\u00e4\u00df und in der heutigen, modernen Zeit noch aktuell ist. Dazu blickte Eiber auf die Biographie des heiligen Sebastian. Als Soldat der Leibgarde des Kaisers in Rom habe Sebastian freien Zugang zu den Gefangenen von Rom gehabt. Ihnen und auch den Kranken stand er bei, sprach ihnen zu und \u00fcberzeugte durch seine Lebenshaltung von seinem christlichen Glauben. Ohne Zur\u00fcckhaltung als Christ prangerte er Korruption, Bestechlichkeit und Amtsmissbrauch an und f\u00fchrte sogar r\u00f6mische Adelige zum Christentum. Die Haltung gegen den Kaiser f\u00fchrte dazu, dass Sebastian selbst inhaftiert und zum Tod durch Erschie\u00dfen mit Pfeilen verurteilt wurde. Doch \u00fcberlebte Sebastian und lies sich auch weiterhin \u201enicht mundtot machen, wenn es um Jesus und die Grausamkeiten des Kaisers ging\u201c. Schlie\u00dflich, so Eiber, sei Sebastian \u201ewie ein Hund erschlagen worden\u201c. Diakon Eiber zog Parallelen zur heutigen Zeit, in der zwar nicht mehr die Peste herrsche, nach wie vor aber Bestechung, Verlogenheit und Lieblosigkeit zur Tagesordnung geh\u00f6rten. Hier von einer christlichen Lebensf\u00fchrung zu sprechen sei nicht angebracht. Anders Sebastian, der als gro\u00dfer Heiliger der N\u00e4chstenliebe, Werke der Barmherzigkeit vollbrachte und sich Zeit f\u00fcr die Menschen und Notleidenden nahm. Er versteckte seinen Glauben nicht und trat stattdessen daf\u00fcr ein. Diese Standhaftigkeit, treu den Weg des Glaubens, der Hoffnung und der Liebe zu gehen, w\u00fcnschte Eiber den Gl\u00e4ubigen.<\/p>\n<p>Musikalisch gestaltet wurde der Festgottesdienst von einem Ensemble aus S\u00e4ngern der Kirchench\u00f6re aus R\u00f6tz, D\u00f6fering und Thanstein sowie Sch\u00f6nthal selbst. Unter Leitung von Edith Pongratz sorgten sie mit der Waidler-Messe f\u00fcr einen besonderen musikalischen Rahmen. Begleitet wurden sie von Rita Zwicknagl am Kontrabass, Maria Greil und Wolfgang Fabig mit Akkordeon und Edith Pongratz mit Gitarre.<\/p>\n<div id=\"attachment_5682\" style=\"width: 5194px\" class=\"wp-caption aligncenter\"><img loading=\"lazy\" decoding=\"async\" aria-describedby=\"caption-attachment-5682\" width=\"5184\" height=\"3456\" alt=\"\" src=\"https:\/\/www.kirche-sdh.de\/side\/wp-content\/uploads\/2019\/01\/IMG_0595-1.jpg\" \/><p id=\"caption-attachment-5682\" class=\"wp-caption-text\">Ensemble aus S\u00e4ngern der Kirchench\u00f6re aus R\u00f6tz, D\u00f6fering und Thanstein sowie Sch\u00f6nthal. Begleitet wurden sie von Rita Zwicknagl am Kontrabass, Maria Greil und Wolfgang Fabig mit Akkordeon und Edith Pongratz mit Gitarre.<\/p><\/div>\n\n<p>Eine im Anschluss an die Eucharistiefeier stattfindende Prozession mit dem Allerheiligsten durch den Ort, voran mit dem Bildnis des Heiligen, rundete das gl\u00e4ubige Bekenntnis ab.<\/p>\n<div id=\"attachment_5681\" style=\"width: 5194px\" class=\"wp-caption aligncenter\"><img loading=\"lazy\" decoding=\"async\" aria-describedby=\"caption-attachment-5681\" width=\"5184\" height=\"3456\" alt=\"\" src=\"https:\/\/www.kirche-sdh.de\/side\/wp-content\/uploads\/2019\/01\/IMG_0670.jpg\" \/><p id=\"caption-attachment-5681\" class=\"wp-caption-text\">In einer Prozession wird das Bildnis des Heiligen Sebastian zusammen mit dem Allerheiligsten durch den Ort getragen.<\/p><\/div>\n","protected":false},"excerpt":{"rendered":"<p>Pfarrgemeinde Sch\u00f6nthal begeht Gedenktag des Pestheiligen &#8211; Prozession abgehalten Zur\u00fcckgehend auf die Pestzeit wird in vielen Pfarrgemeinden der heilige Sebastian als M\u00e4rtyrer, Nothelfer und Pestheiliger verehrt. Sein Gedenk- und Namenstag wird am 20. Januar gefeiert und in der Pfarrei Sch\u00f6nthal seit Jahrhunderten w\u00fcrdig begangen. Die Verehrung geht hier auf den [&hellip;]<\/p>\n","protected":false},"author":3,"featured_media":5681,"comment_status":"open","ping_status":"open","sticky":false,"template":"","format":"standard","meta":{"footnotes":""},"categories":[21],"tags":[],"class_list":["post-5679","post","type-post","status-publish","format-standard","has-post-thumbnail","hentry","category-schoenthal"],"yoast_head":"<!-- This site is optimized with the Yoast SEO plugin v27.5 - https:\/\/yoast.com\/product\/yoast-seo-wordpress\/ -->\n<title>Ein gro\u00dfer Heiliger der N\u00e4chstenliebe - Informationsseite und Seelsorgeeinheit<\/title>\n<meta name=\"robots\" content=\"index, follow, max-snippet:-1, max-image-preview:large, max-video-preview:-1\" \/>\n<link rel=\"canonical\" href=\"https:\/\/www.kirche-sdh.de\/side\/ein-grosser-heiliger-der-naechstenliebe\/\" \/>\n<meta property=\"og:locale\" content=\"de_DE\" \/>\n<meta property=\"og:type\" content=\"article\" \/>\n<meta property=\"og:title\" content=\"Ein gro\u00dfer Heiliger der N\u00e4chstenliebe - Informationsseite und Seelsorgeeinheit\" \/>\n<meta property=\"og:description\" content=\"Pfarrgemeinde Sch\u00f6nthal begeht Gedenktag des Pestheiligen &#8211; Prozession abgehalten Zur\u00fcckgehend auf die Pestzeit wird in vielen Pfarrgemeinden der heilige Sebastian als M\u00e4rtyrer, Nothelfer und Pestheiliger verehrt. Sein Gedenk- und Namenstag wird am 20. Januar gefeiert und in der Pfarrei Sch\u00f6nthal seit Jahrhunderten w\u00fcrdig begangen. Die Verehrung geht hier auf den [&hellip;]\" \/>\n<meta property=\"og:url\" content=\"https:\/\/www.kirche-sdh.de\/side\/ein-grosser-heiliger-der-naechstenliebe\/\" \/>\n<meta property=\"og:site_name\" content=\"Informationsseite und Seelsorgeeinheit\" \/>\n<meta property=\"article:published_time\" content=\"2019-01-20T20:39:44+00:00\" \/>\n<meta property=\"article:modified_time\" content=\"2019-01-20T20:56:43+00:00\" \/>\n<meta property=\"og:image\" content=\"https:\/\/www.kirche-sdh.de\/side\/wp-content\/uploads\/2019\/01\/IMG_0670-1024x683.jpg\" \/>\n\t<meta property=\"og:image:width\" content=\"1024\" \/>\n\t<meta property=\"og:image:height\" content=\"683\" \/>\n\t<meta property=\"og:image:type\" content=\"image\/jpeg\" \/>\n<meta name=\"author\" content=\"Martin Zangl\" \/>\n<meta name=\"twitter:card\" content=\"summary_large_image\" \/>\n<meta name=\"twitter:label1\" content=\"Verfasst von\" \/>\n\t<meta name=\"twitter:data1\" content=\"Martin Zangl\" \/>\n\t<meta name=\"twitter:label2\" content=\"Gesch\u00e4tzte Lesezeit\" \/>\n\t<meta name=\"twitter:data2\" content=\"3\u00a0Minuten\" \/>\n<script type=\"application\/ld+json\" class=\"yoast-schema-graph\">{\"@context\":\"https:\\\/\\\/schema.org\",\"@graph\":[{\"@type\":\"Article\",\"@id\":\"https:\\\/\\\/www.kirche-sdh.de\\\/side\\\/ein-grosser-heiliger-der-naechstenliebe\\\/#article\",\"isPartOf\":{\"@id\":\"https:\\\/\\\/www.kirche-sdh.de\\\/side\\\/ein-grosser-heiliger-der-naechstenliebe\\\/\"},\"author\":{\"name\":\"Martin Zangl\",\"@id\":\"https:\\\/\\\/www.kirche-sdh.de\\\/side\\\/#\\\/schema\\\/person\\\/e05baeb81583d4659c11ea77b24c3640\"},\"headline\":\"Ein gro\u00dfer Heiliger der N\u00e4chstenliebe\",\"datePublished\":\"2019-01-20T20:39:44+00:00\",\"dateModified\":\"2019-01-20T20:56:43+00:00\",\"mainEntityOfPage\":{\"@id\":\"https:\\\/\\\/www.kirche-sdh.de\\\/side\\\/ein-grosser-heiliger-der-naechstenliebe\\\/\"},\"wordCount\":617,\"commentCount\":0,\"publisher\":{\"@id\":\"https:\\\/\\\/www.kirche-sdh.de\\\/side\\\/#organization\"},\"image\":{\"@id\":\"https:\\\/\\\/www.kirche-sdh.de\\\/side\\\/ein-grosser-heiliger-der-naechstenliebe\\\/#primaryimage\"},\"thumbnailUrl\":\"https:\\\/\\\/www.kirche-sdh.de\\\/side\\\/wp-content\\\/uploads\\\/2019\\\/01\\\/IMG_0670.jpg\",\"articleSection\":[\"Sch\u00f6nthal\"],\"inLanguage\":\"de\"},{\"@type\":\"WebPage\",\"@id\":\"https:\\\/\\\/www.kirche-sdh.de\\\/side\\\/ein-grosser-heiliger-der-naechstenliebe\\\/\",\"url\":\"https:\\\/\\\/www.kirche-sdh.de\\\/side\\\/ein-grosser-heiliger-der-naechstenliebe\\\/\",\"name\":\"Ein gro\u00dfer Heiliger der N\u00e4chstenliebe - Informationsseite und Seelsorgeeinheit\",\"isPartOf\":{\"@id\":\"https:\\\/\\\/www.kirche-sdh.de\\\/side\\\/#website\"},\"primaryImageOfPage\":{\"@id\":\"https:\\\/\\\/www.kirche-sdh.de\\\/side\\\/ein-grosser-heiliger-der-naechstenliebe\\\/#primaryimage\"},\"image\":{\"@id\":\"https:\\\/\\\/www.kirche-sdh.de\\\/side\\\/ein-grosser-heiliger-der-naechstenliebe\\\/#primaryimage\"},\"thumbnailUrl\":\"https:\\\/\\\/www.kirche-sdh.de\\\/side\\\/wp-content\\\/uploads\\\/2019\\\/01\\\/IMG_0670.jpg\",\"datePublished\":\"2019-01-20T20:39:44+00:00\",\"dateModified\":\"2019-01-20T20:56:43+00:00\",\"breadcrumb\":{\"@id\":\"https:\\\/\\\/www.kirche-sdh.de\\\/side\\\/ein-grosser-heiliger-der-naechstenliebe\\\/#breadcrumb\"},\"inLanguage\":\"de\",\"potentialAction\":[{\"@type\":\"ReadAction\",\"target\":[\"https:\\\/\\\/www.kirche-sdh.de\\\/side\\\/ein-grosser-heiliger-der-naechstenliebe\\\/\"]}]},{\"@type\":\"ImageObject\",\"inLanguage\":\"de\",\"@id\":\"https:\\\/\\\/www.kirche-sdh.de\\\/side\\\/ein-grosser-heiliger-der-naechstenliebe\\\/#primaryimage\",\"url\":\"https:\\\/\\\/www.kirche-sdh.de\\\/side\\\/wp-content\\\/uploads\\\/2019\\\/01\\\/IMG_0670.jpg\",\"contentUrl\":\"https:\\\/\\\/www.kirche-sdh.de\\\/side\\\/wp-content\\\/uploads\\\/2019\\\/01\\\/IMG_0670.jpg\",\"width\":5184,\"height\":3456,\"caption\":\"In einer Prozession wird das Bildnis des Heiligen Sebastian zusammen mit dem Allerheiligsten durch den Ort getragen.\"},{\"@type\":\"BreadcrumbList\",\"@id\":\"https:\\\/\\\/www.kirche-sdh.de\\\/side\\\/ein-grosser-heiliger-der-naechstenliebe\\\/#breadcrumb\",\"itemListElement\":[{\"@type\":\"ListItem\",\"position\":1,\"name\":\"Startseite\",\"item\":\"https:\\\/\\\/www.kirche-sdh.de\\\/side\\\/\"},{\"@type\":\"ListItem\",\"position\":2,\"name\":\"Ein gro\u00dfer Heiliger der N\u00e4chstenliebe\"}]},{\"@type\":\"WebSite\",\"@id\":\"https:\\\/\\\/www.kirche-sdh.de\\\/side\\\/#website\",\"url\":\"https:\\\/\\\/www.kirche-sdh.de\\\/side\\\/\",\"name\":\"Informationsseite und Seelsorgeeinheit\",\"description\":\"Informationsseite und Seelsorgeeinheit\",\"publisher\":{\"@id\":\"https:\\\/\\\/www.kirche-sdh.de\\\/side\\\/#organization\"},\"potentialAction\":[{\"@type\":\"SearchAction\",\"target\":{\"@type\":\"EntryPoint\",\"urlTemplate\":\"https:\\\/\\\/www.kirche-sdh.de\\\/side\\\/?s={search_term_string}\"},\"query-input\":{\"@type\":\"PropertyValueSpecification\",\"valueRequired\":true,\"valueName\":\"search_term_string\"}}],\"inLanguage\":\"de\"},{\"@type\":\"Organization\",\"@id\":\"https:\\\/\\\/www.kirche-sdh.de\\\/side\\\/#organization\",\"name\":\"Informationsseite und Seelsorgeeinheit\",\"url\":\"https:\\\/\\\/www.kirche-sdh.de\\\/side\\\/\",\"logo\":{\"@type\":\"ImageObject\",\"inLanguage\":\"de\",\"@id\":\"https:\\\/\\\/www.kirche-sdh.de\\\/side\\\/#\\\/schema\\\/logo\\\/image\\\/\",\"url\":\"https:\\\/\\\/www.kirche-sdh.de\\\/side\\\/wp-content\\\/uploads\\\/2017\\\/12\\\/kirche-logos.png\",\"contentUrl\":\"https:\\\/\\\/www.kirche-sdh.de\\\/side\\\/wp-content\\\/uploads\\\/2017\\\/12\\\/kirche-logos.png\",\"width\":438,\"height\":191,\"caption\":\"Informationsseite und Seelsorgeeinheit\"},\"image\":{\"@id\":\"https:\\\/\\\/www.kirche-sdh.de\\\/side\\\/#\\\/schema\\\/logo\\\/image\\\/\"}},{\"@type\":\"Person\",\"@id\":\"https:\\\/\\\/www.kirche-sdh.de\\\/side\\\/#\\\/schema\\\/person\\\/e05baeb81583d4659c11ea77b24c3640\",\"name\":\"Martin Zangl\",\"url\":\"https:\\\/\\\/www.kirche-sdh.de\\\/side\\\/author\\\/zangl\\\/\"}]}<\/script>\n<!-- \/ Yoast SEO plugin. -->","yoast_head_json":{"title":"Ein gro\u00dfer Heiliger der N\u00e4chstenliebe - Informationsseite und Seelsorgeeinheit","robots":{"index":"index","follow":"follow","max-snippet":"max-snippet:-1","max-image-preview":"max-image-preview:large","max-video-preview":"max-video-preview:-1"},"canonical":"https:\/\/www.kirche-sdh.de\/side\/ein-grosser-heiliger-der-naechstenliebe\/","og_locale":"de_DE","og_type":"article","og_title":"Ein gro\u00dfer Heiliger der N\u00e4chstenliebe - Informationsseite und Seelsorgeeinheit","og_description":"Pfarrgemeinde Sch\u00f6nthal begeht Gedenktag des Pestheiligen &#8211; Prozession abgehalten Zur\u00fcckgehend auf die Pestzeit wird in vielen Pfarrgemeinden der heilige Sebastian als M\u00e4rtyrer, Nothelfer und Pestheiliger verehrt. Sein Gedenk- und Namenstag wird am 20. Januar gefeiert und in der Pfarrei Sch\u00f6nthal seit Jahrhunderten w\u00fcrdig begangen. Die Verehrung geht hier auf den [&hellip;]","og_url":"https:\/\/www.kirche-sdh.de\/side\/ein-grosser-heiliger-der-naechstenliebe\/","og_site_name":"Informationsseite und Seelsorgeeinheit","article_published_time":"2019-01-20T20:39:44+00:00","article_modified_time":"2019-01-20T20:56:43+00:00","og_image":[{"width":1024,"height":683,"url":"https:\/\/www.kirche-sdh.de\/side\/wp-content\/uploads\/2019\/01\/IMG_0670-1024x683.jpg","type":"image\/jpeg"}],"author":"Martin Zangl","twitter_card":"summary_large_image","twitter_misc":{"Verfasst von":"Martin Zangl","Gesch\u00e4tzte Lesezeit":"3\u00a0Minuten"},"schema":{"@context":"https:\/\/schema.org","@graph":[{"@type":"Article","@id":"https:\/\/www.kirche-sdh.de\/side\/ein-grosser-heiliger-der-naechstenliebe\/#article","isPartOf":{"@id":"https:\/\/www.kirche-sdh.de\/side\/ein-grosser-heiliger-der-naechstenliebe\/"},"author":{"name":"Martin Zangl","@id":"https:\/\/www.kirche-sdh.de\/side\/#\/schema\/person\/e05baeb81583d4659c11ea77b24c3640"},"headline":"Ein gro\u00dfer Heiliger der N\u00e4chstenliebe","datePublished":"2019-01-20T20:39:44+00:00","dateModified":"2019-01-20T20:56:43+00:00","mainEntityOfPage":{"@id":"https:\/\/www.kirche-sdh.de\/side\/ein-grosser-heiliger-der-naechstenliebe\/"},"wordCount":617,"commentCount":0,"publisher":{"@id":"https:\/\/www.kirche-sdh.de\/side\/#organization"},"image":{"@id":"https:\/\/www.kirche-sdh.de\/side\/ein-grosser-heiliger-der-naechstenliebe\/#primaryimage"},"thumbnailUrl":"https:\/\/www.kirche-sdh.de\/side\/wp-content\/uploads\/2019\/01\/IMG_0670.jpg","articleSection":["Sch\u00f6nthal"],"inLanguage":"de"},{"@type":"WebPage","@id":"https:\/\/www.kirche-sdh.de\/side\/ein-grosser-heiliger-der-naechstenliebe\/","url":"https:\/\/www.kirche-sdh.de\/side\/ein-grosser-heiliger-der-naechstenliebe\/","name":"Ein gro\u00dfer Heiliger der N\u00e4chstenliebe - Informationsseite und Seelsorgeeinheit","isPartOf":{"@id":"https:\/\/www.kirche-sdh.de\/side\/#website"},"primaryImageOfPage":{"@id":"https:\/\/www.kirche-sdh.de\/side\/ein-grosser-heiliger-der-naechstenliebe\/#primaryimage"},"image":{"@id":"https:\/\/www.kirche-sdh.de\/side\/ein-grosser-heiliger-der-naechstenliebe\/#primaryimage"},"thumbnailUrl":"https:\/\/www.kirche-sdh.de\/side\/wp-content\/uploads\/2019\/01\/IMG_0670.jpg","datePublished":"2019-01-20T20:39:44+00:00","dateModified":"2019-01-20T20:56:43+00:00","breadcrumb":{"@id":"https:\/\/www.kirche-sdh.de\/side\/ein-grosser-heiliger-der-naechstenliebe\/#breadcrumb"},"inLanguage":"de","potentialAction":[{"@type":"ReadAction","target":["https:\/\/www.kirche-sdh.de\/side\/ein-grosser-heiliger-der-naechstenliebe\/"]}]},{"@type":"ImageObject","inLanguage":"de","@id":"https:\/\/www.kirche-sdh.de\/side\/ein-grosser-heiliger-der-naechstenliebe\/#primaryimage","url":"https:\/\/www.kirche-sdh.de\/side\/wp-content\/uploads\/2019\/01\/IMG_0670.jpg","contentUrl":"https:\/\/www.kirche-sdh.de\/side\/wp-content\/uploads\/2019\/01\/IMG_0670.jpg","width":5184,"height":3456,"caption":"In einer Prozession wird das Bildnis des Heiligen Sebastian zusammen mit dem Allerheiligsten durch den Ort getragen."},{"@type":"BreadcrumbList","@id":"https:\/\/www.kirche-sdh.de\/side\/ein-grosser-heiliger-der-naechstenliebe\/#breadcrumb","itemListElement":[{"@type":"ListItem","position":1,"name":"Startseite","item":"https:\/\/www.kirche-sdh.de\/side\/"},{"@type":"ListItem","position":2,"name":"Ein gro\u00dfer Heiliger der N\u00e4chstenliebe"}]},{"@type":"WebSite","@id":"https:\/\/www.kirche-sdh.de\/side\/#website","url":"https:\/\/www.kirche-sdh.de\/side\/","name":"Informationsseite und Seelsorgeeinheit","description":"Informationsseite und Seelsorgeeinheit","publisher":{"@id":"https:\/\/www.kirche-sdh.de\/side\/#organization"},"potentialAction":[{"@type":"SearchAction","target":{"@type":"EntryPoint","urlTemplate":"https:\/\/www.kirche-sdh.de\/side\/?s={search_term_string}"},"query-input":{"@type":"PropertyValueSpecification","valueRequired":true,"valueName":"search_term_string"}}],"inLanguage":"de"},{"@type":"Organization","@id":"https:\/\/www.kirche-sdh.de\/side\/#organization","name":"Informationsseite und Seelsorgeeinheit","url":"https:\/\/www.kirche-sdh.de\/side\/","logo":{"@type":"ImageObject","inLanguage":"de","@id":"https:\/\/www.kirche-sdh.de\/side\/#\/schema\/logo\/image\/","url":"https:\/\/www.kirche-sdh.de\/side\/wp-content\/uploads\/2017\/12\/kirche-logos.png","contentUrl":"https:\/\/www.kirche-sdh.de\/side\/wp-content\/uploads\/2017\/12\/kirche-logos.png","width":438,"height":191,"caption":"Informationsseite und Seelsorgeeinheit"},"image":{"@id":"https:\/\/www.kirche-sdh.de\/side\/#\/schema\/logo\/image\/"}},{"@type":"Person","@id":"https:\/\/www.kirche-sdh.de\/side\/#\/schema\/person\/e05baeb81583d4659c11ea77b24c3640","name":"Martin Zangl","url":"https:\/\/www.kirche-sdh.de\/side\/author\/zangl\/"}]}},"_links":{"self":[{"href":"https:\/\/www.kirche-sdh.de\/side\/wp-json\/wp\/v2\/posts\/5679","targetHints":{"allow":["GET"]}}],"collection":[{"href":"https:\/\/www.kirche-sdh.de\/side\/wp-json\/wp\/v2\/posts"}],"about":[{"href":"https:\/\/www.kirche-sdh.de\/side\/wp-json\/wp\/v2\/types\/post"}],"author":[{"embeddable":true,"href":"https:\/\/www.kirche-sdh.de\/side\/wp-json\/wp\/v2\/users\/3"}],"replies":[{"embeddable":true,"href":"https:\/\/www.kirche-sdh.de\/side\/wp-json\/wp\/v2\/comments?post=5679"}],"version-history":[{"count":0,"href":"https:\/\/www.kirche-sdh.de\/side\/wp-json\/wp\/v2\/posts\/5679\/revisions"}],"wp:featuredmedia":[{"embeddable":true,"href":"https:\/\/www.kirche-sdh.de\/side\/wp-json\/wp\/v2\/media\/5681"}],"wp:attachment":[{"href":"https:\/\/www.kirche-sdh.de\/side\/wp-json\/wp\/v2\/media?parent=5679"}],"wp:term":[{"taxonomy":"category","embeddable":true,"href":"https:\/\/www.kirche-sdh.de\/side\/wp-json\/wp\/v2\/categories?post=5679"},{"taxonomy":"post_tag","embeddable":true,"href":"https:\/\/www.kirche-sdh.de\/side\/wp-json\/wp\/v2\/tags?post=5679"}],"curies":[{"name":"wp","href":"https:\/\/api.w.org\/{rel}","templated":true}]}}