{"id":5511,"date":"2019-01-09T17:09:47","date_gmt":"2019-01-09T16:09:47","guid":{"rendered":"https:\/\/www.kirche-sdh.de\/side\/?p=5511"},"modified":"2019-01-09T17:34:59","modified_gmt":"2019-01-09T16:34:59","slug":"sternsinger-sammeln-fuer-peru","status":"publish","type":"post","link":"https:\/\/www.kirche-sdh.de\/side\/sternsinger-sammeln-fuer-peru\/","title":{"rendered":"Sternsinger sammeln f\u00fcr Peru"},"content":{"rendered":"<p><\/p>\n\n\n<\/p>\n<h2 class=\"wp-block-heading\"><strong>Pfarrer Alfons Eder sendet Sch\u00f6nthaler Sternsinger aus \u2013 \u201eWir geh\u00f6ren zusammen\u201c<\/strong><\/h2>\n<p>\n\n\n\n<\/p>\n<p>Im Rahmen des Sonntagsgottesdienstes zum Fest der Heiligen Familie hat die Pfarrei Sch\u00f6nthal die diesj\u00e4hrigen Sternsinger ausgesendet. Unter dem Motto \u201eWir geh\u00f6ren zusammen \u2013 in Peru und weltweit\u201c gingen sie am 2. Januar von Haus zu Haus. Bei ihrem Besuch baten die Sternsinger in diesem Jahr insbesondere um Unterst\u00fctzung f\u00fcr Kinder mit Behinderung in Peru und w\u00fcnschten Gottes Segen zum neuen Jahr. Auf Wunsch schrieben sie nach altem Brauch den Segensspruch an die T\u00fcr: Christus Mansionem Benedicat \u2013 Christus segne dieses Haus. Pfarrer Alfons Eder sprach \u00fcber die Sternsingergruppen das Aussendungsgebet und trug ihnen auf \u201edie Freude Christi und das Licht des Glaubens in die H\u00e4user zu tragen\u201c. Gleichzeitig w\u00fcnschte er ihnen eine freundliche und gute Aufnahme.<\/p>\n<p><img loading=\"lazy\" decoding=\"async\" src=\"https:\/\/www.kirche-sdh.de\/side\/wp-content\/uploads\/2019\/01\/IMG_0142.jpg\" alt=\"\" width=\"5184\" height=\"3456\" \/> Die Sternsinger der Pfarrei Sch\u00f6nthal<\/p>\n<p><img loading=\"lazy\" decoding=\"async\" src=\"https:\/\/www.kirche-sdh.de\/side\/wp-content\/uploads\/2019\/01\/IMG_0137.jpg\" alt=\"\" width=\"5184\" height=\"3456\" \/><\/p>\n<p>\n\n\n<p><\/p>","protected":false},"excerpt":{"rendered":"<p>Pfarrer Alfons Eder sendet Sch\u00f6nthaler Sternsinger aus \u2013 \u201eWir geh\u00f6ren zusammen\u201c Im Rahmen des Sonntagsgottesdienstes zum Fest der Heiligen Familie hat die Pfarrei Sch\u00f6nthal die diesj\u00e4hrigen Sternsinger ausgesendet. Unter dem Motto \u201eWir geh\u00f6ren zusammen \u2013 in Peru und weltweit\u201c gingen sie am 2. Januar von Haus zu Haus. Bei ihrem [&hellip;]<\/p>\n","protected":false},"author":3,"featured_media":5507,"comment_status":"open","ping_status":"open","sticky":false,"template":"","format":"standard","meta":{"footnotes":""},"categories":[21],"tags":[],"class_list":["post-5511","post","type-post","status-publish","format-standard","has-post-thumbnail","hentry","category-schoenthal"],"yoast_head":"<!-- This site is optimized with the Yoast SEO plugin v27.5 - https:\/\/yoast.com\/product\/yoast-seo-wordpress\/ -->\n<title>Sternsinger sammeln f\u00fcr Peru - Informationsseite und Seelsorgeeinheit<\/title>\n<meta name=\"robots\" content=\"index, follow, max-snippet:-1, max-image-preview:large, max-video-preview:-1\" \/>\n<link rel=\"canonical\" href=\"https:\/\/www.kirche-sdh.de\/side\/sternsinger-sammeln-fuer-peru\/\" \/>\n<meta property=\"og:locale\" content=\"de_DE\" \/>\n<meta property=\"og:type\" content=\"article\" \/>\n<meta property=\"og:title\" content=\"Sternsinger sammeln f\u00fcr Peru - Informationsseite und Seelsorgeeinheit\" \/>\n<meta property=\"og:description\" content=\"Pfarrer Alfons Eder sendet Sch\u00f6nthaler Sternsinger aus \u2013 \u201eWir geh\u00f6ren zusammen\u201c Im Rahmen des Sonntagsgottesdienstes zum Fest der Heiligen Familie hat die Pfarrei Sch\u00f6nthal die diesj\u00e4hrigen Sternsinger ausgesendet. Unter dem Motto \u201eWir geh\u00f6ren zusammen \u2013 in Peru und weltweit\u201c gingen sie am 2. Januar von Haus zu Haus. Bei ihrem [&hellip;]\" \/>\n<meta property=\"og:url\" content=\"https:\/\/www.kirche-sdh.de\/side\/sternsinger-sammeln-fuer-peru\/\" \/>\n<meta property=\"og:site_name\" content=\"Informationsseite und Seelsorgeeinheit\" \/>\n<meta property=\"article:published_time\" content=\"2019-01-09T16:09:47+00:00\" \/>\n<meta property=\"article:modified_time\" content=\"2019-01-09T16:34:59+00:00\" \/>\n<meta property=\"og:image\" content=\"https:\/\/www.kirche-sdh.de\/side\/wp-content\/uploads\/2019\/01\/IMG_0142-1024x683.jpg\" \/>\n\t<meta property=\"og:image:width\" content=\"1024\" \/>\n\t<meta property=\"og:image:height\" content=\"683\" \/>\n\t<meta property=\"og:image:type\" content=\"image\/jpeg\" \/>\n<meta name=\"author\" content=\"Martin Zangl\" \/>\n<meta name=\"twitter:card\" content=\"summary_large_image\" \/>\n<meta name=\"twitter:label1\" content=\"Verfasst von\" \/>\n\t<meta name=\"twitter:data1\" content=\"Martin Zangl\" \/>\n\t<meta name=\"twitter:label2\" content=\"Gesch\u00e4tzte Lesezeit\" \/>\n\t<meta name=\"twitter:data2\" content=\"1\u00a0Minute\" \/>\n<script type=\"application\/ld+json\" class=\"yoast-schema-graph\">{\"@context\":\"https:\\\/\\\/schema.org\",\"@graph\":[{\"@type\":\"Article\",\"@id\":\"https:\\\/\\\/www.kirche-sdh.de\\\/side\\\/sternsinger-sammeln-fuer-peru\\\/#article\",\"isPartOf\":{\"@id\":\"https:\\\/\\\/www.kirche-sdh.de\\\/side\\\/sternsinger-sammeln-fuer-peru\\\/\"},\"author\":{\"name\":\"Martin Zangl\",\"@id\":\"https:\\\/\\\/www.kirche-sdh.de\\\/side\\\/#\\\/schema\\\/person\\\/e05baeb81583d4659c11ea77b24c3640\"},\"headline\":\"Sternsinger sammeln f\u00fcr Peru\",\"datePublished\":\"2019-01-09T16:09:47+00:00\",\"dateModified\":\"2019-01-09T16:34:59+00:00\",\"mainEntityOfPage\":{\"@id\":\"https:\\\/\\\/www.kirche-sdh.de\\\/side\\\/sternsinger-sammeln-fuer-peru\\\/\"},\"wordCount\":146,\"commentCount\":0,\"publisher\":{\"@id\":\"https:\\\/\\\/www.kirche-sdh.de\\\/side\\\/#organization\"},\"image\":{\"@id\":\"https:\\\/\\\/www.kirche-sdh.de\\\/side\\\/sternsinger-sammeln-fuer-peru\\\/#primaryimage\"},\"thumbnailUrl\":\"https:\\\/\\\/www.kirche-sdh.de\\\/side\\\/wp-content\\\/uploads\\\/2019\\\/01\\\/IMG_0142.jpg\",\"articleSection\":[\"Sch\u00f6nthal\"],\"inLanguage\":\"de\"},{\"@type\":\"WebPage\",\"@id\":\"https:\\\/\\\/www.kirche-sdh.de\\\/side\\\/sternsinger-sammeln-fuer-peru\\\/\",\"url\":\"https:\\\/\\\/www.kirche-sdh.de\\\/side\\\/sternsinger-sammeln-fuer-peru\\\/\",\"name\":\"Sternsinger sammeln f\u00fcr Peru - Informationsseite und Seelsorgeeinheit\",\"isPartOf\":{\"@id\":\"https:\\\/\\\/www.kirche-sdh.de\\\/side\\\/#website\"},\"primaryImageOfPage\":{\"@id\":\"https:\\\/\\\/www.kirche-sdh.de\\\/side\\\/sternsinger-sammeln-fuer-peru\\\/#primaryimage\"},\"image\":{\"@id\":\"https:\\\/\\\/www.kirche-sdh.de\\\/side\\\/sternsinger-sammeln-fuer-peru\\\/#primaryimage\"},\"thumbnailUrl\":\"https:\\\/\\\/www.kirche-sdh.de\\\/side\\\/wp-content\\\/uploads\\\/2019\\\/01\\\/IMG_0142.jpg\",\"datePublished\":\"2019-01-09T16:09:47+00:00\",\"dateModified\":\"2019-01-09T16:34:59+00:00\",\"breadcrumb\":{\"@id\":\"https:\\\/\\\/www.kirche-sdh.de\\\/side\\\/sternsinger-sammeln-fuer-peru\\\/#breadcrumb\"},\"inLanguage\":\"de\",\"potentialAction\":[{\"@type\":\"ReadAction\",\"target\":[\"https:\\\/\\\/www.kirche-sdh.de\\\/side\\\/sternsinger-sammeln-fuer-peru\\\/\"]}]},{\"@type\":\"ImageObject\",\"inLanguage\":\"de\",\"@id\":\"https:\\\/\\\/www.kirche-sdh.de\\\/side\\\/sternsinger-sammeln-fuer-peru\\\/#primaryimage\",\"url\":\"https:\\\/\\\/www.kirche-sdh.de\\\/side\\\/wp-content\\\/uploads\\\/2019\\\/01\\\/IMG_0142.jpg\",\"contentUrl\":\"https:\\\/\\\/www.kirche-sdh.de\\\/side\\\/wp-content\\\/uploads\\\/2019\\\/01\\\/IMG_0142.jpg\",\"width\":5184,\"height\":3456,\"caption\":\"Die Sternsinger der Pfarrei Sch\u00f6nthal\"},{\"@type\":\"BreadcrumbList\",\"@id\":\"https:\\\/\\\/www.kirche-sdh.de\\\/side\\\/sternsinger-sammeln-fuer-peru\\\/#breadcrumb\",\"itemListElement\":[{\"@type\":\"ListItem\",\"position\":1,\"name\":\"Startseite\",\"item\":\"https:\\\/\\\/www.kirche-sdh.de\\\/side\\\/\"},{\"@type\":\"ListItem\",\"position\":2,\"name\":\"Sternsinger sammeln f\u00fcr Peru\"}]},{\"@type\":\"WebSite\",\"@id\":\"https:\\\/\\\/www.kirche-sdh.de\\\/side\\\/#website\",\"url\":\"https:\\\/\\\/www.kirche-sdh.de\\\/side\\\/\",\"name\":\"Informationsseite und Seelsorgeeinheit\",\"description\":\"Informationsseite und Seelsorgeeinheit\",\"publisher\":{\"@id\":\"https:\\\/\\\/www.kirche-sdh.de\\\/side\\\/#organization\"},\"potentialAction\":[{\"@type\":\"SearchAction\",\"target\":{\"@type\":\"EntryPoint\",\"urlTemplate\":\"https:\\\/\\\/www.kirche-sdh.de\\\/side\\\/?s={search_term_string}\"},\"query-input\":{\"@type\":\"PropertyValueSpecification\",\"valueRequired\":true,\"valueName\":\"search_term_string\"}}],\"inLanguage\":\"de\"},{\"@type\":\"Organization\",\"@id\":\"https:\\\/\\\/www.kirche-sdh.de\\\/side\\\/#organization\",\"name\":\"Informationsseite und Seelsorgeeinheit\",\"url\":\"https:\\\/\\\/www.kirche-sdh.de\\\/side\\\/\",\"logo\":{\"@type\":\"ImageObject\",\"inLanguage\":\"de\",\"@id\":\"https:\\\/\\\/www.kirche-sdh.de\\\/side\\\/#\\\/schema\\\/logo\\\/image\\\/\",\"url\":\"https:\\\/\\\/www.kirche-sdh.de\\\/side\\\/wp-content\\\/uploads\\\/2017\\\/12\\\/kirche-logos.png\",\"contentUrl\":\"https:\\\/\\\/www.kirche-sdh.de\\\/side\\\/wp-content\\\/uploads\\\/2017\\\/12\\\/kirche-logos.png\",\"width\":438,\"height\":191,\"caption\":\"Informationsseite und Seelsorgeeinheit\"},\"image\":{\"@id\":\"https:\\\/\\\/www.kirche-sdh.de\\\/side\\\/#\\\/schema\\\/logo\\\/image\\\/\"}},{\"@type\":\"Person\",\"@id\":\"https:\\\/\\\/www.kirche-sdh.de\\\/side\\\/#\\\/schema\\\/person\\\/e05baeb81583d4659c11ea77b24c3640\",\"name\":\"Martin Zangl\",\"url\":\"https:\\\/\\\/www.kirche-sdh.de\\\/side\\\/author\\\/zangl\\\/\"}]}<\/script>\n<!-- \/ Yoast SEO plugin. -->","yoast_head_json":{"title":"Sternsinger sammeln f\u00fcr Peru - Informationsseite und Seelsorgeeinheit","robots":{"index":"index","follow":"follow","max-snippet":"max-snippet:-1","max-image-preview":"max-image-preview:large","max-video-preview":"max-video-preview:-1"},"canonical":"https:\/\/www.kirche-sdh.de\/side\/sternsinger-sammeln-fuer-peru\/","og_locale":"de_DE","og_type":"article","og_title":"Sternsinger sammeln f\u00fcr Peru - Informationsseite und Seelsorgeeinheit","og_description":"Pfarrer Alfons Eder sendet Sch\u00f6nthaler Sternsinger aus \u2013 \u201eWir geh\u00f6ren zusammen\u201c Im Rahmen des Sonntagsgottesdienstes zum Fest der Heiligen Familie hat die Pfarrei Sch\u00f6nthal die diesj\u00e4hrigen Sternsinger ausgesendet. Unter dem Motto \u201eWir geh\u00f6ren zusammen \u2013 in Peru und weltweit\u201c gingen sie am 2. Januar von Haus zu Haus. Bei ihrem [&hellip;]","og_url":"https:\/\/www.kirche-sdh.de\/side\/sternsinger-sammeln-fuer-peru\/","og_site_name":"Informationsseite und Seelsorgeeinheit","article_published_time":"2019-01-09T16:09:47+00:00","article_modified_time":"2019-01-09T16:34:59+00:00","og_image":[{"width":1024,"height":683,"url":"https:\/\/www.kirche-sdh.de\/side\/wp-content\/uploads\/2019\/01\/IMG_0142-1024x683.jpg","type":"image\/jpeg"}],"author":"Martin Zangl","twitter_card":"summary_large_image","twitter_misc":{"Verfasst von":"Martin Zangl","Gesch\u00e4tzte Lesezeit":"1\u00a0Minute"},"schema":{"@context":"https:\/\/schema.org","@graph":[{"@type":"Article","@id":"https:\/\/www.kirche-sdh.de\/side\/sternsinger-sammeln-fuer-peru\/#article","isPartOf":{"@id":"https:\/\/www.kirche-sdh.de\/side\/sternsinger-sammeln-fuer-peru\/"},"author":{"name":"Martin Zangl","@id":"https:\/\/www.kirche-sdh.de\/side\/#\/schema\/person\/e05baeb81583d4659c11ea77b24c3640"},"headline":"Sternsinger sammeln f\u00fcr Peru","datePublished":"2019-01-09T16:09:47+00:00","dateModified":"2019-01-09T16:34:59+00:00","mainEntityOfPage":{"@id":"https:\/\/www.kirche-sdh.de\/side\/sternsinger-sammeln-fuer-peru\/"},"wordCount":146,"commentCount":0,"publisher":{"@id":"https:\/\/www.kirche-sdh.de\/side\/#organization"},"image":{"@id":"https:\/\/www.kirche-sdh.de\/side\/sternsinger-sammeln-fuer-peru\/#primaryimage"},"thumbnailUrl":"https:\/\/www.kirche-sdh.de\/side\/wp-content\/uploads\/2019\/01\/IMG_0142.jpg","articleSection":["Sch\u00f6nthal"],"inLanguage":"de"},{"@type":"WebPage","@id":"https:\/\/www.kirche-sdh.de\/side\/sternsinger-sammeln-fuer-peru\/","url":"https:\/\/www.kirche-sdh.de\/side\/sternsinger-sammeln-fuer-peru\/","name":"Sternsinger sammeln f\u00fcr Peru - Informationsseite und Seelsorgeeinheit","isPartOf":{"@id":"https:\/\/www.kirche-sdh.de\/side\/#website"},"primaryImageOfPage":{"@id":"https:\/\/www.kirche-sdh.de\/side\/sternsinger-sammeln-fuer-peru\/#primaryimage"},"image":{"@id":"https:\/\/www.kirche-sdh.de\/side\/sternsinger-sammeln-fuer-peru\/#primaryimage"},"thumbnailUrl":"https:\/\/www.kirche-sdh.de\/side\/wp-content\/uploads\/2019\/01\/IMG_0142.jpg","datePublished":"2019-01-09T16:09:47+00:00","dateModified":"2019-01-09T16:34:59+00:00","breadcrumb":{"@id":"https:\/\/www.kirche-sdh.de\/side\/sternsinger-sammeln-fuer-peru\/#breadcrumb"},"inLanguage":"de","potentialAction":[{"@type":"ReadAction","target":["https:\/\/www.kirche-sdh.de\/side\/sternsinger-sammeln-fuer-peru\/"]}]},{"@type":"ImageObject","inLanguage":"de","@id":"https:\/\/www.kirche-sdh.de\/side\/sternsinger-sammeln-fuer-peru\/#primaryimage","url":"https:\/\/www.kirche-sdh.de\/side\/wp-content\/uploads\/2019\/01\/IMG_0142.jpg","contentUrl":"https:\/\/www.kirche-sdh.de\/side\/wp-content\/uploads\/2019\/01\/IMG_0142.jpg","width":5184,"height":3456,"caption":"Die Sternsinger der Pfarrei Sch\u00f6nthal"},{"@type":"BreadcrumbList","@id":"https:\/\/www.kirche-sdh.de\/side\/sternsinger-sammeln-fuer-peru\/#breadcrumb","itemListElement":[{"@type":"ListItem","position":1,"name":"Startseite","item":"https:\/\/www.kirche-sdh.de\/side\/"},{"@type":"ListItem","position":2,"name":"Sternsinger sammeln f\u00fcr Peru"}]},{"@type":"WebSite","@id":"https:\/\/www.kirche-sdh.de\/side\/#website","url":"https:\/\/www.kirche-sdh.de\/side\/","name":"Informationsseite und Seelsorgeeinheit","description":"Informationsseite und Seelsorgeeinheit","publisher":{"@id":"https:\/\/www.kirche-sdh.de\/side\/#organization"},"potentialAction":[{"@type":"SearchAction","target":{"@type":"EntryPoint","urlTemplate":"https:\/\/www.kirche-sdh.de\/side\/?s={search_term_string}"},"query-input":{"@type":"PropertyValueSpecification","valueRequired":true,"valueName":"search_term_string"}}],"inLanguage":"de"},{"@type":"Organization","@id":"https:\/\/www.kirche-sdh.de\/side\/#organization","name":"Informationsseite und Seelsorgeeinheit","url":"https:\/\/www.kirche-sdh.de\/side\/","logo":{"@type":"ImageObject","inLanguage":"de","@id":"https:\/\/www.kirche-sdh.de\/side\/#\/schema\/logo\/image\/","url":"https:\/\/www.kirche-sdh.de\/side\/wp-content\/uploads\/2017\/12\/kirche-logos.png","contentUrl":"https:\/\/www.kirche-sdh.de\/side\/wp-content\/uploads\/2017\/12\/kirche-logos.png","width":438,"height":191,"caption":"Informationsseite und Seelsorgeeinheit"},"image":{"@id":"https:\/\/www.kirche-sdh.de\/side\/#\/schema\/logo\/image\/"}},{"@type":"Person","@id":"https:\/\/www.kirche-sdh.de\/side\/#\/schema\/person\/e05baeb81583d4659c11ea77b24c3640","name":"Martin Zangl","url":"https:\/\/www.kirche-sdh.de\/side\/author\/zangl\/"}]}},"_links":{"self":[{"href":"https:\/\/www.kirche-sdh.de\/side\/wp-json\/wp\/v2\/posts\/5511","targetHints":{"allow":["GET"]}}],"collection":[{"href":"https:\/\/www.kirche-sdh.de\/side\/wp-json\/wp\/v2\/posts"}],"about":[{"href":"https:\/\/www.kirche-sdh.de\/side\/wp-json\/wp\/v2\/types\/post"}],"author":[{"embeddable":true,"href":"https:\/\/www.kirche-sdh.de\/side\/wp-json\/wp\/v2\/users\/3"}],"replies":[{"embeddable":true,"href":"https:\/\/www.kirche-sdh.de\/side\/wp-json\/wp\/v2\/comments?post=5511"}],"version-history":[{"count":0,"href":"https:\/\/www.kirche-sdh.de\/side\/wp-json\/wp\/v2\/posts\/5511\/revisions"}],"wp:featuredmedia":[{"embeddable":true,"href":"https:\/\/www.kirche-sdh.de\/side\/wp-json\/wp\/v2\/media\/5507"}],"wp:attachment":[{"href":"https:\/\/www.kirche-sdh.de\/side\/wp-json\/wp\/v2\/media?parent=5511"}],"wp:term":[{"taxonomy":"category","embeddable":true,"href":"https:\/\/www.kirche-sdh.de\/side\/wp-json\/wp\/v2\/categories?post=5511"},{"taxonomy":"post_tag","embeddable":true,"href":"https:\/\/www.kirche-sdh.de\/side\/wp-json\/wp\/v2\/tags?post=5511"}],"curies":[{"name":"wp","href":"https:\/\/api.w.org\/{rel}","templated":true}]}}