{"id":4885,"date":"2018-10-07T11:40:48","date_gmt":"2018-10-07T09:40:48","guid":{"rendered":"https:\/\/www.kirche-sdh.de\/side\/?p=4885"},"modified":"2018-11-04T11:41:55","modified_gmt":"2018-11-04T10:41:55","slug":"erntedank-in-doefering","status":"publish","type":"post","link":"https:\/\/www.kirche-sdh.de\/side\/erntedank-in-doefering\/","title":{"rendered":"Erntedank in D\u00f6fering"},"content":{"rendered":"<p><strong>Familiengottesdienst an Erntedank in D\u00f6fering<\/strong><\/p>\n<p>Die Pfarrei D\u00f6fering durfte Erntedank \u00a0einen Familiengottesdienst feiern. Fleissige H\u00e4nde\u00a0 hatten dazu zuvor den Erntealtar mit den Geschenken \u00a0aus der Natur geschm\u00fcckt. Pfarrer Alfons Eder f\u00fchrte zu Beginn aus, dass wir\u00a0 Gott f\u00fcr unseren Wohlstand nur danken k\u00f6nnen. Er freute sich das man den Ernte Dank Gottesdienst als Familiengottesdienst feiern konnte. Ernte Dank ist auch eine Anerkennung f\u00fcr die Arbeit der Landwirte.<\/p>\n<p>Ernte Dank soll uns \u00a0daran erinnern, dass obwohl bei uns alle satt werden immerhin 800 Mio. Menschen in Armut \u00a0leben m\u00fcssen und nicht genug zum Essen haben. Zusammen mit Johanna Kumschier hatte die Kinder zuvor den Erntedank Gottesdienst vorbereitet.<\/p>\n<p>Das die gesamte Menschheit in einem Boot sitzt wurde an der Geschichte von dem Vogel mit den zwei K\u00f6pfen deutlich. In der Guten Zeit konnte er recht gut leben. Als jedoch eine schwere D\u00fcrre kam, konnte nur noch der obere Kopf gen\u00fcgend Beeren sammeln, w\u00e4hrend der untere Kopf kaum mehr Futter fand. Der obere Kopf meinte, dass es doch egal sei wer von beiden etwas ist, denn im Magen w\u00fcrde es ja eh wieder zusammen kommen woraus der untere Kopf erwiderte, dass er, wenn ihm der obere\u00a0 Kopf nichts zum Essen gibt, er auch die giftigen Beeren essen muss und dabei beide sterben. Diese Geschichte macht uns deutlich, dass die Menschheit einander helfen muss um gemeinsam zu \u00fcberleben.<\/p>\n<p><img loading=\"lazy\" decoding=\"async\" src=\"https:\/\/www.kirche-sdh.de\/side\/wp-content\/uploads\/2018\/11\/P1360014-984x1024.jpg\" alt=\"\" width=\"750\" height=\"780\" class=\"alignleft size-large wp-image-4886\" srcset=\"https:\/\/www.kirche-sdh.de\/side\/wp-content\/uploads\/2018\/11\/P1360014-984x1024.jpg 984w, https:\/\/www.kirche-sdh.de\/side\/wp-content\/uploads\/2018\/11\/P1360014-288x300.jpg 288w, https:\/\/www.kirche-sdh.de\/side\/wp-content\/uploads\/2018\/11\/P1360014-768x799.jpg 768w, https:\/\/www.kirche-sdh.de\/side\/wp-content\/uploads\/2018\/11\/P1360014.jpg 1537w\" sizes=\"auto, (max-width: 750px) 100vw, 750px\" \/><\/p>\n<p>Dann brachten die Kinden noch\u00a0 viele Gegenst\u00e4nde die uns Gott schenkt \u00a0zum Altar, die verdeutlichen, wie gut es uns geht. Mit einer Pausenbox wurde unser t\u00e4gliches Brot beschrieben und mit einem Krug Wasser, der Regen, der unsere Felder fruchtbar macht. Es wurde daran erinnert, dass Schulb\u00fccher im Gegensatz zu anderen L\u00e4ndern bei uns kostenlos f\u00fcr die Sch\u00fcler sind. Ein Ziegelstein stand als Symbol f\u00fcr ein sicheres Zuhause, welches wir haben. Mit einem Schuh wurde deutlich, dass es f\u00fcr uns normal ist f\u00fcr jeden Anla\u00df einen anderen Schuh zu haben.<\/p>\n<p>Nach dem Gottesdienst der auch durch den Kirchenchor musikalisch gestaltet wurde, wurden \u00a0durch die KLJB wieder k\u00a0<img loading=\"lazy\" decoding=\"async\" src=\"https:\/\/www.kirche-sdh.de\/side\/wp-content\/uploads\/2018\/11\/P1360018-1024x637.jpg\" alt=\"\" width=\"750\" height=\"467\" class=\"alignleft size-large wp-image-4887\" srcset=\"https:\/\/www.kirche-sdh.de\/side\/wp-content\/uploads\/2018\/11\/P1360018-1024x637.jpg 1024w, https:\/\/www.kirche-sdh.de\/side\/wp-content\/uploads\/2018\/11\/P1360018-300x187.jpg 300w, https:\/\/www.kirche-sdh.de\/side\/wp-content\/uploads\/2018\/11\/P1360018-768x478.jpg 768w, https:\/\/www.kirche-sdh.de\/side\/wp-content\/uploads\/2018\/11\/P1360018.jpg 1600w\" sizes=\"auto, (max-width: 750px) 100vw, 750px\" \/>\u00f6stlich duftende Minibrote verkauft.<\/p>\n","protected":false},"excerpt":{"rendered":"<p>Familiengottesdienst an Erntedank in D\u00f6fering Die Pfarrei D\u00f6fering durfte Erntedank \u00a0einen Familiengottesdienst feiern. Fleissige H\u00e4nde\u00a0 hatten dazu zuvor den Erntealtar mit den Geschenken \u00a0aus der Natur geschm\u00fcckt. Pfarrer Alfons Eder f\u00fchrte zu Beginn aus, dass wir\u00a0 Gott f\u00fcr unseren Wohlstand nur danken k\u00f6nnen. Er freute sich das man den Ernte [&hellip;]<\/p>\n","protected":false},"author":1,"featured_media":4887,"comment_status":"open","ping_status":"open","sticky":false,"template":"","format":"standard","meta":{"footnotes":""},"categories":[20],"tags":[],"class_list":["post-4885","post","type-post","status-publish","format-standard","has-post-thumbnail","hentry","category-doefering"],"yoast_head":"<!-- This site is optimized with the Yoast SEO plugin v27.5 - https:\/\/yoast.com\/product\/yoast-seo-wordpress\/ -->\n<title>Erntedank in D\u00f6fering - Informationsseite und Seelsorgeeinheit<\/title>\n<meta name=\"robots\" content=\"index, follow, max-snippet:-1, max-image-preview:large, max-video-preview:-1\" \/>\n<link rel=\"canonical\" href=\"https:\/\/www.kirche-sdh.de\/side\/erntedank-in-doefering\/\" \/>\n<meta property=\"og:locale\" content=\"de_DE\" \/>\n<meta property=\"og:type\" content=\"article\" \/>\n<meta property=\"og:title\" content=\"Erntedank in D\u00f6fering - Informationsseite und Seelsorgeeinheit\" \/>\n<meta property=\"og:description\" content=\"Familiengottesdienst an Erntedank in D\u00f6fering Die Pfarrei D\u00f6fering durfte Erntedank \u00a0einen Familiengottesdienst feiern. Fleissige H\u00e4nde\u00a0 hatten dazu zuvor den Erntealtar mit den Geschenken \u00a0aus der Natur geschm\u00fcckt. Pfarrer Alfons Eder f\u00fchrte zu Beginn aus, dass wir\u00a0 Gott f\u00fcr unseren Wohlstand nur danken k\u00f6nnen. Er freute sich das man den Ernte [&hellip;]\" \/>\n<meta property=\"og:url\" content=\"https:\/\/www.kirche-sdh.de\/side\/erntedank-in-doefering\/\" \/>\n<meta property=\"og:site_name\" content=\"Informationsseite und Seelsorgeeinheit\" \/>\n<meta property=\"article:published_time\" content=\"2018-10-07T09:40:48+00:00\" \/>\n<meta property=\"article:modified_time\" content=\"2018-11-04T10:41:55+00:00\" \/>\n<meta property=\"og:image\" content=\"https:\/\/www.kirche-sdh.de\/side\/wp-content\/uploads\/2018\/11\/P1360018.jpg\" \/>\n\t<meta property=\"og:image:width\" content=\"1600\" \/>\n\t<meta property=\"og:image:height\" content=\"995\" \/>\n\t<meta property=\"og:image:type\" content=\"image\/jpeg\" \/>\n<meta name=\"author\" content=\"Dirscherl\" \/>\n<meta name=\"twitter:card\" content=\"summary_large_image\" \/>\n<meta name=\"twitter:label1\" content=\"Verfasst von\" \/>\n\t<meta name=\"twitter:data1\" content=\"Dirscherl\" \/>\n\t<meta name=\"twitter:label2\" content=\"Gesch\u00e4tzte Lesezeit\" \/>\n\t<meta name=\"twitter:data2\" content=\"2\u00a0Minuten\" \/>\n<script type=\"application\/ld+json\" class=\"yoast-schema-graph\">{\"@context\":\"https:\\\/\\\/schema.org\",\"@graph\":[{\"@type\":\"Article\",\"@id\":\"https:\\\/\\\/www.kirche-sdh.de\\\/side\\\/erntedank-in-doefering\\\/#article\",\"isPartOf\":{\"@id\":\"https:\\\/\\\/www.kirche-sdh.de\\\/side\\\/erntedank-in-doefering\\\/\"},\"author\":{\"name\":\"Dirscherl\",\"@id\":\"https:\\\/\\\/www.kirche-sdh.de\\\/side\\\/#\\\/schema\\\/person\\\/03813c96da9249c1923a325c77818b1a\"},\"headline\":\"Erntedank in D\u00f6fering\",\"datePublished\":\"2018-10-07T09:40:48+00:00\",\"dateModified\":\"2018-11-04T10:41:55+00:00\",\"mainEntityOfPage\":{\"@id\":\"https:\\\/\\\/www.kirche-sdh.de\\\/side\\\/erntedank-in-doefering\\\/\"},\"wordCount\":360,\"commentCount\":0,\"publisher\":{\"@id\":\"https:\\\/\\\/www.kirche-sdh.de\\\/side\\\/#organization\"},\"image\":{\"@id\":\"https:\\\/\\\/www.kirche-sdh.de\\\/side\\\/erntedank-in-doefering\\\/#primaryimage\"},\"thumbnailUrl\":\"https:\\\/\\\/www.kirche-sdh.de\\\/side\\\/wp-content\\\/uploads\\\/2018\\\/11\\\/P1360018.jpg\",\"articleSection\":[\"D\u00f6fering\"],\"inLanguage\":\"de\"},{\"@type\":\"WebPage\",\"@id\":\"https:\\\/\\\/www.kirche-sdh.de\\\/side\\\/erntedank-in-doefering\\\/\",\"url\":\"https:\\\/\\\/www.kirche-sdh.de\\\/side\\\/erntedank-in-doefering\\\/\",\"name\":\"Erntedank in D\u00f6fering - Informationsseite und Seelsorgeeinheit\",\"isPartOf\":{\"@id\":\"https:\\\/\\\/www.kirche-sdh.de\\\/side\\\/#website\"},\"primaryImageOfPage\":{\"@id\":\"https:\\\/\\\/www.kirche-sdh.de\\\/side\\\/erntedank-in-doefering\\\/#primaryimage\"},\"image\":{\"@id\":\"https:\\\/\\\/www.kirche-sdh.de\\\/side\\\/erntedank-in-doefering\\\/#primaryimage\"},\"thumbnailUrl\":\"https:\\\/\\\/www.kirche-sdh.de\\\/side\\\/wp-content\\\/uploads\\\/2018\\\/11\\\/P1360018.jpg\",\"datePublished\":\"2018-10-07T09:40:48+00:00\",\"dateModified\":\"2018-11-04T10:41:55+00:00\",\"breadcrumb\":{\"@id\":\"https:\\\/\\\/www.kirche-sdh.de\\\/side\\\/erntedank-in-doefering\\\/#breadcrumb\"},\"inLanguage\":\"de\",\"potentialAction\":[{\"@type\":\"ReadAction\",\"target\":[\"https:\\\/\\\/www.kirche-sdh.de\\\/side\\\/erntedank-in-doefering\\\/\"]}]},{\"@type\":\"ImageObject\",\"inLanguage\":\"de\",\"@id\":\"https:\\\/\\\/www.kirche-sdh.de\\\/side\\\/erntedank-in-doefering\\\/#primaryimage\",\"url\":\"https:\\\/\\\/www.kirche-sdh.de\\\/side\\\/wp-content\\\/uploads\\\/2018\\\/11\\\/P1360018.jpg\",\"contentUrl\":\"https:\\\/\\\/www.kirche-sdh.de\\\/side\\\/wp-content\\\/uploads\\\/2018\\\/11\\\/P1360018.jpg\",\"width\":1600,\"height\":995},{\"@type\":\"BreadcrumbList\",\"@id\":\"https:\\\/\\\/www.kirche-sdh.de\\\/side\\\/erntedank-in-doefering\\\/#breadcrumb\",\"itemListElement\":[{\"@type\":\"ListItem\",\"position\":1,\"name\":\"Startseite\",\"item\":\"https:\\\/\\\/www.kirche-sdh.de\\\/side\\\/\"},{\"@type\":\"ListItem\",\"position\":2,\"name\":\"Erntedank in D\u00f6fering\"}]},{\"@type\":\"WebSite\",\"@id\":\"https:\\\/\\\/www.kirche-sdh.de\\\/side\\\/#website\",\"url\":\"https:\\\/\\\/www.kirche-sdh.de\\\/side\\\/\",\"name\":\"Informationsseite und Seelsorgeeinheit\",\"description\":\"Informationsseite und Seelsorgeeinheit\",\"publisher\":{\"@id\":\"https:\\\/\\\/www.kirche-sdh.de\\\/side\\\/#organization\"},\"potentialAction\":[{\"@type\":\"SearchAction\",\"target\":{\"@type\":\"EntryPoint\",\"urlTemplate\":\"https:\\\/\\\/www.kirche-sdh.de\\\/side\\\/?s={search_term_string}\"},\"query-input\":{\"@type\":\"PropertyValueSpecification\",\"valueRequired\":true,\"valueName\":\"search_term_string\"}}],\"inLanguage\":\"de\"},{\"@type\":\"Organization\",\"@id\":\"https:\\\/\\\/www.kirche-sdh.de\\\/side\\\/#organization\",\"name\":\"Informationsseite und Seelsorgeeinheit\",\"url\":\"https:\\\/\\\/www.kirche-sdh.de\\\/side\\\/\",\"logo\":{\"@type\":\"ImageObject\",\"inLanguage\":\"de\",\"@id\":\"https:\\\/\\\/www.kirche-sdh.de\\\/side\\\/#\\\/schema\\\/logo\\\/image\\\/\",\"url\":\"https:\\\/\\\/www.kirche-sdh.de\\\/side\\\/wp-content\\\/uploads\\\/2017\\\/12\\\/kirche-logos.png\",\"contentUrl\":\"https:\\\/\\\/www.kirche-sdh.de\\\/side\\\/wp-content\\\/uploads\\\/2017\\\/12\\\/kirche-logos.png\",\"width\":438,\"height\":191,\"caption\":\"Informationsseite und Seelsorgeeinheit\"},\"image\":{\"@id\":\"https:\\\/\\\/www.kirche-sdh.de\\\/side\\\/#\\\/schema\\\/logo\\\/image\\\/\"}},{\"@type\":\"Person\",\"@id\":\"https:\\\/\\\/www.kirche-sdh.de\\\/side\\\/#\\\/schema\\\/person\\\/03813c96da9249c1923a325c77818b1a\",\"name\":\"Dirscherl\",\"url\":\"https:\\\/\\\/www.kirche-sdh.de\\\/side\\\/author\\\/kirchesdh\\\/\"}]}<\/script>\n<!-- \/ Yoast SEO plugin. -->","yoast_head_json":{"title":"Erntedank in D\u00f6fering - Informationsseite und Seelsorgeeinheit","robots":{"index":"index","follow":"follow","max-snippet":"max-snippet:-1","max-image-preview":"max-image-preview:large","max-video-preview":"max-video-preview:-1"},"canonical":"https:\/\/www.kirche-sdh.de\/side\/erntedank-in-doefering\/","og_locale":"de_DE","og_type":"article","og_title":"Erntedank in D\u00f6fering - Informationsseite und Seelsorgeeinheit","og_description":"Familiengottesdienst an Erntedank in D\u00f6fering Die Pfarrei D\u00f6fering durfte Erntedank \u00a0einen Familiengottesdienst feiern. Fleissige H\u00e4nde\u00a0 hatten dazu zuvor den Erntealtar mit den Geschenken \u00a0aus der Natur geschm\u00fcckt. Pfarrer Alfons Eder f\u00fchrte zu Beginn aus, dass wir\u00a0 Gott f\u00fcr unseren Wohlstand nur danken k\u00f6nnen. Er freute sich das man den Ernte [&hellip;]","og_url":"https:\/\/www.kirche-sdh.de\/side\/erntedank-in-doefering\/","og_site_name":"Informationsseite und Seelsorgeeinheit","article_published_time":"2018-10-07T09:40:48+00:00","article_modified_time":"2018-11-04T10:41:55+00:00","og_image":[{"width":1600,"height":995,"url":"https:\/\/www.kirche-sdh.de\/side\/wp-content\/uploads\/2018\/11\/P1360018.jpg","type":"image\/jpeg"}],"author":"Dirscherl","twitter_card":"summary_large_image","twitter_misc":{"Verfasst von":"Dirscherl","Gesch\u00e4tzte Lesezeit":"2\u00a0Minuten"},"schema":{"@context":"https:\/\/schema.org","@graph":[{"@type":"Article","@id":"https:\/\/www.kirche-sdh.de\/side\/erntedank-in-doefering\/#article","isPartOf":{"@id":"https:\/\/www.kirche-sdh.de\/side\/erntedank-in-doefering\/"},"author":{"name":"Dirscherl","@id":"https:\/\/www.kirche-sdh.de\/side\/#\/schema\/person\/03813c96da9249c1923a325c77818b1a"},"headline":"Erntedank in D\u00f6fering","datePublished":"2018-10-07T09:40:48+00:00","dateModified":"2018-11-04T10:41:55+00:00","mainEntityOfPage":{"@id":"https:\/\/www.kirche-sdh.de\/side\/erntedank-in-doefering\/"},"wordCount":360,"commentCount":0,"publisher":{"@id":"https:\/\/www.kirche-sdh.de\/side\/#organization"},"image":{"@id":"https:\/\/www.kirche-sdh.de\/side\/erntedank-in-doefering\/#primaryimage"},"thumbnailUrl":"https:\/\/www.kirche-sdh.de\/side\/wp-content\/uploads\/2018\/11\/P1360018.jpg","articleSection":["D\u00f6fering"],"inLanguage":"de"},{"@type":"WebPage","@id":"https:\/\/www.kirche-sdh.de\/side\/erntedank-in-doefering\/","url":"https:\/\/www.kirche-sdh.de\/side\/erntedank-in-doefering\/","name":"Erntedank in D\u00f6fering - Informationsseite und Seelsorgeeinheit","isPartOf":{"@id":"https:\/\/www.kirche-sdh.de\/side\/#website"},"primaryImageOfPage":{"@id":"https:\/\/www.kirche-sdh.de\/side\/erntedank-in-doefering\/#primaryimage"},"image":{"@id":"https:\/\/www.kirche-sdh.de\/side\/erntedank-in-doefering\/#primaryimage"},"thumbnailUrl":"https:\/\/www.kirche-sdh.de\/side\/wp-content\/uploads\/2018\/11\/P1360018.jpg","datePublished":"2018-10-07T09:40:48+00:00","dateModified":"2018-11-04T10:41:55+00:00","breadcrumb":{"@id":"https:\/\/www.kirche-sdh.de\/side\/erntedank-in-doefering\/#breadcrumb"},"inLanguage":"de","potentialAction":[{"@type":"ReadAction","target":["https:\/\/www.kirche-sdh.de\/side\/erntedank-in-doefering\/"]}]},{"@type":"ImageObject","inLanguage":"de","@id":"https:\/\/www.kirche-sdh.de\/side\/erntedank-in-doefering\/#primaryimage","url":"https:\/\/www.kirche-sdh.de\/side\/wp-content\/uploads\/2018\/11\/P1360018.jpg","contentUrl":"https:\/\/www.kirche-sdh.de\/side\/wp-content\/uploads\/2018\/11\/P1360018.jpg","width":1600,"height":995},{"@type":"BreadcrumbList","@id":"https:\/\/www.kirche-sdh.de\/side\/erntedank-in-doefering\/#breadcrumb","itemListElement":[{"@type":"ListItem","position":1,"name":"Startseite","item":"https:\/\/www.kirche-sdh.de\/side\/"},{"@type":"ListItem","position":2,"name":"Erntedank in D\u00f6fering"}]},{"@type":"WebSite","@id":"https:\/\/www.kirche-sdh.de\/side\/#website","url":"https:\/\/www.kirche-sdh.de\/side\/","name":"Informationsseite und Seelsorgeeinheit","description":"Informationsseite und Seelsorgeeinheit","publisher":{"@id":"https:\/\/www.kirche-sdh.de\/side\/#organization"},"potentialAction":[{"@type":"SearchAction","target":{"@type":"EntryPoint","urlTemplate":"https:\/\/www.kirche-sdh.de\/side\/?s={search_term_string}"},"query-input":{"@type":"PropertyValueSpecification","valueRequired":true,"valueName":"search_term_string"}}],"inLanguage":"de"},{"@type":"Organization","@id":"https:\/\/www.kirche-sdh.de\/side\/#organization","name":"Informationsseite und Seelsorgeeinheit","url":"https:\/\/www.kirche-sdh.de\/side\/","logo":{"@type":"ImageObject","inLanguage":"de","@id":"https:\/\/www.kirche-sdh.de\/side\/#\/schema\/logo\/image\/","url":"https:\/\/www.kirche-sdh.de\/side\/wp-content\/uploads\/2017\/12\/kirche-logos.png","contentUrl":"https:\/\/www.kirche-sdh.de\/side\/wp-content\/uploads\/2017\/12\/kirche-logos.png","width":438,"height":191,"caption":"Informationsseite und Seelsorgeeinheit"},"image":{"@id":"https:\/\/www.kirche-sdh.de\/side\/#\/schema\/logo\/image\/"}},{"@type":"Person","@id":"https:\/\/www.kirche-sdh.de\/side\/#\/schema\/person\/03813c96da9249c1923a325c77818b1a","name":"Dirscherl","url":"https:\/\/www.kirche-sdh.de\/side\/author\/kirchesdh\/"}]}},"_links":{"self":[{"href":"https:\/\/www.kirche-sdh.de\/side\/wp-json\/wp\/v2\/posts\/4885","targetHints":{"allow":["GET"]}}],"collection":[{"href":"https:\/\/www.kirche-sdh.de\/side\/wp-json\/wp\/v2\/posts"}],"about":[{"href":"https:\/\/www.kirche-sdh.de\/side\/wp-json\/wp\/v2\/types\/post"}],"author":[{"embeddable":true,"href":"https:\/\/www.kirche-sdh.de\/side\/wp-json\/wp\/v2\/users\/1"}],"replies":[{"embeddable":true,"href":"https:\/\/www.kirche-sdh.de\/side\/wp-json\/wp\/v2\/comments?post=4885"}],"version-history":[{"count":0,"href":"https:\/\/www.kirche-sdh.de\/side\/wp-json\/wp\/v2\/posts\/4885\/revisions"}],"wp:featuredmedia":[{"embeddable":true,"href":"https:\/\/www.kirche-sdh.de\/side\/wp-json\/wp\/v2\/media\/4887"}],"wp:attachment":[{"href":"https:\/\/www.kirche-sdh.de\/side\/wp-json\/wp\/v2\/media?parent=4885"}],"wp:term":[{"taxonomy":"category","embeddable":true,"href":"https:\/\/www.kirche-sdh.de\/side\/wp-json\/wp\/v2\/categories?post=4885"},{"taxonomy":"post_tag","embeddable":true,"href":"https:\/\/www.kirche-sdh.de\/side\/wp-json\/wp\/v2\/tags?post=4885"}],"curies":[{"name":"wp","href":"https:\/\/api.w.org\/{rel}","templated":true}]}}