{"id":4845,"date":"2018-10-28T21:04:33","date_gmt":"2018-10-28T20:04:33","guid":{"rendered":"https:\/\/www.kirche-sdh.de\/side\/?p=4845"},"modified":"2018-10-28T21:04:33","modified_gmt":"2018-10-28T20:04:33","slug":"erntedankfest-du-hast-uns-deine-welt-geschenkt","status":"publish","type":"post","link":"https:\/\/www.kirche-sdh.de\/side\/erntedankfest-du-hast-uns-deine-welt-geschenkt\/","title":{"rendered":"Erntedankfest &#8211; \u201eDu hast uns Deine Welt geschenkt\u201c"},"content":{"rendered":"<p><img loading=\"lazy\" decoding=\"async\" src=\"https:\/\/www.kirche-sdh.de\/side\/wp-content\/uploads\/2018\/10\/IMG_9636.jpg\" alt=\"\" width=\"5184\" height=\"3456\" class=\"alignnone size-full wp-image-4846\" srcset=\"https:\/\/www.kirche-sdh.de\/side\/wp-content\/uploads\/2018\/10\/IMG_9636.jpg 5184w, https:\/\/www.kirche-sdh.de\/side\/wp-content\/uploads\/2018\/10\/IMG_9636-300x200.jpg 300w, https:\/\/www.kirche-sdh.de\/side\/wp-content\/uploads\/2018\/10\/IMG_9636-768x512.jpg 768w, https:\/\/www.kirche-sdh.de\/side\/wp-content\/uploads\/2018\/10\/IMG_9636-1024x683.jpg 1024w, https:\/\/www.kirche-sdh.de\/side\/wp-content\/uploads\/2018\/10\/IMG_9636-360x240.jpg 360w\" sizes=\"auto, (max-width: 5184px) 100vw, 5184px\" \/><\/p>\n<p>Einen bunten Familiengottesdienst hat die Pfarrgemeinde Sankt Michael zum Anlass des Erntedankfestes gefeiert. Mit den aus dem Er\u00f6ffnungslied aufgegriffenen Worten \u201eDu hast uns Deine Welt geschenkt, Herr, wir danken Dir\u201c er\u00f6ffnete Pfarrer Alfons Eder den Gottesdienst zum Glaubensfest an den Sch\u00f6pfergott. Pfarrer Eder dankte f\u00fcr die die Gaben Gottes und die F\u00fclle der Natur, die die Menschen erfahren d\u00fcrfen. Auch wenn die Menschen oftmals vergessen Gott daf\u00fcr zu danken, so sei dies vielfach nicht b\u00f6ser Wille sondern vielmehr Gedankenlosigkeit oder Vergessen. Umso wichtiger sei es, sich denn Dank an Gott in Erinnerung zu rufen. Im Gottesdienst \u00fcbernahmen dies M\u00e4dchen und Jungen. Mit den Symbolen von Sonne, Regen, Erde, Blumen, Gem\u00fcse, Apfel und zuletzt dem Brot dankten sie f\u00fcr die von Gott erhaltenen Gaben. Auch in den Kyrie-Rufen und den F\u00fcrbitten wirkten die Kinder mit und trugen Gedanken zum Umgang mit der Natur, Lebensmitteln, aber auch geschenkten F\u00e4higkeiten und Talenten vor. Hunger, Not oder Teilen werde vordr\u00e4ngt, w\u00e4hrend Brot verkomme und in die M\u00fchltonne geworfen werde. Passend zum Erntedankfest hatte die Vorstandschaft des Obst- und Gartenbauvereins unter Federf\u00fchrung von Maria Gruber und Rosmarie Bauer die Pfarrkirche und den Altar mit Allerlei aus der Natur und dem Garten festlich dekorativ geschm\u00fcckt und Fr\u00fcchte und Gem\u00fcse, Brot und Feld- und Waldfr\u00fcchte zusammengetragen. Ihnen, wie auch dem Team des Familiengottesdienstes und vor allem den Kindern dankte Pfarrer Eder f\u00fcr die Vorbereitung und Mitwirkung im Verlauf des Gottesdienstes. Abschlie\u00dfend bot die Katholische Landjugend von der B\u00e4ckerei Dirnberger gespendete und im Gottesdienst gesegnete Minibrote zum Verkauf an.<\/p>\n","protected":false},"excerpt":{"rendered":"<p>Einen bunten Familiengottesdienst hat die Pfarrgemeinde Sankt Michael zum Anlass des Erntedankfestes gefeiert. Mit den aus dem Er\u00f6ffnungslied aufgegriffenen Worten \u201eDu hast uns Deine Welt geschenkt, Herr, wir danken Dir\u201c er\u00f6ffnete Pfarrer Alfons Eder den Gottesdienst zum Glaubensfest an den Sch\u00f6pfergott. Pfarrer Eder dankte f\u00fcr die die Gaben Gottes und [&hellip;]<\/p>\n","protected":false},"author":3,"featured_media":4846,"comment_status":"open","ping_status":"open","sticky":false,"template":"","format":"standard","meta":{"footnotes":""},"categories":[21],"tags":[],"class_list":["post-4845","post","type-post","status-publish","format-standard","has-post-thumbnail","hentry","category-schoenthal"],"yoast_head":"<!-- This site is optimized with the Yoast SEO plugin v27.5 - https:\/\/yoast.com\/product\/yoast-seo-wordpress\/ -->\n<title>Erntedankfest - \u201eDu hast uns Deine Welt geschenkt\u201c - Informationsseite und Seelsorgeeinheit<\/title>\n<meta name=\"robots\" content=\"index, follow, max-snippet:-1, max-image-preview:large, max-video-preview:-1\" \/>\n<link rel=\"canonical\" href=\"https:\/\/www.kirche-sdh.de\/side\/erntedankfest-du-hast-uns-deine-welt-geschenkt\/\" \/>\n<meta property=\"og:locale\" content=\"de_DE\" \/>\n<meta property=\"og:type\" content=\"article\" \/>\n<meta property=\"og:title\" content=\"Erntedankfest - \u201eDu hast uns Deine Welt geschenkt\u201c - Informationsseite und Seelsorgeeinheit\" \/>\n<meta property=\"og:description\" content=\"Einen bunten Familiengottesdienst hat die Pfarrgemeinde Sankt Michael zum Anlass des Erntedankfestes gefeiert. Mit den aus dem Er\u00f6ffnungslied aufgegriffenen Worten \u201eDu hast uns Deine Welt geschenkt, Herr, wir danken Dir\u201c er\u00f6ffnete Pfarrer Alfons Eder den Gottesdienst zum Glaubensfest an den Sch\u00f6pfergott. Pfarrer Eder dankte f\u00fcr die die Gaben Gottes und [&hellip;]\" \/>\n<meta property=\"og:url\" content=\"https:\/\/www.kirche-sdh.de\/side\/erntedankfest-du-hast-uns-deine-welt-geschenkt\/\" \/>\n<meta property=\"og:site_name\" content=\"Informationsseite und Seelsorgeeinheit\" \/>\n<meta property=\"article:published_time\" content=\"2018-10-28T20:04:33+00:00\" \/>\n<meta property=\"og:image\" content=\"https:\/\/www.kirche-sdh.de\/side\/wp-content\/uploads\/2018\/10\/IMG_9636-1024x683.jpg\" \/>\n\t<meta property=\"og:image:width\" content=\"1024\" \/>\n\t<meta property=\"og:image:height\" content=\"683\" \/>\n\t<meta property=\"og:image:type\" content=\"image\/jpeg\" \/>\n<meta name=\"author\" content=\"Martin Zangl\" \/>\n<meta name=\"twitter:card\" content=\"summary_large_image\" \/>\n<meta name=\"twitter:label1\" content=\"Verfasst von\" \/>\n\t<meta name=\"twitter:data1\" content=\"Martin Zangl\" \/>\n\t<meta name=\"twitter:label2\" content=\"Gesch\u00e4tzte Lesezeit\" \/>\n\t<meta name=\"twitter:data2\" content=\"1\u00a0Minute\" \/>\n<script type=\"application\/ld+json\" class=\"yoast-schema-graph\">{\"@context\":\"https:\\\/\\\/schema.org\",\"@graph\":[{\"@type\":\"Article\",\"@id\":\"https:\\\/\\\/www.kirche-sdh.de\\\/side\\\/erntedankfest-du-hast-uns-deine-welt-geschenkt\\\/#article\",\"isPartOf\":{\"@id\":\"https:\\\/\\\/www.kirche-sdh.de\\\/side\\\/erntedankfest-du-hast-uns-deine-welt-geschenkt\\\/\"},\"author\":{\"name\":\"Martin Zangl\",\"@id\":\"https:\\\/\\\/www.kirche-sdh.de\\\/side\\\/#\\\/schema\\\/person\\\/e05baeb81583d4659c11ea77b24c3640\"},\"headline\":\"Erntedankfest &#8211; \u201eDu hast uns Deine Welt geschenkt\u201c\",\"datePublished\":\"2018-10-28T20:04:33+00:00\",\"mainEntityOfPage\":{\"@id\":\"https:\\\/\\\/www.kirche-sdh.de\\\/side\\\/erntedankfest-du-hast-uns-deine-welt-geschenkt\\\/\"},\"wordCount\":283,\"commentCount\":0,\"publisher\":{\"@id\":\"https:\\\/\\\/www.kirche-sdh.de\\\/side\\\/#organization\"},\"image\":{\"@id\":\"https:\\\/\\\/www.kirche-sdh.de\\\/side\\\/erntedankfest-du-hast-uns-deine-welt-geschenkt\\\/#primaryimage\"},\"thumbnailUrl\":\"https:\\\/\\\/www.kirche-sdh.de\\\/side\\\/wp-content\\\/uploads\\\/2018\\\/10\\\/IMG_9636.jpg\",\"articleSection\":[\"Sch\u00f6nthal\"],\"inLanguage\":\"de\"},{\"@type\":\"WebPage\",\"@id\":\"https:\\\/\\\/www.kirche-sdh.de\\\/side\\\/erntedankfest-du-hast-uns-deine-welt-geschenkt\\\/\",\"url\":\"https:\\\/\\\/www.kirche-sdh.de\\\/side\\\/erntedankfest-du-hast-uns-deine-welt-geschenkt\\\/\",\"name\":\"Erntedankfest - \u201eDu hast uns Deine Welt geschenkt\u201c - Informationsseite und Seelsorgeeinheit\",\"isPartOf\":{\"@id\":\"https:\\\/\\\/www.kirche-sdh.de\\\/side\\\/#website\"},\"primaryImageOfPage\":{\"@id\":\"https:\\\/\\\/www.kirche-sdh.de\\\/side\\\/erntedankfest-du-hast-uns-deine-welt-geschenkt\\\/#primaryimage\"},\"image\":{\"@id\":\"https:\\\/\\\/www.kirche-sdh.de\\\/side\\\/erntedankfest-du-hast-uns-deine-welt-geschenkt\\\/#primaryimage\"},\"thumbnailUrl\":\"https:\\\/\\\/www.kirche-sdh.de\\\/side\\\/wp-content\\\/uploads\\\/2018\\\/10\\\/IMG_9636.jpg\",\"datePublished\":\"2018-10-28T20:04:33+00:00\",\"breadcrumb\":{\"@id\":\"https:\\\/\\\/www.kirche-sdh.de\\\/side\\\/erntedankfest-du-hast-uns-deine-welt-geschenkt\\\/#breadcrumb\"},\"inLanguage\":\"de\",\"potentialAction\":[{\"@type\":\"ReadAction\",\"target\":[\"https:\\\/\\\/www.kirche-sdh.de\\\/side\\\/erntedankfest-du-hast-uns-deine-welt-geschenkt\\\/\"]}]},{\"@type\":\"ImageObject\",\"inLanguage\":\"de\",\"@id\":\"https:\\\/\\\/www.kirche-sdh.de\\\/side\\\/erntedankfest-du-hast-uns-deine-welt-geschenkt\\\/#primaryimage\",\"url\":\"https:\\\/\\\/www.kirche-sdh.de\\\/side\\\/wp-content\\\/uploads\\\/2018\\\/10\\\/IMG_9636.jpg\",\"contentUrl\":\"https:\\\/\\\/www.kirche-sdh.de\\\/side\\\/wp-content\\\/uploads\\\/2018\\\/10\\\/IMG_9636.jpg\",\"width\":5184,\"height\":3456,\"caption\":\"Einen bunten Familiengottesdienst hat die Pfarrgemeinde Sankt Michael zum Anlass des Erntedankfestes gefeiert.\"},{\"@type\":\"BreadcrumbList\",\"@id\":\"https:\\\/\\\/www.kirche-sdh.de\\\/side\\\/erntedankfest-du-hast-uns-deine-welt-geschenkt\\\/#breadcrumb\",\"itemListElement\":[{\"@type\":\"ListItem\",\"position\":1,\"name\":\"Startseite\",\"item\":\"https:\\\/\\\/www.kirche-sdh.de\\\/side\\\/\"},{\"@type\":\"ListItem\",\"position\":2,\"name\":\"Erntedankfest &#8211; \u201eDu hast uns Deine Welt geschenkt\u201c\"}]},{\"@type\":\"WebSite\",\"@id\":\"https:\\\/\\\/www.kirche-sdh.de\\\/side\\\/#website\",\"url\":\"https:\\\/\\\/www.kirche-sdh.de\\\/side\\\/\",\"name\":\"Informationsseite und Seelsorgeeinheit\",\"description\":\"Informationsseite und Seelsorgeeinheit\",\"publisher\":{\"@id\":\"https:\\\/\\\/www.kirche-sdh.de\\\/side\\\/#organization\"},\"potentialAction\":[{\"@type\":\"SearchAction\",\"target\":{\"@type\":\"EntryPoint\",\"urlTemplate\":\"https:\\\/\\\/www.kirche-sdh.de\\\/side\\\/?s={search_term_string}\"},\"query-input\":{\"@type\":\"PropertyValueSpecification\",\"valueRequired\":true,\"valueName\":\"search_term_string\"}}],\"inLanguage\":\"de\"},{\"@type\":\"Organization\",\"@id\":\"https:\\\/\\\/www.kirche-sdh.de\\\/side\\\/#organization\",\"name\":\"Informationsseite und Seelsorgeeinheit\",\"url\":\"https:\\\/\\\/www.kirche-sdh.de\\\/side\\\/\",\"logo\":{\"@type\":\"ImageObject\",\"inLanguage\":\"de\",\"@id\":\"https:\\\/\\\/www.kirche-sdh.de\\\/side\\\/#\\\/schema\\\/logo\\\/image\\\/\",\"url\":\"https:\\\/\\\/www.kirche-sdh.de\\\/side\\\/wp-content\\\/uploads\\\/2017\\\/12\\\/kirche-logos.png\",\"contentUrl\":\"https:\\\/\\\/www.kirche-sdh.de\\\/side\\\/wp-content\\\/uploads\\\/2017\\\/12\\\/kirche-logos.png\",\"width\":438,\"height\":191,\"caption\":\"Informationsseite und Seelsorgeeinheit\"},\"image\":{\"@id\":\"https:\\\/\\\/www.kirche-sdh.de\\\/side\\\/#\\\/schema\\\/logo\\\/image\\\/\"}},{\"@type\":\"Person\",\"@id\":\"https:\\\/\\\/www.kirche-sdh.de\\\/side\\\/#\\\/schema\\\/person\\\/e05baeb81583d4659c11ea77b24c3640\",\"name\":\"Martin Zangl\",\"url\":\"https:\\\/\\\/www.kirche-sdh.de\\\/side\\\/author\\\/zangl\\\/\"}]}<\/script>\n<!-- \/ Yoast SEO plugin. -->","yoast_head_json":{"title":"Erntedankfest - \u201eDu hast uns Deine Welt geschenkt\u201c - Informationsseite und Seelsorgeeinheit","robots":{"index":"index","follow":"follow","max-snippet":"max-snippet:-1","max-image-preview":"max-image-preview:large","max-video-preview":"max-video-preview:-1"},"canonical":"https:\/\/www.kirche-sdh.de\/side\/erntedankfest-du-hast-uns-deine-welt-geschenkt\/","og_locale":"de_DE","og_type":"article","og_title":"Erntedankfest - \u201eDu hast uns Deine Welt geschenkt\u201c - Informationsseite und Seelsorgeeinheit","og_description":"Einen bunten Familiengottesdienst hat die Pfarrgemeinde Sankt Michael zum Anlass des Erntedankfestes gefeiert. Mit den aus dem Er\u00f6ffnungslied aufgegriffenen Worten \u201eDu hast uns Deine Welt geschenkt, Herr, wir danken Dir\u201c er\u00f6ffnete Pfarrer Alfons Eder den Gottesdienst zum Glaubensfest an den Sch\u00f6pfergott. Pfarrer Eder dankte f\u00fcr die die Gaben Gottes und [&hellip;]","og_url":"https:\/\/www.kirche-sdh.de\/side\/erntedankfest-du-hast-uns-deine-welt-geschenkt\/","og_site_name":"Informationsseite und Seelsorgeeinheit","article_published_time":"2018-10-28T20:04:33+00:00","og_image":[{"width":1024,"height":683,"url":"https:\/\/www.kirche-sdh.de\/side\/wp-content\/uploads\/2018\/10\/IMG_9636-1024x683.jpg","type":"image\/jpeg"}],"author":"Martin Zangl","twitter_card":"summary_large_image","twitter_misc":{"Verfasst von":"Martin Zangl","Gesch\u00e4tzte Lesezeit":"1\u00a0Minute"},"schema":{"@context":"https:\/\/schema.org","@graph":[{"@type":"Article","@id":"https:\/\/www.kirche-sdh.de\/side\/erntedankfest-du-hast-uns-deine-welt-geschenkt\/#article","isPartOf":{"@id":"https:\/\/www.kirche-sdh.de\/side\/erntedankfest-du-hast-uns-deine-welt-geschenkt\/"},"author":{"name":"Martin Zangl","@id":"https:\/\/www.kirche-sdh.de\/side\/#\/schema\/person\/e05baeb81583d4659c11ea77b24c3640"},"headline":"Erntedankfest &#8211; \u201eDu hast uns Deine Welt geschenkt\u201c","datePublished":"2018-10-28T20:04:33+00:00","mainEntityOfPage":{"@id":"https:\/\/www.kirche-sdh.de\/side\/erntedankfest-du-hast-uns-deine-welt-geschenkt\/"},"wordCount":283,"commentCount":0,"publisher":{"@id":"https:\/\/www.kirche-sdh.de\/side\/#organization"},"image":{"@id":"https:\/\/www.kirche-sdh.de\/side\/erntedankfest-du-hast-uns-deine-welt-geschenkt\/#primaryimage"},"thumbnailUrl":"https:\/\/www.kirche-sdh.de\/side\/wp-content\/uploads\/2018\/10\/IMG_9636.jpg","articleSection":["Sch\u00f6nthal"],"inLanguage":"de"},{"@type":"WebPage","@id":"https:\/\/www.kirche-sdh.de\/side\/erntedankfest-du-hast-uns-deine-welt-geschenkt\/","url":"https:\/\/www.kirche-sdh.de\/side\/erntedankfest-du-hast-uns-deine-welt-geschenkt\/","name":"Erntedankfest - \u201eDu hast uns Deine Welt geschenkt\u201c - Informationsseite und Seelsorgeeinheit","isPartOf":{"@id":"https:\/\/www.kirche-sdh.de\/side\/#website"},"primaryImageOfPage":{"@id":"https:\/\/www.kirche-sdh.de\/side\/erntedankfest-du-hast-uns-deine-welt-geschenkt\/#primaryimage"},"image":{"@id":"https:\/\/www.kirche-sdh.de\/side\/erntedankfest-du-hast-uns-deine-welt-geschenkt\/#primaryimage"},"thumbnailUrl":"https:\/\/www.kirche-sdh.de\/side\/wp-content\/uploads\/2018\/10\/IMG_9636.jpg","datePublished":"2018-10-28T20:04:33+00:00","breadcrumb":{"@id":"https:\/\/www.kirche-sdh.de\/side\/erntedankfest-du-hast-uns-deine-welt-geschenkt\/#breadcrumb"},"inLanguage":"de","potentialAction":[{"@type":"ReadAction","target":["https:\/\/www.kirche-sdh.de\/side\/erntedankfest-du-hast-uns-deine-welt-geschenkt\/"]}]},{"@type":"ImageObject","inLanguage":"de","@id":"https:\/\/www.kirche-sdh.de\/side\/erntedankfest-du-hast-uns-deine-welt-geschenkt\/#primaryimage","url":"https:\/\/www.kirche-sdh.de\/side\/wp-content\/uploads\/2018\/10\/IMG_9636.jpg","contentUrl":"https:\/\/www.kirche-sdh.de\/side\/wp-content\/uploads\/2018\/10\/IMG_9636.jpg","width":5184,"height":3456,"caption":"Einen bunten Familiengottesdienst hat die Pfarrgemeinde Sankt Michael zum Anlass des Erntedankfestes gefeiert."},{"@type":"BreadcrumbList","@id":"https:\/\/www.kirche-sdh.de\/side\/erntedankfest-du-hast-uns-deine-welt-geschenkt\/#breadcrumb","itemListElement":[{"@type":"ListItem","position":1,"name":"Startseite","item":"https:\/\/www.kirche-sdh.de\/side\/"},{"@type":"ListItem","position":2,"name":"Erntedankfest &#8211; \u201eDu hast uns Deine Welt geschenkt\u201c"}]},{"@type":"WebSite","@id":"https:\/\/www.kirche-sdh.de\/side\/#website","url":"https:\/\/www.kirche-sdh.de\/side\/","name":"Informationsseite und Seelsorgeeinheit","description":"Informationsseite und Seelsorgeeinheit","publisher":{"@id":"https:\/\/www.kirche-sdh.de\/side\/#organization"},"potentialAction":[{"@type":"SearchAction","target":{"@type":"EntryPoint","urlTemplate":"https:\/\/www.kirche-sdh.de\/side\/?s={search_term_string}"},"query-input":{"@type":"PropertyValueSpecification","valueRequired":true,"valueName":"search_term_string"}}],"inLanguage":"de"},{"@type":"Organization","@id":"https:\/\/www.kirche-sdh.de\/side\/#organization","name":"Informationsseite und Seelsorgeeinheit","url":"https:\/\/www.kirche-sdh.de\/side\/","logo":{"@type":"ImageObject","inLanguage":"de","@id":"https:\/\/www.kirche-sdh.de\/side\/#\/schema\/logo\/image\/","url":"https:\/\/www.kirche-sdh.de\/side\/wp-content\/uploads\/2017\/12\/kirche-logos.png","contentUrl":"https:\/\/www.kirche-sdh.de\/side\/wp-content\/uploads\/2017\/12\/kirche-logos.png","width":438,"height":191,"caption":"Informationsseite und Seelsorgeeinheit"},"image":{"@id":"https:\/\/www.kirche-sdh.de\/side\/#\/schema\/logo\/image\/"}},{"@type":"Person","@id":"https:\/\/www.kirche-sdh.de\/side\/#\/schema\/person\/e05baeb81583d4659c11ea77b24c3640","name":"Martin Zangl","url":"https:\/\/www.kirche-sdh.de\/side\/author\/zangl\/"}]}},"_links":{"self":[{"href":"https:\/\/www.kirche-sdh.de\/side\/wp-json\/wp\/v2\/posts\/4845","targetHints":{"allow":["GET"]}}],"collection":[{"href":"https:\/\/www.kirche-sdh.de\/side\/wp-json\/wp\/v2\/posts"}],"about":[{"href":"https:\/\/www.kirche-sdh.de\/side\/wp-json\/wp\/v2\/types\/post"}],"author":[{"embeddable":true,"href":"https:\/\/www.kirche-sdh.de\/side\/wp-json\/wp\/v2\/users\/3"}],"replies":[{"embeddable":true,"href":"https:\/\/www.kirche-sdh.de\/side\/wp-json\/wp\/v2\/comments?post=4845"}],"version-history":[{"count":0,"href":"https:\/\/www.kirche-sdh.de\/side\/wp-json\/wp\/v2\/posts\/4845\/revisions"}],"wp:featuredmedia":[{"embeddable":true,"href":"https:\/\/www.kirche-sdh.de\/side\/wp-json\/wp\/v2\/media\/4846"}],"wp:attachment":[{"href":"https:\/\/www.kirche-sdh.de\/side\/wp-json\/wp\/v2\/media?parent=4845"}],"wp:term":[{"taxonomy":"category","embeddable":true,"href":"https:\/\/www.kirche-sdh.de\/side\/wp-json\/wp\/v2\/categories?post=4845"},{"taxonomy":"post_tag","embeddable":true,"href":"https:\/\/www.kirche-sdh.de\/side\/wp-json\/wp\/v2\/tags?post=4845"}],"curies":[{"name":"wp","href":"https:\/\/api.w.org\/{rel}","templated":true}]}}