{"id":4547,"date":"2018-06-10T13:17:57","date_gmt":"2018-06-10T11:17:57","guid":{"rendered":"https:\/\/www.kirche-sdh.de\/side\/?p=4547"},"modified":"2018-06-24T13:25:48","modified_gmt":"2018-06-24T11:25:48","slug":"familiengottesdienst-in-doefering","status":"publish","type":"post","link":"https:\/\/www.kirche-sdh.de\/side\/familiengottesdienst-in-doefering\/","title":{"rendered":"Familiengottesdienst in D\u00f6fering"},"content":{"rendered":"<h3>Familengottesdienst in D\u00f6fering<\/h3>\n<p>Zahlreiche Kinder waren wieder der Einladung\u00a0 von Johanna Kumschier gefolgt und machten aktiv beim Familiengottesdienst mit. Pfarrer Alfons Eder freute es besonders, dass so viele Kinder \u00a0aus\u00a0 unterschiedlichen Jahrgangsstufen mitmachen wollten. Im Familiengottesdienst ging es um das Blo\u00dfstellen. In Fallbeispielen wurde aufgezeigt wie jemand blo\u00dfgestellt\u00a0 werden kann. Dies k\u00f6nne durch ein unvorteilhaftes Videos, welche mit dem Handy aufgenommen werden geschehen. Auch kann das\u00a0 zur \u00a0Schau stellen von teuren Markengegenst\u00e4nden, \u00a0welche andere sich nicht leisten k\u00f6nnen, dazu dienen, das jemand blo\u00dfgestellt wird. Es kann aber auch schon eine schlechte Schulnote ausreichen, damit man blo\u00dfgestellt werden kann. Es kann aber auch durch Verspottung geschehen, dass jemand blo\u00dfgestellt wird.<\/p>\n<p><img loading=\"lazy\" decoding=\"async\" src=\"https:\/\/www.kirche-sdh.de\/side\/wp-content\/uploads\/2018\/06\/IMG_20180610_103524-1024x783.jpg\" alt=\"\" width=\"750\" height=\"573\" class=\"alignleft size-large wp-image-4546\" srcset=\"https:\/\/www.kirche-sdh.de\/side\/wp-content\/uploads\/2018\/06\/IMG_20180610_103524-1024x783.jpg 1024w, https:\/\/www.kirche-sdh.de\/side\/wp-content\/uploads\/2018\/06\/IMG_20180610_103524-300x229.jpg 300w, https:\/\/www.kirche-sdh.de\/side\/wp-content\/uploads\/2018\/06\/IMG_20180610_103524-768x587.jpg 768w, https:\/\/www.kirche-sdh.de\/side\/wp-content\/uploads\/2018\/06\/IMG_20180610_103524.jpg 1600w\" sizes=\"auto, (max-width: 750px) 100vw, 750px\" \/>\u00a0Gemeindereferentin Rosa Roth gab dazu den Kindern einige Tipps mit auf den Weg. So ist nicht der verspottete das Problem, sondern der der andere verspottet. Oft wollen diese damit ihre \u00dcberlegenheit\u00a0 zeigen \u00a0und dabei von einem gest\u00f6rten Selbstwertgef\u00fchl ablenken. Vielleicht wurde sie auch schon selbst verletzt und wollen das nur weitergeben. Man sagt ja auch verletzte Menschen verletzten andere.\u00a0 Wenn man selbst in die Situation kommt, dass man verspottet wird, sollte man besonnen reagieren. Auf alle F\u00e4lle \u00a0sollte man keine Mauer des Schweigen um sich aufbauen sondern den\u00a0 Rat bei seiner Lehrer oder Eltern einholen, die einem sicher helfen k\u00f6nnen diese Situation zu bew\u00e4ltigen.<\/p>\n","protected":false},"excerpt":{"rendered":"<p>Familengottesdienst in D\u00f6fering Zahlreiche Kinder waren wieder der Einladung\u00a0 von Johanna Kumschier gefolgt und machten aktiv beim Familiengottesdienst mit. Pfarrer Alfons Eder freute es besonders, dass so viele Kinder \u00a0aus\u00a0 unterschiedlichen Jahrgangsstufen mitmachen wollten. Im Familiengottesdienst ging es um das Blo\u00dfstellen. In Fallbeispielen wurde aufgezeigt wie jemand blo\u00dfgestellt\u00a0 werden kann. [&hellip;]<\/p>\n","protected":false},"author":1,"featured_media":4546,"comment_status":"open","ping_status":"open","sticky":false,"template":"","format":"standard","meta":{"footnotes":""},"categories":[20],"tags":[],"class_list":["post-4547","post","type-post","status-publish","format-standard","has-post-thumbnail","hentry","category-doefering"],"yoast_head":"<!-- This site is optimized with the Yoast SEO plugin v27.5 - https:\/\/yoast.com\/product\/yoast-seo-wordpress\/ -->\n<title>Familiengottesdienst in D\u00f6fering - Informationsseite und Seelsorgeeinheit<\/title>\n<meta name=\"robots\" content=\"index, follow, max-snippet:-1, max-image-preview:large, max-video-preview:-1\" \/>\n<link rel=\"canonical\" href=\"https:\/\/www.kirche-sdh.de\/side\/familiengottesdienst-in-doefering\/\" \/>\n<meta property=\"og:locale\" content=\"de_DE\" \/>\n<meta property=\"og:type\" content=\"article\" \/>\n<meta property=\"og:title\" content=\"Familiengottesdienst in D\u00f6fering - Informationsseite und Seelsorgeeinheit\" \/>\n<meta property=\"og:description\" content=\"Familengottesdienst in D\u00f6fering Zahlreiche Kinder waren wieder der Einladung\u00a0 von Johanna Kumschier gefolgt und machten aktiv beim Familiengottesdienst mit. Pfarrer Alfons Eder freute es besonders, dass so viele Kinder \u00a0aus\u00a0 unterschiedlichen Jahrgangsstufen mitmachen wollten. Im Familiengottesdienst ging es um das Blo\u00dfstellen. In Fallbeispielen wurde aufgezeigt wie jemand blo\u00dfgestellt\u00a0 werden kann. [&hellip;]\" \/>\n<meta property=\"og:url\" content=\"https:\/\/www.kirche-sdh.de\/side\/familiengottesdienst-in-doefering\/\" \/>\n<meta property=\"og:site_name\" content=\"Informationsseite und Seelsorgeeinheit\" \/>\n<meta property=\"article:published_time\" content=\"2018-06-10T11:17:57+00:00\" \/>\n<meta property=\"article:modified_time\" content=\"2018-06-24T11:25:48+00:00\" \/>\n<meta property=\"og:image\" content=\"https:\/\/www.kirche-sdh.de\/side\/wp-content\/uploads\/2018\/06\/IMG_20180610_103524.jpg\" \/>\n\t<meta property=\"og:image:width\" content=\"1600\" \/>\n\t<meta property=\"og:image:height\" content=\"1223\" \/>\n\t<meta property=\"og:image:type\" content=\"image\/jpeg\" \/>\n<meta name=\"author\" content=\"Dirscherl\" \/>\n<meta name=\"twitter:card\" content=\"summary_large_image\" \/>\n<meta name=\"twitter:label1\" content=\"Verfasst von\" \/>\n\t<meta name=\"twitter:data1\" content=\"Dirscherl\" \/>\n\t<meta name=\"twitter:label2\" content=\"Gesch\u00e4tzte Lesezeit\" \/>\n\t<meta name=\"twitter:data2\" content=\"1\u00a0Minute\" \/>\n<script type=\"application\/ld+json\" class=\"yoast-schema-graph\">{\"@context\":\"https:\\\/\\\/schema.org\",\"@graph\":[{\"@type\":\"Article\",\"@id\":\"https:\\\/\\\/www.kirche-sdh.de\\\/side\\\/familiengottesdienst-in-doefering\\\/#article\",\"isPartOf\":{\"@id\":\"https:\\\/\\\/www.kirche-sdh.de\\\/side\\\/familiengottesdienst-in-doefering\\\/\"},\"author\":{\"name\":\"Dirscherl\",\"@id\":\"https:\\\/\\\/www.kirche-sdh.de\\\/side\\\/#\\\/schema\\\/person\\\/03813c96da9249c1923a325c77818b1a\"},\"headline\":\"Familiengottesdienst in D\u00f6fering\",\"datePublished\":\"2018-06-10T11:17:57+00:00\",\"dateModified\":\"2018-06-24T11:25:48+00:00\",\"mainEntityOfPage\":{\"@id\":\"https:\\\/\\\/www.kirche-sdh.de\\\/side\\\/familiengottesdienst-in-doefering\\\/\"},\"wordCount\":231,\"commentCount\":0,\"publisher\":{\"@id\":\"https:\\\/\\\/www.kirche-sdh.de\\\/side\\\/#organization\"},\"image\":{\"@id\":\"https:\\\/\\\/www.kirche-sdh.de\\\/side\\\/familiengottesdienst-in-doefering\\\/#primaryimage\"},\"thumbnailUrl\":\"https:\\\/\\\/www.kirche-sdh.de\\\/side\\\/wp-content\\\/uploads\\\/2018\\\/06\\\/IMG_20180610_103524.jpg\",\"articleSection\":[\"D\u00f6fering\"],\"inLanguage\":\"de\"},{\"@type\":\"WebPage\",\"@id\":\"https:\\\/\\\/www.kirche-sdh.de\\\/side\\\/familiengottesdienst-in-doefering\\\/\",\"url\":\"https:\\\/\\\/www.kirche-sdh.de\\\/side\\\/familiengottesdienst-in-doefering\\\/\",\"name\":\"Familiengottesdienst in D\u00f6fering - Informationsseite und Seelsorgeeinheit\",\"isPartOf\":{\"@id\":\"https:\\\/\\\/www.kirche-sdh.de\\\/side\\\/#website\"},\"primaryImageOfPage\":{\"@id\":\"https:\\\/\\\/www.kirche-sdh.de\\\/side\\\/familiengottesdienst-in-doefering\\\/#primaryimage\"},\"image\":{\"@id\":\"https:\\\/\\\/www.kirche-sdh.de\\\/side\\\/familiengottesdienst-in-doefering\\\/#primaryimage\"},\"thumbnailUrl\":\"https:\\\/\\\/www.kirche-sdh.de\\\/side\\\/wp-content\\\/uploads\\\/2018\\\/06\\\/IMG_20180610_103524.jpg\",\"datePublished\":\"2018-06-10T11:17:57+00:00\",\"dateModified\":\"2018-06-24T11:25:48+00:00\",\"breadcrumb\":{\"@id\":\"https:\\\/\\\/www.kirche-sdh.de\\\/side\\\/familiengottesdienst-in-doefering\\\/#breadcrumb\"},\"inLanguage\":\"de\",\"potentialAction\":[{\"@type\":\"ReadAction\",\"target\":[\"https:\\\/\\\/www.kirche-sdh.de\\\/side\\\/familiengottesdienst-in-doefering\\\/\"]}]},{\"@type\":\"ImageObject\",\"inLanguage\":\"de\",\"@id\":\"https:\\\/\\\/www.kirche-sdh.de\\\/side\\\/familiengottesdienst-in-doefering\\\/#primaryimage\",\"url\":\"https:\\\/\\\/www.kirche-sdh.de\\\/side\\\/wp-content\\\/uploads\\\/2018\\\/06\\\/IMG_20180610_103524.jpg\",\"contentUrl\":\"https:\\\/\\\/www.kirche-sdh.de\\\/side\\\/wp-content\\\/uploads\\\/2018\\\/06\\\/IMG_20180610_103524.jpg\",\"width\":1600,\"height\":1223},{\"@type\":\"BreadcrumbList\",\"@id\":\"https:\\\/\\\/www.kirche-sdh.de\\\/side\\\/familiengottesdienst-in-doefering\\\/#breadcrumb\",\"itemListElement\":[{\"@type\":\"ListItem\",\"position\":1,\"name\":\"Startseite\",\"item\":\"https:\\\/\\\/www.kirche-sdh.de\\\/side\\\/\"},{\"@type\":\"ListItem\",\"position\":2,\"name\":\"Familiengottesdienst in D\u00f6fering\"}]},{\"@type\":\"WebSite\",\"@id\":\"https:\\\/\\\/www.kirche-sdh.de\\\/side\\\/#website\",\"url\":\"https:\\\/\\\/www.kirche-sdh.de\\\/side\\\/\",\"name\":\"Informationsseite und Seelsorgeeinheit\",\"description\":\"Informationsseite und Seelsorgeeinheit\",\"publisher\":{\"@id\":\"https:\\\/\\\/www.kirche-sdh.de\\\/side\\\/#organization\"},\"potentialAction\":[{\"@type\":\"SearchAction\",\"target\":{\"@type\":\"EntryPoint\",\"urlTemplate\":\"https:\\\/\\\/www.kirche-sdh.de\\\/side\\\/?s={search_term_string}\"},\"query-input\":{\"@type\":\"PropertyValueSpecification\",\"valueRequired\":true,\"valueName\":\"search_term_string\"}}],\"inLanguage\":\"de\"},{\"@type\":\"Organization\",\"@id\":\"https:\\\/\\\/www.kirche-sdh.de\\\/side\\\/#organization\",\"name\":\"Informationsseite und Seelsorgeeinheit\",\"url\":\"https:\\\/\\\/www.kirche-sdh.de\\\/side\\\/\",\"logo\":{\"@type\":\"ImageObject\",\"inLanguage\":\"de\",\"@id\":\"https:\\\/\\\/www.kirche-sdh.de\\\/side\\\/#\\\/schema\\\/logo\\\/image\\\/\",\"url\":\"https:\\\/\\\/www.kirche-sdh.de\\\/side\\\/wp-content\\\/uploads\\\/2017\\\/12\\\/kirche-logos.png\",\"contentUrl\":\"https:\\\/\\\/www.kirche-sdh.de\\\/side\\\/wp-content\\\/uploads\\\/2017\\\/12\\\/kirche-logos.png\",\"width\":438,\"height\":191,\"caption\":\"Informationsseite und Seelsorgeeinheit\"},\"image\":{\"@id\":\"https:\\\/\\\/www.kirche-sdh.de\\\/side\\\/#\\\/schema\\\/logo\\\/image\\\/\"}},{\"@type\":\"Person\",\"@id\":\"https:\\\/\\\/www.kirche-sdh.de\\\/side\\\/#\\\/schema\\\/person\\\/03813c96da9249c1923a325c77818b1a\",\"name\":\"Dirscherl\",\"url\":\"https:\\\/\\\/www.kirche-sdh.de\\\/side\\\/author\\\/kirchesdh\\\/\"}]}<\/script>\n<!-- \/ Yoast SEO plugin. -->","yoast_head_json":{"title":"Familiengottesdienst in D\u00f6fering - Informationsseite und Seelsorgeeinheit","robots":{"index":"index","follow":"follow","max-snippet":"max-snippet:-1","max-image-preview":"max-image-preview:large","max-video-preview":"max-video-preview:-1"},"canonical":"https:\/\/www.kirche-sdh.de\/side\/familiengottesdienst-in-doefering\/","og_locale":"de_DE","og_type":"article","og_title":"Familiengottesdienst in D\u00f6fering - Informationsseite und Seelsorgeeinheit","og_description":"Familengottesdienst in D\u00f6fering Zahlreiche Kinder waren wieder der Einladung\u00a0 von Johanna Kumschier gefolgt und machten aktiv beim Familiengottesdienst mit. Pfarrer Alfons Eder freute es besonders, dass so viele Kinder \u00a0aus\u00a0 unterschiedlichen Jahrgangsstufen mitmachen wollten. Im Familiengottesdienst ging es um das Blo\u00dfstellen. In Fallbeispielen wurde aufgezeigt wie jemand blo\u00dfgestellt\u00a0 werden kann. [&hellip;]","og_url":"https:\/\/www.kirche-sdh.de\/side\/familiengottesdienst-in-doefering\/","og_site_name":"Informationsseite und Seelsorgeeinheit","article_published_time":"2018-06-10T11:17:57+00:00","article_modified_time":"2018-06-24T11:25:48+00:00","og_image":[{"width":1600,"height":1223,"url":"https:\/\/www.kirche-sdh.de\/side\/wp-content\/uploads\/2018\/06\/IMG_20180610_103524.jpg","type":"image\/jpeg"}],"author":"Dirscherl","twitter_card":"summary_large_image","twitter_misc":{"Verfasst von":"Dirscherl","Gesch\u00e4tzte Lesezeit":"1\u00a0Minute"},"schema":{"@context":"https:\/\/schema.org","@graph":[{"@type":"Article","@id":"https:\/\/www.kirche-sdh.de\/side\/familiengottesdienst-in-doefering\/#article","isPartOf":{"@id":"https:\/\/www.kirche-sdh.de\/side\/familiengottesdienst-in-doefering\/"},"author":{"name":"Dirscherl","@id":"https:\/\/www.kirche-sdh.de\/side\/#\/schema\/person\/03813c96da9249c1923a325c77818b1a"},"headline":"Familiengottesdienst in D\u00f6fering","datePublished":"2018-06-10T11:17:57+00:00","dateModified":"2018-06-24T11:25:48+00:00","mainEntityOfPage":{"@id":"https:\/\/www.kirche-sdh.de\/side\/familiengottesdienst-in-doefering\/"},"wordCount":231,"commentCount":0,"publisher":{"@id":"https:\/\/www.kirche-sdh.de\/side\/#organization"},"image":{"@id":"https:\/\/www.kirche-sdh.de\/side\/familiengottesdienst-in-doefering\/#primaryimage"},"thumbnailUrl":"https:\/\/www.kirche-sdh.de\/side\/wp-content\/uploads\/2018\/06\/IMG_20180610_103524.jpg","articleSection":["D\u00f6fering"],"inLanguage":"de"},{"@type":"WebPage","@id":"https:\/\/www.kirche-sdh.de\/side\/familiengottesdienst-in-doefering\/","url":"https:\/\/www.kirche-sdh.de\/side\/familiengottesdienst-in-doefering\/","name":"Familiengottesdienst in D\u00f6fering - Informationsseite und Seelsorgeeinheit","isPartOf":{"@id":"https:\/\/www.kirche-sdh.de\/side\/#website"},"primaryImageOfPage":{"@id":"https:\/\/www.kirche-sdh.de\/side\/familiengottesdienst-in-doefering\/#primaryimage"},"image":{"@id":"https:\/\/www.kirche-sdh.de\/side\/familiengottesdienst-in-doefering\/#primaryimage"},"thumbnailUrl":"https:\/\/www.kirche-sdh.de\/side\/wp-content\/uploads\/2018\/06\/IMG_20180610_103524.jpg","datePublished":"2018-06-10T11:17:57+00:00","dateModified":"2018-06-24T11:25:48+00:00","breadcrumb":{"@id":"https:\/\/www.kirche-sdh.de\/side\/familiengottesdienst-in-doefering\/#breadcrumb"},"inLanguage":"de","potentialAction":[{"@type":"ReadAction","target":["https:\/\/www.kirche-sdh.de\/side\/familiengottesdienst-in-doefering\/"]}]},{"@type":"ImageObject","inLanguage":"de","@id":"https:\/\/www.kirche-sdh.de\/side\/familiengottesdienst-in-doefering\/#primaryimage","url":"https:\/\/www.kirche-sdh.de\/side\/wp-content\/uploads\/2018\/06\/IMG_20180610_103524.jpg","contentUrl":"https:\/\/www.kirche-sdh.de\/side\/wp-content\/uploads\/2018\/06\/IMG_20180610_103524.jpg","width":1600,"height":1223},{"@type":"BreadcrumbList","@id":"https:\/\/www.kirche-sdh.de\/side\/familiengottesdienst-in-doefering\/#breadcrumb","itemListElement":[{"@type":"ListItem","position":1,"name":"Startseite","item":"https:\/\/www.kirche-sdh.de\/side\/"},{"@type":"ListItem","position":2,"name":"Familiengottesdienst in D\u00f6fering"}]},{"@type":"WebSite","@id":"https:\/\/www.kirche-sdh.de\/side\/#website","url":"https:\/\/www.kirche-sdh.de\/side\/","name":"Informationsseite und Seelsorgeeinheit","description":"Informationsseite und Seelsorgeeinheit","publisher":{"@id":"https:\/\/www.kirche-sdh.de\/side\/#organization"},"potentialAction":[{"@type":"SearchAction","target":{"@type":"EntryPoint","urlTemplate":"https:\/\/www.kirche-sdh.de\/side\/?s={search_term_string}"},"query-input":{"@type":"PropertyValueSpecification","valueRequired":true,"valueName":"search_term_string"}}],"inLanguage":"de"},{"@type":"Organization","@id":"https:\/\/www.kirche-sdh.de\/side\/#organization","name":"Informationsseite und Seelsorgeeinheit","url":"https:\/\/www.kirche-sdh.de\/side\/","logo":{"@type":"ImageObject","inLanguage":"de","@id":"https:\/\/www.kirche-sdh.de\/side\/#\/schema\/logo\/image\/","url":"https:\/\/www.kirche-sdh.de\/side\/wp-content\/uploads\/2017\/12\/kirche-logos.png","contentUrl":"https:\/\/www.kirche-sdh.de\/side\/wp-content\/uploads\/2017\/12\/kirche-logos.png","width":438,"height":191,"caption":"Informationsseite und Seelsorgeeinheit"},"image":{"@id":"https:\/\/www.kirche-sdh.de\/side\/#\/schema\/logo\/image\/"}},{"@type":"Person","@id":"https:\/\/www.kirche-sdh.de\/side\/#\/schema\/person\/03813c96da9249c1923a325c77818b1a","name":"Dirscherl","url":"https:\/\/www.kirche-sdh.de\/side\/author\/kirchesdh\/"}]}},"_links":{"self":[{"href":"https:\/\/www.kirche-sdh.de\/side\/wp-json\/wp\/v2\/posts\/4547","targetHints":{"allow":["GET"]}}],"collection":[{"href":"https:\/\/www.kirche-sdh.de\/side\/wp-json\/wp\/v2\/posts"}],"about":[{"href":"https:\/\/www.kirche-sdh.de\/side\/wp-json\/wp\/v2\/types\/post"}],"author":[{"embeddable":true,"href":"https:\/\/www.kirche-sdh.de\/side\/wp-json\/wp\/v2\/users\/1"}],"replies":[{"embeddable":true,"href":"https:\/\/www.kirche-sdh.de\/side\/wp-json\/wp\/v2\/comments?post=4547"}],"version-history":[{"count":0,"href":"https:\/\/www.kirche-sdh.de\/side\/wp-json\/wp\/v2\/posts\/4547\/revisions"}],"wp:featuredmedia":[{"embeddable":true,"href":"https:\/\/www.kirche-sdh.de\/side\/wp-json\/wp\/v2\/media\/4546"}],"wp:attachment":[{"href":"https:\/\/www.kirche-sdh.de\/side\/wp-json\/wp\/v2\/media?parent=4547"}],"wp:term":[{"taxonomy":"category","embeddable":true,"href":"https:\/\/www.kirche-sdh.de\/side\/wp-json\/wp\/v2\/categories?post=4547"},{"taxonomy":"post_tag","embeddable":true,"href":"https:\/\/www.kirche-sdh.de\/side\/wp-json\/wp\/v2\/tags?post=4547"}],"curies":[{"name":"wp","href":"https:\/\/api.w.org\/{rel}","templated":true}]}}