{"id":4146,"date":"2018-02-04T18:41:02","date_gmt":"2018-02-04T17:41:02","guid":{"rendered":"http:\/\/www.kirche-sdh.de\/side\/?p=4146"},"modified":"2018-03-18T13:08:41","modified_gmt":"2018-03-18T12:08:41","slug":"taufe-von-josef-daschner","status":"publish","type":"post","link":"https:\/\/www.kirche-sdh.de\/side\/taufe-von-josef-daschner\/","title":{"rendered":"Taufe von Josef Daschner"},"content":{"rendered":"<p><strong>Josef Daschner wie ein kleiner K\u00f6nig<\/strong><\/p>\n<p>Am vergangenen, leicht frostigen aber sonnigen Sonntag, empfing in der \u00a0Pfarrkirche St. \u00c4gidius zu D\u00f6fering Josef Daschner \u00a0das Sakrament der Taufe. Dazu begr\u00fc\u00dfte Pfarrer Alfons Eder die Eltern Christian und Maria Daschner aus Lixend\u00f6fering und die Taufgesellschaft zur Taufe ihres \u00a0S\u00f6hnes an der Kirchenpforte. Josef ist nach Johannes der zweite Sohn der Eheleute. Die Tauffeier wurde von Tante Barbara Zwicknagl mit Ehemann Rudi musikalisch umrahmt.<\/p>\n<p>Sowohl die Eltern als auch der stolze Pate, Martin Sch\u00fctz, erkl\u00e4rten sich anschlie\u00dfend bereit, Verantwortung und Verpflichtung im Sinne der Kirche zu \u00fcbernehmen. Josef solle seinen Platz in der Kirche finden und am Vorbild von Eltern und des Paten zum Glauben finden\u00a0 sowie ein anst\u00e4ndiger Mensch werden. Neben Pfarrer Eder segneten \u00a0die Eltern, der\u00a0 Pate und alle weitere Anwesenden den kleinen Josef \u00a0mit einem Kreuzzeichen auf der Stirn. Auf die Lesung folgten die pers\u00f6nlichen Worte des Geistlichen.<\/p>\n<p>Pfarrer Alfons Eder sagte zu Beginn, dass er in seiner Laufbahn erst dreimal auf den Namen Josef taufen durfte. W\u00e4hrend der Name Josef fr\u00fcher h\u00e4ufig anzutreffen war, ist er nun fast schon ein bisschen exotisch. Aufgrund der Beruftsverwandtschaft vom Heiligen Josef und Vater Christian passt dieser aber sehr gut. \u00a0Im Hinlick auf die bevorstehende Taufe sage Eder, dass Josef dann mit Chrisam gesalbt wird. Dieses Salben war fr\u00fcher nur den K\u00f6nigen vorbehalten und daher sehr besonders. \u00a0F\u00fcr Christus \u00a0gibt es aber keinen Unterschied zwischen den Menschen. Daher kann man sagen, dass jeder Mensch vor Gott wie ein kleiner K\u00f6nig ist.<\/p>\n<p>Als\u00a0 Namenspatron\u00a0 kommt der Hl. Josef \u00a0in Betacht. K\u00fcnftig wird \u00a0Josef \u00a0daher am 19. M\u00e4rz seinen Namenstag feiern k\u00f6nnen.<\/p>\n<p>Nach den \u00a0F\u00fcrbitten versammelten sich die Anwesenden im Altarraum am Taufbecken und der kleine Josef wurde mit heiligem Wasser getauft. Pfarrer Eder salbte ihn mit Chrisam und entz\u00fcndete die Taufkerze an der Osterkerze. Mit dem Effata Ruf bat er darum, dass Gott Ohren und Mund \u00f6ffnen wolle.<\/p>\n<p>&nbsp;<\/p>\n<p><img loading=\"lazy\" decoding=\"async\" src=\"http:\/\/www.kirche-sdh.de\/side\/wp-content\/uploads\/2018\/02\/taufe-josef-daschner.jpg\" alt=\"\" width=\"800\" height=\"457\" class=\"alignnone size-full wp-image-4147\" srcset=\"https:\/\/www.kirche-sdh.de\/side\/wp-content\/uploads\/2018\/02\/taufe-josef-daschner.jpg 800w, https:\/\/www.kirche-sdh.de\/side\/wp-content\/uploads\/2018\/02\/taufe-josef-daschner-300x171.jpg 300w, https:\/\/www.kirche-sdh.de\/side\/wp-content\/uploads\/2018\/02\/taufe-josef-daschner-768x439.jpg 768w\" sizes=\"auto, (max-width: 800px) 100vw, 800px\" \/><\/p>\n","protected":false},"excerpt":{"rendered":"<p>Josef Daschner wie ein kleiner K\u00f6nig Am vergangenen, leicht frostigen aber sonnigen Sonntag, empfing in der \u00a0Pfarrkirche St. \u00c4gidius zu D\u00f6fering Josef Daschner \u00a0das Sakrament der Taufe. Dazu begr\u00fc\u00dfte Pfarrer Alfons Eder die Eltern Christian und Maria Daschner aus Lixend\u00f6fering und die Taufgesellschaft zur Taufe ihres \u00a0S\u00f6hnes an der Kirchenpforte. [&hellip;]<\/p>\n","protected":false},"author":1,"featured_media":4147,"comment_status":"open","ping_status":"open","sticky":false,"template":"","format":"standard","meta":{"footnotes":""},"categories":[20],"tags":[],"class_list":["post-4146","post","type-post","status-publish","format-standard","has-post-thumbnail","hentry","category-doefering"],"yoast_head":"<!-- This site is optimized with the Yoast SEO plugin v27.4 - https:\/\/yoast.com\/product\/yoast-seo-wordpress\/ -->\n<title>Taufe von Josef Daschner - Informationsseite und Seelsorgeeinheit<\/title>\n<meta name=\"robots\" content=\"index, follow, max-snippet:-1, max-image-preview:large, max-video-preview:-1\" \/>\n<link rel=\"canonical\" href=\"https:\/\/www.kirche-sdh.de\/side\/taufe-von-josef-daschner\/\" \/>\n<meta property=\"og:locale\" content=\"de_DE\" \/>\n<meta property=\"og:type\" content=\"article\" \/>\n<meta property=\"og:title\" content=\"Taufe von Josef Daschner - Informationsseite und Seelsorgeeinheit\" \/>\n<meta property=\"og:description\" content=\"Josef Daschner wie ein kleiner K\u00f6nig Am vergangenen, leicht frostigen aber sonnigen Sonntag, empfing in der \u00a0Pfarrkirche St. \u00c4gidius zu D\u00f6fering Josef Daschner \u00a0das Sakrament der Taufe. Dazu begr\u00fc\u00dfte Pfarrer Alfons Eder die Eltern Christian und Maria Daschner aus Lixend\u00f6fering und die Taufgesellschaft zur Taufe ihres \u00a0S\u00f6hnes an der Kirchenpforte. [&hellip;]\" \/>\n<meta property=\"og:url\" content=\"https:\/\/www.kirche-sdh.de\/side\/taufe-von-josef-daschner\/\" \/>\n<meta property=\"og:site_name\" content=\"Informationsseite und Seelsorgeeinheit\" \/>\n<meta property=\"article:published_time\" content=\"2018-02-04T17:41:02+00:00\" \/>\n<meta property=\"article:modified_time\" content=\"2018-03-18T12:08:41+00:00\" \/>\n<meta property=\"og:image\" content=\"https:\/\/www.kirche-sdh.de\/side\/wp-content\/uploads\/2018\/02\/taufe-josef-daschner.jpg\" \/>\n\t<meta property=\"og:image:width\" content=\"800\" \/>\n\t<meta property=\"og:image:height\" content=\"457\" \/>\n\t<meta property=\"og:image:type\" content=\"image\/jpeg\" \/>\n<meta name=\"author\" content=\"Dirscherl\" \/>\n<meta name=\"twitter:card\" content=\"summary_large_image\" \/>\n<meta name=\"twitter:label1\" content=\"Verfasst von\" \/>\n\t<meta name=\"twitter:data1\" content=\"Dirscherl\" \/>\n\t<meta name=\"twitter:label2\" content=\"Gesch\u00e4tzte Lesezeit\" \/>\n\t<meta name=\"twitter:data2\" content=\"2\u00a0Minuten\" \/>\n<script type=\"application\/ld+json\" class=\"yoast-schema-graph\">{\"@context\":\"https:\\\/\\\/schema.org\",\"@graph\":[{\"@type\":\"Article\",\"@id\":\"https:\\\/\\\/www.kirche-sdh.de\\\/side\\\/taufe-von-josef-daschner\\\/#article\",\"isPartOf\":{\"@id\":\"https:\\\/\\\/www.kirche-sdh.de\\\/side\\\/taufe-von-josef-daschner\\\/\"},\"author\":{\"name\":\"Dirscherl\",\"@id\":\"https:\\\/\\\/www.kirche-sdh.de\\\/side\\\/#\\\/schema\\\/person\\\/03813c96da9249c1923a325c77818b1a\"},\"headline\":\"Taufe von Josef Daschner\",\"datePublished\":\"2018-02-04T17:41:02+00:00\",\"dateModified\":\"2018-03-18T12:08:41+00:00\",\"mainEntityOfPage\":{\"@id\":\"https:\\\/\\\/www.kirche-sdh.de\\\/side\\\/taufe-von-josef-daschner\\\/\"},\"wordCount\":340,\"commentCount\":0,\"publisher\":{\"@id\":\"https:\\\/\\\/www.kirche-sdh.de\\\/side\\\/#organization\"},\"image\":{\"@id\":\"https:\\\/\\\/www.kirche-sdh.de\\\/side\\\/taufe-von-josef-daschner\\\/#primaryimage\"},\"thumbnailUrl\":\"https:\\\/\\\/www.kirche-sdh.de\\\/side\\\/wp-content\\\/uploads\\\/2018\\\/02\\\/taufe-josef-daschner.jpg\",\"articleSection\":[\"D\u00f6fering\"],\"inLanguage\":\"de\"},{\"@type\":\"WebPage\",\"@id\":\"https:\\\/\\\/www.kirche-sdh.de\\\/side\\\/taufe-von-josef-daschner\\\/\",\"url\":\"https:\\\/\\\/www.kirche-sdh.de\\\/side\\\/taufe-von-josef-daschner\\\/\",\"name\":\"Taufe von Josef Daschner - Informationsseite und Seelsorgeeinheit\",\"isPartOf\":{\"@id\":\"https:\\\/\\\/www.kirche-sdh.de\\\/side\\\/#website\"},\"primaryImageOfPage\":{\"@id\":\"https:\\\/\\\/www.kirche-sdh.de\\\/side\\\/taufe-von-josef-daschner\\\/#primaryimage\"},\"image\":{\"@id\":\"https:\\\/\\\/www.kirche-sdh.de\\\/side\\\/taufe-von-josef-daschner\\\/#primaryimage\"},\"thumbnailUrl\":\"https:\\\/\\\/www.kirche-sdh.de\\\/side\\\/wp-content\\\/uploads\\\/2018\\\/02\\\/taufe-josef-daschner.jpg\",\"datePublished\":\"2018-02-04T17:41:02+00:00\",\"dateModified\":\"2018-03-18T12:08:41+00:00\",\"breadcrumb\":{\"@id\":\"https:\\\/\\\/www.kirche-sdh.de\\\/side\\\/taufe-von-josef-daschner\\\/#breadcrumb\"},\"inLanguage\":\"de\",\"potentialAction\":[{\"@type\":\"ReadAction\",\"target\":[\"https:\\\/\\\/www.kirche-sdh.de\\\/side\\\/taufe-von-josef-daschner\\\/\"]}]},{\"@type\":\"ImageObject\",\"inLanguage\":\"de\",\"@id\":\"https:\\\/\\\/www.kirche-sdh.de\\\/side\\\/taufe-von-josef-daschner\\\/#primaryimage\",\"url\":\"https:\\\/\\\/www.kirche-sdh.de\\\/side\\\/wp-content\\\/uploads\\\/2018\\\/02\\\/taufe-josef-daschner.jpg\",\"contentUrl\":\"https:\\\/\\\/www.kirche-sdh.de\\\/side\\\/wp-content\\\/uploads\\\/2018\\\/02\\\/taufe-josef-daschner.jpg\",\"width\":800,\"height\":457},{\"@type\":\"BreadcrumbList\",\"@id\":\"https:\\\/\\\/www.kirche-sdh.de\\\/side\\\/taufe-von-josef-daschner\\\/#breadcrumb\",\"itemListElement\":[{\"@type\":\"ListItem\",\"position\":1,\"name\":\"Startseite\",\"item\":\"https:\\\/\\\/www.kirche-sdh.de\\\/side\\\/\"},{\"@type\":\"ListItem\",\"position\":2,\"name\":\"Taufe von Josef Daschner\"}]},{\"@type\":\"WebSite\",\"@id\":\"https:\\\/\\\/www.kirche-sdh.de\\\/side\\\/#website\",\"url\":\"https:\\\/\\\/www.kirche-sdh.de\\\/side\\\/\",\"name\":\"Informationsseite und Seelsorgeeinheit\",\"description\":\"Informationsseite und Seelsorgeeinheit\",\"publisher\":{\"@id\":\"https:\\\/\\\/www.kirche-sdh.de\\\/side\\\/#organization\"},\"potentialAction\":[{\"@type\":\"SearchAction\",\"target\":{\"@type\":\"EntryPoint\",\"urlTemplate\":\"https:\\\/\\\/www.kirche-sdh.de\\\/side\\\/?s={search_term_string}\"},\"query-input\":{\"@type\":\"PropertyValueSpecification\",\"valueRequired\":true,\"valueName\":\"search_term_string\"}}],\"inLanguage\":\"de\"},{\"@type\":\"Organization\",\"@id\":\"https:\\\/\\\/www.kirche-sdh.de\\\/side\\\/#organization\",\"name\":\"Informationsseite und Seelsorgeeinheit\",\"url\":\"https:\\\/\\\/www.kirche-sdh.de\\\/side\\\/\",\"logo\":{\"@type\":\"ImageObject\",\"inLanguage\":\"de\",\"@id\":\"https:\\\/\\\/www.kirche-sdh.de\\\/side\\\/#\\\/schema\\\/logo\\\/image\\\/\",\"url\":\"https:\\\/\\\/www.kirche-sdh.de\\\/side\\\/wp-content\\\/uploads\\\/2017\\\/12\\\/kirche-logos.png\",\"contentUrl\":\"https:\\\/\\\/www.kirche-sdh.de\\\/side\\\/wp-content\\\/uploads\\\/2017\\\/12\\\/kirche-logos.png\",\"width\":438,\"height\":191,\"caption\":\"Informationsseite und Seelsorgeeinheit\"},\"image\":{\"@id\":\"https:\\\/\\\/www.kirche-sdh.de\\\/side\\\/#\\\/schema\\\/logo\\\/image\\\/\"}},{\"@type\":\"Person\",\"@id\":\"https:\\\/\\\/www.kirche-sdh.de\\\/side\\\/#\\\/schema\\\/person\\\/03813c96da9249c1923a325c77818b1a\",\"name\":\"Dirscherl\",\"url\":\"https:\\\/\\\/www.kirche-sdh.de\\\/side\\\/author\\\/kirchesdh\\\/\"}]}<\/script>\n<!-- \/ Yoast SEO plugin. -->","yoast_head_json":{"title":"Taufe von Josef Daschner - Informationsseite und Seelsorgeeinheit","robots":{"index":"index","follow":"follow","max-snippet":"max-snippet:-1","max-image-preview":"max-image-preview:large","max-video-preview":"max-video-preview:-1"},"canonical":"https:\/\/www.kirche-sdh.de\/side\/taufe-von-josef-daschner\/","og_locale":"de_DE","og_type":"article","og_title":"Taufe von Josef Daschner - Informationsseite und Seelsorgeeinheit","og_description":"Josef Daschner wie ein kleiner K\u00f6nig Am vergangenen, leicht frostigen aber sonnigen Sonntag, empfing in der \u00a0Pfarrkirche St. \u00c4gidius zu D\u00f6fering Josef Daschner \u00a0das Sakrament der Taufe. Dazu begr\u00fc\u00dfte Pfarrer Alfons Eder die Eltern Christian und Maria Daschner aus Lixend\u00f6fering und die Taufgesellschaft zur Taufe ihres \u00a0S\u00f6hnes an der Kirchenpforte. [&hellip;]","og_url":"https:\/\/www.kirche-sdh.de\/side\/taufe-von-josef-daschner\/","og_site_name":"Informationsseite und Seelsorgeeinheit","article_published_time":"2018-02-04T17:41:02+00:00","article_modified_time":"2018-03-18T12:08:41+00:00","og_image":[{"width":800,"height":457,"url":"https:\/\/www.kirche-sdh.de\/side\/wp-content\/uploads\/2018\/02\/taufe-josef-daschner.jpg","type":"image\/jpeg"}],"author":"Dirscherl","twitter_card":"summary_large_image","twitter_misc":{"Verfasst von":"Dirscherl","Gesch\u00e4tzte Lesezeit":"2\u00a0Minuten"},"schema":{"@context":"https:\/\/schema.org","@graph":[{"@type":"Article","@id":"https:\/\/www.kirche-sdh.de\/side\/taufe-von-josef-daschner\/#article","isPartOf":{"@id":"https:\/\/www.kirche-sdh.de\/side\/taufe-von-josef-daschner\/"},"author":{"name":"Dirscherl","@id":"https:\/\/www.kirche-sdh.de\/side\/#\/schema\/person\/03813c96da9249c1923a325c77818b1a"},"headline":"Taufe von Josef Daschner","datePublished":"2018-02-04T17:41:02+00:00","dateModified":"2018-03-18T12:08:41+00:00","mainEntityOfPage":{"@id":"https:\/\/www.kirche-sdh.de\/side\/taufe-von-josef-daschner\/"},"wordCount":340,"commentCount":0,"publisher":{"@id":"https:\/\/www.kirche-sdh.de\/side\/#organization"},"image":{"@id":"https:\/\/www.kirche-sdh.de\/side\/taufe-von-josef-daschner\/#primaryimage"},"thumbnailUrl":"https:\/\/www.kirche-sdh.de\/side\/wp-content\/uploads\/2018\/02\/taufe-josef-daschner.jpg","articleSection":["D\u00f6fering"],"inLanguage":"de"},{"@type":"WebPage","@id":"https:\/\/www.kirche-sdh.de\/side\/taufe-von-josef-daschner\/","url":"https:\/\/www.kirche-sdh.de\/side\/taufe-von-josef-daschner\/","name":"Taufe von Josef Daschner - Informationsseite und Seelsorgeeinheit","isPartOf":{"@id":"https:\/\/www.kirche-sdh.de\/side\/#website"},"primaryImageOfPage":{"@id":"https:\/\/www.kirche-sdh.de\/side\/taufe-von-josef-daschner\/#primaryimage"},"image":{"@id":"https:\/\/www.kirche-sdh.de\/side\/taufe-von-josef-daschner\/#primaryimage"},"thumbnailUrl":"https:\/\/www.kirche-sdh.de\/side\/wp-content\/uploads\/2018\/02\/taufe-josef-daschner.jpg","datePublished":"2018-02-04T17:41:02+00:00","dateModified":"2018-03-18T12:08:41+00:00","breadcrumb":{"@id":"https:\/\/www.kirche-sdh.de\/side\/taufe-von-josef-daschner\/#breadcrumb"},"inLanguage":"de","potentialAction":[{"@type":"ReadAction","target":["https:\/\/www.kirche-sdh.de\/side\/taufe-von-josef-daschner\/"]}]},{"@type":"ImageObject","inLanguage":"de","@id":"https:\/\/www.kirche-sdh.de\/side\/taufe-von-josef-daschner\/#primaryimage","url":"https:\/\/www.kirche-sdh.de\/side\/wp-content\/uploads\/2018\/02\/taufe-josef-daschner.jpg","contentUrl":"https:\/\/www.kirche-sdh.de\/side\/wp-content\/uploads\/2018\/02\/taufe-josef-daschner.jpg","width":800,"height":457},{"@type":"BreadcrumbList","@id":"https:\/\/www.kirche-sdh.de\/side\/taufe-von-josef-daschner\/#breadcrumb","itemListElement":[{"@type":"ListItem","position":1,"name":"Startseite","item":"https:\/\/www.kirche-sdh.de\/side\/"},{"@type":"ListItem","position":2,"name":"Taufe von Josef Daschner"}]},{"@type":"WebSite","@id":"https:\/\/www.kirche-sdh.de\/side\/#website","url":"https:\/\/www.kirche-sdh.de\/side\/","name":"Informationsseite und Seelsorgeeinheit","description":"Informationsseite und Seelsorgeeinheit","publisher":{"@id":"https:\/\/www.kirche-sdh.de\/side\/#organization"},"potentialAction":[{"@type":"SearchAction","target":{"@type":"EntryPoint","urlTemplate":"https:\/\/www.kirche-sdh.de\/side\/?s={search_term_string}"},"query-input":{"@type":"PropertyValueSpecification","valueRequired":true,"valueName":"search_term_string"}}],"inLanguage":"de"},{"@type":"Organization","@id":"https:\/\/www.kirche-sdh.de\/side\/#organization","name":"Informationsseite und Seelsorgeeinheit","url":"https:\/\/www.kirche-sdh.de\/side\/","logo":{"@type":"ImageObject","inLanguage":"de","@id":"https:\/\/www.kirche-sdh.de\/side\/#\/schema\/logo\/image\/","url":"https:\/\/www.kirche-sdh.de\/side\/wp-content\/uploads\/2017\/12\/kirche-logos.png","contentUrl":"https:\/\/www.kirche-sdh.de\/side\/wp-content\/uploads\/2017\/12\/kirche-logos.png","width":438,"height":191,"caption":"Informationsseite und Seelsorgeeinheit"},"image":{"@id":"https:\/\/www.kirche-sdh.de\/side\/#\/schema\/logo\/image\/"}},{"@type":"Person","@id":"https:\/\/www.kirche-sdh.de\/side\/#\/schema\/person\/03813c96da9249c1923a325c77818b1a","name":"Dirscherl","url":"https:\/\/www.kirche-sdh.de\/side\/author\/kirchesdh\/"}]}},"_links":{"self":[{"href":"https:\/\/www.kirche-sdh.de\/side\/wp-json\/wp\/v2\/posts\/4146","targetHints":{"allow":["GET"]}}],"collection":[{"href":"https:\/\/www.kirche-sdh.de\/side\/wp-json\/wp\/v2\/posts"}],"about":[{"href":"https:\/\/www.kirche-sdh.de\/side\/wp-json\/wp\/v2\/types\/post"}],"author":[{"embeddable":true,"href":"https:\/\/www.kirche-sdh.de\/side\/wp-json\/wp\/v2\/users\/1"}],"replies":[{"embeddable":true,"href":"https:\/\/www.kirche-sdh.de\/side\/wp-json\/wp\/v2\/comments?post=4146"}],"version-history":[{"count":0,"href":"https:\/\/www.kirche-sdh.de\/side\/wp-json\/wp\/v2\/posts\/4146\/revisions"}],"wp:featuredmedia":[{"embeddable":true,"href":"https:\/\/www.kirche-sdh.de\/side\/wp-json\/wp\/v2\/media\/4147"}],"wp:attachment":[{"href":"https:\/\/www.kirche-sdh.de\/side\/wp-json\/wp\/v2\/media?parent=4146"}],"wp:term":[{"taxonomy":"category","embeddable":true,"href":"https:\/\/www.kirche-sdh.de\/side\/wp-json\/wp\/v2\/categories?post=4146"},{"taxonomy":"post_tag","embeddable":true,"href":"https:\/\/www.kirche-sdh.de\/side\/wp-json\/wp\/v2\/tags?post=4146"}],"curies":[{"name":"wp","href":"https:\/\/api.w.org\/{rel}","templated":true}]}}