{"id":4136,"date":"2018-02-03T17:47:47","date_gmt":"2018-02-03T16:47:47","guid":{"rendered":"http:\/\/www.kirche-sdh.de\/side\/?p=4136"},"modified":"2018-03-04T19:22:52","modified_gmt":"2018-03-04T18:22:52","slug":"helferessen-2018-der-pfarrei-doefering","status":"publish","type":"post","link":"https:\/\/www.kirche-sdh.de\/side\/helferessen-2018-der-pfarrei-doefering\/","title":{"rendered":"Helferessen 2018 der Pfarrei D\u00f6fering"},"content":{"rendered":"<p><strong>Pfarrei D\u00f6fering dankte ihren Helfern<\/strong><\/p>\n<p>Als kleine Anerkennung f\u00fcr die geleisteten Dienste lud die Pfarrei D\u00f6fering ihre Helfer im Gasthaus Eisenrieth zum Essen ein und Pfarrer Alfons Eder durfte die Anwesenden auf das Herzlichste begr\u00fc\u00dfen. Alle Erschienene \u00a0tragen das ganze Jahr \u00fcber dazu bei, dass die Pfarrei D\u00f6fering so gut funktioniert, so der Geistliche.<\/p>\n<p>Nach dem gemeinsamen Essen und ein paar St\u00fccken von der gut aufgelegten D\u00f6feringer Blaskapelle gab es von Roland Dirscherl vom Pfarrgemeinderat wieder eine Diaschau mit den Bildern aus dem vergangenen Jahr von einer \u00e4u\u00dferst lebendigen Pfarrei. Denn in D\u00f6fering war wieder einiges los. Der \u00a0Beginn es Jahres 2017 stand wieder unter dem Zeichnen der Sternsinger und des Helferessens 2017. Im Februar stellten sich die diesj\u00e4hrigen Kommunionkinder vor und es fand ein Familienfaschingsgottesdienst statt. Im M\u00e4rz fand wieder das schon fast traditionielle Fastensuppenessen im Pfarrheim statt. Der Erl\u00f6s ging an den Verein FiliPa e.V. der sich auf den Philipinen sozial f\u00fcr minderbemittelte Kinder engagiert. Im April betete man den Kreuzweg der Seelsorgeeinheit an der Hussenbierlkapelle. Des Weiteen fand die gemeinsame Feier der Hl. Kommunion der Kinder aus D\u00f6fering und Sch\u00f6nthal statt. Ein altes Gel\u00fcbbte unserer Vorfahren wurde im am letzten Samstag im Mai mit dem Bittgang nach Ast eingel\u00f6st. An der Fronleichnamsprozession, welche bei strahlendem Sonnenschein stattfand nahmen im Juni wieder zahlreiche \u00f6rtliche Vereine und die Kommunionkinder teil. Im September wurden dann die neuen Ministranten aufgenommen. Des Weiteren wurden mit Lena Dirscherl, Aaron Hausladen sowie Selina und Fabian Schuster verabschiedet. Mit dem Ausscheinden von Lena Dirscherl musste auch die Stelle der Oberministrantin neu vergeben werden. Daher wurde ihre Schwester, Anna Dirscherl, als neue Oberminstrantin vorgestellt. Im Oktober studierte dann wieder Johanna Kumschier vom Pfarrgemeinderat mit den Kinder Gedanken f\u00fcr den Erntedank Gottesdienst ein. Im Oktober lud der Pfarrgemeinderat dann wieder Paare zur Feier der Ehejubilare ins Pfarrheim zu einem kurzweiligen Abend in entspannte Atmosph\u00e4re ein. Im November wurden dann im Rahmen des Putzkr\u00e4nzchens an die Gr\u00fcnderzeit dieser Runde von 30 Jahren gedacht. D\u00f6feringer Frauen haben sich seit dieser Zeit gemeinsam der Reinigung der Pfarrkirche St. \u00c4gidius angenommen. Im Rahmen der der Katholischen Erwachsenen Bildung organisierte Roland Dirscherl vom Pfarrgemeinderat mit den Vorsitzenden des Vereins FiliPa e.V. Anna Hastreiter und Thomas A. Gruber einen Vortragsabend \u00fcber das Engagement dieser Organisation auf den Phillipinen. Im November wurden dann der Toten der beiden Weltkriege am Kriegerdenkmal gedacht. Im November verkauften dann die Jugendenlichen der KLJB D\u00f6fering wieder selbstgestaltete Adventskr\u00e4nze.\u00a0 Im Dezember fand dann wieder ein Familiengottesdienst, welcher von den Kindern gestaltet wurde, statt. Zum Jahresende gabe es dann wieder die Kinderkrippenfeier sowie die Waldweihnacht der KLB sowie die Aussendung der Sternsinger.<\/p>\n<p>\u00dcber das Jahr hinweg gab es zus\u00e4tzlich \u00a02 Eheschie\u00dfungen, 4 Taufen, 5 Sterbef\u00e4lle aber auch 1 Kirchenaustritt.<\/p>\n<p>Im Rahmen der Veranstaltung wurde nicht zuletzt das Engagement von Frau Maria Schneider, zusammen mit ihren Helfern, f\u00fcr die Senioren in den vergangenen 30 Jahren gew\u00fcrdigt. D\u00f6fering darf sich gl\u00fccklich sch\u00e4tzen, dass sich dadurch um die\u00a0 \u00e4ltere Generation gek\u00fcmmert wird. Das ganze Jahr \u00fcber kommt man zu verschiedensten Anl\u00e4ssen zusammen und verbringt ein paar fr\u00f6hliche, aber auch besinnliche Stunden. Die Senioren sch\u00e4tzen dabei auch die hervorragenden M\u00f6glichkeites des Pfarrheims und ziehen die gemeinsamen Stunden hier einer oft beschwerlichen Besichtigungsfahrt vor.<\/p>\n<p>&nbsp;<\/p>\n<p>Das Jahr 2018 warf aber auch seine Schatten voraus. So wurde Ende Januar die neue Homepage der Seelsorgeeinheit Sch\u00f6nthal-D\u00f6fering-Hiltersried <a href=\"http:\/\/www.kirche-sdh.de\">www.kirche-sdh.de<\/a> im Rahmen des D\u00f6feringern Helferessens vorgestellt. Mit Andreas Mauerer konnte hier f\u00fcr die Gestaltung ein kompetenter Partner gefunden werden. Im Februar \u00a0findet dann die Neuwahl des Pfarrgemeinderates statt. Erfreulicher Weise\u00a0 fanden sich zahlreiche Kandidaten. Des Weiteren steht im November die Neuwahl der Kirchenverwaltung auf dem Programm. Die Ministranten fiebern schon aufgeregt der Romwallfahrt der Di\u00f6zese Regensburg entgegen, zu welcher sie sich angemeldet haben.<\/p>\n<p>Auch wird sich die\u00a0langj\u00e4jhrige Pfarrsekret\u00e4rin Christa Baier in den Ruhestand verabschieden. Die freiwerdende Stelle konnte vorab mit Silvia Scheck neu besetzt werden.<\/p>\n<p><img loading=\"lazy\" decoding=\"async\" src=\"http:\/\/www.kirche-sdh.de\/side\/wp-content\/uploads\/2018\/02\/P1340677-1024x822.jpg\" alt=\"\" width=\"750\" height=\"602\" class=\"alignnone size-large wp-image-4137\" style=\"color: #3c4858; font-size: 14px;\" srcset=\"https:\/\/www.kirche-sdh.de\/side\/wp-content\/uploads\/2018\/02\/P1340677.jpg 1024w, https:\/\/www.kirche-sdh.de\/side\/wp-content\/uploads\/2018\/02\/P1340677-300x241.jpg 300w, https:\/\/www.kirche-sdh.de\/side\/wp-content\/uploads\/2018\/02\/P1340677-768x617.jpg 768w\" sizes=\"auto, (max-width: 750px) 100vw, 750px\" \/><\/p>\n<p>Maria Schneider wurde stellvertretend f\u00fcr den D\u00f6feringer Seniorenkreis geehrt.<\/p>\n<p><img loading=\"lazy\" decoding=\"async\" src=\"http:\/\/www.kirche-sdh.de\/side\/wp-content\/uploads\/2018\/02\/IMG_20180126_203228-1024x768.jpg\" alt=\"\" width=\"750\" height=\"563\" class=\"alignnone size-large wp-image-4138\" srcset=\"https:\/\/www.kirche-sdh.de\/side\/wp-content\/uploads\/2018\/02\/IMG_20180126_203228.jpg 1024w, https:\/\/www.kirche-sdh.de\/side\/wp-content\/uploads\/2018\/02\/IMG_20180126_203228-300x225.jpg 300w, https:\/\/www.kirche-sdh.de\/side\/wp-content\/uploads\/2018\/02\/IMG_20180126_203228-768x576.jpg 768w\" sizes=\"auto, (max-width: 750px) 100vw, 750px\" \/><\/p>\n<p><img loading=\"lazy\" decoding=\"async\" src=\"http:\/\/www.kirche-sdh.de\/side\/wp-content\/uploads\/2018\/02\/IMG_20180126_203813-1024x768.jpg\" alt=\"\" width=\"750\" height=\"563\" class=\"alignnone size-large wp-image-4139\" srcset=\"https:\/\/www.kirche-sdh.de\/side\/wp-content\/uploads\/2018\/02\/IMG_20180126_203813.jpg 1024w, https:\/\/www.kirche-sdh.de\/side\/wp-content\/uploads\/2018\/02\/IMG_20180126_203813-300x225.jpg 300w, https:\/\/www.kirche-sdh.de\/side\/wp-content\/uploads\/2018\/02\/IMG_20180126_203813-768x576.jpg 768w\" sizes=\"auto, (max-width: 750px) 100vw, 750px\" \/><img loading=\"lazy\" decoding=\"async\" src=\"http:\/\/www.kirche-sdh.de\/side\/wp-content\/uploads\/2018\/02\/P1340669-1024x556.jpg\" alt=\"\" width=\"750\" height=\"407\" class=\"alignnone size-large wp-image-4140\" style=\"color: #3c4858; font-size: 14px;\" srcset=\"https:\/\/www.kirche-sdh.de\/side\/wp-content\/uploads\/2018\/02\/P1340669.jpg 1024w, https:\/\/www.kirche-sdh.de\/side\/wp-content\/uploads\/2018\/02\/P1340669-300x163.jpg 300w, https:\/\/www.kirche-sdh.de\/side\/wp-content\/uploads\/2018\/02\/P1340669-768x417.jpg 768w\" sizes=\"auto, (max-width: 750px) 100vw, 750px\" \/>\u00a0<img loading=\"lazy\" decoding=\"async\" src=\"http:\/\/www.kirche-sdh.de\/side\/wp-content\/uploads\/2018\/02\/P1340670-1024x768.jpg\" alt=\"\" width=\"750\" height=\"563\" class=\"alignnone size-large wp-image-4141\" srcset=\"https:\/\/www.kirche-sdh.de\/side\/wp-content\/uploads\/2018\/02\/P1340670.jpg 1024w, https:\/\/www.kirche-sdh.de\/side\/wp-content\/uploads\/2018\/02\/P1340670-300x225.jpg 300w, https:\/\/www.kirche-sdh.de\/side\/wp-content\/uploads\/2018\/02\/P1340670-768x576.jpg 768w\" sizes=\"auto, (max-width: 750px) 100vw, 750px\" \/> <img loading=\"lazy\" decoding=\"async\" src=\"http:\/\/www.kirche-sdh.de\/side\/wp-content\/uploads\/2018\/02\/P1340673-1024x604.jpg\" alt=\"\" width=\"750\" height=\"442\" class=\"alignnone size-large wp-image-4142\" srcset=\"https:\/\/www.kirche-sdh.de\/side\/wp-content\/uploads\/2018\/02\/P1340673.jpg 1024w, https:\/\/www.kirche-sdh.de\/side\/wp-content\/uploads\/2018\/02\/P1340673-300x177.jpg 300w, https:\/\/www.kirche-sdh.de\/side\/wp-content\/uploads\/2018\/02\/P1340673-768x453.jpg 768w\" sizes=\"auto, (max-width: 750px) 100vw, 750px\" \/> <img loading=\"lazy\" decoding=\"async\" src=\"http:\/\/www.kirche-sdh.de\/side\/wp-content\/uploads\/2018\/02\/P1340675-1024x768.jpg\" alt=\"\" width=\"750\" height=\"563\" class=\"alignnone size-large wp-image-4143\" srcset=\"https:\/\/www.kirche-sdh.de\/side\/wp-content\/uploads\/2018\/02\/P1340675.jpg 1024w, https:\/\/www.kirche-sdh.de\/side\/wp-content\/uploads\/2018\/02\/P1340675-300x225.jpg 300w, https:\/\/www.kirche-sdh.de\/side\/wp-content\/uploads\/2018\/02\/P1340675-768x576.jpg 768w\" sizes=\"auto, (max-width: 750px) 100vw, 750px\" \/><\/p>\n","protected":false},"excerpt":{"rendered":"<p>Pfarrei D\u00f6fering dankte ihren Helfern Als kleine Anerkennung f\u00fcr die geleisteten Dienste lud die Pfarrei D\u00f6fering ihre Helfer im Gasthaus Eisenrieth zum Essen ein und Pfarrer Alfons Eder durfte die Anwesenden auf das Herzlichste begr\u00fc\u00dfen. Alle Erschienene \u00a0tragen das ganze Jahr \u00fcber dazu bei, dass die Pfarrei D\u00f6fering so gut [&hellip;]<\/p>\n","protected":false},"author":1,"featured_media":4137,"comment_status":"open","ping_status":"open","sticky":false,"template":"","format":"standard","meta":{"footnotes":""},"categories":[20],"tags":[],"class_list":["post-4136","post","type-post","status-publish","format-standard","has-post-thumbnail","hentry","category-doefering"],"yoast_head":"<!-- This site is optimized with the Yoast SEO plugin v27.4 - https:\/\/yoast.com\/product\/yoast-seo-wordpress\/ -->\n<title>Helferessen 2018 der Pfarrei D\u00f6fering - Informationsseite und Seelsorgeeinheit<\/title>\n<meta name=\"robots\" content=\"index, follow, max-snippet:-1, max-image-preview:large, max-video-preview:-1\" \/>\n<link rel=\"canonical\" href=\"https:\/\/www.kirche-sdh.de\/side\/helferessen-2018-der-pfarrei-doefering\/\" \/>\n<meta property=\"og:locale\" content=\"de_DE\" \/>\n<meta property=\"og:type\" content=\"article\" \/>\n<meta property=\"og:title\" content=\"Helferessen 2018 der Pfarrei D\u00f6fering - Informationsseite und Seelsorgeeinheit\" \/>\n<meta property=\"og:description\" content=\"Pfarrei D\u00f6fering dankte ihren Helfern Als kleine Anerkennung f\u00fcr die geleisteten Dienste lud die Pfarrei D\u00f6fering ihre Helfer im Gasthaus Eisenrieth zum Essen ein und Pfarrer Alfons Eder durfte die Anwesenden auf das Herzlichste begr\u00fc\u00dfen. Alle Erschienene \u00a0tragen das ganze Jahr \u00fcber dazu bei, dass die Pfarrei D\u00f6fering so gut [&hellip;]\" \/>\n<meta property=\"og:url\" content=\"https:\/\/www.kirche-sdh.de\/side\/helferessen-2018-der-pfarrei-doefering\/\" \/>\n<meta property=\"og:site_name\" content=\"Informationsseite und Seelsorgeeinheit\" \/>\n<meta property=\"article:published_time\" content=\"2018-02-03T16:47:47+00:00\" \/>\n<meta property=\"article:modified_time\" content=\"2018-03-04T18:22:52+00:00\" \/>\n<meta property=\"og:image\" content=\"https:\/\/www.kirche-sdh.de\/side\/wp-content\/uploads\/2018\/02\/P1340677.jpg\" \/>\n\t<meta property=\"og:image:width\" content=\"1024\" \/>\n\t<meta property=\"og:image:height\" content=\"822\" \/>\n\t<meta property=\"og:image:type\" content=\"image\/jpeg\" \/>\n<meta name=\"author\" content=\"Dirscherl\" \/>\n<meta name=\"twitter:card\" content=\"summary_large_image\" \/>\n<meta name=\"twitter:label1\" content=\"Verfasst von\" \/>\n\t<meta name=\"twitter:data1\" content=\"Dirscherl\" \/>\n\t<meta name=\"twitter:label2\" content=\"Gesch\u00e4tzte Lesezeit\" \/>\n\t<meta name=\"twitter:data2\" content=\"3\u00a0Minuten\" \/>\n<script type=\"application\/ld+json\" class=\"yoast-schema-graph\">{\"@context\":\"https:\\\/\\\/schema.org\",\"@graph\":[{\"@type\":\"Article\",\"@id\":\"https:\\\/\\\/www.kirche-sdh.de\\\/side\\\/helferessen-2018-der-pfarrei-doefering\\\/#article\",\"isPartOf\":{\"@id\":\"https:\\\/\\\/www.kirche-sdh.de\\\/side\\\/helferessen-2018-der-pfarrei-doefering\\\/\"},\"author\":{\"name\":\"Dirscherl\",\"@id\":\"https:\\\/\\\/www.kirche-sdh.de\\\/side\\\/#\\\/schema\\\/person\\\/03813c96da9249c1923a325c77818b1a\"},\"headline\":\"Helferessen 2018 der Pfarrei D\u00f6fering\",\"datePublished\":\"2018-02-03T16:47:47+00:00\",\"dateModified\":\"2018-03-04T18:22:52+00:00\",\"mainEntityOfPage\":{\"@id\":\"https:\\\/\\\/www.kirche-sdh.de\\\/side\\\/helferessen-2018-der-pfarrei-doefering\\\/\"},\"wordCount\":690,\"commentCount\":0,\"publisher\":{\"@id\":\"https:\\\/\\\/www.kirche-sdh.de\\\/side\\\/#organization\"},\"image\":{\"@id\":\"https:\\\/\\\/www.kirche-sdh.de\\\/side\\\/helferessen-2018-der-pfarrei-doefering\\\/#primaryimage\"},\"thumbnailUrl\":\"https:\\\/\\\/www.kirche-sdh.de\\\/side\\\/wp-content\\\/uploads\\\/2018\\\/02\\\/P1340677.jpg\",\"articleSection\":[\"D\u00f6fering\"],\"inLanguage\":\"de\"},{\"@type\":\"WebPage\",\"@id\":\"https:\\\/\\\/www.kirche-sdh.de\\\/side\\\/helferessen-2018-der-pfarrei-doefering\\\/\",\"url\":\"https:\\\/\\\/www.kirche-sdh.de\\\/side\\\/helferessen-2018-der-pfarrei-doefering\\\/\",\"name\":\"Helferessen 2018 der Pfarrei D\u00f6fering - Informationsseite und Seelsorgeeinheit\",\"isPartOf\":{\"@id\":\"https:\\\/\\\/www.kirche-sdh.de\\\/side\\\/#website\"},\"primaryImageOfPage\":{\"@id\":\"https:\\\/\\\/www.kirche-sdh.de\\\/side\\\/helferessen-2018-der-pfarrei-doefering\\\/#primaryimage\"},\"image\":{\"@id\":\"https:\\\/\\\/www.kirche-sdh.de\\\/side\\\/helferessen-2018-der-pfarrei-doefering\\\/#primaryimage\"},\"thumbnailUrl\":\"https:\\\/\\\/www.kirche-sdh.de\\\/side\\\/wp-content\\\/uploads\\\/2018\\\/02\\\/P1340677.jpg\",\"datePublished\":\"2018-02-03T16:47:47+00:00\",\"dateModified\":\"2018-03-04T18:22:52+00:00\",\"breadcrumb\":{\"@id\":\"https:\\\/\\\/www.kirche-sdh.de\\\/side\\\/helferessen-2018-der-pfarrei-doefering\\\/#breadcrumb\"},\"inLanguage\":\"de\",\"potentialAction\":[{\"@type\":\"ReadAction\",\"target\":[\"https:\\\/\\\/www.kirche-sdh.de\\\/side\\\/helferessen-2018-der-pfarrei-doefering\\\/\"]}]},{\"@type\":\"ImageObject\",\"inLanguage\":\"de\",\"@id\":\"https:\\\/\\\/www.kirche-sdh.de\\\/side\\\/helferessen-2018-der-pfarrei-doefering\\\/#primaryimage\",\"url\":\"https:\\\/\\\/www.kirche-sdh.de\\\/side\\\/wp-content\\\/uploads\\\/2018\\\/02\\\/P1340677.jpg\",\"contentUrl\":\"https:\\\/\\\/www.kirche-sdh.de\\\/side\\\/wp-content\\\/uploads\\\/2018\\\/02\\\/P1340677.jpg\",\"width\":1024,\"height\":822},{\"@type\":\"BreadcrumbList\",\"@id\":\"https:\\\/\\\/www.kirche-sdh.de\\\/side\\\/helferessen-2018-der-pfarrei-doefering\\\/#breadcrumb\",\"itemListElement\":[{\"@type\":\"ListItem\",\"position\":1,\"name\":\"Startseite\",\"item\":\"https:\\\/\\\/www.kirche-sdh.de\\\/side\\\/\"},{\"@type\":\"ListItem\",\"position\":2,\"name\":\"Helferessen 2018 der Pfarrei D\u00f6fering\"}]},{\"@type\":\"WebSite\",\"@id\":\"https:\\\/\\\/www.kirche-sdh.de\\\/side\\\/#website\",\"url\":\"https:\\\/\\\/www.kirche-sdh.de\\\/side\\\/\",\"name\":\"Informationsseite und Seelsorgeeinheit\",\"description\":\"Informationsseite und Seelsorgeeinheit\",\"publisher\":{\"@id\":\"https:\\\/\\\/www.kirche-sdh.de\\\/side\\\/#organization\"},\"potentialAction\":[{\"@type\":\"SearchAction\",\"target\":{\"@type\":\"EntryPoint\",\"urlTemplate\":\"https:\\\/\\\/www.kirche-sdh.de\\\/side\\\/?s={search_term_string}\"},\"query-input\":{\"@type\":\"PropertyValueSpecification\",\"valueRequired\":true,\"valueName\":\"search_term_string\"}}],\"inLanguage\":\"de\"},{\"@type\":\"Organization\",\"@id\":\"https:\\\/\\\/www.kirche-sdh.de\\\/side\\\/#organization\",\"name\":\"Informationsseite und Seelsorgeeinheit\",\"url\":\"https:\\\/\\\/www.kirche-sdh.de\\\/side\\\/\",\"logo\":{\"@type\":\"ImageObject\",\"inLanguage\":\"de\",\"@id\":\"https:\\\/\\\/www.kirche-sdh.de\\\/side\\\/#\\\/schema\\\/logo\\\/image\\\/\",\"url\":\"https:\\\/\\\/www.kirche-sdh.de\\\/side\\\/wp-content\\\/uploads\\\/2017\\\/12\\\/kirche-logos.png\",\"contentUrl\":\"https:\\\/\\\/www.kirche-sdh.de\\\/side\\\/wp-content\\\/uploads\\\/2017\\\/12\\\/kirche-logos.png\",\"width\":438,\"height\":191,\"caption\":\"Informationsseite und Seelsorgeeinheit\"},\"image\":{\"@id\":\"https:\\\/\\\/www.kirche-sdh.de\\\/side\\\/#\\\/schema\\\/logo\\\/image\\\/\"}},{\"@type\":\"Person\",\"@id\":\"https:\\\/\\\/www.kirche-sdh.de\\\/side\\\/#\\\/schema\\\/person\\\/03813c96da9249c1923a325c77818b1a\",\"name\":\"Dirscherl\",\"url\":\"https:\\\/\\\/www.kirche-sdh.de\\\/side\\\/author\\\/kirchesdh\\\/\"}]}<\/script>\n<!-- \/ Yoast SEO plugin. -->","yoast_head_json":{"title":"Helferessen 2018 der Pfarrei D\u00f6fering - Informationsseite und Seelsorgeeinheit","robots":{"index":"index","follow":"follow","max-snippet":"max-snippet:-1","max-image-preview":"max-image-preview:large","max-video-preview":"max-video-preview:-1"},"canonical":"https:\/\/www.kirche-sdh.de\/side\/helferessen-2018-der-pfarrei-doefering\/","og_locale":"de_DE","og_type":"article","og_title":"Helferessen 2018 der Pfarrei D\u00f6fering - Informationsseite und Seelsorgeeinheit","og_description":"Pfarrei D\u00f6fering dankte ihren Helfern Als kleine Anerkennung f\u00fcr die geleisteten Dienste lud die Pfarrei D\u00f6fering ihre Helfer im Gasthaus Eisenrieth zum Essen ein und Pfarrer Alfons Eder durfte die Anwesenden auf das Herzlichste begr\u00fc\u00dfen. Alle Erschienene \u00a0tragen das ganze Jahr \u00fcber dazu bei, dass die Pfarrei D\u00f6fering so gut [&hellip;]","og_url":"https:\/\/www.kirche-sdh.de\/side\/helferessen-2018-der-pfarrei-doefering\/","og_site_name":"Informationsseite und Seelsorgeeinheit","article_published_time":"2018-02-03T16:47:47+00:00","article_modified_time":"2018-03-04T18:22:52+00:00","og_image":[{"width":1024,"height":822,"url":"https:\/\/www.kirche-sdh.de\/side\/wp-content\/uploads\/2018\/02\/P1340677.jpg","type":"image\/jpeg"}],"author":"Dirscherl","twitter_card":"summary_large_image","twitter_misc":{"Verfasst von":"Dirscherl","Gesch\u00e4tzte Lesezeit":"3\u00a0Minuten"},"schema":{"@context":"https:\/\/schema.org","@graph":[{"@type":"Article","@id":"https:\/\/www.kirche-sdh.de\/side\/helferessen-2018-der-pfarrei-doefering\/#article","isPartOf":{"@id":"https:\/\/www.kirche-sdh.de\/side\/helferessen-2018-der-pfarrei-doefering\/"},"author":{"name":"Dirscherl","@id":"https:\/\/www.kirche-sdh.de\/side\/#\/schema\/person\/03813c96da9249c1923a325c77818b1a"},"headline":"Helferessen 2018 der Pfarrei D\u00f6fering","datePublished":"2018-02-03T16:47:47+00:00","dateModified":"2018-03-04T18:22:52+00:00","mainEntityOfPage":{"@id":"https:\/\/www.kirche-sdh.de\/side\/helferessen-2018-der-pfarrei-doefering\/"},"wordCount":690,"commentCount":0,"publisher":{"@id":"https:\/\/www.kirche-sdh.de\/side\/#organization"},"image":{"@id":"https:\/\/www.kirche-sdh.de\/side\/helferessen-2018-der-pfarrei-doefering\/#primaryimage"},"thumbnailUrl":"https:\/\/www.kirche-sdh.de\/side\/wp-content\/uploads\/2018\/02\/P1340677.jpg","articleSection":["D\u00f6fering"],"inLanguage":"de"},{"@type":"WebPage","@id":"https:\/\/www.kirche-sdh.de\/side\/helferessen-2018-der-pfarrei-doefering\/","url":"https:\/\/www.kirche-sdh.de\/side\/helferessen-2018-der-pfarrei-doefering\/","name":"Helferessen 2018 der Pfarrei D\u00f6fering - Informationsseite und Seelsorgeeinheit","isPartOf":{"@id":"https:\/\/www.kirche-sdh.de\/side\/#website"},"primaryImageOfPage":{"@id":"https:\/\/www.kirche-sdh.de\/side\/helferessen-2018-der-pfarrei-doefering\/#primaryimage"},"image":{"@id":"https:\/\/www.kirche-sdh.de\/side\/helferessen-2018-der-pfarrei-doefering\/#primaryimage"},"thumbnailUrl":"https:\/\/www.kirche-sdh.de\/side\/wp-content\/uploads\/2018\/02\/P1340677.jpg","datePublished":"2018-02-03T16:47:47+00:00","dateModified":"2018-03-04T18:22:52+00:00","breadcrumb":{"@id":"https:\/\/www.kirche-sdh.de\/side\/helferessen-2018-der-pfarrei-doefering\/#breadcrumb"},"inLanguage":"de","potentialAction":[{"@type":"ReadAction","target":["https:\/\/www.kirche-sdh.de\/side\/helferessen-2018-der-pfarrei-doefering\/"]}]},{"@type":"ImageObject","inLanguage":"de","@id":"https:\/\/www.kirche-sdh.de\/side\/helferessen-2018-der-pfarrei-doefering\/#primaryimage","url":"https:\/\/www.kirche-sdh.de\/side\/wp-content\/uploads\/2018\/02\/P1340677.jpg","contentUrl":"https:\/\/www.kirche-sdh.de\/side\/wp-content\/uploads\/2018\/02\/P1340677.jpg","width":1024,"height":822},{"@type":"BreadcrumbList","@id":"https:\/\/www.kirche-sdh.de\/side\/helferessen-2018-der-pfarrei-doefering\/#breadcrumb","itemListElement":[{"@type":"ListItem","position":1,"name":"Startseite","item":"https:\/\/www.kirche-sdh.de\/side\/"},{"@type":"ListItem","position":2,"name":"Helferessen 2018 der Pfarrei D\u00f6fering"}]},{"@type":"WebSite","@id":"https:\/\/www.kirche-sdh.de\/side\/#website","url":"https:\/\/www.kirche-sdh.de\/side\/","name":"Informationsseite und Seelsorgeeinheit","description":"Informationsseite und Seelsorgeeinheit","publisher":{"@id":"https:\/\/www.kirche-sdh.de\/side\/#organization"},"potentialAction":[{"@type":"SearchAction","target":{"@type":"EntryPoint","urlTemplate":"https:\/\/www.kirche-sdh.de\/side\/?s={search_term_string}"},"query-input":{"@type":"PropertyValueSpecification","valueRequired":true,"valueName":"search_term_string"}}],"inLanguage":"de"},{"@type":"Organization","@id":"https:\/\/www.kirche-sdh.de\/side\/#organization","name":"Informationsseite und Seelsorgeeinheit","url":"https:\/\/www.kirche-sdh.de\/side\/","logo":{"@type":"ImageObject","inLanguage":"de","@id":"https:\/\/www.kirche-sdh.de\/side\/#\/schema\/logo\/image\/","url":"https:\/\/www.kirche-sdh.de\/side\/wp-content\/uploads\/2017\/12\/kirche-logos.png","contentUrl":"https:\/\/www.kirche-sdh.de\/side\/wp-content\/uploads\/2017\/12\/kirche-logos.png","width":438,"height":191,"caption":"Informationsseite und Seelsorgeeinheit"},"image":{"@id":"https:\/\/www.kirche-sdh.de\/side\/#\/schema\/logo\/image\/"}},{"@type":"Person","@id":"https:\/\/www.kirche-sdh.de\/side\/#\/schema\/person\/03813c96da9249c1923a325c77818b1a","name":"Dirscherl","url":"https:\/\/www.kirche-sdh.de\/side\/author\/kirchesdh\/"}]}},"_links":{"self":[{"href":"https:\/\/www.kirche-sdh.de\/side\/wp-json\/wp\/v2\/posts\/4136","targetHints":{"allow":["GET"]}}],"collection":[{"href":"https:\/\/www.kirche-sdh.de\/side\/wp-json\/wp\/v2\/posts"}],"about":[{"href":"https:\/\/www.kirche-sdh.de\/side\/wp-json\/wp\/v2\/types\/post"}],"author":[{"embeddable":true,"href":"https:\/\/www.kirche-sdh.de\/side\/wp-json\/wp\/v2\/users\/1"}],"replies":[{"embeddable":true,"href":"https:\/\/www.kirche-sdh.de\/side\/wp-json\/wp\/v2\/comments?post=4136"}],"version-history":[{"count":0,"href":"https:\/\/www.kirche-sdh.de\/side\/wp-json\/wp\/v2\/posts\/4136\/revisions"}],"wp:featuredmedia":[{"embeddable":true,"href":"https:\/\/www.kirche-sdh.de\/side\/wp-json\/wp\/v2\/media\/4137"}],"wp:attachment":[{"href":"https:\/\/www.kirche-sdh.de\/side\/wp-json\/wp\/v2\/media?parent=4136"}],"wp:term":[{"taxonomy":"category","embeddable":true,"href":"https:\/\/www.kirche-sdh.de\/side\/wp-json\/wp\/v2\/categories?post=4136"},{"taxonomy":"post_tag","embeddable":true,"href":"https:\/\/www.kirche-sdh.de\/side\/wp-json\/wp\/v2\/tags?post=4136"}],"curies":[{"name":"wp","href":"https:\/\/api.w.org\/{rel}","templated":true}]}}