{"id":3934,"date":"2014-03-23T13:51:19","date_gmt":"2014-03-23T12:51:19","guid":{"rendered":"http:\/\/www.kirche-sdh.de\/side\/?p=3934"},"modified":"2018-01-05T14:34:53","modified_gmt":"2018-01-05T13:34:53","slug":"familiengottesdienst-mit-anschliessendem-fastenessen-2","status":"publish","type":"post","link":"https:\/\/www.kirche-sdh.de\/side\/familiengottesdienst-mit-anschliessendem-fastenessen-2\/","title":{"rendered":"Familiengottesdienst mit anschlie\u00dfendem Fastenessen"},"content":{"rendered":"<p><img loading=\"lazy\" decoding=\"async\" src=\"http:\/\/www.kirche-sdh.de\/side\/wp-content\/uploads\/2018\/01\/P1210060.jpg\" alt=\"\" width=\"468\" height=\"351\" class=\"wp-image-3935 alignright\" srcset=\"https:\/\/www.kirche-sdh.de\/side\/wp-content\/uploads\/2018\/01\/P1210060.jpg 800w, https:\/\/www.kirche-sdh.de\/side\/wp-content\/uploads\/2018\/01\/P1210060-300x225.jpg 300w, https:\/\/www.kirche-sdh.de\/side\/wp-content\/uploads\/2018\/01\/P1210060-768x576.jpg 768w\" sizes=\"auto, (max-width: 468px) 100vw, 468px\" \/>Auf gute Resonanz stie\u00df auch in diesem Jahr das am dritten Fastensonntag gemeinsam von Frauenbund und Pfarrgemeinderat vorbereitete Fastensuppenessen der Pfarrei Sch\u00f6nthal. Zuvor feierte die Pfarrgemeinde einen anschaulichen Familiengottesdienst zur Fastenzeit. Kinder wirkten bei den Textpassagen mit, trugen die Kyrierufe und die F\u00fcrbitten vor und bereicherten den Gottesdienst.<br \/>\n<!--more--><br \/>\nIn einem zusammen mit Mitgliedern des Pfarrgemeinderates einstudierten Rollenspiel stellten sie den Auszug aus \u00c4gypten nach. Ebenso wie die Israeliten in der W\u00fcste gegen Mose und Gott aufgebracht waren, seien die Menschen auch heute oft genauso blind f\u00fcr Gottes M\u00f6glichkeiten. In dem geschenkten Wasser werde deutlich, dass \u201eGott immer noch bei uns ist und alles zum Guten f\u00fchren wird\u201c, so die Erz\u00e4hlung.<\/p>\n<p>Wie im vergangenen Jahr nahmen sich Frauenbund und Pfarrgemeinderat die Fastenzeit erneut zum Anlass, eine selbst gekochte Fastensuppe mit Brot und im Anschluss Kaffee und Kuchen anzubieten. Viele der Gottesdienstbesucher fanden sich nach dem Gottesdienst hierzu im Pfarr- und Jugendheim ein. Wenngleich von der Suppe doch noch einiges \u00fcbrig geblieben ist, durften die Verantwortlichen mit dem Erl\u00f6s zu Gunsten der Pfarrei zufrieden sein. Der Dank geb\u00fchrt allen Helfern und Besuchern.<\/p>\n","protected":false},"excerpt":{"rendered":"<p>Auf gute Resonanz stie\u00df auch in diesem Jahr das am dritten Fastensonntag gemeinsam von Frauenbund und Pfarrgemeinderat vorbereitete Fastensuppenessen der Pfarrei Sch\u00f6nthal. Zuvor feierte die Pfarrgemeinde einen anschaulichen Familiengottesdienst zur Fastenzeit. Kinder wirkten bei den Textpassagen mit, trugen die Kyrierufe und die F\u00fcrbitten vor und bereicherten den Gottesdienst.<\/p>\n","protected":false},"author":1,"featured_media":0,"comment_status":"open","ping_status":"open","sticky":false,"template":"","format":"standard","meta":{"footnotes":""},"categories":[21],"tags":[],"class_list":["post-3934","post","type-post","status-publish","format-standard","hentry","category-schoenthal"],"yoast_head":"<!-- This site is optimized with the Yoast SEO plugin v27.5 - https:\/\/yoast.com\/product\/yoast-seo-wordpress\/ -->\n<title>Familiengottesdienst mit anschlie\u00dfendem Fastenessen - Informationsseite und Seelsorgeeinheit<\/title>\n<meta name=\"robots\" content=\"index, follow, max-snippet:-1, max-image-preview:large, max-video-preview:-1\" \/>\n<link rel=\"canonical\" href=\"https:\/\/www.kirche-sdh.de\/side\/familiengottesdienst-mit-anschliessendem-fastenessen-2\/\" \/>\n<meta property=\"og:locale\" content=\"de_DE\" \/>\n<meta property=\"og:type\" content=\"article\" \/>\n<meta property=\"og:title\" content=\"Familiengottesdienst mit anschlie\u00dfendem Fastenessen - Informationsseite und Seelsorgeeinheit\" \/>\n<meta property=\"og:description\" content=\"Auf gute Resonanz stie\u00df auch in diesem Jahr das am dritten Fastensonntag gemeinsam von Frauenbund und Pfarrgemeinderat vorbereitete Fastensuppenessen der Pfarrei Sch\u00f6nthal. Zuvor feierte die Pfarrgemeinde einen anschaulichen Familiengottesdienst zur Fastenzeit. Kinder wirkten bei den Textpassagen mit, trugen die Kyrierufe und die F\u00fcrbitten vor und bereicherten den Gottesdienst.\" \/>\n<meta property=\"og:url\" content=\"https:\/\/www.kirche-sdh.de\/side\/familiengottesdienst-mit-anschliessendem-fastenessen-2\/\" \/>\n<meta property=\"og:site_name\" content=\"Informationsseite und Seelsorgeeinheit\" \/>\n<meta property=\"article:published_time\" content=\"2014-03-23T12:51:19+00:00\" \/>\n<meta property=\"article:modified_time\" content=\"2018-01-05T13:34:53+00:00\" \/>\n<meta property=\"og:image\" content=\"https:\/\/www.kirche-sdh.de\/side\/wp-content\/uploads\/2018\/01\/P1210060.jpg\" \/>\n\t<meta property=\"og:image:width\" content=\"800\" \/>\n\t<meta property=\"og:image:height\" content=\"600\" \/>\n\t<meta property=\"og:image:type\" content=\"image\/jpeg\" \/>\n<meta name=\"author\" content=\"Dirscherl\" \/>\n<meta name=\"twitter:card\" content=\"summary_large_image\" \/>\n<meta name=\"twitter:label1\" content=\"Verfasst von\" \/>\n\t<meta name=\"twitter:data1\" content=\"Dirscherl\" \/>\n\t<meta name=\"twitter:label2\" content=\"Gesch\u00e4tzte Lesezeit\" \/>\n\t<meta name=\"twitter:data2\" content=\"1\u00a0Minute\" \/>\n<script type=\"application\/ld+json\" class=\"yoast-schema-graph\">{\"@context\":\"https:\\\/\\\/schema.org\",\"@graph\":[{\"@type\":\"Article\",\"@id\":\"https:\\\/\\\/www.kirche-sdh.de\\\/side\\\/familiengottesdienst-mit-anschliessendem-fastenessen-2\\\/#article\",\"isPartOf\":{\"@id\":\"https:\\\/\\\/www.kirche-sdh.de\\\/side\\\/familiengottesdienst-mit-anschliessendem-fastenessen-2\\\/\"},\"author\":{\"name\":\"Dirscherl\",\"@id\":\"https:\\\/\\\/www.kirche-sdh.de\\\/side\\\/#\\\/schema\\\/person\\\/03813c96da9249c1923a325c77818b1a\"},\"headline\":\"Familiengottesdienst mit anschlie\u00dfendem Fastenessen\",\"datePublished\":\"2014-03-23T12:51:19+00:00\",\"dateModified\":\"2018-01-05T13:34:53+00:00\",\"mainEntityOfPage\":{\"@id\":\"https:\\\/\\\/www.kirche-sdh.de\\\/side\\\/familiengottesdienst-mit-anschliessendem-fastenessen-2\\\/\"},\"wordCount\":194,\"commentCount\":0,\"publisher\":{\"@id\":\"https:\\\/\\\/www.kirche-sdh.de\\\/side\\\/#organization\"},\"image\":{\"@id\":\"https:\\\/\\\/www.kirche-sdh.de\\\/side\\\/familiengottesdienst-mit-anschliessendem-fastenessen-2\\\/#primaryimage\"},\"thumbnailUrl\":\"http:\\\/\\\/www.kirche-sdh.de\\\/side\\\/wp-content\\\/uploads\\\/2018\\\/01\\\/P1210060.jpg\",\"articleSection\":[\"Sch\u00f6nthal\"],\"inLanguage\":\"de\"},{\"@type\":\"WebPage\",\"@id\":\"https:\\\/\\\/www.kirche-sdh.de\\\/side\\\/familiengottesdienst-mit-anschliessendem-fastenessen-2\\\/\",\"url\":\"https:\\\/\\\/www.kirche-sdh.de\\\/side\\\/familiengottesdienst-mit-anschliessendem-fastenessen-2\\\/\",\"name\":\"Familiengottesdienst mit anschlie\u00dfendem Fastenessen - Informationsseite und Seelsorgeeinheit\",\"isPartOf\":{\"@id\":\"https:\\\/\\\/www.kirche-sdh.de\\\/side\\\/#website\"},\"primaryImageOfPage\":{\"@id\":\"https:\\\/\\\/www.kirche-sdh.de\\\/side\\\/familiengottesdienst-mit-anschliessendem-fastenessen-2\\\/#primaryimage\"},\"image\":{\"@id\":\"https:\\\/\\\/www.kirche-sdh.de\\\/side\\\/familiengottesdienst-mit-anschliessendem-fastenessen-2\\\/#primaryimage\"},\"thumbnailUrl\":\"http:\\\/\\\/www.kirche-sdh.de\\\/side\\\/wp-content\\\/uploads\\\/2018\\\/01\\\/P1210060.jpg\",\"datePublished\":\"2014-03-23T12:51:19+00:00\",\"dateModified\":\"2018-01-05T13:34:53+00:00\",\"breadcrumb\":{\"@id\":\"https:\\\/\\\/www.kirche-sdh.de\\\/side\\\/familiengottesdienst-mit-anschliessendem-fastenessen-2\\\/#breadcrumb\"},\"inLanguage\":\"de\",\"potentialAction\":[{\"@type\":\"ReadAction\",\"target\":[\"https:\\\/\\\/www.kirche-sdh.de\\\/side\\\/familiengottesdienst-mit-anschliessendem-fastenessen-2\\\/\"]}]},{\"@type\":\"ImageObject\",\"inLanguage\":\"de\",\"@id\":\"https:\\\/\\\/www.kirche-sdh.de\\\/side\\\/familiengottesdienst-mit-anschliessendem-fastenessen-2\\\/#primaryimage\",\"url\":\"https:\\\/\\\/www.kirche-sdh.de\\\/side\\\/wp-content\\\/uploads\\\/2018\\\/01\\\/P1210060.jpg\",\"contentUrl\":\"https:\\\/\\\/www.kirche-sdh.de\\\/side\\\/wp-content\\\/uploads\\\/2018\\\/01\\\/P1210060.jpg\",\"width\":800,\"height\":600},{\"@type\":\"BreadcrumbList\",\"@id\":\"https:\\\/\\\/www.kirche-sdh.de\\\/side\\\/familiengottesdienst-mit-anschliessendem-fastenessen-2\\\/#breadcrumb\",\"itemListElement\":[{\"@type\":\"ListItem\",\"position\":1,\"name\":\"Startseite\",\"item\":\"https:\\\/\\\/www.kirche-sdh.de\\\/side\\\/\"},{\"@type\":\"ListItem\",\"position\":2,\"name\":\"Familiengottesdienst mit anschlie\u00dfendem Fastenessen\"}]},{\"@type\":\"WebSite\",\"@id\":\"https:\\\/\\\/www.kirche-sdh.de\\\/side\\\/#website\",\"url\":\"https:\\\/\\\/www.kirche-sdh.de\\\/side\\\/\",\"name\":\"Informationsseite und Seelsorgeeinheit\",\"description\":\"Informationsseite und Seelsorgeeinheit\",\"publisher\":{\"@id\":\"https:\\\/\\\/www.kirche-sdh.de\\\/side\\\/#organization\"},\"potentialAction\":[{\"@type\":\"SearchAction\",\"target\":{\"@type\":\"EntryPoint\",\"urlTemplate\":\"https:\\\/\\\/www.kirche-sdh.de\\\/side\\\/?s={search_term_string}\"},\"query-input\":{\"@type\":\"PropertyValueSpecification\",\"valueRequired\":true,\"valueName\":\"search_term_string\"}}],\"inLanguage\":\"de\"},{\"@type\":\"Organization\",\"@id\":\"https:\\\/\\\/www.kirche-sdh.de\\\/side\\\/#organization\",\"name\":\"Informationsseite und Seelsorgeeinheit\",\"url\":\"https:\\\/\\\/www.kirche-sdh.de\\\/side\\\/\",\"logo\":{\"@type\":\"ImageObject\",\"inLanguage\":\"de\",\"@id\":\"https:\\\/\\\/www.kirche-sdh.de\\\/side\\\/#\\\/schema\\\/logo\\\/image\\\/\",\"url\":\"https:\\\/\\\/www.kirche-sdh.de\\\/side\\\/wp-content\\\/uploads\\\/2017\\\/12\\\/kirche-logos.png\",\"contentUrl\":\"https:\\\/\\\/www.kirche-sdh.de\\\/side\\\/wp-content\\\/uploads\\\/2017\\\/12\\\/kirche-logos.png\",\"width\":438,\"height\":191,\"caption\":\"Informationsseite und Seelsorgeeinheit\"},\"image\":{\"@id\":\"https:\\\/\\\/www.kirche-sdh.de\\\/side\\\/#\\\/schema\\\/logo\\\/image\\\/\"}},{\"@type\":\"Person\",\"@id\":\"https:\\\/\\\/www.kirche-sdh.de\\\/side\\\/#\\\/schema\\\/person\\\/03813c96da9249c1923a325c77818b1a\",\"name\":\"Dirscherl\",\"url\":\"https:\\\/\\\/www.kirche-sdh.de\\\/side\\\/author\\\/kirchesdh\\\/\"}]}<\/script>\n<!-- \/ Yoast SEO plugin. -->","yoast_head_json":{"title":"Familiengottesdienst mit anschlie\u00dfendem Fastenessen - Informationsseite und Seelsorgeeinheit","robots":{"index":"index","follow":"follow","max-snippet":"max-snippet:-1","max-image-preview":"max-image-preview:large","max-video-preview":"max-video-preview:-1"},"canonical":"https:\/\/www.kirche-sdh.de\/side\/familiengottesdienst-mit-anschliessendem-fastenessen-2\/","og_locale":"de_DE","og_type":"article","og_title":"Familiengottesdienst mit anschlie\u00dfendem Fastenessen - Informationsseite und Seelsorgeeinheit","og_description":"Auf gute Resonanz stie\u00df auch in diesem Jahr das am dritten Fastensonntag gemeinsam von Frauenbund und Pfarrgemeinderat vorbereitete Fastensuppenessen der Pfarrei Sch\u00f6nthal. Zuvor feierte die Pfarrgemeinde einen anschaulichen Familiengottesdienst zur Fastenzeit. Kinder wirkten bei den Textpassagen mit, trugen die Kyrierufe und die F\u00fcrbitten vor und bereicherten den Gottesdienst.","og_url":"https:\/\/www.kirche-sdh.de\/side\/familiengottesdienst-mit-anschliessendem-fastenessen-2\/","og_site_name":"Informationsseite und Seelsorgeeinheit","article_published_time":"2014-03-23T12:51:19+00:00","article_modified_time":"2018-01-05T13:34:53+00:00","og_image":[{"width":800,"height":600,"url":"https:\/\/www.kirche-sdh.de\/side\/wp-content\/uploads\/2018\/01\/P1210060.jpg","type":"image\/jpeg"}],"author":"Dirscherl","twitter_card":"summary_large_image","twitter_misc":{"Verfasst von":"Dirscherl","Gesch\u00e4tzte Lesezeit":"1\u00a0Minute"},"schema":{"@context":"https:\/\/schema.org","@graph":[{"@type":"Article","@id":"https:\/\/www.kirche-sdh.de\/side\/familiengottesdienst-mit-anschliessendem-fastenessen-2\/#article","isPartOf":{"@id":"https:\/\/www.kirche-sdh.de\/side\/familiengottesdienst-mit-anschliessendem-fastenessen-2\/"},"author":{"name":"Dirscherl","@id":"https:\/\/www.kirche-sdh.de\/side\/#\/schema\/person\/03813c96da9249c1923a325c77818b1a"},"headline":"Familiengottesdienst mit anschlie\u00dfendem Fastenessen","datePublished":"2014-03-23T12:51:19+00:00","dateModified":"2018-01-05T13:34:53+00:00","mainEntityOfPage":{"@id":"https:\/\/www.kirche-sdh.de\/side\/familiengottesdienst-mit-anschliessendem-fastenessen-2\/"},"wordCount":194,"commentCount":0,"publisher":{"@id":"https:\/\/www.kirche-sdh.de\/side\/#organization"},"image":{"@id":"https:\/\/www.kirche-sdh.de\/side\/familiengottesdienst-mit-anschliessendem-fastenessen-2\/#primaryimage"},"thumbnailUrl":"http:\/\/www.kirche-sdh.de\/side\/wp-content\/uploads\/2018\/01\/P1210060.jpg","articleSection":["Sch\u00f6nthal"],"inLanguage":"de"},{"@type":"WebPage","@id":"https:\/\/www.kirche-sdh.de\/side\/familiengottesdienst-mit-anschliessendem-fastenessen-2\/","url":"https:\/\/www.kirche-sdh.de\/side\/familiengottesdienst-mit-anschliessendem-fastenessen-2\/","name":"Familiengottesdienst mit anschlie\u00dfendem Fastenessen - Informationsseite und Seelsorgeeinheit","isPartOf":{"@id":"https:\/\/www.kirche-sdh.de\/side\/#website"},"primaryImageOfPage":{"@id":"https:\/\/www.kirche-sdh.de\/side\/familiengottesdienst-mit-anschliessendem-fastenessen-2\/#primaryimage"},"image":{"@id":"https:\/\/www.kirche-sdh.de\/side\/familiengottesdienst-mit-anschliessendem-fastenessen-2\/#primaryimage"},"thumbnailUrl":"http:\/\/www.kirche-sdh.de\/side\/wp-content\/uploads\/2018\/01\/P1210060.jpg","datePublished":"2014-03-23T12:51:19+00:00","dateModified":"2018-01-05T13:34:53+00:00","breadcrumb":{"@id":"https:\/\/www.kirche-sdh.de\/side\/familiengottesdienst-mit-anschliessendem-fastenessen-2\/#breadcrumb"},"inLanguage":"de","potentialAction":[{"@type":"ReadAction","target":["https:\/\/www.kirche-sdh.de\/side\/familiengottesdienst-mit-anschliessendem-fastenessen-2\/"]}]},{"@type":"ImageObject","inLanguage":"de","@id":"https:\/\/www.kirche-sdh.de\/side\/familiengottesdienst-mit-anschliessendem-fastenessen-2\/#primaryimage","url":"https:\/\/www.kirche-sdh.de\/side\/wp-content\/uploads\/2018\/01\/P1210060.jpg","contentUrl":"https:\/\/www.kirche-sdh.de\/side\/wp-content\/uploads\/2018\/01\/P1210060.jpg","width":800,"height":600},{"@type":"BreadcrumbList","@id":"https:\/\/www.kirche-sdh.de\/side\/familiengottesdienst-mit-anschliessendem-fastenessen-2\/#breadcrumb","itemListElement":[{"@type":"ListItem","position":1,"name":"Startseite","item":"https:\/\/www.kirche-sdh.de\/side\/"},{"@type":"ListItem","position":2,"name":"Familiengottesdienst mit anschlie\u00dfendem Fastenessen"}]},{"@type":"WebSite","@id":"https:\/\/www.kirche-sdh.de\/side\/#website","url":"https:\/\/www.kirche-sdh.de\/side\/","name":"Informationsseite und Seelsorgeeinheit","description":"Informationsseite und Seelsorgeeinheit","publisher":{"@id":"https:\/\/www.kirche-sdh.de\/side\/#organization"},"potentialAction":[{"@type":"SearchAction","target":{"@type":"EntryPoint","urlTemplate":"https:\/\/www.kirche-sdh.de\/side\/?s={search_term_string}"},"query-input":{"@type":"PropertyValueSpecification","valueRequired":true,"valueName":"search_term_string"}}],"inLanguage":"de"},{"@type":"Organization","@id":"https:\/\/www.kirche-sdh.de\/side\/#organization","name":"Informationsseite und Seelsorgeeinheit","url":"https:\/\/www.kirche-sdh.de\/side\/","logo":{"@type":"ImageObject","inLanguage":"de","@id":"https:\/\/www.kirche-sdh.de\/side\/#\/schema\/logo\/image\/","url":"https:\/\/www.kirche-sdh.de\/side\/wp-content\/uploads\/2017\/12\/kirche-logos.png","contentUrl":"https:\/\/www.kirche-sdh.de\/side\/wp-content\/uploads\/2017\/12\/kirche-logos.png","width":438,"height":191,"caption":"Informationsseite und Seelsorgeeinheit"},"image":{"@id":"https:\/\/www.kirche-sdh.de\/side\/#\/schema\/logo\/image\/"}},{"@type":"Person","@id":"https:\/\/www.kirche-sdh.de\/side\/#\/schema\/person\/03813c96da9249c1923a325c77818b1a","name":"Dirscherl","url":"https:\/\/www.kirche-sdh.de\/side\/author\/kirchesdh\/"}]}},"_links":{"self":[{"href":"https:\/\/www.kirche-sdh.de\/side\/wp-json\/wp\/v2\/posts\/3934","targetHints":{"allow":["GET"]}}],"collection":[{"href":"https:\/\/www.kirche-sdh.de\/side\/wp-json\/wp\/v2\/posts"}],"about":[{"href":"https:\/\/www.kirche-sdh.de\/side\/wp-json\/wp\/v2\/types\/post"}],"author":[{"embeddable":true,"href":"https:\/\/www.kirche-sdh.de\/side\/wp-json\/wp\/v2\/users\/1"}],"replies":[{"embeddable":true,"href":"https:\/\/www.kirche-sdh.de\/side\/wp-json\/wp\/v2\/comments?post=3934"}],"version-history":[{"count":0,"href":"https:\/\/www.kirche-sdh.de\/side\/wp-json\/wp\/v2\/posts\/3934\/revisions"}],"wp:attachment":[{"href":"https:\/\/www.kirche-sdh.de\/side\/wp-json\/wp\/v2\/media?parent=3934"}],"wp:term":[{"taxonomy":"category","embeddable":true,"href":"https:\/\/www.kirche-sdh.de\/side\/wp-json\/wp\/v2\/categories?post=3934"},{"taxonomy":"post_tag","embeddable":true,"href":"https:\/\/www.kirche-sdh.de\/side\/wp-json\/wp\/v2\/tags?post=3934"}],"curies":[{"name":"wp","href":"https:\/\/api.w.org\/{rel}","templated":true}]}}