{"id":20631,"date":"2026-04-30T11:24:12","date_gmt":"2026-04-30T09:24:12","guid":{"rendered":"https:\/\/www.kirche-sdh.de\/side\/?p=20631"},"modified":"2026-04-30T11:24:12","modified_gmt":"2026-04-30T09:24:12","slug":"pgr-formiert-sich-neu-pfarrgemeinderat-doefering-startet-in-die-amtsperiode-2026-2030","status":"publish","type":"post","link":"https:\/\/www.kirche-sdh.de\/side\/pgr-formiert-sich-neu-pfarrgemeinderat-doefering-startet-in-die-amtsperiode-2026-2030\/","title":{"rendered":"PGR formiert sich neu: Pfarrgemeinderat D\u00f6fering startet in die Amtsperiode 2026\u20132030"},"content":{"rendered":"<p><strong>D\u00f6fering.<\/strong> Im Rahmen des letzten Gottesdienstes hat Pfarrer Alfons Eder den neu zusammengesetzten Pfarrgemeinderat (PGR) der Pfarrei D\u00f6fering vorgestellt. F\u00fcr die Amtsperiode 2026 bis 2030 best\u00e4tigten die Wahlberechtigten gr\u00f6\u00dftenteils die bisherige Mannschaft; zugleich gibt es eine personelle Ver\u00e4nderung.<\/p>\n<p>F\u00fcr D\u00f6fering engagieren sich weiterhin Rita B\u00f6sl, Egon Hausladen (wieder Gesamtgemeinderatssprecher der Seelsorgeeinheit), Johanna Kumschier, Elisabeth Meier und Robert Ruhland im Gremium. Neu hinzugekommen ist Brigitte M\u00fcller. Maria Schneider kandidierte nicht erneut und scheidet nach ihrer bisherigen Mitarbeit aus.<\/p>\n<p>Pfarrer Eder betonte die besondere Bedeutung des Pfarrgemeinderats f\u00fcr das kirchliche Leben vor Ort. Den neu Gew\u00e4hlten w\u00fcnschte er einen guten Start und viel Erfolg f\u00fcr die kommenden Aufgaben. Zugleich dankte er Maria Schneider f\u00fcr ihren Einsatz in den vergangenen Jahren.<\/p>\n<p>Der Pfarrgemeinderat wirkt unter anderem bei der pastoralen Planung mit und greift Anliegen aus der Pfarrgemeinde auf.<img loading=\"lazy\" decoding=\"async\" src=\"https:\/\/www.kirche-sdh.de\/side\/wp-content\/uploads\/2026.04.25_2_PGR-von-Mueller-Thomas-e1777540936208-1024x576.jpeg\" alt=\"\" width=\"750\" height=\"422\" class=\"alignnone wp-image-20632 size-large\" srcset=\"https:\/\/www.kirche-sdh.de\/side\/wp-content\/uploads\/2026.04.25_2_PGR-von-Mueller-Thomas-e1777540936208-1024x576.jpeg 1024w, https:\/\/www.kirche-sdh.de\/side\/wp-content\/uploads\/2026.04.25_2_PGR-von-Mueller-Thomas-e1777540936208-300x169.jpeg 300w, https:\/\/www.kirche-sdh.de\/side\/wp-content\/uploads\/2026.04.25_2_PGR-von-Mueller-Thomas-e1777540936208-768x432.jpeg 768w, https:\/\/www.kirche-sdh.de\/side\/wp-content\/uploads\/2026.04.25_2_PGR-von-Mueller-Thomas-e1777540936208.jpeg 1088w\" sizes=\"auto, (max-width: 750px) 100vw, 750px\" \/><\/p>\n<p>Foto: Thomas M\u00fcller<\/p>\n","protected":false},"excerpt":{"rendered":"<p>D\u00f6fering. Im Rahmen des letzten Gottesdienstes hat Pfarrer Alfons Eder den neu zusammengesetzten Pfarrgemeinderat (PGR) der Pfarrei D\u00f6fering vorgestellt. F\u00fcr die Amtsperiode 2026 bis 2030 best\u00e4tigten die Wahlberechtigten gr\u00f6\u00dftenteils die bisherige Mannschaft; zugleich gibt es eine personelle Ver\u00e4nderung. F\u00fcr D\u00f6fering engagieren sich weiterhin Rita B\u00f6sl, Egon Hausladen (wieder Gesamtgemeinderatssprecher der [&hellip;]<\/p>\n","protected":false},"author":1,"featured_media":20632,"comment_status":"closed","ping_status":"closed","sticky":true,"template":"","format":"standard","meta":{"footnotes":""},"categories":[20],"tags":[],"class_list":["post-20631","post","type-post","status-publish","format-standard","has-post-thumbnail","hentry","category-doefering"],"yoast_head":"<!-- This site is optimized with the Yoast SEO plugin v27.5 - https:\/\/yoast.com\/product\/yoast-seo-wordpress\/ -->\n<title>PGR formiert sich neu: Pfarrgemeinderat D\u00f6fering startet in die Amtsperiode 2026\u20132030 - Informationsseite und Seelsorgeeinheit<\/title>\n<meta name=\"robots\" content=\"index, follow, max-snippet:-1, max-image-preview:large, max-video-preview:-1\" \/>\n<link rel=\"canonical\" href=\"https:\/\/www.kirche-sdh.de\/side\/pgr-formiert-sich-neu-pfarrgemeinderat-doefering-startet-in-die-amtsperiode-2026-2030\/\" \/>\n<meta property=\"og:locale\" content=\"de_DE\" \/>\n<meta property=\"og:type\" content=\"article\" \/>\n<meta property=\"og:title\" content=\"PGR formiert sich neu: Pfarrgemeinderat D\u00f6fering startet in die Amtsperiode 2026\u20132030 - Informationsseite und Seelsorgeeinheit\" \/>\n<meta property=\"og:description\" content=\"D\u00f6fering. Im Rahmen des letzten Gottesdienstes hat Pfarrer Alfons Eder den neu zusammengesetzten Pfarrgemeinderat (PGR) der Pfarrei D\u00f6fering vorgestellt. F\u00fcr die Amtsperiode 2026 bis 2030 best\u00e4tigten die Wahlberechtigten gr\u00f6\u00dftenteils die bisherige Mannschaft; zugleich gibt es eine personelle Ver\u00e4nderung. F\u00fcr D\u00f6fering engagieren sich weiterhin Rita B\u00f6sl, Egon Hausladen (wieder Gesamtgemeinderatssprecher der [&hellip;]\" \/>\n<meta property=\"og:url\" content=\"https:\/\/www.kirche-sdh.de\/side\/pgr-formiert-sich-neu-pfarrgemeinderat-doefering-startet-in-die-amtsperiode-2026-2030\/\" \/>\n<meta property=\"og:site_name\" content=\"Informationsseite und Seelsorgeeinheit\" \/>\n<meta property=\"article:published_time\" content=\"2026-04-30T09:24:12+00:00\" \/>\n<meta property=\"og:image\" content=\"https:\/\/www.kirche-sdh.de\/side\/wp-content\/uploads\/2026.04.25_2_PGR-von-Mueller-Thomas-e1777540936208.jpeg\" \/>\n\t<meta property=\"og:image:width\" content=\"1088\" \/>\n\t<meta property=\"og:image:height\" content=\"612\" \/>\n\t<meta property=\"og:image:type\" content=\"image\/jpeg\" \/>\n<meta name=\"author\" content=\"Dirscherl\" \/>\n<meta name=\"twitter:card\" content=\"summary_large_image\" \/>\n<meta name=\"twitter:label1\" content=\"Verfasst von\" \/>\n\t<meta name=\"twitter:data1\" content=\"Dirscherl\" \/>\n\t<meta name=\"twitter:label2\" content=\"Gesch\u00e4tzte Lesezeit\" \/>\n\t<meta name=\"twitter:data2\" content=\"2\u00a0Minuten\" \/>\n<script type=\"application\/ld+json\" class=\"yoast-schema-graph\">{\"@context\":\"https:\\\/\\\/schema.org\",\"@graph\":[{\"@type\":\"Article\",\"@id\":\"https:\\\/\\\/www.kirche-sdh.de\\\/side\\\/pgr-formiert-sich-neu-pfarrgemeinderat-doefering-startet-in-die-amtsperiode-2026-2030\\\/#article\",\"isPartOf\":{\"@id\":\"https:\\\/\\\/www.kirche-sdh.de\\\/side\\\/pgr-formiert-sich-neu-pfarrgemeinderat-doefering-startet-in-die-amtsperiode-2026-2030\\\/\"},\"author\":{\"name\":\"Dirscherl\",\"@id\":\"https:\\\/\\\/www.kirche-sdh.de\\\/side\\\/#\\\/schema\\\/person\\\/03813c96da9249c1923a325c77818b1a\"},\"headline\":\"PGR formiert sich neu: Pfarrgemeinderat D\u00f6fering startet in die Amtsperiode 2026\u20132030\",\"datePublished\":\"2026-04-30T09:24:12+00:00\",\"mainEntityOfPage\":{\"@id\":\"https:\\\/\\\/www.kirche-sdh.de\\\/side\\\/pgr-formiert-sich-neu-pfarrgemeinderat-doefering-startet-in-die-amtsperiode-2026-2030\\\/\"},\"wordCount\":163,\"publisher\":{\"@id\":\"https:\\\/\\\/www.kirche-sdh.de\\\/side\\\/#organization\"},\"image\":{\"@id\":\"https:\\\/\\\/www.kirche-sdh.de\\\/side\\\/pgr-formiert-sich-neu-pfarrgemeinderat-doefering-startet-in-die-amtsperiode-2026-2030\\\/#primaryimage\"},\"thumbnailUrl\":\"https:\\\/\\\/www.kirche-sdh.de\\\/side\\\/wp-content\\\/uploads\\\/2026.04.25_2_PGR-von-Mueller-Thomas-e1777540936208.jpeg\",\"articleSection\":[\"D\u00f6fering\"],\"inLanguage\":\"de\"},{\"@type\":\"WebPage\",\"@id\":\"https:\\\/\\\/www.kirche-sdh.de\\\/side\\\/pgr-formiert-sich-neu-pfarrgemeinderat-doefering-startet-in-die-amtsperiode-2026-2030\\\/\",\"url\":\"https:\\\/\\\/www.kirche-sdh.de\\\/side\\\/pgr-formiert-sich-neu-pfarrgemeinderat-doefering-startet-in-die-amtsperiode-2026-2030\\\/\",\"name\":\"PGR formiert sich neu: Pfarrgemeinderat D\u00f6fering startet in die Amtsperiode 2026\u20132030 - Informationsseite und Seelsorgeeinheit\",\"isPartOf\":{\"@id\":\"https:\\\/\\\/www.kirche-sdh.de\\\/side\\\/#website\"},\"primaryImageOfPage\":{\"@id\":\"https:\\\/\\\/www.kirche-sdh.de\\\/side\\\/pgr-formiert-sich-neu-pfarrgemeinderat-doefering-startet-in-die-amtsperiode-2026-2030\\\/#primaryimage\"},\"image\":{\"@id\":\"https:\\\/\\\/www.kirche-sdh.de\\\/side\\\/pgr-formiert-sich-neu-pfarrgemeinderat-doefering-startet-in-die-amtsperiode-2026-2030\\\/#primaryimage\"},\"thumbnailUrl\":\"https:\\\/\\\/www.kirche-sdh.de\\\/side\\\/wp-content\\\/uploads\\\/2026.04.25_2_PGR-von-Mueller-Thomas-e1777540936208.jpeg\",\"datePublished\":\"2026-04-30T09:24:12+00:00\",\"breadcrumb\":{\"@id\":\"https:\\\/\\\/www.kirche-sdh.de\\\/side\\\/pgr-formiert-sich-neu-pfarrgemeinderat-doefering-startet-in-die-amtsperiode-2026-2030\\\/#breadcrumb\"},\"inLanguage\":\"de\",\"potentialAction\":[{\"@type\":\"ReadAction\",\"target\":[\"https:\\\/\\\/www.kirche-sdh.de\\\/side\\\/pgr-formiert-sich-neu-pfarrgemeinderat-doefering-startet-in-die-amtsperiode-2026-2030\\\/\"]}]},{\"@type\":\"ImageObject\",\"inLanguage\":\"de\",\"@id\":\"https:\\\/\\\/www.kirche-sdh.de\\\/side\\\/pgr-formiert-sich-neu-pfarrgemeinderat-doefering-startet-in-die-amtsperiode-2026-2030\\\/#primaryimage\",\"url\":\"https:\\\/\\\/www.kirche-sdh.de\\\/side\\\/wp-content\\\/uploads\\\/2026.04.25_2_PGR-von-Mueller-Thomas-e1777540936208.jpeg\",\"contentUrl\":\"https:\\\/\\\/www.kirche-sdh.de\\\/side\\\/wp-content\\\/uploads\\\/2026.04.25_2_PGR-von-Mueller-Thomas-e1777540936208.jpeg\",\"width\":1088,\"height\":612},{\"@type\":\"BreadcrumbList\",\"@id\":\"https:\\\/\\\/www.kirche-sdh.de\\\/side\\\/pgr-formiert-sich-neu-pfarrgemeinderat-doefering-startet-in-die-amtsperiode-2026-2030\\\/#breadcrumb\",\"itemListElement\":[{\"@type\":\"ListItem\",\"position\":1,\"name\":\"Startseite\",\"item\":\"https:\\\/\\\/www.kirche-sdh.de\\\/side\\\/\"},{\"@type\":\"ListItem\",\"position\":2,\"name\":\"PGR formiert sich neu: Pfarrgemeinderat D\u00f6fering startet in die Amtsperiode 2026\u20132030\"}]},{\"@type\":\"WebSite\",\"@id\":\"https:\\\/\\\/www.kirche-sdh.de\\\/side\\\/#website\",\"url\":\"https:\\\/\\\/www.kirche-sdh.de\\\/side\\\/\",\"name\":\"Informationsseite und Seelsorgeeinheit\",\"description\":\"Informationsseite und Seelsorgeeinheit\",\"publisher\":{\"@id\":\"https:\\\/\\\/www.kirche-sdh.de\\\/side\\\/#organization\"},\"potentialAction\":[{\"@type\":\"SearchAction\",\"target\":{\"@type\":\"EntryPoint\",\"urlTemplate\":\"https:\\\/\\\/www.kirche-sdh.de\\\/side\\\/?s={search_term_string}\"},\"query-input\":{\"@type\":\"PropertyValueSpecification\",\"valueRequired\":true,\"valueName\":\"search_term_string\"}}],\"inLanguage\":\"de\"},{\"@type\":\"Organization\",\"@id\":\"https:\\\/\\\/www.kirche-sdh.de\\\/side\\\/#organization\",\"name\":\"Informationsseite und Seelsorgeeinheit\",\"url\":\"https:\\\/\\\/www.kirche-sdh.de\\\/side\\\/\",\"logo\":{\"@type\":\"ImageObject\",\"inLanguage\":\"de\",\"@id\":\"https:\\\/\\\/www.kirche-sdh.de\\\/side\\\/#\\\/schema\\\/logo\\\/image\\\/\",\"url\":\"https:\\\/\\\/www.kirche-sdh.de\\\/side\\\/wp-content\\\/uploads\\\/2017\\\/12\\\/kirche-logos.png\",\"contentUrl\":\"https:\\\/\\\/www.kirche-sdh.de\\\/side\\\/wp-content\\\/uploads\\\/2017\\\/12\\\/kirche-logos.png\",\"width\":438,\"height\":191,\"caption\":\"Informationsseite und Seelsorgeeinheit\"},\"image\":{\"@id\":\"https:\\\/\\\/www.kirche-sdh.de\\\/side\\\/#\\\/schema\\\/logo\\\/image\\\/\"}},{\"@type\":\"Person\",\"@id\":\"https:\\\/\\\/www.kirche-sdh.de\\\/side\\\/#\\\/schema\\\/person\\\/03813c96da9249c1923a325c77818b1a\",\"name\":\"Dirscherl\",\"url\":\"https:\\\/\\\/www.kirche-sdh.de\\\/side\\\/author\\\/kirchesdh\\\/\"}]}<\/script>\n<!-- \/ Yoast SEO plugin. -->","yoast_head_json":{"title":"PGR formiert sich neu: Pfarrgemeinderat D\u00f6fering startet in die Amtsperiode 2026\u20132030 - Informationsseite und Seelsorgeeinheit","robots":{"index":"index","follow":"follow","max-snippet":"max-snippet:-1","max-image-preview":"max-image-preview:large","max-video-preview":"max-video-preview:-1"},"canonical":"https:\/\/www.kirche-sdh.de\/side\/pgr-formiert-sich-neu-pfarrgemeinderat-doefering-startet-in-die-amtsperiode-2026-2030\/","og_locale":"de_DE","og_type":"article","og_title":"PGR formiert sich neu: Pfarrgemeinderat D\u00f6fering startet in die Amtsperiode 2026\u20132030 - Informationsseite und Seelsorgeeinheit","og_description":"D\u00f6fering. Im Rahmen des letzten Gottesdienstes hat Pfarrer Alfons Eder den neu zusammengesetzten Pfarrgemeinderat (PGR) der Pfarrei D\u00f6fering vorgestellt. F\u00fcr die Amtsperiode 2026 bis 2030 best\u00e4tigten die Wahlberechtigten gr\u00f6\u00dftenteils die bisherige Mannschaft; zugleich gibt es eine personelle Ver\u00e4nderung. F\u00fcr D\u00f6fering engagieren sich weiterhin Rita B\u00f6sl, Egon Hausladen (wieder Gesamtgemeinderatssprecher der [&hellip;]","og_url":"https:\/\/www.kirche-sdh.de\/side\/pgr-formiert-sich-neu-pfarrgemeinderat-doefering-startet-in-die-amtsperiode-2026-2030\/","og_site_name":"Informationsseite und Seelsorgeeinheit","article_published_time":"2026-04-30T09:24:12+00:00","og_image":[{"width":1088,"height":612,"url":"https:\/\/www.kirche-sdh.de\/side\/wp-content\/uploads\/2026.04.25_2_PGR-von-Mueller-Thomas-e1777540936208.jpeg","type":"image\/jpeg"}],"author":"Dirscherl","twitter_card":"summary_large_image","twitter_misc":{"Verfasst von":"Dirscherl","Gesch\u00e4tzte Lesezeit":"2\u00a0Minuten"},"schema":{"@context":"https:\/\/schema.org","@graph":[{"@type":"Article","@id":"https:\/\/www.kirche-sdh.de\/side\/pgr-formiert-sich-neu-pfarrgemeinderat-doefering-startet-in-die-amtsperiode-2026-2030\/#article","isPartOf":{"@id":"https:\/\/www.kirche-sdh.de\/side\/pgr-formiert-sich-neu-pfarrgemeinderat-doefering-startet-in-die-amtsperiode-2026-2030\/"},"author":{"name":"Dirscherl","@id":"https:\/\/www.kirche-sdh.de\/side\/#\/schema\/person\/03813c96da9249c1923a325c77818b1a"},"headline":"PGR formiert sich neu: Pfarrgemeinderat D\u00f6fering startet in die Amtsperiode 2026\u20132030","datePublished":"2026-04-30T09:24:12+00:00","mainEntityOfPage":{"@id":"https:\/\/www.kirche-sdh.de\/side\/pgr-formiert-sich-neu-pfarrgemeinderat-doefering-startet-in-die-amtsperiode-2026-2030\/"},"wordCount":163,"publisher":{"@id":"https:\/\/www.kirche-sdh.de\/side\/#organization"},"image":{"@id":"https:\/\/www.kirche-sdh.de\/side\/pgr-formiert-sich-neu-pfarrgemeinderat-doefering-startet-in-die-amtsperiode-2026-2030\/#primaryimage"},"thumbnailUrl":"https:\/\/www.kirche-sdh.de\/side\/wp-content\/uploads\/2026.04.25_2_PGR-von-Mueller-Thomas-e1777540936208.jpeg","articleSection":["D\u00f6fering"],"inLanguage":"de"},{"@type":"WebPage","@id":"https:\/\/www.kirche-sdh.de\/side\/pgr-formiert-sich-neu-pfarrgemeinderat-doefering-startet-in-die-amtsperiode-2026-2030\/","url":"https:\/\/www.kirche-sdh.de\/side\/pgr-formiert-sich-neu-pfarrgemeinderat-doefering-startet-in-die-amtsperiode-2026-2030\/","name":"PGR formiert sich neu: Pfarrgemeinderat D\u00f6fering startet in die Amtsperiode 2026\u20132030 - Informationsseite und Seelsorgeeinheit","isPartOf":{"@id":"https:\/\/www.kirche-sdh.de\/side\/#website"},"primaryImageOfPage":{"@id":"https:\/\/www.kirche-sdh.de\/side\/pgr-formiert-sich-neu-pfarrgemeinderat-doefering-startet-in-die-amtsperiode-2026-2030\/#primaryimage"},"image":{"@id":"https:\/\/www.kirche-sdh.de\/side\/pgr-formiert-sich-neu-pfarrgemeinderat-doefering-startet-in-die-amtsperiode-2026-2030\/#primaryimage"},"thumbnailUrl":"https:\/\/www.kirche-sdh.de\/side\/wp-content\/uploads\/2026.04.25_2_PGR-von-Mueller-Thomas-e1777540936208.jpeg","datePublished":"2026-04-30T09:24:12+00:00","breadcrumb":{"@id":"https:\/\/www.kirche-sdh.de\/side\/pgr-formiert-sich-neu-pfarrgemeinderat-doefering-startet-in-die-amtsperiode-2026-2030\/#breadcrumb"},"inLanguage":"de","potentialAction":[{"@type":"ReadAction","target":["https:\/\/www.kirche-sdh.de\/side\/pgr-formiert-sich-neu-pfarrgemeinderat-doefering-startet-in-die-amtsperiode-2026-2030\/"]}]},{"@type":"ImageObject","inLanguage":"de","@id":"https:\/\/www.kirche-sdh.de\/side\/pgr-formiert-sich-neu-pfarrgemeinderat-doefering-startet-in-die-amtsperiode-2026-2030\/#primaryimage","url":"https:\/\/www.kirche-sdh.de\/side\/wp-content\/uploads\/2026.04.25_2_PGR-von-Mueller-Thomas-e1777540936208.jpeg","contentUrl":"https:\/\/www.kirche-sdh.de\/side\/wp-content\/uploads\/2026.04.25_2_PGR-von-Mueller-Thomas-e1777540936208.jpeg","width":1088,"height":612},{"@type":"BreadcrumbList","@id":"https:\/\/www.kirche-sdh.de\/side\/pgr-formiert-sich-neu-pfarrgemeinderat-doefering-startet-in-die-amtsperiode-2026-2030\/#breadcrumb","itemListElement":[{"@type":"ListItem","position":1,"name":"Startseite","item":"https:\/\/www.kirche-sdh.de\/side\/"},{"@type":"ListItem","position":2,"name":"PGR formiert sich neu: Pfarrgemeinderat D\u00f6fering startet in die Amtsperiode 2026\u20132030"}]},{"@type":"WebSite","@id":"https:\/\/www.kirche-sdh.de\/side\/#website","url":"https:\/\/www.kirche-sdh.de\/side\/","name":"Informationsseite und Seelsorgeeinheit","description":"Informationsseite und Seelsorgeeinheit","publisher":{"@id":"https:\/\/www.kirche-sdh.de\/side\/#organization"},"potentialAction":[{"@type":"SearchAction","target":{"@type":"EntryPoint","urlTemplate":"https:\/\/www.kirche-sdh.de\/side\/?s={search_term_string}"},"query-input":{"@type":"PropertyValueSpecification","valueRequired":true,"valueName":"search_term_string"}}],"inLanguage":"de"},{"@type":"Organization","@id":"https:\/\/www.kirche-sdh.de\/side\/#organization","name":"Informationsseite und Seelsorgeeinheit","url":"https:\/\/www.kirche-sdh.de\/side\/","logo":{"@type":"ImageObject","inLanguage":"de","@id":"https:\/\/www.kirche-sdh.de\/side\/#\/schema\/logo\/image\/","url":"https:\/\/www.kirche-sdh.de\/side\/wp-content\/uploads\/2017\/12\/kirche-logos.png","contentUrl":"https:\/\/www.kirche-sdh.de\/side\/wp-content\/uploads\/2017\/12\/kirche-logos.png","width":438,"height":191,"caption":"Informationsseite und Seelsorgeeinheit"},"image":{"@id":"https:\/\/www.kirche-sdh.de\/side\/#\/schema\/logo\/image\/"}},{"@type":"Person","@id":"https:\/\/www.kirche-sdh.de\/side\/#\/schema\/person\/03813c96da9249c1923a325c77818b1a","name":"Dirscherl","url":"https:\/\/www.kirche-sdh.de\/side\/author\/kirchesdh\/"}]}},"_links":{"self":[{"href":"https:\/\/www.kirche-sdh.de\/side\/wp-json\/wp\/v2\/posts\/20631","targetHints":{"allow":["GET"]}}],"collection":[{"href":"https:\/\/www.kirche-sdh.de\/side\/wp-json\/wp\/v2\/posts"}],"about":[{"href":"https:\/\/www.kirche-sdh.de\/side\/wp-json\/wp\/v2\/types\/post"}],"author":[{"embeddable":true,"href":"https:\/\/www.kirche-sdh.de\/side\/wp-json\/wp\/v2\/users\/1"}],"replies":[{"embeddable":true,"href":"https:\/\/www.kirche-sdh.de\/side\/wp-json\/wp\/v2\/comments?post=20631"}],"version-history":[{"count":1,"href":"https:\/\/www.kirche-sdh.de\/side\/wp-json\/wp\/v2\/posts\/20631\/revisions"}],"predecessor-version":[{"id":20633,"href":"https:\/\/www.kirche-sdh.de\/side\/wp-json\/wp\/v2\/posts\/20631\/revisions\/20633"}],"wp:featuredmedia":[{"embeddable":true,"href":"https:\/\/www.kirche-sdh.de\/side\/wp-json\/wp\/v2\/media\/20632"}],"wp:attachment":[{"href":"https:\/\/www.kirche-sdh.de\/side\/wp-json\/wp\/v2\/media?parent=20631"}],"wp:term":[{"taxonomy":"category","embeddable":true,"href":"https:\/\/www.kirche-sdh.de\/side\/wp-json\/wp\/v2\/categories?post=20631"},{"taxonomy":"post_tag","embeddable":true,"href":"https:\/\/www.kirche-sdh.de\/side\/wp-json\/wp\/v2\/tags?post=20631"}],"curies":[{"name":"wp","href":"https:\/\/api.w.org\/{rel}","templated":true}]}}