{"id":20492,"date":"2026-03-13T08:24:58","date_gmt":"2026-03-13T07:24:58","guid":{"rendered":"https:\/\/www.kirche-sdh.de\/side\/?p=20492"},"modified":"2026-03-13T08:25:57","modified_gmt":"2026-03-13T07:25:57","slug":"pfarr-und-gemeindebuecherei-freut-sich-ueber-stattlichen-mitgliederzuwachs","status":"publish","type":"post","link":"https:\/\/www.kirche-sdh.de\/side\/pfarr-und-gemeindebuecherei-freut-sich-ueber-stattlichen-mitgliederzuwachs\/","title":{"rendered":"Pfarr- und Gemeindeb\u00fccherei freut sich \u00fcber stattlichen Mitgliederzuwachs"},"content":{"rendered":"<h5><strong>Ausleih- und Mitgliedzahlen der Sch\u00f6nthaler Pfarr- und Gemeindeb\u00fccherei k\u00f6nnen sich sehen lassen<\/strong><\/h5>\n<p><strong>Sch\u00f6nthal<\/strong>. Die Pfarr- und Gemeindeb\u00fccherei Sch\u00f6nthal ist \u00fcber den gesamten Altlandkreis Waldm\u00fcnchen bekannt und f\u00fchrt einen ausgezeichneten Ruf. Daf\u00fcr zeichnet sich insbesondere Inge Haberl als Leiterin mit ihrem Team verantwortlich. Rechtzeitig im Fr\u00fchjahr, vor der Urlaubs- und Ferienzeit aber auch das gesamte Jahr \u00fcber geht Haberl auf Einkaufstour, um f\u00fcr stets aktuellen Lesestoff und neue Medien zu sorgen. Dies spiegelt sich auch im Jahresr\u00fcckblick f\u00fcr das Jahr 2025 wider. Ausleihzahlen und Mitgliederzahlen befinden sich auf statistisch gesehen h\u00f6chstem Niveau und k\u00f6nnen sich sehen lassen.<\/p>\n<p>Seit 1994 besteht die im Pfarr- und Jugendheim untergebrachte Pfarr- und Gemeindeb\u00fccherei und wird seither von Inge Haberl ehrenamtlich geleitet. Als Mitarbeiter stehen ihr Timon Ettl, Maria Zwicknagl, Michaela Roith, Marina Schie\u00dfl, Franziska Wallinger, Veronika und Anna-Lena Zangl, Anna Zwicknagl, Rosina Maier, Sandra Schindler, Felix Schie\u00dfl, Janina Haberl, Franziska Schrott, Heidi Zwicknagl und Emma Heimerl zur Seite. F\u00fcr \u201eEhrenamt macht Schule\u201c engagiert sich au\u00dferdem Lena Linsmeier in der B\u00fccherei. Verabschiedet wurde Andrea Himmering.<\/p>\n<p><img loading=\"lazy\" decoding=\"async\" src=\"https:\/\/www.kirche-sdh.de\/side\/wp-content\/uploads\/buecherei_2026.jpeg\" alt=\"\" width=\"1125\" height=\"1500\" class=\"alignnone size-full wp-image-20493\" srcset=\"https:\/\/www.kirche-sdh.de\/side\/wp-content\/uploads\/buecherei_2026.jpeg 1125w, https:\/\/www.kirche-sdh.de\/side\/wp-content\/uploads\/buecherei_2026-225x300.jpeg 225w, https:\/\/www.kirche-sdh.de\/side\/wp-content\/uploads\/buecherei_2026-768x1024.jpeg 768w\" sizes=\"auto, (max-width: 1125px) 100vw, 1125px\" \/><\/p>\n<p>Insgesamt kommen die Mitarbeiter auf fast 700 ehrenamtliche Stunden. Neben den \u00d6ffnungszeiten, am Wochenende eine halbe Stunde nach dem Gottesdienst, dienstags von 14 Uhr bis 16 Uhr und donnerstags von 18 Uhr bis 20 Uhr f\u00fcr jeweils zwei Stunden, gilt es Medien zu besorgen, zu registrieren und zu sortieren und die B\u00fccherei in Schuss zu halten. Die Leiterin Inge Haberl besuchte die Herbsttagung der B\u00fcchereileiter und nahm zusammen mit Marina Schie\u00dfl zudem am Di\u00f6zesankurs des Sankt Michaelsbund zum Thema \u201eComics als Br\u00fccken zur Leselust\u201c teil.<\/p>\n<p>Im Jahr 2025 standen 2.841 Medien zur Verf\u00fcgung. Diese beinhalten Sachb\u00fccher, Romane, Jugend- und Kinderb\u00fccher, Zeitschriften, H\u00f6rb\u00fccher, DVDs, Spiele und Tonies. Zus\u00e4tzlich sorgen Leihpakete vom Sankt Michaelsbund, bei denen die Medien mehrere Monate in der B\u00fccherei verbleiben, f\u00fcr zus\u00e4tzliche Abwechslung. Es wurden insgesamt 12.213 Medien ausgeliehen. Weiterhin wird der Kindergarten Sch\u00f6nthal monatlich mit B\u00fcchern versorgt und die Grundschule Sch\u00f6nthal sieht regelm\u00e4\u00dfig vorbei, um sich Sachb\u00fccher passend zum Lehrplan oder spannenden Lesestoff nach ihrem Geschmack auszuleihen.<\/p>\n<p>Im Vergleich zum Vorjahr konnten stolze 81 neue Mitglieder auf insgesamt 625 Mitglieder gewonnen werden.<\/p>\n<p>Auch au\u00dferhalb der B\u00fccherei bringt sich das B\u00fcchereiteam in das Gemeindeleben ein. Es wurde ein Neunerlturnier abgehalten und eine Ferienfreizeit in den Sommerferien veranstaltet.<\/p>\n<p>&nbsp;<\/p>\n<p>&nbsp;<\/p>\n","protected":false},"excerpt":{"rendered":"<p>Ausleih- und Mitgliedzahlen der Sch\u00f6nthaler Pfarr- und Gemeindeb\u00fccherei k\u00f6nnen sich sehen lassen Sch\u00f6nthal. Die Pfarr- und Gemeindeb\u00fccherei Sch\u00f6nthal ist \u00fcber den gesamten Altlandkreis Waldm\u00fcnchen bekannt und f\u00fchrt einen ausgezeichneten Ruf. Daf\u00fcr zeichnet sich insbesondere Inge Haberl als Leiterin mit ihrem Team verantwortlich. Rechtzeitig im Fr\u00fchjahr, vor der Urlaubs- und Ferienzeit [&hellip;]<\/p>\n","protected":false},"author":3,"featured_media":20493,"comment_status":"closed","ping_status":"closed","sticky":true,"template":"","format":"standard","meta":{"footnotes":""},"categories":[21],"tags":[],"class_list":["post-20492","post","type-post","status-publish","format-standard","has-post-thumbnail","hentry","category-schoenthal"],"yoast_head":"<!-- This site is optimized with the Yoast SEO plugin v27.4 - https:\/\/yoast.com\/product\/yoast-seo-wordpress\/ -->\n<title>Pfarr- und Gemeindeb\u00fccherei freut sich \u00fcber stattlichen Mitgliederzuwachs - Informationsseite und Seelsorgeeinheit<\/title>\n<meta name=\"robots\" content=\"index, follow, max-snippet:-1, max-image-preview:large, max-video-preview:-1\" \/>\n<link rel=\"canonical\" href=\"https:\/\/www.kirche-sdh.de\/side\/pfarr-und-gemeindebuecherei-freut-sich-ueber-stattlichen-mitgliederzuwachs\/\" \/>\n<meta property=\"og:locale\" content=\"de_DE\" \/>\n<meta property=\"og:type\" content=\"article\" \/>\n<meta property=\"og:title\" content=\"Pfarr- und Gemeindeb\u00fccherei freut sich \u00fcber stattlichen Mitgliederzuwachs - Informationsseite und Seelsorgeeinheit\" \/>\n<meta property=\"og:description\" content=\"Ausleih- und Mitgliedzahlen der Sch\u00f6nthaler Pfarr- und Gemeindeb\u00fccherei k\u00f6nnen sich sehen lassen Sch\u00f6nthal. Die Pfarr- und Gemeindeb\u00fccherei Sch\u00f6nthal ist \u00fcber den gesamten Altlandkreis Waldm\u00fcnchen bekannt und f\u00fchrt einen ausgezeichneten Ruf. Daf\u00fcr zeichnet sich insbesondere Inge Haberl als Leiterin mit ihrem Team verantwortlich. Rechtzeitig im Fr\u00fchjahr, vor der Urlaubs- und Ferienzeit [&hellip;]\" \/>\n<meta property=\"og:url\" content=\"https:\/\/www.kirche-sdh.de\/side\/pfarr-und-gemeindebuecherei-freut-sich-ueber-stattlichen-mitgliederzuwachs\/\" \/>\n<meta property=\"og:site_name\" content=\"Informationsseite und Seelsorgeeinheit\" \/>\n<meta property=\"article:published_time\" content=\"2026-03-13T07:24:58+00:00\" \/>\n<meta property=\"article:modified_time\" content=\"2026-03-13T07:25:57+00:00\" \/>\n<meta property=\"og:image\" content=\"https:\/\/www.kirche-sdh.de\/side\/wp-content\/uploads\/buecherei_2026.jpeg\" \/>\n\t<meta property=\"og:image:width\" content=\"1125\" \/>\n\t<meta property=\"og:image:height\" content=\"1500\" \/>\n\t<meta property=\"og:image:type\" content=\"image\/jpeg\" \/>\n<meta name=\"author\" content=\"Martin Zangl\" \/>\n<meta name=\"twitter:card\" content=\"summary_large_image\" \/>\n<meta name=\"twitter:label1\" content=\"Verfasst von\" \/>\n\t<meta name=\"twitter:data1\" content=\"Martin Zangl\" \/>\n\t<meta name=\"twitter:label2\" content=\"Gesch\u00e4tzte Lesezeit\" \/>\n\t<meta name=\"twitter:data2\" content=\"3\u00a0Minuten\" \/>\n<script type=\"application\/ld+json\" class=\"yoast-schema-graph\">{\"@context\":\"https:\\\/\\\/schema.org\",\"@graph\":[{\"@type\":\"Article\",\"@id\":\"https:\\\/\\\/www.kirche-sdh.de\\\/side\\\/pfarr-und-gemeindebuecherei-freut-sich-ueber-stattlichen-mitgliederzuwachs\\\/#article\",\"isPartOf\":{\"@id\":\"https:\\\/\\\/www.kirche-sdh.de\\\/side\\\/pfarr-und-gemeindebuecherei-freut-sich-ueber-stattlichen-mitgliederzuwachs\\\/\"},\"author\":{\"name\":\"Martin Zangl\",\"@id\":\"https:\\\/\\\/www.kirche-sdh.de\\\/side\\\/#\\\/schema\\\/person\\\/e05baeb81583d4659c11ea77b24c3640\"},\"headline\":\"Pfarr- und Gemeindeb\u00fccherei freut sich \u00fcber stattlichen Mitgliederzuwachs\",\"datePublished\":\"2026-03-13T07:24:58+00:00\",\"dateModified\":\"2026-03-13T07:25:57+00:00\",\"mainEntityOfPage\":{\"@id\":\"https:\\\/\\\/www.kirche-sdh.de\\\/side\\\/pfarr-und-gemeindebuecherei-freut-sich-ueber-stattlichen-mitgliederzuwachs\\\/\"},\"wordCount\":411,\"publisher\":{\"@id\":\"https:\\\/\\\/www.kirche-sdh.de\\\/side\\\/#organization\"},\"image\":{\"@id\":\"https:\\\/\\\/www.kirche-sdh.de\\\/side\\\/pfarr-und-gemeindebuecherei-freut-sich-ueber-stattlichen-mitgliederzuwachs\\\/#primaryimage\"},\"thumbnailUrl\":\"https:\\\/\\\/www.kirche-sdh.de\\\/side\\\/wp-content\\\/uploads\\\/buecherei_2026.jpeg\",\"articleSection\":[\"Sch\u00f6nthal\"],\"inLanguage\":\"de\"},{\"@type\":\"WebPage\",\"@id\":\"https:\\\/\\\/www.kirche-sdh.de\\\/side\\\/pfarr-und-gemeindebuecherei-freut-sich-ueber-stattlichen-mitgliederzuwachs\\\/\",\"url\":\"https:\\\/\\\/www.kirche-sdh.de\\\/side\\\/pfarr-und-gemeindebuecherei-freut-sich-ueber-stattlichen-mitgliederzuwachs\\\/\",\"name\":\"Pfarr- und Gemeindeb\u00fccherei freut sich \u00fcber stattlichen Mitgliederzuwachs - Informationsseite und Seelsorgeeinheit\",\"isPartOf\":{\"@id\":\"https:\\\/\\\/www.kirche-sdh.de\\\/side\\\/#website\"},\"primaryImageOfPage\":{\"@id\":\"https:\\\/\\\/www.kirche-sdh.de\\\/side\\\/pfarr-und-gemeindebuecherei-freut-sich-ueber-stattlichen-mitgliederzuwachs\\\/#primaryimage\"},\"image\":{\"@id\":\"https:\\\/\\\/www.kirche-sdh.de\\\/side\\\/pfarr-und-gemeindebuecherei-freut-sich-ueber-stattlichen-mitgliederzuwachs\\\/#primaryimage\"},\"thumbnailUrl\":\"https:\\\/\\\/www.kirche-sdh.de\\\/side\\\/wp-content\\\/uploads\\\/buecherei_2026.jpeg\",\"datePublished\":\"2026-03-13T07:24:58+00:00\",\"dateModified\":\"2026-03-13T07:25:57+00:00\",\"breadcrumb\":{\"@id\":\"https:\\\/\\\/www.kirche-sdh.de\\\/side\\\/pfarr-und-gemeindebuecherei-freut-sich-ueber-stattlichen-mitgliederzuwachs\\\/#breadcrumb\"},\"inLanguage\":\"de\",\"potentialAction\":[{\"@type\":\"ReadAction\",\"target\":[\"https:\\\/\\\/www.kirche-sdh.de\\\/side\\\/pfarr-und-gemeindebuecherei-freut-sich-ueber-stattlichen-mitgliederzuwachs\\\/\"]}]},{\"@type\":\"ImageObject\",\"inLanguage\":\"de\",\"@id\":\"https:\\\/\\\/www.kirche-sdh.de\\\/side\\\/pfarr-und-gemeindebuecherei-freut-sich-ueber-stattlichen-mitgliederzuwachs\\\/#primaryimage\",\"url\":\"https:\\\/\\\/www.kirche-sdh.de\\\/side\\\/wp-content\\\/uploads\\\/buecherei_2026.jpeg\",\"contentUrl\":\"https:\\\/\\\/www.kirche-sdh.de\\\/side\\\/wp-content\\\/uploads\\\/buecherei_2026.jpeg\",\"width\":1125,\"height\":1500},{\"@type\":\"BreadcrumbList\",\"@id\":\"https:\\\/\\\/www.kirche-sdh.de\\\/side\\\/pfarr-und-gemeindebuecherei-freut-sich-ueber-stattlichen-mitgliederzuwachs\\\/#breadcrumb\",\"itemListElement\":[{\"@type\":\"ListItem\",\"position\":1,\"name\":\"Startseite\",\"item\":\"https:\\\/\\\/www.kirche-sdh.de\\\/side\\\/\"},{\"@type\":\"ListItem\",\"position\":2,\"name\":\"Pfarr- und Gemeindeb\u00fccherei freut sich \u00fcber stattlichen Mitgliederzuwachs\"}]},{\"@type\":\"WebSite\",\"@id\":\"https:\\\/\\\/www.kirche-sdh.de\\\/side\\\/#website\",\"url\":\"https:\\\/\\\/www.kirche-sdh.de\\\/side\\\/\",\"name\":\"Informationsseite und Seelsorgeeinheit\",\"description\":\"Informationsseite und Seelsorgeeinheit\",\"publisher\":{\"@id\":\"https:\\\/\\\/www.kirche-sdh.de\\\/side\\\/#organization\"},\"potentialAction\":[{\"@type\":\"SearchAction\",\"target\":{\"@type\":\"EntryPoint\",\"urlTemplate\":\"https:\\\/\\\/www.kirche-sdh.de\\\/side\\\/?s={search_term_string}\"},\"query-input\":{\"@type\":\"PropertyValueSpecification\",\"valueRequired\":true,\"valueName\":\"search_term_string\"}}],\"inLanguage\":\"de\"},{\"@type\":\"Organization\",\"@id\":\"https:\\\/\\\/www.kirche-sdh.de\\\/side\\\/#organization\",\"name\":\"Informationsseite und Seelsorgeeinheit\",\"url\":\"https:\\\/\\\/www.kirche-sdh.de\\\/side\\\/\",\"logo\":{\"@type\":\"ImageObject\",\"inLanguage\":\"de\",\"@id\":\"https:\\\/\\\/www.kirche-sdh.de\\\/side\\\/#\\\/schema\\\/logo\\\/image\\\/\",\"url\":\"https:\\\/\\\/www.kirche-sdh.de\\\/side\\\/wp-content\\\/uploads\\\/2017\\\/12\\\/kirche-logos.png\",\"contentUrl\":\"https:\\\/\\\/www.kirche-sdh.de\\\/side\\\/wp-content\\\/uploads\\\/2017\\\/12\\\/kirche-logos.png\",\"width\":438,\"height\":191,\"caption\":\"Informationsseite und Seelsorgeeinheit\"},\"image\":{\"@id\":\"https:\\\/\\\/www.kirche-sdh.de\\\/side\\\/#\\\/schema\\\/logo\\\/image\\\/\"}},{\"@type\":\"Person\",\"@id\":\"https:\\\/\\\/www.kirche-sdh.de\\\/side\\\/#\\\/schema\\\/person\\\/e05baeb81583d4659c11ea77b24c3640\",\"name\":\"Martin Zangl\",\"url\":\"https:\\\/\\\/www.kirche-sdh.de\\\/side\\\/author\\\/zangl\\\/\"}]}<\/script>\n<!-- \/ Yoast SEO plugin. -->","yoast_head_json":{"title":"Pfarr- und Gemeindeb\u00fccherei freut sich \u00fcber stattlichen Mitgliederzuwachs - Informationsseite und Seelsorgeeinheit","robots":{"index":"index","follow":"follow","max-snippet":"max-snippet:-1","max-image-preview":"max-image-preview:large","max-video-preview":"max-video-preview:-1"},"canonical":"https:\/\/www.kirche-sdh.de\/side\/pfarr-und-gemeindebuecherei-freut-sich-ueber-stattlichen-mitgliederzuwachs\/","og_locale":"de_DE","og_type":"article","og_title":"Pfarr- und Gemeindeb\u00fccherei freut sich \u00fcber stattlichen Mitgliederzuwachs - Informationsseite und Seelsorgeeinheit","og_description":"Ausleih- und Mitgliedzahlen der Sch\u00f6nthaler Pfarr- und Gemeindeb\u00fccherei k\u00f6nnen sich sehen lassen Sch\u00f6nthal. Die Pfarr- und Gemeindeb\u00fccherei Sch\u00f6nthal ist \u00fcber den gesamten Altlandkreis Waldm\u00fcnchen bekannt und f\u00fchrt einen ausgezeichneten Ruf. Daf\u00fcr zeichnet sich insbesondere Inge Haberl als Leiterin mit ihrem Team verantwortlich. Rechtzeitig im Fr\u00fchjahr, vor der Urlaubs- und Ferienzeit [&hellip;]","og_url":"https:\/\/www.kirche-sdh.de\/side\/pfarr-und-gemeindebuecherei-freut-sich-ueber-stattlichen-mitgliederzuwachs\/","og_site_name":"Informationsseite und Seelsorgeeinheit","article_published_time":"2026-03-13T07:24:58+00:00","article_modified_time":"2026-03-13T07:25:57+00:00","og_image":[{"width":1125,"height":1500,"url":"https:\/\/www.kirche-sdh.de\/side\/wp-content\/uploads\/buecherei_2026.jpeg","type":"image\/jpeg"}],"author":"Martin Zangl","twitter_card":"summary_large_image","twitter_misc":{"Verfasst von":"Martin Zangl","Gesch\u00e4tzte Lesezeit":"3\u00a0Minuten"},"schema":{"@context":"https:\/\/schema.org","@graph":[{"@type":"Article","@id":"https:\/\/www.kirche-sdh.de\/side\/pfarr-und-gemeindebuecherei-freut-sich-ueber-stattlichen-mitgliederzuwachs\/#article","isPartOf":{"@id":"https:\/\/www.kirche-sdh.de\/side\/pfarr-und-gemeindebuecherei-freut-sich-ueber-stattlichen-mitgliederzuwachs\/"},"author":{"name":"Martin Zangl","@id":"https:\/\/www.kirche-sdh.de\/side\/#\/schema\/person\/e05baeb81583d4659c11ea77b24c3640"},"headline":"Pfarr- und Gemeindeb\u00fccherei freut sich \u00fcber stattlichen Mitgliederzuwachs","datePublished":"2026-03-13T07:24:58+00:00","dateModified":"2026-03-13T07:25:57+00:00","mainEntityOfPage":{"@id":"https:\/\/www.kirche-sdh.de\/side\/pfarr-und-gemeindebuecherei-freut-sich-ueber-stattlichen-mitgliederzuwachs\/"},"wordCount":411,"publisher":{"@id":"https:\/\/www.kirche-sdh.de\/side\/#organization"},"image":{"@id":"https:\/\/www.kirche-sdh.de\/side\/pfarr-und-gemeindebuecherei-freut-sich-ueber-stattlichen-mitgliederzuwachs\/#primaryimage"},"thumbnailUrl":"https:\/\/www.kirche-sdh.de\/side\/wp-content\/uploads\/buecherei_2026.jpeg","articleSection":["Sch\u00f6nthal"],"inLanguage":"de"},{"@type":"WebPage","@id":"https:\/\/www.kirche-sdh.de\/side\/pfarr-und-gemeindebuecherei-freut-sich-ueber-stattlichen-mitgliederzuwachs\/","url":"https:\/\/www.kirche-sdh.de\/side\/pfarr-und-gemeindebuecherei-freut-sich-ueber-stattlichen-mitgliederzuwachs\/","name":"Pfarr- und Gemeindeb\u00fccherei freut sich \u00fcber stattlichen Mitgliederzuwachs - Informationsseite und Seelsorgeeinheit","isPartOf":{"@id":"https:\/\/www.kirche-sdh.de\/side\/#website"},"primaryImageOfPage":{"@id":"https:\/\/www.kirche-sdh.de\/side\/pfarr-und-gemeindebuecherei-freut-sich-ueber-stattlichen-mitgliederzuwachs\/#primaryimage"},"image":{"@id":"https:\/\/www.kirche-sdh.de\/side\/pfarr-und-gemeindebuecherei-freut-sich-ueber-stattlichen-mitgliederzuwachs\/#primaryimage"},"thumbnailUrl":"https:\/\/www.kirche-sdh.de\/side\/wp-content\/uploads\/buecherei_2026.jpeg","datePublished":"2026-03-13T07:24:58+00:00","dateModified":"2026-03-13T07:25:57+00:00","breadcrumb":{"@id":"https:\/\/www.kirche-sdh.de\/side\/pfarr-und-gemeindebuecherei-freut-sich-ueber-stattlichen-mitgliederzuwachs\/#breadcrumb"},"inLanguage":"de","potentialAction":[{"@type":"ReadAction","target":["https:\/\/www.kirche-sdh.de\/side\/pfarr-und-gemeindebuecherei-freut-sich-ueber-stattlichen-mitgliederzuwachs\/"]}]},{"@type":"ImageObject","inLanguage":"de","@id":"https:\/\/www.kirche-sdh.de\/side\/pfarr-und-gemeindebuecherei-freut-sich-ueber-stattlichen-mitgliederzuwachs\/#primaryimage","url":"https:\/\/www.kirche-sdh.de\/side\/wp-content\/uploads\/buecherei_2026.jpeg","contentUrl":"https:\/\/www.kirche-sdh.de\/side\/wp-content\/uploads\/buecherei_2026.jpeg","width":1125,"height":1500},{"@type":"BreadcrumbList","@id":"https:\/\/www.kirche-sdh.de\/side\/pfarr-und-gemeindebuecherei-freut-sich-ueber-stattlichen-mitgliederzuwachs\/#breadcrumb","itemListElement":[{"@type":"ListItem","position":1,"name":"Startseite","item":"https:\/\/www.kirche-sdh.de\/side\/"},{"@type":"ListItem","position":2,"name":"Pfarr- und Gemeindeb\u00fccherei freut sich \u00fcber stattlichen Mitgliederzuwachs"}]},{"@type":"WebSite","@id":"https:\/\/www.kirche-sdh.de\/side\/#website","url":"https:\/\/www.kirche-sdh.de\/side\/","name":"Informationsseite und Seelsorgeeinheit","description":"Informationsseite und Seelsorgeeinheit","publisher":{"@id":"https:\/\/www.kirche-sdh.de\/side\/#organization"},"potentialAction":[{"@type":"SearchAction","target":{"@type":"EntryPoint","urlTemplate":"https:\/\/www.kirche-sdh.de\/side\/?s={search_term_string}"},"query-input":{"@type":"PropertyValueSpecification","valueRequired":true,"valueName":"search_term_string"}}],"inLanguage":"de"},{"@type":"Organization","@id":"https:\/\/www.kirche-sdh.de\/side\/#organization","name":"Informationsseite und Seelsorgeeinheit","url":"https:\/\/www.kirche-sdh.de\/side\/","logo":{"@type":"ImageObject","inLanguage":"de","@id":"https:\/\/www.kirche-sdh.de\/side\/#\/schema\/logo\/image\/","url":"https:\/\/www.kirche-sdh.de\/side\/wp-content\/uploads\/2017\/12\/kirche-logos.png","contentUrl":"https:\/\/www.kirche-sdh.de\/side\/wp-content\/uploads\/2017\/12\/kirche-logos.png","width":438,"height":191,"caption":"Informationsseite und Seelsorgeeinheit"},"image":{"@id":"https:\/\/www.kirche-sdh.de\/side\/#\/schema\/logo\/image\/"}},{"@type":"Person","@id":"https:\/\/www.kirche-sdh.de\/side\/#\/schema\/person\/e05baeb81583d4659c11ea77b24c3640","name":"Martin Zangl","url":"https:\/\/www.kirche-sdh.de\/side\/author\/zangl\/"}]}},"_links":{"self":[{"href":"https:\/\/www.kirche-sdh.de\/side\/wp-json\/wp\/v2\/posts\/20492","targetHints":{"allow":["GET"]}}],"collection":[{"href":"https:\/\/www.kirche-sdh.de\/side\/wp-json\/wp\/v2\/posts"}],"about":[{"href":"https:\/\/www.kirche-sdh.de\/side\/wp-json\/wp\/v2\/types\/post"}],"author":[{"embeddable":true,"href":"https:\/\/www.kirche-sdh.de\/side\/wp-json\/wp\/v2\/users\/3"}],"replies":[{"embeddable":true,"href":"https:\/\/www.kirche-sdh.de\/side\/wp-json\/wp\/v2\/comments?post=20492"}],"version-history":[{"count":0,"href":"https:\/\/www.kirche-sdh.de\/side\/wp-json\/wp\/v2\/posts\/20492\/revisions"}],"wp:featuredmedia":[{"embeddable":true,"href":"https:\/\/www.kirche-sdh.de\/side\/wp-json\/wp\/v2\/media\/20493"}],"wp:attachment":[{"href":"https:\/\/www.kirche-sdh.de\/side\/wp-json\/wp\/v2\/media?parent=20492"}],"wp:term":[{"taxonomy":"category","embeddable":true,"href":"https:\/\/www.kirche-sdh.de\/side\/wp-json\/wp\/v2\/categories?post=20492"},{"taxonomy":"post_tag","embeddable":true,"href":"https:\/\/www.kirche-sdh.de\/side\/wp-json\/wp\/v2\/tags?post=20492"}],"curies":[{"name":"wp","href":"https:\/\/api.w.org\/{rel}","templated":true}]}}