{"id":20388,"date":"2026-01-18T11:45:59","date_gmt":"2026-01-18T10:45:59","guid":{"rendered":"https:\/\/www.kirche-sdh.de\/side\/?p=20388"},"modified":"2026-01-18T11:45:59","modified_gmt":"2026-01-18T10:45:59","slug":"helferessen-der-pfarrei-doefering-3","status":"publish","type":"post","link":"https:\/\/www.kirche-sdh.de\/side\/helferessen-der-pfarrei-doefering-3\/","title":{"rendered":"Helferessen der Pfarrei D\u00f6fering"},"content":{"rendered":"<h1><strong>Ehrenamtliche im Mittelpunkt: Pfarrei D\u00f6fering l\u00e4dt zum Dankesessen<\/strong><\/h1>\n<p>D\u00f6fering \u2013 In festlicher Atmosph\u00e4re hat die Pfarrei D\u00f6fering am vergangenen Freitag ihre ehrenamtlichen Helferinnen und Helfer zum traditionellen Dankesessen eingeladen \u2013 erstmals im festlich hergerichteten Pfarr-, Dorf- und Jugendheim. F\u00fcr den musikalischen Rahmen sorgte traditionell die D\u00f6feringer Blaskapelle, die den Abend feierlich er\u00f6ffnete.<\/p>\n<p>Pfarrer Alfons Eder und Kirchenpfleger Sepp Schneider begr\u00fc\u00dften die zahlreich erschienenen G\u00e4ste aus den kirchlichen Gremien von Pfarrgemeinderat und Kirchenverwaltung sowie Vertreterinnen und Vertretern der kirchlichen Vereine und der Kirchenmusik herzlich und betonten die gro\u00dfe Bedeutung des freiwilligen Engagements f\u00fcr das lebendige Gemeindeleben. Mit dem gemeinsamen Essen wolle man all jenen danken, die das ganze Jahr \u00fcber unentgeltlich Zeit, Kraft und Herzblut in die Pfarrei einbringen.<\/p>\n<p>Nach dem Essen blickten die Anwesenden in einer von Roland Dirscherl zusammengestellten Bildschirmpr\u00e4sentation auf ein ereignisreiches Jahr zur\u00fcck.<\/p>\n<p><img loading=\"lazy\" decoding=\"async\" src=\"https:\/\/www.kirche-sdh.de\/side\/wp-content\/uploads\/P1005193-1024x683.jpg\" alt=\"\" width=\"750\" height=\"500\" class=\"alignnone size-large wp-image-20397\" srcset=\"https:\/\/www.kirche-sdh.de\/side\/wp-content\/uploads\/P1005193-1024x683.jpg 1024w, https:\/\/www.kirche-sdh.de\/side\/wp-content\/uploads\/P1005193-300x200.jpg 300w, https:\/\/www.kirche-sdh.de\/side\/wp-content\/uploads\/P1005193-768x512.jpg 768w, https:\/\/www.kirche-sdh.de\/side\/wp-content\/uploads\/P1005193-1536x1024.jpg 1536w, https:\/\/www.kirche-sdh.de\/side\/wp-content\/uploads\/P1005193-360x240.jpg 360w, https:\/\/www.kirche-sdh.de\/side\/wp-content\/uploads\/P1005193.jpg 1600w\" sizes=\"auto, (max-width: 750px) 100vw, 750px\" \/><\/p>\n<h2><strong>Die Pfarrei D\u00f6fering in Zahlen<\/strong><\/h2>\n<ul>\n<li>Katholiken: 567<\/li>\n<li>Taufen: 3<\/li>\n<li>Kommunionkinder: 6<\/li>\n<li>Trauungen: 1<\/li>\n<li>Sterbef\u00e4lle: 7<\/li>\n<li>Kirchenaustritte: 2<\/li>\n<\/ul>\n<h2><strong>Ein Jahr voller H\u00f6hepunkte<\/strong><\/h2>\n<p>Die Pr\u00e4sentation f\u00fchrte Monat f\u00fcr Monat durch das vielf\u00e4ltige Gemeindeleben:<\/p>\n<ul>\n<li><strong>Januar:<\/strong> Sternsingeraktion, Helferessen<\/li>\n<li><strong>Februar:<\/strong> Verabschiedung von Gerd Kumschier nach 36 Jahren Kirchenverwaltung, Vorstellung der Kommunionkinder<\/li>\n<li><strong>M\u00e4rz:<\/strong> Familiengottesdienst<\/li>\n<li><strong>April:<\/strong> Fastensuppenessen, Palmsonntag, Kreuzweg am Hussenbierl, Feier der Osternacht<\/li>\n<li><strong>Mai:<\/strong> Erstkommunion, MMC-Maiandacht mit Chor, 312. Bittgang nach Ast<\/li>\n<li><strong>Juni:<\/strong> Radlwallfahrt der KLB, Flurprozession zum Hussenbierl, MMC-Konvent im Jugendheim, Fronleichnam, Evensong des KLB-Kreis Cham und der KLB D\u00f6fering gemeinsam mit dem Kirchenchor<\/li>\n<li><strong>September:<\/strong> Wechsel bei den Ministranten<\/li>\n<li><strong>Oktober:<\/strong> Erntedank, Haustiersegnung<\/li>\n<li><strong>November:<\/strong> Putzkranzerl, Allerheiligen, Volkstrauertag, Familiengottesdienst, Frauentragen<\/li>\n<li><strong>Dezember:<\/strong> Dorfweihnacht des Burschenvereins, Kinderkrippenfeier an Weihnachten, Waldweihnacht der KLB am Hussenbierl<\/li>\n<\/ul>\n<h2><strong>Bericht der Kirchenverwaltung<\/strong><\/h2>\n<p>Auch die Kirchenverwaltung informierte \u00fcber abgeschlossene und laufende Ma\u00dfnahmen:<\/p>\n<ol>\n<li>Die Kirchenrechnung wurde erstellt und im Pfarrb\u00fcro zur Einsicht ausgelegt.<\/li>\n<li>F\u00fcr Prozessionen wurde eine neue mobile Lautsprecherbox angeschafft.<\/li>\n<li>Das Jugendheim wurde \u201esommerfest\u201c gemacht: Insektenschutzgitter an K\u00fcchenfenstern, der Ausgangst\u00fcr und dem Oberlicht sorgen f\u00fcr bessere L\u00fcftung; zus\u00e4tzliche Beschattungen im Au\u00dfenbereich reduzieren die Sonneneinstrahlung.<\/li>\n<li>Am Defibrillator wurde die Batterie erneuert.<\/li>\n<li>Gemeinsam mit Waldbetreuer Peter Sch\u00f6n verschaffte sich die Kirchenverwaltung einen \u00dcberblick \u00fcber den eigenen Kirchenwald.<\/li>\n<li>F\u00fcr die Orgel wurde der Austausch der sogenannten Balgfedern beauftragt.<\/li>\n<li>Zurzeit befindet man sich in der Planung der f\u00e4lligen Renovierung der Innenschale des Gotteshauses und stimmt sich derzeit mit der Di\u00f6zese \u00fcber den Umfang der Ma\u00dfnahme ab.<\/li>\n<\/ol>\n<p>Der Abend zeigte eindrucksvoll, wie vielf\u00e4ltig und lebendig das Engagement in der Pfarrei D\u00f6fering ist. Mit Dankbarkeit und Gemeinschaftssinn blickten die Ehrenamtlichen auf das vergangene Jahr zur\u00fcck \u2013 und zugleich motiviert auf die kommenden Aufgaben.<\/p>\n<p>&nbsp;<\/p>\n<p><img loading=\"lazy\" decoding=\"async\" src=\"https:\/\/www.kirche-sdh.de\/side\/wp-content\/uploads\/P1005179-1024x683.jpg\" alt=\"\" width=\"750\" height=\"500\" class=\"alignnone size-large wp-image-20391\" srcset=\"https:\/\/www.kirche-sdh.de\/side\/wp-content\/uploads\/P1005179-1024x683.jpg 1024w, https:\/\/www.kirche-sdh.de\/side\/wp-content\/uploads\/P1005179-300x200.jpg 300w, https:\/\/www.kirche-sdh.de\/side\/wp-content\/uploads\/P1005179-768x512.jpg 768w, https:\/\/www.kirche-sdh.de\/side\/wp-content\/uploads\/P1005179-1536x1024.jpg 1536w, https:\/\/www.kirche-sdh.de\/side\/wp-content\/uploads\/P1005179-360x240.jpg 360w, https:\/\/www.kirche-sdh.de\/side\/wp-content\/uploads\/P1005179.jpg 1600w\" sizes=\"auto, (max-width: 750px) 100vw, 750px\" \/><\/p>\n<p><img loading=\"lazy\" decoding=\"async\" src=\"https:\/\/www.kirche-sdh.de\/side\/wp-content\/uploads\/P1005180-1024x683.jpg\" alt=\"\" width=\"750\" height=\"500\" class=\"alignnone size-large wp-image-20392\" srcset=\"https:\/\/www.kirche-sdh.de\/side\/wp-content\/uploads\/P1005180-1024x683.jpg 1024w, https:\/\/www.kirche-sdh.de\/side\/wp-content\/uploads\/P1005180-300x200.jpg 300w, https:\/\/www.kirche-sdh.de\/side\/wp-content\/uploads\/P1005180-768x512.jpg 768w, https:\/\/www.kirche-sdh.de\/side\/wp-content\/uploads\/P1005180-1536x1024.jpg 1536w, https:\/\/www.kirche-sdh.de\/side\/wp-content\/uploads\/P1005180-360x240.jpg 360w, https:\/\/www.kirche-sdh.de\/side\/wp-content\/uploads\/P1005180.jpg 1600w\" sizes=\"auto, (max-width: 750px) 100vw, 750px\" \/><\/p>\n<p>&nbsp;<\/p>\n<p><img loading=\"lazy\" decoding=\"async\" src=\"https:\/\/www.kirche-sdh.de\/side\/wp-content\/uploads\/20260116_195802-1024x577.jpg\" alt=\"\" width=\"750\" height=\"423\" class=\"alignnone size-large wp-image-20389\" srcset=\"https:\/\/www.kirche-sdh.de\/side\/wp-content\/uploads\/20260116_195802-1024x577.jpg 1024w, https:\/\/www.kirche-sdh.de\/side\/wp-content\/uploads\/20260116_195802-300x169.jpg 300w, https:\/\/www.kirche-sdh.de\/side\/wp-content\/uploads\/20260116_195802-768x432.jpg 768w, https:\/\/www.kirche-sdh.de\/side\/wp-content\/uploads\/20260116_195802-1536x865.jpg 1536w, https:\/\/www.kirche-sdh.de\/side\/wp-content\/uploads\/20260116_195802.jpg 1600w\" sizes=\"auto, (max-width: 750px) 100vw, 750px\" \/><\/p>\n<p>&nbsp;<\/p>\n<p><img loading=\"lazy\" decoding=\"async\" src=\"https:\/\/www.kirche-sdh.de\/side\/wp-content\/uploads\/P1005187-1024x683.jpg\" alt=\"\" width=\"750\" height=\"500\" class=\"alignnone size-large wp-image-20394\" srcset=\"https:\/\/www.kirche-sdh.de\/side\/wp-content\/uploads\/P1005187-1024x683.jpg 1024w, https:\/\/www.kirche-sdh.de\/side\/wp-content\/uploads\/P1005187-300x200.jpg 300w, https:\/\/www.kirche-sdh.de\/side\/wp-content\/uploads\/P1005187-768x512.jpg 768w, https:\/\/www.kirche-sdh.de\/side\/wp-content\/uploads\/P1005187-1536x1024.jpg 1536w, https:\/\/www.kirche-sdh.de\/side\/wp-content\/uploads\/P1005187-360x240.jpg 360w, https:\/\/www.kirche-sdh.de\/side\/wp-content\/uploads\/P1005187.jpg 1600w\" sizes=\"auto, (max-width: 750px) 100vw, 750px\" \/><\/p>\n<p><img loading=\"lazy\" decoding=\"async\" src=\"https:\/\/www.kirche-sdh.de\/side\/wp-content\/uploads\/20260116_223629-1024x577.jpg\" alt=\"\" width=\"750\" height=\"423\" class=\"alignnone size-large wp-image-20390\" srcset=\"https:\/\/www.kirche-sdh.de\/side\/wp-content\/uploads\/20260116_223629-1024x577.jpg 1024w, https:\/\/www.kirche-sdh.de\/side\/wp-content\/uploads\/20260116_223629-300x169.jpg 300w, https:\/\/www.kirche-sdh.de\/side\/wp-content\/uploads\/20260116_223629-768x432.jpg 768w, https:\/\/www.kirche-sdh.de\/side\/wp-content\/uploads\/20260116_223629-1536x865.jpg 1536w, https:\/\/www.kirche-sdh.de\/side\/wp-content\/uploads\/20260116_223629.jpg 1600w\" sizes=\"auto, (max-width: 750px) 100vw, 750px\" \/><\/p>\n<p><img loading=\"lazy\" decoding=\"async\" src=\"https:\/\/www.kirche-sdh.de\/side\/wp-content\/uploads\/P1005188-1024x683.jpg\" alt=\"\" width=\"750\" height=\"500\" class=\"alignnone size-large wp-image-20395\" srcset=\"https:\/\/www.kirche-sdh.de\/side\/wp-content\/uploads\/P1005188-1024x683.jpg 1024w, https:\/\/www.kirche-sdh.de\/side\/wp-content\/uploads\/P1005188-300x200.jpg 300w, https:\/\/www.kirche-sdh.de\/side\/wp-content\/uploads\/P1005188-768x512.jpg 768w, https:\/\/www.kirche-sdh.de\/side\/wp-content\/uploads\/P1005188-1536x1024.jpg 1536w, https:\/\/www.kirche-sdh.de\/side\/wp-content\/uploads\/P1005188-360x240.jpg 360w, https:\/\/www.kirche-sdh.de\/side\/wp-content\/uploads\/P1005188.jpg 1600w\" sizes=\"auto, (max-width: 750px) 100vw, 750px\" \/><\/p>\n<p><img loading=\"lazy\" decoding=\"async\" src=\"https:\/\/www.kirche-sdh.de\/side\/wp-content\/uploads\/P1005182-1024x683.jpg\" alt=\"\" width=\"750\" height=\"500\" class=\"alignnone size-large wp-image-20393\" srcset=\"https:\/\/www.kirche-sdh.de\/side\/wp-content\/uploads\/P1005182-1024x683.jpg 1024w, https:\/\/www.kirche-sdh.de\/side\/wp-content\/uploads\/P1005182-300x200.jpg 300w, https:\/\/www.kirche-sdh.de\/side\/wp-content\/uploads\/P1005182-768x512.jpg 768w, https:\/\/www.kirche-sdh.de\/side\/wp-content\/uploads\/P1005182-1536x1024.jpg 1536w, https:\/\/www.kirche-sdh.de\/side\/wp-content\/uploads\/P1005182-360x240.jpg 360w, https:\/\/www.kirche-sdh.de\/side\/wp-content\/uploads\/P1005182.jpg 1600w\" sizes=\"auto, (max-width: 750px) 100vw, 750px\" \/><\/p>\n<p><img loading=\"lazy\" decoding=\"async\" src=\"https:\/\/www.kirche-sdh.de\/side\/wp-content\/uploads\/P1005191-1024x683.jpg\" alt=\"\" width=\"750\" height=\"500\" class=\"alignnone size-large wp-image-20396\" srcset=\"https:\/\/www.kirche-sdh.de\/side\/wp-content\/uploads\/P1005191-1024x683.jpg 1024w, https:\/\/www.kirche-sdh.de\/side\/wp-content\/uploads\/P1005191-300x200.jpg 300w, https:\/\/www.kirche-sdh.de\/side\/wp-content\/uploads\/P1005191-768x512.jpg 768w, https:\/\/www.kirche-sdh.de\/side\/wp-content\/uploads\/P1005191-1536x1024.jpg 1536w, https:\/\/www.kirche-sdh.de\/side\/wp-content\/uploads\/P1005191-360x240.jpg 360w, https:\/\/www.kirche-sdh.de\/side\/wp-content\/uploads\/P1005191.jpg 1600w\" sizes=\"auto, (max-width: 750px) 100vw, 750px\" \/><\/p>\n<p>&nbsp;<\/p>\n","protected":false},"excerpt":{"rendered":"<p>Ehrenamtliche im Mittelpunkt: Pfarrei D\u00f6fering l\u00e4dt zum Dankesessen D\u00f6fering \u2013 In festlicher Atmosph\u00e4re hat die Pfarrei D\u00f6fering am vergangenen Freitag ihre ehrenamtlichen Helferinnen und Helfer zum traditionellen Dankesessen eingeladen \u2013 erstmals im festlich hergerichteten Pfarr-, Dorf- und Jugendheim. F\u00fcr den musikalischen Rahmen sorgte traditionell die D\u00f6feringer Blaskapelle, die den Abend [&hellip;]<\/p>\n","protected":false},"author":1,"featured_media":20397,"comment_status":"closed","ping_status":"closed","sticky":true,"template":"","format":"standard","meta":{"footnotes":""},"categories":[20],"tags":[],"class_list":["post-20388","post","type-post","status-publish","format-standard","has-post-thumbnail","hentry","category-doefering"],"yoast_head":"<!-- This site is optimized with the Yoast SEO plugin v27.4 - https:\/\/yoast.com\/product\/yoast-seo-wordpress\/ -->\n<title>Helferessen der Pfarrei D\u00f6fering - Informationsseite und Seelsorgeeinheit<\/title>\n<meta name=\"robots\" content=\"index, follow, max-snippet:-1, max-image-preview:large, max-video-preview:-1\" \/>\n<link rel=\"canonical\" href=\"https:\/\/www.kirche-sdh.de\/side\/helferessen-der-pfarrei-doefering-3\/\" \/>\n<meta property=\"og:locale\" content=\"de_DE\" \/>\n<meta property=\"og:type\" content=\"article\" \/>\n<meta property=\"og:title\" content=\"Helferessen der Pfarrei D\u00f6fering - Informationsseite und Seelsorgeeinheit\" \/>\n<meta property=\"og:description\" content=\"Ehrenamtliche im Mittelpunkt: Pfarrei D\u00f6fering l\u00e4dt zum Dankesessen D\u00f6fering \u2013 In festlicher Atmosph\u00e4re hat die Pfarrei D\u00f6fering am vergangenen Freitag ihre ehrenamtlichen Helferinnen und Helfer zum traditionellen Dankesessen eingeladen \u2013 erstmals im festlich hergerichteten Pfarr-, Dorf- und Jugendheim. F\u00fcr den musikalischen Rahmen sorgte traditionell die D\u00f6feringer Blaskapelle, die den Abend [&hellip;]\" \/>\n<meta property=\"og:url\" content=\"https:\/\/www.kirche-sdh.de\/side\/helferessen-der-pfarrei-doefering-3\/\" \/>\n<meta property=\"og:site_name\" content=\"Informationsseite und Seelsorgeeinheit\" \/>\n<meta property=\"article:published_time\" content=\"2026-01-18T10:45:59+00:00\" \/>\n<meta property=\"og:image\" content=\"https:\/\/www.kirche-sdh.de\/side\/wp-content\/uploads\/P1005193.jpg\" \/>\n\t<meta property=\"og:image:width\" content=\"1600\" \/>\n\t<meta property=\"og:image:height\" content=\"1067\" \/>\n\t<meta property=\"og:image:type\" content=\"image\/jpeg\" \/>\n<meta name=\"author\" content=\"Dirscherl\" \/>\n<meta name=\"twitter:card\" content=\"summary_large_image\" \/>\n<meta name=\"twitter:label1\" content=\"Verfasst von\" \/>\n\t<meta name=\"twitter:data1\" content=\"Dirscherl\" \/>\n\t<meta name=\"twitter:label2\" content=\"Gesch\u00e4tzte Lesezeit\" \/>\n\t<meta name=\"twitter:data2\" content=\"5\u00a0Minuten\" \/>\n<script type=\"application\/ld+json\" class=\"yoast-schema-graph\">{\"@context\":\"https:\\\/\\\/schema.org\",\"@graph\":[{\"@type\":\"Article\",\"@id\":\"https:\\\/\\\/www.kirche-sdh.de\\\/side\\\/helferessen-der-pfarrei-doefering-3\\\/#article\",\"isPartOf\":{\"@id\":\"https:\\\/\\\/www.kirche-sdh.de\\\/side\\\/helferessen-der-pfarrei-doefering-3\\\/\"},\"author\":{\"name\":\"Dirscherl\",\"@id\":\"https:\\\/\\\/www.kirche-sdh.de\\\/side\\\/#\\\/schema\\\/person\\\/03813c96da9249c1923a325c77818b1a\"},\"headline\":\"Helferessen der Pfarrei D\u00f6fering\",\"datePublished\":\"2026-01-18T10:45:59+00:00\",\"mainEntityOfPage\":{\"@id\":\"https:\\\/\\\/www.kirche-sdh.de\\\/side\\\/helferessen-der-pfarrei-doefering-3\\\/\"},\"wordCount\":436,\"publisher\":{\"@id\":\"https:\\\/\\\/www.kirche-sdh.de\\\/side\\\/#organization\"},\"image\":{\"@id\":\"https:\\\/\\\/www.kirche-sdh.de\\\/side\\\/helferessen-der-pfarrei-doefering-3\\\/#primaryimage\"},\"thumbnailUrl\":\"https:\\\/\\\/www.kirche-sdh.de\\\/side\\\/wp-content\\\/uploads\\\/P1005193.jpg\",\"articleSection\":[\"D\u00f6fering\"],\"inLanguage\":\"de\"},{\"@type\":\"WebPage\",\"@id\":\"https:\\\/\\\/www.kirche-sdh.de\\\/side\\\/helferessen-der-pfarrei-doefering-3\\\/\",\"url\":\"https:\\\/\\\/www.kirche-sdh.de\\\/side\\\/helferessen-der-pfarrei-doefering-3\\\/\",\"name\":\"Helferessen der Pfarrei D\u00f6fering - Informationsseite und Seelsorgeeinheit\",\"isPartOf\":{\"@id\":\"https:\\\/\\\/www.kirche-sdh.de\\\/side\\\/#website\"},\"primaryImageOfPage\":{\"@id\":\"https:\\\/\\\/www.kirche-sdh.de\\\/side\\\/helferessen-der-pfarrei-doefering-3\\\/#primaryimage\"},\"image\":{\"@id\":\"https:\\\/\\\/www.kirche-sdh.de\\\/side\\\/helferessen-der-pfarrei-doefering-3\\\/#primaryimage\"},\"thumbnailUrl\":\"https:\\\/\\\/www.kirche-sdh.de\\\/side\\\/wp-content\\\/uploads\\\/P1005193.jpg\",\"datePublished\":\"2026-01-18T10:45:59+00:00\",\"breadcrumb\":{\"@id\":\"https:\\\/\\\/www.kirche-sdh.de\\\/side\\\/helferessen-der-pfarrei-doefering-3\\\/#breadcrumb\"},\"inLanguage\":\"de\",\"potentialAction\":[{\"@type\":\"ReadAction\",\"target\":[\"https:\\\/\\\/www.kirche-sdh.de\\\/side\\\/helferessen-der-pfarrei-doefering-3\\\/\"]}]},{\"@type\":\"ImageObject\",\"inLanguage\":\"de\",\"@id\":\"https:\\\/\\\/www.kirche-sdh.de\\\/side\\\/helferessen-der-pfarrei-doefering-3\\\/#primaryimage\",\"url\":\"https:\\\/\\\/www.kirche-sdh.de\\\/side\\\/wp-content\\\/uploads\\\/P1005193.jpg\",\"contentUrl\":\"https:\\\/\\\/www.kirche-sdh.de\\\/side\\\/wp-content\\\/uploads\\\/P1005193.jpg\",\"width\":1600,\"height\":1067},{\"@type\":\"BreadcrumbList\",\"@id\":\"https:\\\/\\\/www.kirche-sdh.de\\\/side\\\/helferessen-der-pfarrei-doefering-3\\\/#breadcrumb\",\"itemListElement\":[{\"@type\":\"ListItem\",\"position\":1,\"name\":\"Startseite\",\"item\":\"https:\\\/\\\/www.kirche-sdh.de\\\/side\\\/\"},{\"@type\":\"ListItem\",\"position\":2,\"name\":\"Helferessen der Pfarrei D\u00f6fering\"}]},{\"@type\":\"WebSite\",\"@id\":\"https:\\\/\\\/www.kirche-sdh.de\\\/side\\\/#website\",\"url\":\"https:\\\/\\\/www.kirche-sdh.de\\\/side\\\/\",\"name\":\"Informationsseite und Seelsorgeeinheit\",\"description\":\"Informationsseite und Seelsorgeeinheit\",\"publisher\":{\"@id\":\"https:\\\/\\\/www.kirche-sdh.de\\\/side\\\/#organization\"},\"potentialAction\":[{\"@type\":\"SearchAction\",\"target\":{\"@type\":\"EntryPoint\",\"urlTemplate\":\"https:\\\/\\\/www.kirche-sdh.de\\\/side\\\/?s={search_term_string}\"},\"query-input\":{\"@type\":\"PropertyValueSpecification\",\"valueRequired\":true,\"valueName\":\"search_term_string\"}}],\"inLanguage\":\"de\"},{\"@type\":\"Organization\",\"@id\":\"https:\\\/\\\/www.kirche-sdh.de\\\/side\\\/#organization\",\"name\":\"Informationsseite und Seelsorgeeinheit\",\"url\":\"https:\\\/\\\/www.kirche-sdh.de\\\/side\\\/\",\"logo\":{\"@type\":\"ImageObject\",\"inLanguage\":\"de\",\"@id\":\"https:\\\/\\\/www.kirche-sdh.de\\\/side\\\/#\\\/schema\\\/logo\\\/image\\\/\",\"url\":\"https:\\\/\\\/www.kirche-sdh.de\\\/side\\\/wp-content\\\/uploads\\\/2017\\\/12\\\/kirche-logos.png\",\"contentUrl\":\"https:\\\/\\\/www.kirche-sdh.de\\\/side\\\/wp-content\\\/uploads\\\/2017\\\/12\\\/kirche-logos.png\",\"width\":438,\"height\":191,\"caption\":\"Informationsseite und Seelsorgeeinheit\"},\"image\":{\"@id\":\"https:\\\/\\\/www.kirche-sdh.de\\\/side\\\/#\\\/schema\\\/logo\\\/image\\\/\"}},{\"@type\":\"Person\",\"@id\":\"https:\\\/\\\/www.kirche-sdh.de\\\/side\\\/#\\\/schema\\\/person\\\/03813c96da9249c1923a325c77818b1a\",\"name\":\"Dirscherl\",\"url\":\"https:\\\/\\\/www.kirche-sdh.de\\\/side\\\/author\\\/kirchesdh\\\/\"}]}<\/script>\n<!-- \/ Yoast SEO plugin. -->","yoast_head_json":{"title":"Helferessen der Pfarrei D\u00f6fering - Informationsseite und Seelsorgeeinheit","robots":{"index":"index","follow":"follow","max-snippet":"max-snippet:-1","max-image-preview":"max-image-preview:large","max-video-preview":"max-video-preview:-1"},"canonical":"https:\/\/www.kirche-sdh.de\/side\/helferessen-der-pfarrei-doefering-3\/","og_locale":"de_DE","og_type":"article","og_title":"Helferessen der Pfarrei D\u00f6fering - Informationsseite und Seelsorgeeinheit","og_description":"Ehrenamtliche im Mittelpunkt: Pfarrei D\u00f6fering l\u00e4dt zum Dankesessen D\u00f6fering \u2013 In festlicher Atmosph\u00e4re hat die Pfarrei D\u00f6fering am vergangenen Freitag ihre ehrenamtlichen Helferinnen und Helfer zum traditionellen Dankesessen eingeladen \u2013 erstmals im festlich hergerichteten Pfarr-, Dorf- und Jugendheim. F\u00fcr den musikalischen Rahmen sorgte traditionell die D\u00f6feringer Blaskapelle, die den Abend [&hellip;]","og_url":"https:\/\/www.kirche-sdh.de\/side\/helferessen-der-pfarrei-doefering-3\/","og_site_name":"Informationsseite und Seelsorgeeinheit","article_published_time":"2026-01-18T10:45:59+00:00","og_image":[{"width":1600,"height":1067,"url":"https:\/\/www.kirche-sdh.de\/side\/wp-content\/uploads\/P1005193.jpg","type":"image\/jpeg"}],"author":"Dirscherl","twitter_card":"summary_large_image","twitter_misc":{"Verfasst von":"Dirscherl","Gesch\u00e4tzte Lesezeit":"5\u00a0Minuten"},"schema":{"@context":"https:\/\/schema.org","@graph":[{"@type":"Article","@id":"https:\/\/www.kirche-sdh.de\/side\/helferessen-der-pfarrei-doefering-3\/#article","isPartOf":{"@id":"https:\/\/www.kirche-sdh.de\/side\/helferessen-der-pfarrei-doefering-3\/"},"author":{"name":"Dirscherl","@id":"https:\/\/www.kirche-sdh.de\/side\/#\/schema\/person\/03813c96da9249c1923a325c77818b1a"},"headline":"Helferessen der Pfarrei D\u00f6fering","datePublished":"2026-01-18T10:45:59+00:00","mainEntityOfPage":{"@id":"https:\/\/www.kirche-sdh.de\/side\/helferessen-der-pfarrei-doefering-3\/"},"wordCount":436,"publisher":{"@id":"https:\/\/www.kirche-sdh.de\/side\/#organization"},"image":{"@id":"https:\/\/www.kirche-sdh.de\/side\/helferessen-der-pfarrei-doefering-3\/#primaryimage"},"thumbnailUrl":"https:\/\/www.kirche-sdh.de\/side\/wp-content\/uploads\/P1005193.jpg","articleSection":["D\u00f6fering"],"inLanguage":"de"},{"@type":"WebPage","@id":"https:\/\/www.kirche-sdh.de\/side\/helferessen-der-pfarrei-doefering-3\/","url":"https:\/\/www.kirche-sdh.de\/side\/helferessen-der-pfarrei-doefering-3\/","name":"Helferessen der Pfarrei D\u00f6fering - Informationsseite und Seelsorgeeinheit","isPartOf":{"@id":"https:\/\/www.kirche-sdh.de\/side\/#website"},"primaryImageOfPage":{"@id":"https:\/\/www.kirche-sdh.de\/side\/helferessen-der-pfarrei-doefering-3\/#primaryimage"},"image":{"@id":"https:\/\/www.kirche-sdh.de\/side\/helferessen-der-pfarrei-doefering-3\/#primaryimage"},"thumbnailUrl":"https:\/\/www.kirche-sdh.de\/side\/wp-content\/uploads\/P1005193.jpg","datePublished":"2026-01-18T10:45:59+00:00","breadcrumb":{"@id":"https:\/\/www.kirche-sdh.de\/side\/helferessen-der-pfarrei-doefering-3\/#breadcrumb"},"inLanguage":"de","potentialAction":[{"@type":"ReadAction","target":["https:\/\/www.kirche-sdh.de\/side\/helferessen-der-pfarrei-doefering-3\/"]}]},{"@type":"ImageObject","inLanguage":"de","@id":"https:\/\/www.kirche-sdh.de\/side\/helferessen-der-pfarrei-doefering-3\/#primaryimage","url":"https:\/\/www.kirche-sdh.de\/side\/wp-content\/uploads\/P1005193.jpg","contentUrl":"https:\/\/www.kirche-sdh.de\/side\/wp-content\/uploads\/P1005193.jpg","width":1600,"height":1067},{"@type":"BreadcrumbList","@id":"https:\/\/www.kirche-sdh.de\/side\/helferessen-der-pfarrei-doefering-3\/#breadcrumb","itemListElement":[{"@type":"ListItem","position":1,"name":"Startseite","item":"https:\/\/www.kirche-sdh.de\/side\/"},{"@type":"ListItem","position":2,"name":"Helferessen der Pfarrei D\u00f6fering"}]},{"@type":"WebSite","@id":"https:\/\/www.kirche-sdh.de\/side\/#website","url":"https:\/\/www.kirche-sdh.de\/side\/","name":"Informationsseite und Seelsorgeeinheit","description":"Informationsseite und Seelsorgeeinheit","publisher":{"@id":"https:\/\/www.kirche-sdh.de\/side\/#organization"},"potentialAction":[{"@type":"SearchAction","target":{"@type":"EntryPoint","urlTemplate":"https:\/\/www.kirche-sdh.de\/side\/?s={search_term_string}"},"query-input":{"@type":"PropertyValueSpecification","valueRequired":true,"valueName":"search_term_string"}}],"inLanguage":"de"},{"@type":"Organization","@id":"https:\/\/www.kirche-sdh.de\/side\/#organization","name":"Informationsseite und Seelsorgeeinheit","url":"https:\/\/www.kirche-sdh.de\/side\/","logo":{"@type":"ImageObject","inLanguage":"de","@id":"https:\/\/www.kirche-sdh.de\/side\/#\/schema\/logo\/image\/","url":"https:\/\/www.kirche-sdh.de\/side\/wp-content\/uploads\/2017\/12\/kirche-logos.png","contentUrl":"https:\/\/www.kirche-sdh.de\/side\/wp-content\/uploads\/2017\/12\/kirche-logos.png","width":438,"height":191,"caption":"Informationsseite und Seelsorgeeinheit"},"image":{"@id":"https:\/\/www.kirche-sdh.de\/side\/#\/schema\/logo\/image\/"}},{"@type":"Person","@id":"https:\/\/www.kirche-sdh.de\/side\/#\/schema\/person\/03813c96da9249c1923a325c77818b1a","name":"Dirscherl","url":"https:\/\/www.kirche-sdh.de\/side\/author\/kirchesdh\/"}]}},"_links":{"self":[{"href":"https:\/\/www.kirche-sdh.de\/side\/wp-json\/wp\/v2\/posts\/20388","targetHints":{"allow":["GET"]}}],"collection":[{"href":"https:\/\/www.kirche-sdh.de\/side\/wp-json\/wp\/v2\/posts"}],"about":[{"href":"https:\/\/www.kirche-sdh.de\/side\/wp-json\/wp\/v2\/types\/post"}],"author":[{"embeddable":true,"href":"https:\/\/www.kirche-sdh.de\/side\/wp-json\/wp\/v2\/users\/1"}],"replies":[{"embeddable":true,"href":"https:\/\/www.kirche-sdh.de\/side\/wp-json\/wp\/v2\/comments?post=20388"}],"version-history":[{"count":0,"href":"https:\/\/www.kirche-sdh.de\/side\/wp-json\/wp\/v2\/posts\/20388\/revisions"}],"wp:featuredmedia":[{"embeddable":true,"href":"https:\/\/www.kirche-sdh.de\/side\/wp-json\/wp\/v2\/media\/20397"}],"wp:attachment":[{"href":"https:\/\/www.kirche-sdh.de\/side\/wp-json\/wp\/v2\/media?parent=20388"}],"wp:term":[{"taxonomy":"category","embeddable":true,"href":"https:\/\/www.kirche-sdh.de\/side\/wp-json\/wp\/v2\/categories?post=20388"},{"taxonomy":"post_tag","embeddable":true,"href":"https:\/\/www.kirche-sdh.de\/side\/wp-json\/wp\/v2\/tags?post=20388"}],"curies":[{"name":"wp","href":"https:\/\/api.w.org\/{rel}","templated":true}]}}