{"id":20313,"date":"2025-12-11T21:36:25","date_gmt":"2025-12-11T20:36:25","guid":{"rendered":"https:\/\/www.kirche-sdh.de\/side\/?p=20313"},"modified":"2025-12-11T21:36:25","modified_gmt":"2025-12-11T20:36:25","slug":"klb-kreis-cham-zieht-jahresbilanz-und-blickt-auf-neue-projekte-2026","status":"publish","type":"post","link":"https:\/\/www.kirche-sdh.de\/side\/klb-kreis-cham-zieht-jahresbilanz-und-blickt-auf-neue-projekte-2026\/","title":{"rendered":"KLB-Kreis Cham zieht Jahresbilanz und blickt auf neue Projekte 2026"},"content":{"rendered":"<p>&nbsp;<\/p>\n<p><strong>KLB-Kreis Cham zieht Jahresbilanz und blickt auf neue Projekte 2026<\/strong><\/p>\n<p><img loading=\"lazy\" decoding=\"async\" src=\"https:\/\/www.kirche-sdh.de\/side\/wp-content\/uploads\/P1004996-001-1024x860.jpg\" alt=\"\" width=\"750\" height=\"630\" class=\"alignnone size-large wp-image-20314\" srcset=\"https:\/\/www.kirche-sdh.de\/side\/wp-content\/uploads\/P1004996-001-1024x860.jpg 1024w, https:\/\/www.kirche-sdh.de\/side\/wp-content\/uploads\/P1004996-001-300x252.jpg 300w, https:\/\/www.kirche-sdh.de\/side\/wp-content\/uploads\/P1004996-001-768x645.jpg 768w, https:\/\/www.kirche-sdh.de\/side\/wp-content\/uploads\/P1004996-001-1536x1289.jpg 1536w, https:\/\/www.kirche-sdh.de\/side\/wp-content\/uploads\/P1004996-001.jpg 1787w\" sizes=\"auto, (max-width: 750px) 100vw, 750px\" \/><\/p>\n<p><strong>D\u00f6fering.<\/strong> Die Vorstandsrunde der Katholischen Landvolkbewegung (KLB) im Landkreis Cham traf sich im Pfarrheim D\u00f6fering zur traditionellen Abschlussbesprechung.<\/p>\n<p>Dabei standen sowohl die Reflexion der Veranstaltungen des vergangenen Jahres als auch die Planung kommender Aktivit\u00e4ten f\u00fcr das Jahr 2026 im Mittelpunkt.<\/p>\n<p>Ein zentrales Ergebnis der R\u00fcckschau war die Erkenntnis, dass die enge Zusammenarbeit mit dem Verein der Freunde und F\u00f6rderer der Bruder-Klaus-Kapelle die \u00a0KLB in besonderer Weise bereichert hat.<\/p>\n<p>Gemeinsam wurden unter anderem der Kreuzweg, das Friedensgebet, der Bruder-Klaus-Gottesdienst sowie die Radwallfahrt zum Bogenberg und weiter bis in die Schweiz zum Patron Niklaus von Fl\u00fce gestaltet.<\/p>\n<p>Erstmals fand zudem ein Evensong \u2013 ein gesungenes Abendlob mit ausgew\u00e4hlten Texten \u2013 in der Pfarrkirche D\u00f6fering statt und wurde von den Teilnehmenden sehr positiv aufgenommen.<\/p>\n<p>Als weiterer H\u00f6hepunkt des Jahres galt der Sonntagsausflug nach Doma\u017elice. Die informative Stadtf\u00fchrung, die Besichtigung besonderer Denkm\u00e4ler und die anschlie\u00dfende Einkehr machten die Fahrt zu einer eindrucksvollen Bildungsveranstaltung.<\/p>\n<p>Bei der Sitzung berichtete die gesch\u00e4ftsf\u00fchrende Bildungsreferentin Maria Reitinger \u00fcber die geplante Bildungsfahrt nach Polen, die vom 22. bis 28. August 2026 stattfinden soll. Sie informierte zudem \u00fcber das Schutzkonzept, das die KLB f\u00fcr ihre Veranstaltungen erarbeitet hat.<\/p>\n<p>F\u00fcr das kommende Jahr plant die KLB Kreis Cham mehrere gr\u00f6\u00dfere Veranstaltungen. Im Fr\u00fchjahr 2026 soll ein Abend f\u00fcr alle Ortsgruppen zum neuen di\u00f6zesanen Jahresthema <em>\u201eMenschenW\u00fcrde \u2013 N\u00e4chstenLiebe \u2013 Zusammenhalt\u201c<\/em> stattfinden. Au\u00dferdem steht im Juli ein \u201eAbend zum Sonnengesang\u201c anl\u00e4sslich des 800. Jubil\u00e4ums von Franz von Assisi in Neukirchen b. Hl. Blut auf dem Programm. Zu allen Veranstaltungen sind nicht nur die Ortsgruppen, sondern alle Interessierten herzlich eingeladen.<\/p>\n<p>Ein besonderer Moment des Treffens war die \u00dcbergabe eines Spendenschecks in H\u00f6he von 1.000 Euro an die Gesch\u00e4ftsf\u00fchrerin Maria Reitinger und den Di\u00f6zesanvorsitzenden Hastreiter. Die KLB der Di\u00f6zese Regensburg unterst\u00fctzt seit Jahrzehnten Projekte im Partnerland Senegal. Mit den Spenden werden dort Garten-, Brunnenbau- und Imkereiprojekte in Zusammenarbeit mit dem Bundesministerium f\u00fcr wirtschaftliche Zusammenarbeit (BMZ) gef\u00f6rdert, um den Menschen vor Ort nachhaltige Bleibeperspektiven zu erm\u00f6glichen.<\/p>\n<p>&nbsp;<\/p>\n<p>&nbsp;<\/p>\n<p>&nbsp;<\/p>\n","protected":false},"excerpt":{"rendered":"<p>&nbsp; KLB-Kreis Cham zieht Jahresbilanz und blickt auf neue Projekte 2026 D\u00f6fering. Die Vorstandsrunde der Katholischen Landvolkbewegung (KLB) im Landkreis Cham traf sich im Pfarrheim D\u00f6fering zur traditionellen Abschlussbesprechung. Dabei standen sowohl die Reflexion der Veranstaltungen des vergangenen Jahres als auch die Planung kommender Aktivit\u00e4ten f\u00fcr das Jahr 2026 im [&hellip;]<\/p>\n","protected":false},"author":1,"featured_media":20314,"comment_status":"closed","ping_status":"closed","sticky":true,"template":"","format":"standard","meta":{"footnotes":""},"categories":[20],"tags":[],"class_list":["post-20313","post","type-post","status-publish","format-standard","has-post-thumbnail","hentry","category-doefering"],"yoast_head":"<!-- This site is optimized with the Yoast SEO plugin v27.5 - https:\/\/yoast.com\/product\/yoast-seo-wordpress\/ -->\n<title>KLB-Kreis Cham zieht Jahresbilanz und blickt auf neue Projekte 2026 - Informationsseite und Seelsorgeeinheit<\/title>\n<meta name=\"robots\" content=\"index, follow, max-snippet:-1, max-image-preview:large, max-video-preview:-1\" \/>\n<link rel=\"canonical\" href=\"https:\/\/www.kirche-sdh.de\/side\/klb-kreis-cham-zieht-jahresbilanz-und-blickt-auf-neue-projekte-2026\/\" \/>\n<meta property=\"og:locale\" content=\"de_DE\" \/>\n<meta property=\"og:type\" content=\"article\" \/>\n<meta property=\"og:title\" content=\"KLB-Kreis Cham zieht Jahresbilanz und blickt auf neue Projekte 2026 - Informationsseite und Seelsorgeeinheit\" \/>\n<meta property=\"og:description\" content=\"&nbsp; KLB-Kreis Cham zieht Jahresbilanz und blickt auf neue Projekte 2026 D\u00f6fering. Die Vorstandsrunde der Katholischen Landvolkbewegung (KLB) im Landkreis Cham traf sich im Pfarrheim D\u00f6fering zur traditionellen Abschlussbesprechung. Dabei standen sowohl die Reflexion der Veranstaltungen des vergangenen Jahres als auch die Planung kommender Aktivit\u00e4ten f\u00fcr das Jahr 2026 im [&hellip;]\" \/>\n<meta property=\"og:url\" content=\"https:\/\/www.kirche-sdh.de\/side\/klb-kreis-cham-zieht-jahresbilanz-und-blickt-auf-neue-projekte-2026\/\" \/>\n<meta property=\"og:site_name\" content=\"Informationsseite und Seelsorgeeinheit\" \/>\n<meta property=\"article:published_time\" content=\"2025-12-11T20:36:25+00:00\" \/>\n<meta property=\"og:image\" content=\"https:\/\/www.kirche-sdh.de\/side\/wp-content\/uploads\/P1004996-001.jpg\" \/>\n\t<meta property=\"og:image:width\" content=\"1787\" \/>\n\t<meta property=\"og:image:height\" content=\"1500\" \/>\n\t<meta property=\"og:image:type\" content=\"image\/jpeg\" \/>\n<meta name=\"author\" content=\"Dirscherl\" \/>\n<meta name=\"twitter:card\" content=\"summary_large_image\" \/>\n<meta name=\"twitter:label1\" content=\"Verfasst von\" \/>\n\t<meta name=\"twitter:data1\" content=\"Dirscherl\" \/>\n\t<meta name=\"twitter:label2\" content=\"Gesch\u00e4tzte Lesezeit\" \/>\n\t<meta name=\"twitter:data2\" content=\"3\u00a0Minuten\" \/>\n<script type=\"application\/ld+json\" class=\"yoast-schema-graph\">{\"@context\":\"https:\\\/\\\/schema.org\",\"@graph\":[{\"@type\":\"Article\",\"@id\":\"https:\\\/\\\/www.kirche-sdh.de\\\/side\\\/klb-kreis-cham-zieht-jahresbilanz-und-blickt-auf-neue-projekte-2026\\\/#article\",\"isPartOf\":{\"@id\":\"https:\\\/\\\/www.kirche-sdh.de\\\/side\\\/klb-kreis-cham-zieht-jahresbilanz-und-blickt-auf-neue-projekte-2026\\\/\"},\"author\":{\"name\":\"Dirscherl\",\"@id\":\"https:\\\/\\\/www.kirche-sdh.de\\\/side\\\/#\\\/schema\\\/person\\\/03813c96da9249c1923a325c77818b1a\"},\"headline\":\"KLB-Kreis Cham zieht Jahresbilanz und blickt auf neue Projekte 2026\",\"datePublished\":\"2025-12-11T20:36:25+00:00\",\"mainEntityOfPage\":{\"@id\":\"https:\\\/\\\/www.kirche-sdh.de\\\/side\\\/klb-kreis-cham-zieht-jahresbilanz-und-blickt-auf-neue-projekte-2026\\\/\"},\"wordCount\":366,\"publisher\":{\"@id\":\"https:\\\/\\\/www.kirche-sdh.de\\\/side\\\/#organization\"},\"image\":{\"@id\":\"https:\\\/\\\/www.kirche-sdh.de\\\/side\\\/klb-kreis-cham-zieht-jahresbilanz-und-blickt-auf-neue-projekte-2026\\\/#primaryimage\"},\"thumbnailUrl\":\"https:\\\/\\\/www.kirche-sdh.de\\\/side\\\/wp-content\\\/uploads\\\/P1004996-001.jpg\",\"articleSection\":[\"D\u00f6fering\"],\"inLanguage\":\"de\"},{\"@type\":\"WebPage\",\"@id\":\"https:\\\/\\\/www.kirche-sdh.de\\\/side\\\/klb-kreis-cham-zieht-jahresbilanz-und-blickt-auf-neue-projekte-2026\\\/\",\"url\":\"https:\\\/\\\/www.kirche-sdh.de\\\/side\\\/klb-kreis-cham-zieht-jahresbilanz-und-blickt-auf-neue-projekte-2026\\\/\",\"name\":\"KLB-Kreis Cham zieht Jahresbilanz und blickt auf neue Projekte 2026 - Informationsseite und Seelsorgeeinheit\",\"isPartOf\":{\"@id\":\"https:\\\/\\\/www.kirche-sdh.de\\\/side\\\/#website\"},\"primaryImageOfPage\":{\"@id\":\"https:\\\/\\\/www.kirche-sdh.de\\\/side\\\/klb-kreis-cham-zieht-jahresbilanz-und-blickt-auf-neue-projekte-2026\\\/#primaryimage\"},\"image\":{\"@id\":\"https:\\\/\\\/www.kirche-sdh.de\\\/side\\\/klb-kreis-cham-zieht-jahresbilanz-und-blickt-auf-neue-projekte-2026\\\/#primaryimage\"},\"thumbnailUrl\":\"https:\\\/\\\/www.kirche-sdh.de\\\/side\\\/wp-content\\\/uploads\\\/P1004996-001.jpg\",\"datePublished\":\"2025-12-11T20:36:25+00:00\",\"breadcrumb\":{\"@id\":\"https:\\\/\\\/www.kirche-sdh.de\\\/side\\\/klb-kreis-cham-zieht-jahresbilanz-und-blickt-auf-neue-projekte-2026\\\/#breadcrumb\"},\"inLanguage\":\"de\",\"potentialAction\":[{\"@type\":\"ReadAction\",\"target\":[\"https:\\\/\\\/www.kirche-sdh.de\\\/side\\\/klb-kreis-cham-zieht-jahresbilanz-und-blickt-auf-neue-projekte-2026\\\/\"]}]},{\"@type\":\"ImageObject\",\"inLanguage\":\"de\",\"@id\":\"https:\\\/\\\/www.kirche-sdh.de\\\/side\\\/klb-kreis-cham-zieht-jahresbilanz-und-blickt-auf-neue-projekte-2026\\\/#primaryimage\",\"url\":\"https:\\\/\\\/www.kirche-sdh.de\\\/side\\\/wp-content\\\/uploads\\\/P1004996-001.jpg\",\"contentUrl\":\"https:\\\/\\\/www.kirche-sdh.de\\\/side\\\/wp-content\\\/uploads\\\/P1004996-001.jpg\",\"width\":1787,\"height\":1500},{\"@type\":\"BreadcrumbList\",\"@id\":\"https:\\\/\\\/www.kirche-sdh.de\\\/side\\\/klb-kreis-cham-zieht-jahresbilanz-und-blickt-auf-neue-projekte-2026\\\/#breadcrumb\",\"itemListElement\":[{\"@type\":\"ListItem\",\"position\":1,\"name\":\"Startseite\",\"item\":\"https:\\\/\\\/www.kirche-sdh.de\\\/side\\\/\"},{\"@type\":\"ListItem\",\"position\":2,\"name\":\"KLB-Kreis Cham zieht Jahresbilanz und blickt auf neue Projekte 2026\"}]},{\"@type\":\"WebSite\",\"@id\":\"https:\\\/\\\/www.kirche-sdh.de\\\/side\\\/#website\",\"url\":\"https:\\\/\\\/www.kirche-sdh.de\\\/side\\\/\",\"name\":\"Informationsseite und Seelsorgeeinheit\",\"description\":\"Informationsseite und Seelsorgeeinheit\",\"publisher\":{\"@id\":\"https:\\\/\\\/www.kirche-sdh.de\\\/side\\\/#organization\"},\"potentialAction\":[{\"@type\":\"SearchAction\",\"target\":{\"@type\":\"EntryPoint\",\"urlTemplate\":\"https:\\\/\\\/www.kirche-sdh.de\\\/side\\\/?s={search_term_string}\"},\"query-input\":{\"@type\":\"PropertyValueSpecification\",\"valueRequired\":true,\"valueName\":\"search_term_string\"}}],\"inLanguage\":\"de\"},{\"@type\":\"Organization\",\"@id\":\"https:\\\/\\\/www.kirche-sdh.de\\\/side\\\/#organization\",\"name\":\"Informationsseite und Seelsorgeeinheit\",\"url\":\"https:\\\/\\\/www.kirche-sdh.de\\\/side\\\/\",\"logo\":{\"@type\":\"ImageObject\",\"inLanguage\":\"de\",\"@id\":\"https:\\\/\\\/www.kirche-sdh.de\\\/side\\\/#\\\/schema\\\/logo\\\/image\\\/\",\"url\":\"https:\\\/\\\/www.kirche-sdh.de\\\/side\\\/wp-content\\\/uploads\\\/2017\\\/12\\\/kirche-logos.png\",\"contentUrl\":\"https:\\\/\\\/www.kirche-sdh.de\\\/side\\\/wp-content\\\/uploads\\\/2017\\\/12\\\/kirche-logos.png\",\"width\":438,\"height\":191,\"caption\":\"Informationsseite und Seelsorgeeinheit\"},\"image\":{\"@id\":\"https:\\\/\\\/www.kirche-sdh.de\\\/side\\\/#\\\/schema\\\/logo\\\/image\\\/\"}},{\"@type\":\"Person\",\"@id\":\"https:\\\/\\\/www.kirche-sdh.de\\\/side\\\/#\\\/schema\\\/person\\\/03813c96da9249c1923a325c77818b1a\",\"name\":\"Dirscherl\",\"url\":\"https:\\\/\\\/www.kirche-sdh.de\\\/side\\\/author\\\/kirchesdh\\\/\"}]}<\/script>\n<!-- \/ Yoast SEO plugin. -->","yoast_head_json":{"title":"KLB-Kreis Cham zieht Jahresbilanz und blickt auf neue Projekte 2026 - Informationsseite und Seelsorgeeinheit","robots":{"index":"index","follow":"follow","max-snippet":"max-snippet:-1","max-image-preview":"max-image-preview:large","max-video-preview":"max-video-preview:-1"},"canonical":"https:\/\/www.kirche-sdh.de\/side\/klb-kreis-cham-zieht-jahresbilanz-und-blickt-auf-neue-projekte-2026\/","og_locale":"de_DE","og_type":"article","og_title":"KLB-Kreis Cham zieht Jahresbilanz und blickt auf neue Projekte 2026 - Informationsseite und Seelsorgeeinheit","og_description":"&nbsp; KLB-Kreis Cham zieht Jahresbilanz und blickt auf neue Projekte 2026 D\u00f6fering. Die Vorstandsrunde der Katholischen Landvolkbewegung (KLB) im Landkreis Cham traf sich im Pfarrheim D\u00f6fering zur traditionellen Abschlussbesprechung. Dabei standen sowohl die Reflexion der Veranstaltungen des vergangenen Jahres als auch die Planung kommender Aktivit\u00e4ten f\u00fcr das Jahr 2026 im [&hellip;]","og_url":"https:\/\/www.kirche-sdh.de\/side\/klb-kreis-cham-zieht-jahresbilanz-und-blickt-auf-neue-projekte-2026\/","og_site_name":"Informationsseite und Seelsorgeeinheit","article_published_time":"2025-12-11T20:36:25+00:00","og_image":[{"width":1787,"height":1500,"url":"https:\/\/www.kirche-sdh.de\/side\/wp-content\/uploads\/P1004996-001.jpg","type":"image\/jpeg"}],"author":"Dirscherl","twitter_card":"summary_large_image","twitter_misc":{"Verfasst von":"Dirscherl","Gesch\u00e4tzte Lesezeit":"3\u00a0Minuten"},"schema":{"@context":"https:\/\/schema.org","@graph":[{"@type":"Article","@id":"https:\/\/www.kirche-sdh.de\/side\/klb-kreis-cham-zieht-jahresbilanz-und-blickt-auf-neue-projekte-2026\/#article","isPartOf":{"@id":"https:\/\/www.kirche-sdh.de\/side\/klb-kreis-cham-zieht-jahresbilanz-und-blickt-auf-neue-projekte-2026\/"},"author":{"name":"Dirscherl","@id":"https:\/\/www.kirche-sdh.de\/side\/#\/schema\/person\/03813c96da9249c1923a325c77818b1a"},"headline":"KLB-Kreis Cham zieht Jahresbilanz und blickt auf neue Projekte 2026","datePublished":"2025-12-11T20:36:25+00:00","mainEntityOfPage":{"@id":"https:\/\/www.kirche-sdh.de\/side\/klb-kreis-cham-zieht-jahresbilanz-und-blickt-auf-neue-projekte-2026\/"},"wordCount":366,"publisher":{"@id":"https:\/\/www.kirche-sdh.de\/side\/#organization"},"image":{"@id":"https:\/\/www.kirche-sdh.de\/side\/klb-kreis-cham-zieht-jahresbilanz-und-blickt-auf-neue-projekte-2026\/#primaryimage"},"thumbnailUrl":"https:\/\/www.kirche-sdh.de\/side\/wp-content\/uploads\/P1004996-001.jpg","articleSection":["D\u00f6fering"],"inLanguage":"de"},{"@type":"WebPage","@id":"https:\/\/www.kirche-sdh.de\/side\/klb-kreis-cham-zieht-jahresbilanz-und-blickt-auf-neue-projekte-2026\/","url":"https:\/\/www.kirche-sdh.de\/side\/klb-kreis-cham-zieht-jahresbilanz-und-blickt-auf-neue-projekte-2026\/","name":"KLB-Kreis Cham zieht Jahresbilanz und blickt auf neue Projekte 2026 - Informationsseite und Seelsorgeeinheit","isPartOf":{"@id":"https:\/\/www.kirche-sdh.de\/side\/#website"},"primaryImageOfPage":{"@id":"https:\/\/www.kirche-sdh.de\/side\/klb-kreis-cham-zieht-jahresbilanz-und-blickt-auf-neue-projekte-2026\/#primaryimage"},"image":{"@id":"https:\/\/www.kirche-sdh.de\/side\/klb-kreis-cham-zieht-jahresbilanz-und-blickt-auf-neue-projekte-2026\/#primaryimage"},"thumbnailUrl":"https:\/\/www.kirche-sdh.de\/side\/wp-content\/uploads\/P1004996-001.jpg","datePublished":"2025-12-11T20:36:25+00:00","breadcrumb":{"@id":"https:\/\/www.kirche-sdh.de\/side\/klb-kreis-cham-zieht-jahresbilanz-und-blickt-auf-neue-projekte-2026\/#breadcrumb"},"inLanguage":"de","potentialAction":[{"@type":"ReadAction","target":["https:\/\/www.kirche-sdh.de\/side\/klb-kreis-cham-zieht-jahresbilanz-und-blickt-auf-neue-projekte-2026\/"]}]},{"@type":"ImageObject","inLanguage":"de","@id":"https:\/\/www.kirche-sdh.de\/side\/klb-kreis-cham-zieht-jahresbilanz-und-blickt-auf-neue-projekte-2026\/#primaryimage","url":"https:\/\/www.kirche-sdh.de\/side\/wp-content\/uploads\/P1004996-001.jpg","contentUrl":"https:\/\/www.kirche-sdh.de\/side\/wp-content\/uploads\/P1004996-001.jpg","width":1787,"height":1500},{"@type":"BreadcrumbList","@id":"https:\/\/www.kirche-sdh.de\/side\/klb-kreis-cham-zieht-jahresbilanz-und-blickt-auf-neue-projekte-2026\/#breadcrumb","itemListElement":[{"@type":"ListItem","position":1,"name":"Startseite","item":"https:\/\/www.kirche-sdh.de\/side\/"},{"@type":"ListItem","position":2,"name":"KLB-Kreis Cham zieht Jahresbilanz und blickt auf neue Projekte 2026"}]},{"@type":"WebSite","@id":"https:\/\/www.kirche-sdh.de\/side\/#website","url":"https:\/\/www.kirche-sdh.de\/side\/","name":"Informationsseite und Seelsorgeeinheit","description":"Informationsseite und Seelsorgeeinheit","publisher":{"@id":"https:\/\/www.kirche-sdh.de\/side\/#organization"},"potentialAction":[{"@type":"SearchAction","target":{"@type":"EntryPoint","urlTemplate":"https:\/\/www.kirche-sdh.de\/side\/?s={search_term_string}"},"query-input":{"@type":"PropertyValueSpecification","valueRequired":true,"valueName":"search_term_string"}}],"inLanguage":"de"},{"@type":"Organization","@id":"https:\/\/www.kirche-sdh.de\/side\/#organization","name":"Informationsseite und Seelsorgeeinheit","url":"https:\/\/www.kirche-sdh.de\/side\/","logo":{"@type":"ImageObject","inLanguage":"de","@id":"https:\/\/www.kirche-sdh.de\/side\/#\/schema\/logo\/image\/","url":"https:\/\/www.kirche-sdh.de\/side\/wp-content\/uploads\/2017\/12\/kirche-logos.png","contentUrl":"https:\/\/www.kirche-sdh.de\/side\/wp-content\/uploads\/2017\/12\/kirche-logos.png","width":438,"height":191,"caption":"Informationsseite und Seelsorgeeinheit"},"image":{"@id":"https:\/\/www.kirche-sdh.de\/side\/#\/schema\/logo\/image\/"}},{"@type":"Person","@id":"https:\/\/www.kirche-sdh.de\/side\/#\/schema\/person\/03813c96da9249c1923a325c77818b1a","name":"Dirscherl","url":"https:\/\/www.kirche-sdh.de\/side\/author\/kirchesdh\/"}]}},"_links":{"self":[{"href":"https:\/\/www.kirche-sdh.de\/side\/wp-json\/wp\/v2\/posts\/20313","targetHints":{"allow":["GET"]}}],"collection":[{"href":"https:\/\/www.kirche-sdh.de\/side\/wp-json\/wp\/v2\/posts"}],"about":[{"href":"https:\/\/www.kirche-sdh.de\/side\/wp-json\/wp\/v2\/types\/post"}],"author":[{"embeddable":true,"href":"https:\/\/www.kirche-sdh.de\/side\/wp-json\/wp\/v2\/users\/1"}],"replies":[{"embeddable":true,"href":"https:\/\/www.kirche-sdh.de\/side\/wp-json\/wp\/v2\/comments?post=20313"}],"version-history":[{"count":0,"href":"https:\/\/www.kirche-sdh.de\/side\/wp-json\/wp\/v2\/posts\/20313\/revisions"}],"wp:featuredmedia":[{"embeddable":true,"href":"https:\/\/www.kirche-sdh.de\/side\/wp-json\/wp\/v2\/media\/20314"}],"wp:attachment":[{"href":"https:\/\/www.kirche-sdh.de\/side\/wp-json\/wp\/v2\/media?parent=20313"}],"wp:term":[{"taxonomy":"category","embeddable":true,"href":"https:\/\/www.kirche-sdh.de\/side\/wp-json\/wp\/v2\/categories?post=20313"},{"taxonomy":"post_tag","embeddable":true,"href":"https:\/\/www.kirche-sdh.de\/side\/wp-json\/wp\/v2\/tags?post=20313"}],"curies":[{"name":"wp","href":"https:\/\/api.w.org\/{rel}","templated":true}]}}