{"id":20308,"date":"2025-12-09T21:21:52","date_gmt":"2025-12-09T20:21:52","guid":{"rendered":"https:\/\/www.kirche-sdh.de\/side\/?p=20308"},"modified":"2025-12-09T21:25:08","modified_gmt":"2025-12-09T20:25:08","slug":"auf-dem-weg-der-liebe","status":"publish","type":"post","link":"https:\/\/www.kirche-sdh.de\/side\/auf-dem-weg-der-liebe\/","title":{"rendered":"Auf dem Weg der Liebe"},"content":{"rendered":"<p>Familiengottesdienst zum zweiten Advent \u2013 Mutter-Kind-Gruppe bietet Kuchen an \u2013 Pfarrgemeinderat verteilt Barbarazweige<\/p>\n<p><strong>Sch\u00f6nthal<\/strong>. Den zweiten Advent hat die Pfarrgemeinde Sch\u00f6nthal mit einem Familiengottesdienst f\u00fcr und mit Kindern gefeiert. Gleichsam wie auf einer Reise mit vier Stationen machten sich die Gl\u00e4ubigen auf den Weg durch den Advent begr\u00fc\u00dfte Pfarrer Eder zu Beginn der Gottesdienstfeier. Diese er\u00f6ffnete er mit dem Entz\u00fcnden der zweiten Kerze am Adventskranz.<\/p>\n<p>In einen Predigtspiel verglichen die mitwirkenden M\u00e4dchen und Jungen die angesprochene Reise mit einem Weg der Liebe. Dargestellt mit einem roten Tuch, \u00e4hnlich einem roten Teppich, bereite der Weg der Liebe dem Herrn den Weg. Dieser rote Teppich der Liebe brauche viel Geduld, Trost, Hoffnung, Einm\u00fctigkeit und die Annahme der anderen, was die Kinder in gro\u00dfen Schildern zum Ausdruck brachten und vor den Altar niederlegten.<\/p>\n<p><img loading=\"lazy\" decoding=\"async\" src=\"https:\/\/www.kirche-sdh.de\/side\/wp-content\/uploads\/IMG_5388.jpg\" alt=\"\" width=\"2000\" height=\"1333\" class=\"alignnone size-full wp-image-20310\" srcset=\"https:\/\/www.kirche-sdh.de\/side\/wp-content\/uploads\/IMG_5388.jpg 2000w, https:\/\/www.kirche-sdh.de\/side\/wp-content\/uploads\/IMG_5388-300x200.jpg 300w, https:\/\/www.kirche-sdh.de\/side\/wp-content\/uploads\/IMG_5388-1024x682.jpg 1024w, https:\/\/www.kirche-sdh.de\/side\/wp-content\/uploads\/IMG_5388-768x512.jpg 768w, https:\/\/www.kirche-sdh.de\/side\/wp-content\/uploads\/IMG_5388-1536x1024.jpg 1536w, https:\/\/www.kirche-sdh.de\/side\/wp-content\/uploads\/IMG_5388-360x240.jpg 360w\" sizes=\"auto, (max-width: 2000px) 100vw, 2000px\" \/><\/p>\n<p>Im Anschluss an den Gottesdienst verteilte der Pfarrgemeinderat im Gedenken an den Namenstag der Heiligen Barbara am 4. Dezember Barbarazweige. Die Mutter-Kind-Gruppe Sch\u00f6nthal hatte ihrerseits zum Kuchenverkauf eingeladen. Sandra K\u00e4rtner, die aktuelle Leiterin der Gruppe, durfte sich zusammen mit den weiteren Mamas \u00fcber reichliche Nachfrage von Seiten der Gottesdienstbesucher freuen. Selbst gebackene Kuchen, ob fruchtig oder trocken, dazu schokoladene Waffelecken und Muffins reihten sich aneinander und wurden sehr zur Freude der Mutter-Kind-Gruppe fast bis zum letzten St\u00fcck verkauft.<\/p>\n<p><img loading=\"lazy\" decoding=\"async\" src=\"https:\/\/www.kirche-sdh.de\/side\/wp-content\/uploads\/IMG_5394.jpg\" alt=\"\" width=\"2000\" height=\"1333\" class=\"alignnone size-full wp-image-20309\" srcset=\"https:\/\/www.kirche-sdh.de\/side\/wp-content\/uploads\/IMG_5394.jpg 2000w, https:\/\/www.kirche-sdh.de\/side\/wp-content\/uploads\/IMG_5394-300x200.jpg 300w, https:\/\/www.kirche-sdh.de\/side\/wp-content\/uploads\/IMG_5394-1024x682.jpg 1024w, https:\/\/www.kirche-sdh.de\/side\/wp-content\/uploads\/IMG_5394-768x512.jpg 768w, https:\/\/www.kirche-sdh.de\/side\/wp-content\/uploads\/IMG_5394-1536x1024.jpg 1536w, https:\/\/www.kirche-sdh.de\/side\/wp-content\/uploads\/IMG_5394-360x240.jpg 360w\" sizes=\"auto, (max-width: 2000px) 100vw, 2000px\" \/><\/p>\n","protected":false},"excerpt":{"rendered":"<p>Familiengottesdienst zum zweiten Advent \u2013 Mutter-Kind-Gruppe bietet Kuchen an \u2013 Pfarrgemeinderat verteilt Barbarazweige Sch\u00f6nthal. Den zweiten Advent hat die Pfarrgemeinde Sch\u00f6nthal mit einem Familiengottesdienst f\u00fcr und mit Kindern gefeiert. Gleichsam wie auf einer Reise mit vier Stationen machten sich die Gl\u00e4ubigen auf den Weg durch den Advent begr\u00fc\u00dfte Pfarrer Eder [&hellip;]<\/p>\n","protected":false},"author":3,"featured_media":20310,"comment_status":"closed","ping_status":"closed","sticky":true,"template":"","format":"standard","meta":{"footnotes":""},"categories":[21],"tags":[],"class_list":["post-20308","post","type-post","status-publish","format-standard","has-post-thumbnail","hentry","category-schoenthal"],"yoast_head":"<!-- This site is optimized with the Yoast SEO plugin v27.4 - https:\/\/yoast.com\/product\/yoast-seo-wordpress\/ -->\n<title>Auf dem Weg der Liebe - Informationsseite und Seelsorgeeinheit<\/title>\n<meta name=\"robots\" content=\"index, follow, max-snippet:-1, max-image-preview:large, max-video-preview:-1\" \/>\n<link rel=\"canonical\" href=\"https:\/\/www.kirche-sdh.de\/side\/auf-dem-weg-der-liebe\/\" \/>\n<meta property=\"og:locale\" content=\"de_DE\" \/>\n<meta property=\"og:type\" content=\"article\" \/>\n<meta property=\"og:title\" content=\"Auf dem Weg der Liebe - Informationsseite und Seelsorgeeinheit\" \/>\n<meta property=\"og:description\" content=\"Familiengottesdienst zum zweiten Advent \u2013 Mutter-Kind-Gruppe bietet Kuchen an \u2013 Pfarrgemeinderat verteilt Barbarazweige Sch\u00f6nthal. Den zweiten Advent hat die Pfarrgemeinde Sch\u00f6nthal mit einem Familiengottesdienst f\u00fcr und mit Kindern gefeiert. Gleichsam wie auf einer Reise mit vier Stationen machten sich die Gl\u00e4ubigen auf den Weg durch den Advent begr\u00fc\u00dfte Pfarrer Eder [&hellip;]\" \/>\n<meta property=\"og:url\" content=\"https:\/\/www.kirche-sdh.de\/side\/auf-dem-weg-der-liebe\/\" \/>\n<meta property=\"og:site_name\" content=\"Informationsseite und Seelsorgeeinheit\" \/>\n<meta property=\"article:published_time\" content=\"2025-12-09T20:21:52+00:00\" \/>\n<meta property=\"article:modified_time\" content=\"2025-12-09T20:25:08+00:00\" \/>\n<meta property=\"og:image\" content=\"https:\/\/www.kirche-sdh.de\/side\/wp-content\/uploads\/IMG_5388.jpg\" \/>\n\t<meta property=\"og:image:width\" content=\"2000\" \/>\n\t<meta property=\"og:image:height\" content=\"1333\" \/>\n\t<meta property=\"og:image:type\" content=\"image\/jpeg\" \/>\n<meta name=\"author\" content=\"Martin Zangl\" \/>\n<meta name=\"twitter:card\" content=\"summary_large_image\" \/>\n<meta name=\"twitter:label1\" content=\"Verfasst von\" \/>\n\t<meta name=\"twitter:data1\" content=\"Martin Zangl\" \/>\n\t<meta name=\"twitter:label2\" content=\"Gesch\u00e4tzte Lesezeit\" \/>\n\t<meta name=\"twitter:data2\" content=\"2\u00a0Minuten\" \/>\n<script type=\"application\/ld+json\" class=\"yoast-schema-graph\">{\"@context\":\"https:\\\/\\\/schema.org\",\"@graph\":[{\"@type\":\"Article\",\"@id\":\"https:\\\/\\\/www.kirche-sdh.de\\\/side\\\/auf-dem-weg-der-liebe\\\/#article\",\"isPartOf\":{\"@id\":\"https:\\\/\\\/www.kirche-sdh.de\\\/side\\\/auf-dem-weg-der-liebe\\\/\"},\"author\":{\"name\":\"Martin Zangl\",\"@id\":\"https:\\\/\\\/www.kirche-sdh.de\\\/side\\\/#\\\/schema\\\/person\\\/e05baeb81583d4659c11ea77b24c3640\"},\"headline\":\"Auf dem Weg der Liebe\",\"datePublished\":\"2025-12-09T20:21:52+00:00\",\"dateModified\":\"2025-12-09T20:25:08+00:00\",\"mainEntityOfPage\":{\"@id\":\"https:\\\/\\\/www.kirche-sdh.de\\\/side\\\/auf-dem-weg-der-liebe\\\/\"},\"wordCount\":223,\"publisher\":{\"@id\":\"https:\\\/\\\/www.kirche-sdh.de\\\/side\\\/#organization\"},\"image\":{\"@id\":\"https:\\\/\\\/www.kirche-sdh.de\\\/side\\\/auf-dem-weg-der-liebe\\\/#primaryimage\"},\"thumbnailUrl\":\"https:\\\/\\\/www.kirche-sdh.de\\\/side\\\/wp-content\\\/uploads\\\/IMG_5388.jpg\",\"articleSection\":[\"Sch\u00f6nthal\"],\"inLanguage\":\"de\"},{\"@type\":\"WebPage\",\"@id\":\"https:\\\/\\\/www.kirche-sdh.de\\\/side\\\/auf-dem-weg-der-liebe\\\/\",\"url\":\"https:\\\/\\\/www.kirche-sdh.de\\\/side\\\/auf-dem-weg-der-liebe\\\/\",\"name\":\"Auf dem Weg der Liebe - Informationsseite und Seelsorgeeinheit\",\"isPartOf\":{\"@id\":\"https:\\\/\\\/www.kirche-sdh.de\\\/side\\\/#website\"},\"primaryImageOfPage\":{\"@id\":\"https:\\\/\\\/www.kirche-sdh.de\\\/side\\\/auf-dem-weg-der-liebe\\\/#primaryimage\"},\"image\":{\"@id\":\"https:\\\/\\\/www.kirche-sdh.de\\\/side\\\/auf-dem-weg-der-liebe\\\/#primaryimage\"},\"thumbnailUrl\":\"https:\\\/\\\/www.kirche-sdh.de\\\/side\\\/wp-content\\\/uploads\\\/IMG_5388.jpg\",\"datePublished\":\"2025-12-09T20:21:52+00:00\",\"dateModified\":\"2025-12-09T20:25:08+00:00\",\"breadcrumb\":{\"@id\":\"https:\\\/\\\/www.kirche-sdh.de\\\/side\\\/auf-dem-weg-der-liebe\\\/#breadcrumb\"},\"inLanguage\":\"de\",\"potentialAction\":[{\"@type\":\"ReadAction\",\"target\":[\"https:\\\/\\\/www.kirche-sdh.de\\\/side\\\/auf-dem-weg-der-liebe\\\/\"]}]},{\"@type\":\"ImageObject\",\"inLanguage\":\"de\",\"@id\":\"https:\\\/\\\/www.kirche-sdh.de\\\/side\\\/auf-dem-weg-der-liebe\\\/#primaryimage\",\"url\":\"https:\\\/\\\/www.kirche-sdh.de\\\/side\\\/wp-content\\\/uploads\\\/IMG_5388.jpg\",\"contentUrl\":\"https:\\\/\\\/www.kirche-sdh.de\\\/side\\\/wp-content\\\/uploads\\\/IMG_5388.jpg\",\"width\":2000,\"height\":1333},{\"@type\":\"BreadcrumbList\",\"@id\":\"https:\\\/\\\/www.kirche-sdh.de\\\/side\\\/auf-dem-weg-der-liebe\\\/#breadcrumb\",\"itemListElement\":[{\"@type\":\"ListItem\",\"position\":1,\"name\":\"Startseite\",\"item\":\"https:\\\/\\\/www.kirche-sdh.de\\\/side\\\/\"},{\"@type\":\"ListItem\",\"position\":2,\"name\":\"Auf dem Weg der Liebe\"}]},{\"@type\":\"WebSite\",\"@id\":\"https:\\\/\\\/www.kirche-sdh.de\\\/side\\\/#website\",\"url\":\"https:\\\/\\\/www.kirche-sdh.de\\\/side\\\/\",\"name\":\"Informationsseite und Seelsorgeeinheit\",\"description\":\"Informationsseite und Seelsorgeeinheit\",\"publisher\":{\"@id\":\"https:\\\/\\\/www.kirche-sdh.de\\\/side\\\/#organization\"},\"potentialAction\":[{\"@type\":\"SearchAction\",\"target\":{\"@type\":\"EntryPoint\",\"urlTemplate\":\"https:\\\/\\\/www.kirche-sdh.de\\\/side\\\/?s={search_term_string}\"},\"query-input\":{\"@type\":\"PropertyValueSpecification\",\"valueRequired\":true,\"valueName\":\"search_term_string\"}}],\"inLanguage\":\"de\"},{\"@type\":\"Organization\",\"@id\":\"https:\\\/\\\/www.kirche-sdh.de\\\/side\\\/#organization\",\"name\":\"Informationsseite und Seelsorgeeinheit\",\"url\":\"https:\\\/\\\/www.kirche-sdh.de\\\/side\\\/\",\"logo\":{\"@type\":\"ImageObject\",\"inLanguage\":\"de\",\"@id\":\"https:\\\/\\\/www.kirche-sdh.de\\\/side\\\/#\\\/schema\\\/logo\\\/image\\\/\",\"url\":\"https:\\\/\\\/www.kirche-sdh.de\\\/side\\\/wp-content\\\/uploads\\\/2017\\\/12\\\/kirche-logos.png\",\"contentUrl\":\"https:\\\/\\\/www.kirche-sdh.de\\\/side\\\/wp-content\\\/uploads\\\/2017\\\/12\\\/kirche-logos.png\",\"width\":438,\"height\":191,\"caption\":\"Informationsseite und Seelsorgeeinheit\"},\"image\":{\"@id\":\"https:\\\/\\\/www.kirche-sdh.de\\\/side\\\/#\\\/schema\\\/logo\\\/image\\\/\"}},{\"@type\":\"Person\",\"@id\":\"https:\\\/\\\/www.kirche-sdh.de\\\/side\\\/#\\\/schema\\\/person\\\/e05baeb81583d4659c11ea77b24c3640\",\"name\":\"Martin Zangl\",\"url\":\"https:\\\/\\\/www.kirche-sdh.de\\\/side\\\/author\\\/zangl\\\/\"}]}<\/script>\n<!-- \/ Yoast SEO plugin. -->","yoast_head_json":{"title":"Auf dem Weg der Liebe - Informationsseite und Seelsorgeeinheit","robots":{"index":"index","follow":"follow","max-snippet":"max-snippet:-1","max-image-preview":"max-image-preview:large","max-video-preview":"max-video-preview:-1"},"canonical":"https:\/\/www.kirche-sdh.de\/side\/auf-dem-weg-der-liebe\/","og_locale":"de_DE","og_type":"article","og_title":"Auf dem Weg der Liebe - Informationsseite und Seelsorgeeinheit","og_description":"Familiengottesdienst zum zweiten Advent \u2013 Mutter-Kind-Gruppe bietet Kuchen an \u2013 Pfarrgemeinderat verteilt Barbarazweige Sch\u00f6nthal. Den zweiten Advent hat die Pfarrgemeinde Sch\u00f6nthal mit einem Familiengottesdienst f\u00fcr und mit Kindern gefeiert. Gleichsam wie auf einer Reise mit vier Stationen machten sich die Gl\u00e4ubigen auf den Weg durch den Advent begr\u00fc\u00dfte Pfarrer Eder [&hellip;]","og_url":"https:\/\/www.kirche-sdh.de\/side\/auf-dem-weg-der-liebe\/","og_site_name":"Informationsseite und Seelsorgeeinheit","article_published_time":"2025-12-09T20:21:52+00:00","article_modified_time":"2025-12-09T20:25:08+00:00","og_image":[{"width":2000,"height":1333,"url":"https:\/\/www.kirche-sdh.de\/side\/wp-content\/uploads\/IMG_5388.jpg","type":"image\/jpeg"}],"author":"Martin Zangl","twitter_card":"summary_large_image","twitter_misc":{"Verfasst von":"Martin Zangl","Gesch\u00e4tzte Lesezeit":"2\u00a0Minuten"},"schema":{"@context":"https:\/\/schema.org","@graph":[{"@type":"Article","@id":"https:\/\/www.kirche-sdh.de\/side\/auf-dem-weg-der-liebe\/#article","isPartOf":{"@id":"https:\/\/www.kirche-sdh.de\/side\/auf-dem-weg-der-liebe\/"},"author":{"name":"Martin Zangl","@id":"https:\/\/www.kirche-sdh.de\/side\/#\/schema\/person\/e05baeb81583d4659c11ea77b24c3640"},"headline":"Auf dem Weg der Liebe","datePublished":"2025-12-09T20:21:52+00:00","dateModified":"2025-12-09T20:25:08+00:00","mainEntityOfPage":{"@id":"https:\/\/www.kirche-sdh.de\/side\/auf-dem-weg-der-liebe\/"},"wordCount":223,"publisher":{"@id":"https:\/\/www.kirche-sdh.de\/side\/#organization"},"image":{"@id":"https:\/\/www.kirche-sdh.de\/side\/auf-dem-weg-der-liebe\/#primaryimage"},"thumbnailUrl":"https:\/\/www.kirche-sdh.de\/side\/wp-content\/uploads\/IMG_5388.jpg","articleSection":["Sch\u00f6nthal"],"inLanguage":"de"},{"@type":"WebPage","@id":"https:\/\/www.kirche-sdh.de\/side\/auf-dem-weg-der-liebe\/","url":"https:\/\/www.kirche-sdh.de\/side\/auf-dem-weg-der-liebe\/","name":"Auf dem Weg der Liebe - Informationsseite und Seelsorgeeinheit","isPartOf":{"@id":"https:\/\/www.kirche-sdh.de\/side\/#website"},"primaryImageOfPage":{"@id":"https:\/\/www.kirche-sdh.de\/side\/auf-dem-weg-der-liebe\/#primaryimage"},"image":{"@id":"https:\/\/www.kirche-sdh.de\/side\/auf-dem-weg-der-liebe\/#primaryimage"},"thumbnailUrl":"https:\/\/www.kirche-sdh.de\/side\/wp-content\/uploads\/IMG_5388.jpg","datePublished":"2025-12-09T20:21:52+00:00","dateModified":"2025-12-09T20:25:08+00:00","breadcrumb":{"@id":"https:\/\/www.kirche-sdh.de\/side\/auf-dem-weg-der-liebe\/#breadcrumb"},"inLanguage":"de","potentialAction":[{"@type":"ReadAction","target":["https:\/\/www.kirche-sdh.de\/side\/auf-dem-weg-der-liebe\/"]}]},{"@type":"ImageObject","inLanguage":"de","@id":"https:\/\/www.kirche-sdh.de\/side\/auf-dem-weg-der-liebe\/#primaryimage","url":"https:\/\/www.kirche-sdh.de\/side\/wp-content\/uploads\/IMG_5388.jpg","contentUrl":"https:\/\/www.kirche-sdh.de\/side\/wp-content\/uploads\/IMG_5388.jpg","width":2000,"height":1333},{"@type":"BreadcrumbList","@id":"https:\/\/www.kirche-sdh.de\/side\/auf-dem-weg-der-liebe\/#breadcrumb","itemListElement":[{"@type":"ListItem","position":1,"name":"Startseite","item":"https:\/\/www.kirche-sdh.de\/side\/"},{"@type":"ListItem","position":2,"name":"Auf dem Weg der Liebe"}]},{"@type":"WebSite","@id":"https:\/\/www.kirche-sdh.de\/side\/#website","url":"https:\/\/www.kirche-sdh.de\/side\/","name":"Informationsseite und Seelsorgeeinheit","description":"Informationsseite und Seelsorgeeinheit","publisher":{"@id":"https:\/\/www.kirche-sdh.de\/side\/#organization"},"potentialAction":[{"@type":"SearchAction","target":{"@type":"EntryPoint","urlTemplate":"https:\/\/www.kirche-sdh.de\/side\/?s={search_term_string}"},"query-input":{"@type":"PropertyValueSpecification","valueRequired":true,"valueName":"search_term_string"}}],"inLanguage":"de"},{"@type":"Organization","@id":"https:\/\/www.kirche-sdh.de\/side\/#organization","name":"Informationsseite und Seelsorgeeinheit","url":"https:\/\/www.kirche-sdh.de\/side\/","logo":{"@type":"ImageObject","inLanguage":"de","@id":"https:\/\/www.kirche-sdh.de\/side\/#\/schema\/logo\/image\/","url":"https:\/\/www.kirche-sdh.de\/side\/wp-content\/uploads\/2017\/12\/kirche-logos.png","contentUrl":"https:\/\/www.kirche-sdh.de\/side\/wp-content\/uploads\/2017\/12\/kirche-logos.png","width":438,"height":191,"caption":"Informationsseite und Seelsorgeeinheit"},"image":{"@id":"https:\/\/www.kirche-sdh.de\/side\/#\/schema\/logo\/image\/"}},{"@type":"Person","@id":"https:\/\/www.kirche-sdh.de\/side\/#\/schema\/person\/e05baeb81583d4659c11ea77b24c3640","name":"Martin Zangl","url":"https:\/\/www.kirche-sdh.de\/side\/author\/zangl\/"}]}},"_links":{"self":[{"href":"https:\/\/www.kirche-sdh.de\/side\/wp-json\/wp\/v2\/posts\/20308","targetHints":{"allow":["GET"]}}],"collection":[{"href":"https:\/\/www.kirche-sdh.de\/side\/wp-json\/wp\/v2\/posts"}],"about":[{"href":"https:\/\/www.kirche-sdh.de\/side\/wp-json\/wp\/v2\/types\/post"}],"author":[{"embeddable":true,"href":"https:\/\/www.kirche-sdh.de\/side\/wp-json\/wp\/v2\/users\/3"}],"replies":[{"embeddable":true,"href":"https:\/\/www.kirche-sdh.de\/side\/wp-json\/wp\/v2\/comments?post=20308"}],"version-history":[{"count":0,"href":"https:\/\/www.kirche-sdh.de\/side\/wp-json\/wp\/v2\/posts\/20308\/revisions"}],"wp:featuredmedia":[{"embeddable":true,"href":"https:\/\/www.kirche-sdh.de\/side\/wp-json\/wp\/v2\/media\/20310"}],"wp:attachment":[{"href":"https:\/\/www.kirche-sdh.de\/side\/wp-json\/wp\/v2\/media?parent=20308"}],"wp:term":[{"taxonomy":"category","embeddable":true,"href":"https:\/\/www.kirche-sdh.de\/side\/wp-json\/wp\/v2\/categories?post=20308"},{"taxonomy":"post_tag","embeddable":true,"href":"https:\/\/www.kirche-sdh.de\/side\/wp-json\/wp\/v2\/tags?post=20308"}],"curies":[{"name":"wp","href":"https:\/\/api.w.org\/{rel}","templated":true}]}}