{"id":20304,"date":"2025-12-09T21:19:13","date_gmt":"2025-12-09T20:19:13","guid":{"rendered":"https:\/\/www.kirche-sdh.de\/side\/?p=20304"},"modified":"2025-12-09T21:19:13","modified_gmt":"2025-12-09T20:19:13","slug":"die-erste-kerze-brennt-3","status":"publish","type":"post","link":"https:\/\/www.kirche-sdh.de\/side\/die-erste-kerze-brennt-3\/","title":{"rendered":"Die erste Kerze brennt"},"content":{"rendered":"<p><strong>Pfarrer Alfons Eder segnet Adventskranz \u2013 Frauentragen im Advent<\/strong><\/p>\n<p><strong>Sch\u00f6nthal<\/strong>. Mit dem Vorabendgottesdienst zum ersten Advent hat die Pfarrei Sch\u00f6nthal die Vorbereitungszeit auf Weihnachten und damit das Fest der Geburt Jesu eingel\u00e4utet. Gleich zu Beginn der Gottesdienstfeier segnete Pfarrer Alfons Eder den diesj\u00e4hrigen klassischen Adventskranz den Mesnerin Monika Fries und Angelia Milling zusammen mit den Blumenschm\u00fcckerinnen Elisabeth Greil und Renate Malterer tags zuvor gebunden hatten. Das Tannengr\u00fcn dazu hatte wieder Christian Rieder aus Kleinsch\u00f6nthal gespendet. Zusammen mit Raphael Steffens entz\u00fcndete der Geistliche die erste Kerze. Diese symbolisiere das Licht das mit Jesus auf die Welt komme in der Hoffnung auf die einstige Herrlichkeit.<\/p>\n<p><img loading=\"lazy\" decoding=\"async\" src=\"https:\/\/www.kirche-sdh.de\/side\/wp-content\/uploads\/Frauentragen1.jpg\" alt=\"\" width=\"1125\" height=\"1500\" class=\"alignnone size-full wp-image-20305\" srcset=\"https:\/\/www.kirche-sdh.de\/side\/wp-content\/uploads\/Frauentragen1.jpg 1125w, https:\/\/www.kirche-sdh.de\/side\/wp-content\/uploads\/Frauentragen1-225x300.jpg 225w, https:\/\/www.kirche-sdh.de\/side\/wp-content\/uploads\/Frauentragen1-768x1024.jpg 768w\" sizes=\"auto, (max-width: 1125px) 100vw, 1125px\" \/> <img loading=\"lazy\" decoding=\"async\" src=\"https:\/\/www.kirche-sdh.de\/side\/wp-content\/uploads\/Adventskranz-anzuenden.jpg\" alt=\"\" width=\"2000\" height=\"1500\" class=\"alignnone size-full wp-image-20306\" srcset=\"https:\/\/www.kirche-sdh.de\/side\/wp-content\/uploads\/Adventskranz-anzuenden.jpg 2000w, https:\/\/www.kirche-sdh.de\/side\/wp-content\/uploads\/Adventskranz-anzuenden-300x225.jpg 300w, https:\/\/www.kirche-sdh.de\/side\/wp-content\/uploads\/Adventskranz-anzuenden-1024x768.jpg 1024w, https:\/\/www.kirche-sdh.de\/side\/wp-content\/uploads\/Adventskranz-anzuenden-768x576.jpg 768w, https:\/\/www.kirche-sdh.de\/side\/wp-content\/uploads\/Adventskranz-anzuenden-1536x1152.jpg 1536w\" sizes=\"auto, (max-width: 2000px) 100vw, 2000px\" \/><\/p>\n<p>In Anlehnung an die Herbergssuche entsendete Pfarrer Eder zum Ende des Gottesdienstes eine Madonnenfigur der katholischen Frauengemeinschaft in die H\u00e4user der Pfarrei. Den am traditionellen Frauentragen beteiligten Familien gab er den Wunsch nach Aufnahme der schwangeren Mutter Gottes im Familienkreis mit auf den Weg. Ulrike Wagner machte den Anfang und nahm die Madonna als erste entgegen.<\/p>\n","protected":false},"excerpt":{"rendered":"<p>Pfarrer Alfons Eder segnet Adventskranz \u2013 Frauentragen im Advent Sch\u00f6nthal. Mit dem Vorabendgottesdienst zum ersten Advent hat die Pfarrei Sch\u00f6nthal die Vorbereitungszeit auf Weihnachten und damit das Fest der Geburt Jesu eingel\u00e4utet. Gleich zu Beginn der Gottesdienstfeier segnete Pfarrer Alfons Eder den diesj\u00e4hrigen klassischen Adventskranz den Mesnerin Monika Fries und [&hellip;]<\/p>\n","protected":false},"author":3,"featured_media":20306,"comment_status":"closed","ping_status":"closed","sticky":true,"template":"","format":"standard","meta":{"footnotes":""},"categories":[21],"tags":[],"class_list":["post-20304","post","type-post","status-publish","format-standard","has-post-thumbnail","hentry","category-schoenthal"],"yoast_head":"<!-- This site is optimized with the Yoast SEO plugin v27.4 - https:\/\/yoast.com\/product\/yoast-seo-wordpress\/ -->\n<title>Die erste Kerze brennt - Informationsseite und Seelsorgeeinheit<\/title>\n<meta name=\"robots\" content=\"index, follow, max-snippet:-1, max-image-preview:large, max-video-preview:-1\" \/>\n<link rel=\"canonical\" href=\"https:\/\/www.kirche-sdh.de\/side\/die-erste-kerze-brennt-3\/\" \/>\n<meta property=\"og:locale\" content=\"de_DE\" \/>\n<meta property=\"og:type\" content=\"article\" \/>\n<meta property=\"og:title\" content=\"Die erste Kerze brennt - Informationsseite und Seelsorgeeinheit\" \/>\n<meta property=\"og:description\" content=\"Pfarrer Alfons Eder segnet Adventskranz \u2013 Frauentragen im Advent Sch\u00f6nthal. Mit dem Vorabendgottesdienst zum ersten Advent hat die Pfarrei Sch\u00f6nthal die Vorbereitungszeit auf Weihnachten und damit das Fest der Geburt Jesu eingel\u00e4utet. Gleich zu Beginn der Gottesdienstfeier segnete Pfarrer Alfons Eder den diesj\u00e4hrigen klassischen Adventskranz den Mesnerin Monika Fries und [&hellip;]\" \/>\n<meta property=\"og:url\" content=\"https:\/\/www.kirche-sdh.de\/side\/die-erste-kerze-brennt-3\/\" \/>\n<meta property=\"og:site_name\" content=\"Informationsseite und Seelsorgeeinheit\" \/>\n<meta property=\"article:published_time\" content=\"2025-12-09T20:19:13+00:00\" \/>\n<meta property=\"og:image\" content=\"https:\/\/www.kirche-sdh.de\/side\/wp-content\/uploads\/Adventskranz-anzuenden.jpg\" \/>\n\t<meta property=\"og:image:width\" content=\"2000\" \/>\n\t<meta property=\"og:image:height\" content=\"1500\" \/>\n\t<meta property=\"og:image:type\" content=\"image\/jpeg\" \/>\n<meta name=\"author\" content=\"Martin Zangl\" \/>\n<meta name=\"twitter:card\" content=\"summary_large_image\" \/>\n<meta name=\"twitter:label1\" content=\"Verfasst von\" \/>\n\t<meta name=\"twitter:data1\" content=\"Martin Zangl\" \/>\n\t<meta name=\"twitter:label2\" content=\"Gesch\u00e4tzte Lesezeit\" \/>\n\t<meta name=\"twitter:data2\" content=\"2\u00a0Minuten\" \/>\n<script type=\"application\/ld+json\" class=\"yoast-schema-graph\">{\"@context\":\"https:\\\/\\\/schema.org\",\"@graph\":[{\"@type\":\"Article\",\"@id\":\"https:\\\/\\\/www.kirche-sdh.de\\\/side\\\/die-erste-kerze-brennt-3\\\/#article\",\"isPartOf\":{\"@id\":\"https:\\\/\\\/www.kirche-sdh.de\\\/side\\\/die-erste-kerze-brennt-3\\\/\"},\"author\":{\"name\":\"Martin Zangl\",\"@id\":\"https:\\\/\\\/www.kirche-sdh.de\\\/side\\\/#\\\/schema\\\/person\\\/e05baeb81583d4659c11ea77b24c3640\"},\"headline\":\"Die erste Kerze brennt\",\"datePublished\":\"2025-12-09T20:19:13+00:00\",\"mainEntityOfPage\":{\"@id\":\"https:\\\/\\\/www.kirche-sdh.de\\\/side\\\/die-erste-kerze-brennt-3\\\/\"},\"wordCount\":171,\"publisher\":{\"@id\":\"https:\\\/\\\/www.kirche-sdh.de\\\/side\\\/#organization\"},\"image\":{\"@id\":\"https:\\\/\\\/www.kirche-sdh.de\\\/side\\\/die-erste-kerze-brennt-3\\\/#primaryimage\"},\"thumbnailUrl\":\"https:\\\/\\\/www.kirche-sdh.de\\\/side\\\/wp-content\\\/uploads\\\/Adventskranz-anzuenden.jpg\",\"articleSection\":[\"Sch\u00f6nthal\"],\"inLanguage\":\"de\"},{\"@type\":\"WebPage\",\"@id\":\"https:\\\/\\\/www.kirche-sdh.de\\\/side\\\/die-erste-kerze-brennt-3\\\/\",\"url\":\"https:\\\/\\\/www.kirche-sdh.de\\\/side\\\/die-erste-kerze-brennt-3\\\/\",\"name\":\"Die erste Kerze brennt - Informationsseite und Seelsorgeeinheit\",\"isPartOf\":{\"@id\":\"https:\\\/\\\/www.kirche-sdh.de\\\/side\\\/#website\"},\"primaryImageOfPage\":{\"@id\":\"https:\\\/\\\/www.kirche-sdh.de\\\/side\\\/die-erste-kerze-brennt-3\\\/#primaryimage\"},\"image\":{\"@id\":\"https:\\\/\\\/www.kirche-sdh.de\\\/side\\\/die-erste-kerze-brennt-3\\\/#primaryimage\"},\"thumbnailUrl\":\"https:\\\/\\\/www.kirche-sdh.de\\\/side\\\/wp-content\\\/uploads\\\/Adventskranz-anzuenden.jpg\",\"datePublished\":\"2025-12-09T20:19:13+00:00\",\"breadcrumb\":{\"@id\":\"https:\\\/\\\/www.kirche-sdh.de\\\/side\\\/die-erste-kerze-brennt-3\\\/#breadcrumb\"},\"inLanguage\":\"de\",\"potentialAction\":[{\"@type\":\"ReadAction\",\"target\":[\"https:\\\/\\\/www.kirche-sdh.de\\\/side\\\/die-erste-kerze-brennt-3\\\/\"]}]},{\"@type\":\"ImageObject\",\"inLanguage\":\"de\",\"@id\":\"https:\\\/\\\/www.kirche-sdh.de\\\/side\\\/die-erste-kerze-brennt-3\\\/#primaryimage\",\"url\":\"https:\\\/\\\/www.kirche-sdh.de\\\/side\\\/wp-content\\\/uploads\\\/Adventskranz-anzuenden.jpg\",\"contentUrl\":\"https:\\\/\\\/www.kirche-sdh.de\\\/side\\\/wp-content\\\/uploads\\\/Adventskranz-anzuenden.jpg\",\"width\":2000,\"height\":1500},{\"@type\":\"BreadcrumbList\",\"@id\":\"https:\\\/\\\/www.kirche-sdh.de\\\/side\\\/die-erste-kerze-brennt-3\\\/#breadcrumb\",\"itemListElement\":[{\"@type\":\"ListItem\",\"position\":1,\"name\":\"Startseite\",\"item\":\"https:\\\/\\\/www.kirche-sdh.de\\\/side\\\/\"},{\"@type\":\"ListItem\",\"position\":2,\"name\":\"Die erste Kerze brennt\"}]},{\"@type\":\"WebSite\",\"@id\":\"https:\\\/\\\/www.kirche-sdh.de\\\/side\\\/#website\",\"url\":\"https:\\\/\\\/www.kirche-sdh.de\\\/side\\\/\",\"name\":\"Informationsseite und Seelsorgeeinheit\",\"description\":\"Informationsseite und Seelsorgeeinheit\",\"publisher\":{\"@id\":\"https:\\\/\\\/www.kirche-sdh.de\\\/side\\\/#organization\"},\"potentialAction\":[{\"@type\":\"SearchAction\",\"target\":{\"@type\":\"EntryPoint\",\"urlTemplate\":\"https:\\\/\\\/www.kirche-sdh.de\\\/side\\\/?s={search_term_string}\"},\"query-input\":{\"@type\":\"PropertyValueSpecification\",\"valueRequired\":true,\"valueName\":\"search_term_string\"}}],\"inLanguage\":\"de\"},{\"@type\":\"Organization\",\"@id\":\"https:\\\/\\\/www.kirche-sdh.de\\\/side\\\/#organization\",\"name\":\"Informationsseite und Seelsorgeeinheit\",\"url\":\"https:\\\/\\\/www.kirche-sdh.de\\\/side\\\/\",\"logo\":{\"@type\":\"ImageObject\",\"inLanguage\":\"de\",\"@id\":\"https:\\\/\\\/www.kirche-sdh.de\\\/side\\\/#\\\/schema\\\/logo\\\/image\\\/\",\"url\":\"https:\\\/\\\/www.kirche-sdh.de\\\/side\\\/wp-content\\\/uploads\\\/2017\\\/12\\\/kirche-logos.png\",\"contentUrl\":\"https:\\\/\\\/www.kirche-sdh.de\\\/side\\\/wp-content\\\/uploads\\\/2017\\\/12\\\/kirche-logos.png\",\"width\":438,\"height\":191,\"caption\":\"Informationsseite und Seelsorgeeinheit\"},\"image\":{\"@id\":\"https:\\\/\\\/www.kirche-sdh.de\\\/side\\\/#\\\/schema\\\/logo\\\/image\\\/\"}},{\"@type\":\"Person\",\"@id\":\"https:\\\/\\\/www.kirche-sdh.de\\\/side\\\/#\\\/schema\\\/person\\\/e05baeb81583d4659c11ea77b24c3640\",\"name\":\"Martin Zangl\",\"url\":\"https:\\\/\\\/www.kirche-sdh.de\\\/side\\\/author\\\/zangl\\\/\"}]}<\/script>\n<!-- \/ Yoast SEO plugin. -->","yoast_head_json":{"title":"Die erste Kerze brennt - Informationsseite und Seelsorgeeinheit","robots":{"index":"index","follow":"follow","max-snippet":"max-snippet:-1","max-image-preview":"max-image-preview:large","max-video-preview":"max-video-preview:-1"},"canonical":"https:\/\/www.kirche-sdh.de\/side\/die-erste-kerze-brennt-3\/","og_locale":"de_DE","og_type":"article","og_title":"Die erste Kerze brennt - Informationsseite und Seelsorgeeinheit","og_description":"Pfarrer Alfons Eder segnet Adventskranz \u2013 Frauentragen im Advent Sch\u00f6nthal. Mit dem Vorabendgottesdienst zum ersten Advent hat die Pfarrei Sch\u00f6nthal die Vorbereitungszeit auf Weihnachten und damit das Fest der Geburt Jesu eingel\u00e4utet. Gleich zu Beginn der Gottesdienstfeier segnete Pfarrer Alfons Eder den diesj\u00e4hrigen klassischen Adventskranz den Mesnerin Monika Fries und [&hellip;]","og_url":"https:\/\/www.kirche-sdh.de\/side\/die-erste-kerze-brennt-3\/","og_site_name":"Informationsseite und Seelsorgeeinheit","article_published_time":"2025-12-09T20:19:13+00:00","og_image":[{"width":2000,"height":1500,"url":"https:\/\/www.kirche-sdh.de\/side\/wp-content\/uploads\/Adventskranz-anzuenden.jpg","type":"image\/jpeg"}],"author":"Martin Zangl","twitter_card":"summary_large_image","twitter_misc":{"Verfasst von":"Martin Zangl","Gesch\u00e4tzte Lesezeit":"2\u00a0Minuten"},"schema":{"@context":"https:\/\/schema.org","@graph":[{"@type":"Article","@id":"https:\/\/www.kirche-sdh.de\/side\/die-erste-kerze-brennt-3\/#article","isPartOf":{"@id":"https:\/\/www.kirche-sdh.de\/side\/die-erste-kerze-brennt-3\/"},"author":{"name":"Martin Zangl","@id":"https:\/\/www.kirche-sdh.de\/side\/#\/schema\/person\/e05baeb81583d4659c11ea77b24c3640"},"headline":"Die erste Kerze brennt","datePublished":"2025-12-09T20:19:13+00:00","mainEntityOfPage":{"@id":"https:\/\/www.kirche-sdh.de\/side\/die-erste-kerze-brennt-3\/"},"wordCount":171,"publisher":{"@id":"https:\/\/www.kirche-sdh.de\/side\/#organization"},"image":{"@id":"https:\/\/www.kirche-sdh.de\/side\/die-erste-kerze-brennt-3\/#primaryimage"},"thumbnailUrl":"https:\/\/www.kirche-sdh.de\/side\/wp-content\/uploads\/Adventskranz-anzuenden.jpg","articleSection":["Sch\u00f6nthal"],"inLanguage":"de"},{"@type":"WebPage","@id":"https:\/\/www.kirche-sdh.de\/side\/die-erste-kerze-brennt-3\/","url":"https:\/\/www.kirche-sdh.de\/side\/die-erste-kerze-brennt-3\/","name":"Die erste Kerze brennt - Informationsseite und Seelsorgeeinheit","isPartOf":{"@id":"https:\/\/www.kirche-sdh.de\/side\/#website"},"primaryImageOfPage":{"@id":"https:\/\/www.kirche-sdh.de\/side\/die-erste-kerze-brennt-3\/#primaryimage"},"image":{"@id":"https:\/\/www.kirche-sdh.de\/side\/die-erste-kerze-brennt-3\/#primaryimage"},"thumbnailUrl":"https:\/\/www.kirche-sdh.de\/side\/wp-content\/uploads\/Adventskranz-anzuenden.jpg","datePublished":"2025-12-09T20:19:13+00:00","breadcrumb":{"@id":"https:\/\/www.kirche-sdh.de\/side\/die-erste-kerze-brennt-3\/#breadcrumb"},"inLanguage":"de","potentialAction":[{"@type":"ReadAction","target":["https:\/\/www.kirche-sdh.de\/side\/die-erste-kerze-brennt-3\/"]}]},{"@type":"ImageObject","inLanguage":"de","@id":"https:\/\/www.kirche-sdh.de\/side\/die-erste-kerze-brennt-3\/#primaryimage","url":"https:\/\/www.kirche-sdh.de\/side\/wp-content\/uploads\/Adventskranz-anzuenden.jpg","contentUrl":"https:\/\/www.kirche-sdh.de\/side\/wp-content\/uploads\/Adventskranz-anzuenden.jpg","width":2000,"height":1500},{"@type":"BreadcrumbList","@id":"https:\/\/www.kirche-sdh.de\/side\/die-erste-kerze-brennt-3\/#breadcrumb","itemListElement":[{"@type":"ListItem","position":1,"name":"Startseite","item":"https:\/\/www.kirche-sdh.de\/side\/"},{"@type":"ListItem","position":2,"name":"Die erste Kerze brennt"}]},{"@type":"WebSite","@id":"https:\/\/www.kirche-sdh.de\/side\/#website","url":"https:\/\/www.kirche-sdh.de\/side\/","name":"Informationsseite und Seelsorgeeinheit","description":"Informationsseite und Seelsorgeeinheit","publisher":{"@id":"https:\/\/www.kirche-sdh.de\/side\/#organization"},"potentialAction":[{"@type":"SearchAction","target":{"@type":"EntryPoint","urlTemplate":"https:\/\/www.kirche-sdh.de\/side\/?s={search_term_string}"},"query-input":{"@type":"PropertyValueSpecification","valueRequired":true,"valueName":"search_term_string"}}],"inLanguage":"de"},{"@type":"Organization","@id":"https:\/\/www.kirche-sdh.de\/side\/#organization","name":"Informationsseite und Seelsorgeeinheit","url":"https:\/\/www.kirche-sdh.de\/side\/","logo":{"@type":"ImageObject","inLanguage":"de","@id":"https:\/\/www.kirche-sdh.de\/side\/#\/schema\/logo\/image\/","url":"https:\/\/www.kirche-sdh.de\/side\/wp-content\/uploads\/2017\/12\/kirche-logos.png","contentUrl":"https:\/\/www.kirche-sdh.de\/side\/wp-content\/uploads\/2017\/12\/kirche-logos.png","width":438,"height":191,"caption":"Informationsseite und Seelsorgeeinheit"},"image":{"@id":"https:\/\/www.kirche-sdh.de\/side\/#\/schema\/logo\/image\/"}},{"@type":"Person","@id":"https:\/\/www.kirche-sdh.de\/side\/#\/schema\/person\/e05baeb81583d4659c11ea77b24c3640","name":"Martin Zangl","url":"https:\/\/www.kirche-sdh.de\/side\/author\/zangl\/"}]}},"_links":{"self":[{"href":"https:\/\/www.kirche-sdh.de\/side\/wp-json\/wp\/v2\/posts\/20304","targetHints":{"allow":["GET"]}}],"collection":[{"href":"https:\/\/www.kirche-sdh.de\/side\/wp-json\/wp\/v2\/posts"}],"about":[{"href":"https:\/\/www.kirche-sdh.de\/side\/wp-json\/wp\/v2\/types\/post"}],"author":[{"embeddable":true,"href":"https:\/\/www.kirche-sdh.de\/side\/wp-json\/wp\/v2\/users\/3"}],"replies":[{"embeddable":true,"href":"https:\/\/www.kirche-sdh.de\/side\/wp-json\/wp\/v2\/comments?post=20304"}],"version-history":[{"count":0,"href":"https:\/\/www.kirche-sdh.de\/side\/wp-json\/wp\/v2\/posts\/20304\/revisions"}],"wp:featuredmedia":[{"embeddable":true,"href":"https:\/\/www.kirche-sdh.de\/side\/wp-json\/wp\/v2\/media\/20306"}],"wp:attachment":[{"href":"https:\/\/www.kirche-sdh.de\/side\/wp-json\/wp\/v2\/media?parent=20304"}],"wp:term":[{"taxonomy":"category","embeddable":true,"href":"https:\/\/www.kirche-sdh.de\/side\/wp-json\/wp\/v2\/categories?post=20304"},{"taxonomy":"post_tag","embeddable":true,"href":"https:\/\/www.kirche-sdh.de\/side\/wp-json\/wp\/v2\/tags?post=20304"}],"curies":[{"name":"wp","href":"https:\/\/api.w.org\/{rel}","templated":true}]}}