{"id":20297,"date":"2025-12-09T21:15:33","date_gmt":"2025-12-09T20:15:33","guid":{"rendered":"https:\/\/www.kirche-sdh.de\/side\/?p=20297"},"modified":"2025-12-09T21:15:33","modified_gmt":"2025-12-09T20:15:33","slug":"der-volkstrauertag-ist-kein-heldentag","status":"publish","type":"post","link":"https:\/\/www.kirche-sdh.de\/side\/der-volkstrauertag-ist-kein-heldentag\/","title":{"rendered":"\u201eDer Volkstrauertag ist kein Heldentag!\u201c"},"content":{"rendered":"<p><strong>Einsatz f\u00fcr Frieden und Vers\u00f6hnung \u2013 Krieg ist das Schlimmste<\/strong><\/p>\n<p><strong>Sch\u00f6nthal<\/strong>. Im Gedenken an die Toten der beiden gro\u00dfen Weltkriege aber auch an die Opfer von Gewalt und Krieg aller V\u00f6lker hat die Soldaten &#8211; und Reservistenkameradschaft Sch\u00f6nthal unter Beteiligung der \u00f6rtlichen Vereine, des VdK Ortsverbands Sch\u00f6nthal-Hiltersried-R\u00f6tz und der kirchlichen und politischen Gemeinde den Volkstrauertag mit einem Gedenkgottesdienst in der Sch\u00f6nthaler Pfarrkirche Sankt Michael und einer Gedenkstunde am Ehrenmal begangen. Der Volkstrauertag sei kein Heldentag mahnte zweiter B\u00fcrgermeister J\u00fcrgen Baier, sondern Mahnung gegen das Vergessen und Verpflichtung f\u00fcr Frieden und Vers\u00f6hnung einzutreten.<\/p>\n<p><img loading=\"lazy\" decoding=\"async\" src=\"https:\/\/www.kirche-sdh.de\/side\/wp-content\/uploads\/IMG_5311.jpg\" alt=\"\" width=\"2000\" height=\"1333\" class=\"alignnone size-full wp-image-20302\" srcset=\"https:\/\/www.kirche-sdh.de\/side\/wp-content\/uploads\/IMG_5311.jpg 2000w, https:\/\/www.kirche-sdh.de\/side\/wp-content\/uploads\/IMG_5311-300x200.jpg 300w, https:\/\/www.kirche-sdh.de\/side\/wp-content\/uploads\/IMG_5311-1024x682.jpg 1024w, https:\/\/www.kirche-sdh.de\/side\/wp-content\/uploads\/IMG_5311-768x512.jpg 768w, https:\/\/www.kirche-sdh.de\/side\/wp-content\/uploads\/IMG_5311-1536x1024.jpg 1536w, https:\/\/www.kirche-sdh.de\/side\/wp-content\/uploads\/IMG_5311-360x240.jpg 360w\" sizes=\"auto, (max-width: 2000px) 100vw, 2000px\" \/><\/p>\n<p><img loading=\"lazy\" decoding=\"async\" src=\"https:\/\/www.kirche-sdh.de\/side\/wp-content\/uploads\/IMG_5320.jpg\" alt=\"\" width=\"2000\" height=\"1333\" class=\"alignnone size-full wp-image-20301\" srcset=\"https:\/\/www.kirche-sdh.de\/side\/wp-content\/uploads\/IMG_5320.jpg 2000w, https:\/\/www.kirche-sdh.de\/side\/wp-content\/uploads\/IMG_5320-300x200.jpg 300w, https:\/\/www.kirche-sdh.de\/side\/wp-content\/uploads\/IMG_5320-1024x682.jpg 1024w, https:\/\/www.kirche-sdh.de\/side\/wp-content\/uploads\/IMG_5320-768x512.jpg 768w, https:\/\/www.kirche-sdh.de\/side\/wp-content\/uploads\/IMG_5320-1536x1024.jpg 1536w, https:\/\/www.kirche-sdh.de\/side\/wp-content\/uploads\/IMG_5320-360x240.jpg 360w\" sizes=\"auto, (max-width: 2000px) 100vw, 2000px\" \/>\u00a0Nach dem feierlichen Einzug der Blaskapelle D\u00f6fering und der ortsans\u00e4ssigen Vereine mit Fahnenabordnungen in die Pfarrkirche zelebrierte Pfarrer Alfons Eder die Eucharistiefeier ganz im Zeichen des Volkstrauertages. Diese wurde musikalisch von der Blaskapelle D\u00f6fering unter Leitung von Rudi Zwicknagl mit der Schubert Messe umrahmt. Ein einfaches Holzkreuz mit einem Gefechtshelm war vor dem Altar mit Kerzen aufgestellt, die Gedenktafel mit den Namen aller gefallener und vermissten Soldaten der Pfarrei Sch\u00f6nthal mit Blumen und Kerzen geschm\u00fcckt. \u201eDie Welt, in der wir leben, ist zu f\u00fcrchten\u201c urteilte Pfarrer Eder gleich zu Beginn. Kriege, Gewalt, Vertreibung, Flucht, dazu k\u00e4men in der Gegenwart neue Fragezeichen in Form von Internetl\u00fcgen, Verschw\u00f6rungstheorien, Klimawandel, moderne Waffentechniken. Dem F\u00fcrchten stehe die Zuversicht gegen\u00fcber, allerdings verbunden mit der Frage was vorherrschend sei.<\/p>\n<p>\u201eKrieg ist das Schlimmste\u201c f\u00fchrte er in seiner Predigt aus und stellte die Trag\u00f6die der Weltgeschichte in einem Liedtext der Musikgruppe \u201eDreiviertelblut\u201c in bayerischer Mundart vor Augen. Inzwischen herrsche wieder ein kalter Krieg mit dem Bangen und Zittern, dass daraus nicht ein hei\u00dfer werde. Mit einem Gleichgewicht des Schreckens werde versucht den Frieden zu erhalten. F\u00fcr den Weltfrieden k\u00f6nne jeder Einzelne eher wenig tun, nicht aber f\u00fcr den kleinen Frieden in der Familie, der Nachbarschaft oder im Dorf und f\u00fcr den ganz kleinen Frieden im Herzen. Viele w\u00fcrden innerlich voller Wut sein, obwohl sie alles h\u00e4tten. Hetze und Hass, gepuscht von den sozialen Medien, herrschten statt Zufriedenheit und damit Frieden im Herzen. Vor dem Hintergrund der deutschen Geschichte appellierte der Geistliche daran, wachsam und nachdenklich zu sein und sich f\u00fcr Politik zu interessieren. Im Gedenken an alle Gefallenen und Vermissten des Ersten und Zweiten Weltkriegs wurden jene aus Sch\u00f6nthal und zugeh\u00f6rigen Ortschaften namentlich durch Johann Babl verlesen.<\/p>\n<p>Nach dem Marsch zum Ehrenmal richte Rudolf Gilch als Vorstand der Soldaten- und Reservistenkameradschaft Sch\u00f6nthal das Wort an die versammelte Gemeinde. Rainer Wutz erinnerte an die Soldaten, Verfolgten und Vertriebenen sowie die zivilen Opfer aller V\u00f6lker, die in den Weltkriegen oder danach ihr Leben gelassen haben. Ebenso gedachte er der Opfer von aktuellen Konflikten, Hass und Gewalt, Terrorismus und Extremismus, Antisemitismus und Rassismus. Das Leben stehe dennoch im Zeichen der Hoffnung auf Vers\u00f6hnung unter den Menschen und V\u00f6lkern und der Verantwortung f\u00fcr Frieden. Eine an Jesus Christus gerichtete gro\u00dfe F\u00fcrbitte nach Frieden rundete ab.<\/p>\n<p><img loading=\"lazy\" decoding=\"async\" src=\"https:\/\/www.kirche-sdh.de\/side\/wp-content\/uploads\/IMG_5336.jpg\" alt=\"\" width=\"1000\" height=\"1500\" class=\"alignnone size-full wp-image-20298\" srcset=\"https:\/\/www.kirche-sdh.de\/side\/wp-content\/uploads\/IMG_5336.jpg 1000w, https:\/\/www.kirche-sdh.de\/side\/wp-content\/uploads\/IMG_5336-200x300.jpg 200w, https:\/\/www.kirche-sdh.de\/side\/wp-content\/uploads\/IMG_5336-683x1024.jpg 683w, https:\/\/www.kirche-sdh.de\/side\/wp-content\/uploads\/IMG_5336-768x1152.jpg 768w\" sizes=\"auto, (max-width: 1000px) 100vw, 1000px\" \/> <img loading=\"lazy\" decoding=\"async\" src=\"https:\/\/www.kirche-sdh.de\/side\/wp-content\/uploads\/IMG_5348.jpg\" alt=\"\" width=\"2000\" height=\"1333\" class=\"alignnone size-full wp-image-20299\" srcset=\"https:\/\/www.kirche-sdh.de\/side\/wp-content\/uploads\/IMG_5348.jpg 2000w, https:\/\/www.kirche-sdh.de\/side\/wp-content\/uploads\/IMG_5348-300x200.jpg 300w, https:\/\/www.kirche-sdh.de\/side\/wp-content\/uploads\/IMG_5348-1024x682.jpg 1024w, https:\/\/www.kirche-sdh.de\/side\/wp-content\/uploads\/IMG_5348-768x512.jpg 768w, https:\/\/www.kirche-sdh.de\/side\/wp-content\/uploads\/IMG_5348-1536x1024.jpg 1536w, https:\/\/www.kirche-sdh.de\/side\/wp-content\/uploads\/IMG_5348-360x240.jpg 360w\" sizes=\"auto, (max-width: 2000px) 100vw, 2000px\" \/> <img loading=\"lazy\" decoding=\"async\" src=\"https:\/\/www.kirche-sdh.de\/side\/wp-content\/uploads\/IMG_5340.jpg\" alt=\"\" width=\"2000\" height=\"1333\" class=\"alignnone size-full wp-image-20300\" srcset=\"https:\/\/www.kirche-sdh.de\/side\/wp-content\/uploads\/IMG_5340.jpg 2000w, https:\/\/www.kirche-sdh.de\/side\/wp-content\/uploads\/IMG_5340-300x200.jpg 300w, https:\/\/www.kirche-sdh.de\/side\/wp-content\/uploads\/IMG_5340-1024x682.jpg 1024w, https:\/\/www.kirche-sdh.de\/side\/wp-content\/uploads\/IMG_5340-768x512.jpg 768w, https:\/\/www.kirche-sdh.de\/side\/wp-content\/uploads\/IMG_5340-1536x1024.jpg 1536w, https:\/\/www.kirche-sdh.de\/side\/wp-content\/uploads\/IMG_5340-360x240.jpg 360w\" sizes=\"auto, (max-width: 2000px) 100vw, 2000px\" \/><\/p>\n<p>Zweiter B\u00fcrgermeister J\u00fcrgen Baier gedachte f\u00fcr die politische Gemeinde Sch\u00f6nthal der Opfer von Krieg und Gewalt. Der Volkstrauertag sei inzwischen ein Tag der Trauer generell und dar\u00fcber hinaus ein Tag der Vers\u00f6hnung, Verst\u00e4ndigung und f\u00fcr den Frieden. Mit dem Ukrainekrieg sei das Kriegsgeschehen bedrohlich nah gekommen und Deutschland wieder mittendrin. Werte wie Demokratie, Gerechtigkeit und Freiheit gelte es zu verteidigen. Der Volkstrauertag rufe zur Solidarit\u00e4t mit Opfern, Betroffenen und Hinterbliebenen auf und erinnere daran Gewalt zu vermeiden. Das gemeinsame Gedenken solle in ein gemeinsames Eintreten f\u00fcr Frieden und Gewaltlosigkeit m\u00fcnden. \u201eDer Volkstrauertag ist kein Heldentag!\u201c mahnte Baier, sondern Mahnung gegen das Vergessen und zugleich Verpflichtung aktiv f\u00fcr \u201eFrieden und Vers\u00f6hnung\u201c einzutreten. \u201eLeiden zu lindern, Wunden zu heilen, aber auch Tote zu ehren, Verlorene zu beklagen, bedeutet Abkehr von Hass, bedeutet Hinkehr zur Liebe, und unsere Welt hat die Liebe not.\u201c zitierte er Reichspr\u00e4sident Paul L\u00f6be anl\u00e4sslich der ersten Feierstunde zum Volkstrauertag 1922.<\/p>\n<p>Baier und Gilch legten zur Erinnerung ein Blumengebinde am Ehrenmal nieder. Salutsch\u00fcsse der Sch\u00f6nthaler B\u00f6llersch\u00fctzen zum Lied vom guten Kameraden, die Bayernhymne sowie die Nationalhymne jeweils von der Blaskapelle gespielt beschlossen die Gedenkfeier. SuRK-Vorsitzender Rudolf Gilch dankte allen Teilnehmern und Mitwirkenden. Zugleich dankte er den Sammlern und Spendern der diesj\u00e4hrigen Sammelaktion \u201eVolksbund Deutsche Kriegsgr\u00e4berf\u00fcrsorge e. V.\u201c nach dem Gr\u00e4bergang am Friedhof f\u00fcr ein Sammelergebnis von 717 Euro.<\/p>\n","protected":false},"excerpt":{"rendered":"<p>Einsatz f\u00fcr Frieden und Vers\u00f6hnung \u2013 Krieg ist das Schlimmste Sch\u00f6nthal. Im Gedenken an die Toten der beiden gro\u00dfen Weltkriege aber auch an die Opfer von Gewalt und Krieg aller V\u00f6lker hat die Soldaten &#8211; und Reservistenkameradschaft Sch\u00f6nthal unter Beteiligung der \u00f6rtlichen Vereine, des VdK Ortsverbands Sch\u00f6nthal-Hiltersried-R\u00f6tz und der kirchlichen [&hellip;]<\/p>\n","protected":false},"author":3,"featured_media":20299,"comment_status":"closed","ping_status":"closed","sticky":false,"template":"","format":"standard","meta":{"footnotes":""},"categories":[21],"tags":[],"class_list":["post-20297","post","type-post","status-publish","format-standard","has-post-thumbnail","hentry","category-schoenthal"],"yoast_head":"<!-- This site is optimized with the Yoast SEO plugin v27.4 - https:\/\/yoast.com\/product\/yoast-seo-wordpress\/ -->\n<title>\u201eDer Volkstrauertag ist kein Heldentag!\u201c - Informationsseite und Seelsorgeeinheit<\/title>\n<meta name=\"robots\" content=\"index, follow, max-snippet:-1, max-image-preview:large, max-video-preview:-1\" \/>\n<link rel=\"canonical\" href=\"https:\/\/www.kirche-sdh.de\/side\/der-volkstrauertag-ist-kein-heldentag\/\" \/>\n<meta property=\"og:locale\" content=\"de_DE\" \/>\n<meta property=\"og:type\" content=\"article\" \/>\n<meta property=\"og:title\" content=\"\u201eDer Volkstrauertag ist kein Heldentag!\u201c - Informationsseite und Seelsorgeeinheit\" \/>\n<meta property=\"og:description\" content=\"Einsatz f\u00fcr Frieden und Vers\u00f6hnung \u2013 Krieg ist das Schlimmste Sch\u00f6nthal. Im Gedenken an die Toten der beiden gro\u00dfen Weltkriege aber auch an die Opfer von Gewalt und Krieg aller V\u00f6lker hat die Soldaten &#8211; und Reservistenkameradschaft Sch\u00f6nthal unter Beteiligung der \u00f6rtlichen Vereine, des VdK Ortsverbands Sch\u00f6nthal-Hiltersried-R\u00f6tz und der kirchlichen [&hellip;]\" \/>\n<meta property=\"og:url\" content=\"https:\/\/www.kirche-sdh.de\/side\/der-volkstrauertag-ist-kein-heldentag\/\" \/>\n<meta property=\"og:site_name\" content=\"Informationsseite und Seelsorgeeinheit\" \/>\n<meta property=\"article:published_time\" content=\"2025-12-09T20:15:33+00:00\" \/>\n<meta property=\"og:image\" content=\"https:\/\/www.kirche-sdh.de\/side\/wp-content\/uploads\/IMG_5348.jpg\" \/>\n\t<meta property=\"og:image:width\" content=\"2000\" \/>\n\t<meta property=\"og:image:height\" content=\"1333\" \/>\n\t<meta property=\"og:image:type\" content=\"image\/jpeg\" \/>\n<meta name=\"author\" content=\"Martin Zangl\" \/>\n<meta name=\"twitter:card\" content=\"summary_large_image\" \/>\n<meta name=\"twitter:label1\" content=\"Verfasst von\" \/>\n\t<meta name=\"twitter:data1\" content=\"Martin Zangl\" \/>\n\t<meta name=\"twitter:label2\" content=\"Gesch\u00e4tzte Lesezeit\" \/>\n\t<meta name=\"twitter:data2\" content=\"6\u00a0Minuten\" \/>\n<script type=\"application\/ld+json\" class=\"yoast-schema-graph\">{\"@context\":\"https:\\\/\\\/schema.org\",\"@graph\":[{\"@type\":\"Article\",\"@id\":\"https:\\\/\\\/www.kirche-sdh.de\\\/side\\\/der-volkstrauertag-ist-kein-heldentag\\\/#article\",\"isPartOf\":{\"@id\":\"https:\\\/\\\/www.kirche-sdh.de\\\/side\\\/der-volkstrauertag-ist-kein-heldentag\\\/\"},\"author\":{\"name\":\"Martin Zangl\",\"@id\":\"https:\\\/\\\/www.kirche-sdh.de\\\/side\\\/#\\\/schema\\\/person\\\/e05baeb81583d4659c11ea77b24c3640\"},\"headline\":\"\u201eDer Volkstrauertag ist kein Heldentag!\u201c\",\"datePublished\":\"2025-12-09T20:15:33+00:00\",\"mainEntityOfPage\":{\"@id\":\"https:\\\/\\\/www.kirche-sdh.de\\\/side\\\/der-volkstrauertag-ist-kein-heldentag\\\/\"},\"wordCount\":755,\"publisher\":{\"@id\":\"https:\\\/\\\/www.kirche-sdh.de\\\/side\\\/#organization\"},\"image\":{\"@id\":\"https:\\\/\\\/www.kirche-sdh.de\\\/side\\\/der-volkstrauertag-ist-kein-heldentag\\\/#primaryimage\"},\"thumbnailUrl\":\"https:\\\/\\\/www.kirche-sdh.de\\\/side\\\/wp-content\\\/uploads\\\/IMG_5348.jpg\",\"articleSection\":[\"Sch\u00f6nthal\"],\"inLanguage\":\"de\"},{\"@type\":\"WebPage\",\"@id\":\"https:\\\/\\\/www.kirche-sdh.de\\\/side\\\/der-volkstrauertag-ist-kein-heldentag\\\/\",\"url\":\"https:\\\/\\\/www.kirche-sdh.de\\\/side\\\/der-volkstrauertag-ist-kein-heldentag\\\/\",\"name\":\"\u201eDer Volkstrauertag ist kein Heldentag!\u201c - Informationsseite und Seelsorgeeinheit\",\"isPartOf\":{\"@id\":\"https:\\\/\\\/www.kirche-sdh.de\\\/side\\\/#website\"},\"primaryImageOfPage\":{\"@id\":\"https:\\\/\\\/www.kirche-sdh.de\\\/side\\\/der-volkstrauertag-ist-kein-heldentag\\\/#primaryimage\"},\"image\":{\"@id\":\"https:\\\/\\\/www.kirche-sdh.de\\\/side\\\/der-volkstrauertag-ist-kein-heldentag\\\/#primaryimage\"},\"thumbnailUrl\":\"https:\\\/\\\/www.kirche-sdh.de\\\/side\\\/wp-content\\\/uploads\\\/IMG_5348.jpg\",\"datePublished\":\"2025-12-09T20:15:33+00:00\",\"breadcrumb\":{\"@id\":\"https:\\\/\\\/www.kirche-sdh.de\\\/side\\\/der-volkstrauertag-ist-kein-heldentag\\\/#breadcrumb\"},\"inLanguage\":\"de\",\"potentialAction\":[{\"@type\":\"ReadAction\",\"target\":[\"https:\\\/\\\/www.kirche-sdh.de\\\/side\\\/der-volkstrauertag-ist-kein-heldentag\\\/\"]}]},{\"@type\":\"ImageObject\",\"inLanguage\":\"de\",\"@id\":\"https:\\\/\\\/www.kirche-sdh.de\\\/side\\\/der-volkstrauertag-ist-kein-heldentag\\\/#primaryimage\",\"url\":\"https:\\\/\\\/www.kirche-sdh.de\\\/side\\\/wp-content\\\/uploads\\\/IMG_5348.jpg\",\"contentUrl\":\"https:\\\/\\\/www.kirche-sdh.de\\\/side\\\/wp-content\\\/uploads\\\/IMG_5348.jpg\",\"width\":2000,\"height\":1333},{\"@type\":\"BreadcrumbList\",\"@id\":\"https:\\\/\\\/www.kirche-sdh.de\\\/side\\\/der-volkstrauertag-ist-kein-heldentag\\\/#breadcrumb\",\"itemListElement\":[{\"@type\":\"ListItem\",\"position\":1,\"name\":\"Startseite\",\"item\":\"https:\\\/\\\/www.kirche-sdh.de\\\/side\\\/\"},{\"@type\":\"ListItem\",\"position\":2,\"name\":\"\u201eDer Volkstrauertag ist kein Heldentag!\u201c\"}]},{\"@type\":\"WebSite\",\"@id\":\"https:\\\/\\\/www.kirche-sdh.de\\\/side\\\/#website\",\"url\":\"https:\\\/\\\/www.kirche-sdh.de\\\/side\\\/\",\"name\":\"Informationsseite und Seelsorgeeinheit\",\"description\":\"Informationsseite und Seelsorgeeinheit\",\"publisher\":{\"@id\":\"https:\\\/\\\/www.kirche-sdh.de\\\/side\\\/#organization\"},\"potentialAction\":[{\"@type\":\"SearchAction\",\"target\":{\"@type\":\"EntryPoint\",\"urlTemplate\":\"https:\\\/\\\/www.kirche-sdh.de\\\/side\\\/?s={search_term_string}\"},\"query-input\":{\"@type\":\"PropertyValueSpecification\",\"valueRequired\":true,\"valueName\":\"search_term_string\"}}],\"inLanguage\":\"de\"},{\"@type\":\"Organization\",\"@id\":\"https:\\\/\\\/www.kirche-sdh.de\\\/side\\\/#organization\",\"name\":\"Informationsseite und Seelsorgeeinheit\",\"url\":\"https:\\\/\\\/www.kirche-sdh.de\\\/side\\\/\",\"logo\":{\"@type\":\"ImageObject\",\"inLanguage\":\"de\",\"@id\":\"https:\\\/\\\/www.kirche-sdh.de\\\/side\\\/#\\\/schema\\\/logo\\\/image\\\/\",\"url\":\"https:\\\/\\\/www.kirche-sdh.de\\\/side\\\/wp-content\\\/uploads\\\/2017\\\/12\\\/kirche-logos.png\",\"contentUrl\":\"https:\\\/\\\/www.kirche-sdh.de\\\/side\\\/wp-content\\\/uploads\\\/2017\\\/12\\\/kirche-logos.png\",\"width\":438,\"height\":191,\"caption\":\"Informationsseite und Seelsorgeeinheit\"},\"image\":{\"@id\":\"https:\\\/\\\/www.kirche-sdh.de\\\/side\\\/#\\\/schema\\\/logo\\\/image\\\/\"}},{\"@type\":\"Person\",\"@id\":\"https:\\\/\\\/www.kirche-sdh.de\\\/side\\\/#\\\/schema\\\/person\\\/e05baeb81583d4659c11ea77b24c3640\",\"name\":\"Martin Zangl\",\"url\":\"https:\\\/\\\/www.kirche-sdh.de\\\/side\\\/author\\\/zangl\\\/\"}]}<\/script>\n<!-- \/ Yoast SEO plugin. -->","yoast_head_json":{"title":"\u201eDer Volkstrauertag ist kein Heldentag!\u201c - Informationsseite und Seelsorgeeinheit","robots":{"index":"index","follow":"follow","max-snippet":"max-snippet:-1","max-image-preview":"max-image-preview:large","max-video-preview":"max-video-preview:-1"},"canonical":"https:\/\/www.kirche-sdh.de\/side\/der-volkstrauertag-ist-kein-heldentag\/","og_locale":"de_DE","og_type":"article","og_title":"\u201eDer Volkstrauertag ist kein Heldentag!\u201c - Informationsseite und Seelsorgeeinheit","og_description":"Einsatz f\u00fcr Frieden und Vers\u00f6hnung \u2013 Krieg ist das Schlimmste Sch\u00f6nthal. Im Gedenken an die Toten der beiden gro\u00dfen Weltkriege aber auch an die Opfer von Gewalt und Krieg aller V\u00f6lker hat die Soldaten &#8211; und Reservistenkameradschaft Sch\u00f6nthal unter Beteiligung der \u00f6rtlichen Vereine, des VdK Ortsverbands Sch\u00f6nthal-Hiltersried-R\u00f6tz und der kirchlichen [&hellip;]","og_url":"https:\/\/www.kirche-sdh.de\/side\/der-volkstrauertag-ist-kein-heldentag\/","og_site_name":"Informationsseite und Seelsorgeeinheit","article_published_time":"2025-12-09T20:15:33+00:00","og_image":[{"width":2000,"height":1333,"url":"https:\/\/www.kirche-sdh.de\/side\/wp-content\/uploads\/IMG_5348.jpg","type":"image\/jpeg"}],"author":"Martin Zangl","twitter_card":"summary_large_image","twitter_misc":{"Verfasst von":"Martin Zangl","Gesch\u00e4tzte Lesezeit":"6\u00a0Minuten"},"schema":{"@context":"https:\/\/schema.org","@graph":[{"@type":"Article","@id":"https:\/\/www.kirche-sdh.de\/side\/der-volkstrauertag-ist-kein-heldentag\/#article","isPartOf":{"@id":"https:\/\/www.kirche-sdh.de\/side\/der-volkstrauertag-ist-kein-heldentag\/"},"author":{"name":"Martin Zangl","@id":"https:\/\/www.kirche-sdh.de\/side\/#\/schema\/person\/e05baeb81583d4659c11ea77b24c3640"},"headline":"\u201eDer Volkstrauertag ist kein Heldentag!\u201c","datePublished":"2025-12-09T20:15:33+00:00","mainEntityOfPage":{"@id":"https:\/\/www.kirche-sdh.de\/side\/der-volkstrauertag-ist-kein-heldentag\/"},"wordCount":755,"publisher":{"@id":"https:\/\/www.kirche-sdh.de\/side\/#organization"},"image":{"@id":"https:\/\/www.kirche-sdh.de\/side\/der-volkstrauertag-ist-kein-heldentag\/#primaryimage"},"thumbnailUrl":"https:\/\/www.kirche-sdh.de\/side\/wp-content\/uploads\/IMG_5348.jpg","articleSection":["Sch\u00f6nthal"],"inLanguage":"de"},{"@type":"WebPage","@id":"https:\/\/www.kirche-sdh.de\/side\/der-volkstrauertag-ist-kein-heldentag\/","url":"https:\/\/www.kirche-sdh.de\/side\/der-volkstrauertag-ist-kein-heldentag\/","name":"\u201eDer Volkstrauertag ist kein Heldentag!\u201c - Informationsseite und Seelsorgeeinheit","isPartOf":{"@id":"https:\/\/www.kirche-sdh.de\/side\/#website"},"primaryImageOfPage":{"@id":"https:\/\/www.kirche-sdh.de\/side\/der-volkstrauertag-ist-kein-heldentag\/#primaryimage"},"image":{"@id":"https:\/\/www.kirche-sdh.de\/side\/der-volkstrauertag-ist-kein-heldentag\/#primaryimage"},"thumbnailUrl":"https:\/\/www.kirche-sdh.de\/side\/wp-content\/uploads\/IMG_5348.jpg","datePublished":"2025-12-09T20:15:33+00:00","breadcrumb":{"@id":"https:\/\/www.kirche-sdh.de\/side\/der-volkstrauertag-ist-kein-heldentag\/#breadcrumb"},"inLanguage":"de","potentialAction":[{"@type":"ReadAction","target":["https:\/\/www.kirche-sdh.de\/side\/der-volkstrauertag-ist-kein-heldentag\/"]}]},{"@type":"ImageObject","inLanguage":"de","@id":"https:\/\/www.kirche-sdh.de\/side\/der-volkstrauertag-ist-kein-heldentag\/#primaryimage","url":"https:\/\/www.kirche-sdh.de\/side\/wp-content\/uploads\/IMG_5348.jpg","contentUrl":"https:\/\/www.kirche-sdh.de\/side\/wp-content\/uploads\/IMG_5348.jpg","width":2000,"height":1333},{"@type":"BreadcrumbList","@id":"https:\/\/www.kirche-sdh.de\/side\/der-volkstrauertag-ist-kein-heldentag\/#breadcrumb","itemListElement":[{"@type":"ListItem","position":1,"name":"Startseite","item":"https:\/\/www.kirche-sdh.de\/side\/"},{"@type":"ListItem","position":2,"name":"\u201eDer Volkstrauertag ist kein Heldentag!\u201c"}]},{"@type":"WebSite","@id":"https:\/\/www.kirche-sdh.de\/side\/#website","url":"https:\/\/www.kirche-sdh.de\/side\/","name":"Informationsseite und Seelsorgeeinheit","description":"Informationsseite und Seelsorgeeinheit","publisher":{"@id":"https:\/\/www.kirche-sdh.de\/side\/#organization"},"potentialAction":[{"@type":"SearchAction","target":{"@type":"EntryPoint","urlTemplate":"https:\/\/www.kirche-sdh.de\/side\/?s={search_term_string}"},"query-input":{"@type":"PropertyValueSpecification","valueRequired":true,"valueName":"search_term_string"}}],"inLanguage":"de"},{"@type":"Organization","@id":"https:\/\/www.kirche-sdh.de\/side\/#organization","name":"Informationsseite und Seelsorgeeinheit","url":"https:\/\/www.kirche-sdh.de\/side\/","logo":{"@type":"ImageObject","inLanguage":"de","@id":"https:\/\/www.kirche-sdh.de\/side\/#\/schema\/logo\/image\/","url":"https:\/\/www.kirche-sdh.de\/side\/wp-content\/uploads\/2017\/12\/kirche-logos.png","contentUrl":"https:\/\/www.kirche-sdh.de\/side\/wp-content\/uploads\/2017\/12\/kirche-logos.png","width":438,"height":191,"caption":"Informationsseite und Seelsorgeeinheit"},"image":{"@id":"https:\/\/www.kirche-sdh.de\/side\/#\/schema\/logo\/image\/"}},{"@type":"Person","@id":"https:\/\/www.kirche-sdh.de\/side\/#\/schema\/person\/e05baeb81583d4659c11ea77b24c3640","name":"Martin Zangl","url":"https:\/\/www.kirche-sdh.de\/side\/author\/zangl\/"}]}},"_links":{"self":[{"href":"https:\/\/www.kirche-sdh.de\/side\/wp-json\/wp\/v2\/posts\/20297","targetHints":{"allow":["GET"]}}],"collection":[{"href":"https:\/\/www.kirche-sdh.de\/side\/wp-json\/wp\/v2\/posts"}],"about":[{"href":"https:\/\/www.kirche-sdh.de\/side\/wp-json\/wp\/v2\/types\/post"}],"author":[{"embeddable":true,"href":"https:\/\/www.kirche-sdh.de\/side\/wp-json\/wp\/v2\/users\/3"}],"replies":[{"embeddable":true,"href":"https:\/\/www.kirche-sdh.de\/side\/wp-json\/wp\/v2\/comments?post=20297"}],"version-history":[{"count":0,"href":"https:\/\/www.kirche-sdh.de\/side\/wp-json\/wp\/v2\/posts\/20297\/revisions"}],"wp:featuredmedia":[{"embeddable":true,"href":"https:\/\/www.kirche-sdh.de\/side\/wp-json\/wp\/v2\/media\/20299"}],"wp:attachment":[{"href":"https:\/\/www.kirche-sdh.de\/side\/wp-json\/wp\/v2\/media?parent=20297"}],"wp:term":[{"taxonomy":"category","embeddable":true,"href":"https:\/\/www.kirche-sdh.de\/side\/wp-json\/wp\/v2\/categories?post=20297"},{"taxonomy":"post_tag","embeddable":true,"href":"https:\/\/www.kirche-sdh.de\/side\/wp-json\/wp\/v2\/tags?post=20297"}],"curies":[{"name":"wp","href":"https:\/\/api.w.org\/{rel}","templated":true}]}}