{"id":20292,"date":"2025-12-02T20:44:55","date_gmt":"2025-12-02T19:44:55","guid":{"rendered":"https:\/\/www.kirche-sdh.de\/side\/?p=20292"},"modified":"2025-12-02T20:44:55","modified_gmt":"2025-12-02T19:44:55","slug":"frauentragen-in-doefering","status":"publish","type":"post","link":"https:\/\/www.kirche-sdh.de\/side\/frauentragen-in-doefering\/","title":{"rendered":"Frauentragen in D\u00f6fering"},"content":{"rendered":"<p><strong>Muttergottesfiguren am 1. Advent in D\u00f6fering ausgesandt<\/strong><\/p>\n<p><img loading=\"lazy\" decoding=\"async\" src=\"https:\/\/www.kirche-sdh.de\/side\/wp-content\/uploads\/P1004973-1024x683.jpg\" alt=\"\" width=\"750\" height=\"500\" class=\"alignnone size-large wp-image-20293\" srcset=\"https:\/\/www.kirche-sdh.de\/side\/wp-content\/uploads\/P1004973-1024x683.jpg 1024w, https:\/\/www.kirche-sdh.de\/side\/wp-content\/uploads\/P1004973-300x200.jpg 300w, https:\/\/www.kirche-sdh.de\/side\/wp-content\/uploads\/P1004973-768x512.jpg 768w, https:\/\/www.kirche-sdh.de\/side\/wp-content\/uploads\/P1004973-1536x1024.jpg 1536w, https:\/\/www.kirche-sdh.de\/side\/wp-content\/uploads\/P1004973-360x240.jpg 360w, https:\/\/www.kirche-sdh.de\/side\/wp-content\/uploads\/P1004973.jpg 1600w\" sizes=\"auto, (max-width: 750px) 100vw, 750px\" \/><\/p>\n<p><strong>D\u00f6fering.<\/strong> Mit einem festlichen Familiengottesdienst hat die Pfarrgemeinde D\u00f6fering den 1. Advent begangen. In der Kirche entz\u00fcndete Pfarrer Alfons Eder gemeinsam mit einem Kind den die erste Kerze am Adventskranz \u2013 ein sichtbares Zeichen f\u00fcr den Beginn der Vorbereitungszeit auf Weihnachten.<\/p>\n<p>Im Anschluss an die Feier wurden die Muttergottesfiguren f\u00fcr das traditionelle <em>Frauentragen<\/em> an die ersten \u201eHerbergswirte\u201c \u00fcbergeben. Seit \u00fcber 35 Jahren f\u00fchrt die Katholische Landvolkbewegung (KLB) D\u00f6fering diesen Brauch durch, der tief in der Volksfr\u00f6mmigkeit verwurzelt ist. Vier Figuren der Gottesmutter werden bis Weihnachten in D\u00f6fering, Lixend\u00f6fering, Rhan und Haschaberg von Haus zu Haus getragen und finden jeweils f\u00fcr einige Tage Aufnahme in den Familien.<\/p>\n<p>Begleitet wird die Figur von einer Mappe mit Texten und Gebeten, die den Gastgebern als Grundlage f\u00fcr das gemeinsame Beten dienen. So soll die Ankunft der Muttergottes in den H\u00e4usern die Familien auf die Geburt Christi vorbereiten und die Adventszeit spirituell vertiefen.<\/p>\n<p>Das Frauentragen erinnert an die Herbergsuche der Heiligen Familie und verbindet die Gl\u00e4ubigen in D\u00f6fering jedes Jahr aufs Neue. Mit der Aussendung der Figuren wurde nun auch heuer wieder ein lebendiges Zeichen des Glaubens gesetzt, das die Dorfgemeinschaft bis Weihnachten begleiten wird.<\/p>\n","protected":false},"excerpt":{"rendered":"<p>Muttergottesfiguren am 1. Advent in D\u00f6fering ausgesandt D\u00f6fering. Mit einem festlichen Familiengottesdienst hat die Pfarrgemeinde D\u00f6fering den 1. Advent begangen. In der Kirche entz\u00fcndete Pfarrer Alfons Eder gemeinsam mit einem Kind den die erste Kerze am Adventskranz \u2013 ein sichtbares Zeichen f\u00fcr den Beginn der Vorbereitungszeit auf Weihnachten. Im Anschluss [&hellip;]<\/p>\n","protected":false},"author":1,"featured_media":20293,"comment_status":"closed","ping_status":"closed","sticky":true,"template":"","format":"standard","meta":{"footnotes":""},"categories":[20],"tags":[],"class_list":["post-20292","post","type-post","status-publish","format-standard","has-post-thumbnail","hentry","category-doefering"],"yoast_head":"<!-- This site is optimized with the Yoast SEO plugin v27.4 - https:\/\/yoast.com\/product\/yoast-seo-wordpress\/ -->\n<title>Frauentragen in D\u00f6fering - Informationsseite und Seelsorgeeinheit<\/title>\n<meta name=\"robots\" content=\"index, follow, max-snippet:-1, max-image-preview:large, max-video-preview:-1\" \/>\n<link rel=\"canonical\" href=\"https:\/\/www.kirche-sdh.de\/side\/frauentragen-in-doefering\/\" \/>\n<meta property=\"og:locale\" content=\"de_DE\" \/>\n<meta property=\"og:type\" content=\"article\" \/>\n<meta property=\"og:title\" content=\"Frauentragen in D\u00f6fering - Informationsseite und Seelsorgeeinheit\" \/>\n<meta property=\"og:description\" content=\"Muttergottesfiguren am 1. Advent in D\u00f6fering ausgesandt D\u00f6fering. Mit einem festlichen Familiengottesdienst hat die Pfarrgemeinde D\u00f6fering den 1. Advent begangen. In der Kirche entz\u00fcndete Pfarrer Alfons Eder gemeinsam mit einem Kind den die erste Kerze am Adventskranz \u2013 ein sichtbares Zeichen f\u00fcr den Beginn der Vorbereitungszeit auf Weihnachten. Im Anschluss [&hellip;]\" \/>\n<meta property=\"og:url\" content=\"https:\/\/www.kirche-sdh.de\/side\/frauentragen-in-doefering\/\" \/>\n<meta property=\"og:site_name\" content=\"Informationsseite und Seelsorgeeinheit\" \/>\n<meta property=\"article:published_time\" content=\"2025-12-02T19:44:55+00:00\" \/>\n<meta property=\"og:image\" content=\"https:\/\/www.kirche-sdh.de\/side\/wp-content\/uploads\/P1004973.jpg\" \/>\n\t<meta property=\"og:image:width\" content=\"1600\" \/>\n\t<meta property=\"og:image:height\" content=\"1067\" \/>\n\t<meta property=\"og:image:type\" content=\"image\/jpeg\" \/>\n<meta name=\"author\" content=\"Dirscherl\" \/>\n<meta name=\"twitter:card\" content=\"summary_large_image\" \/>\n<meta name=\"twitter:label1\" content=\"Verfasst von\" \/>\n\t<meta name=\"twitter:data1\" content=\"Dirscherl\" \/>\n\t<meta name=\"twitter:label2\" content=\"Gesch\u00e4tzte Lesezeit\" \/>\n\t<meta name=\"twitter:data2\" content=\"2\u00a0Minuten\" \/>\n<script type=\"application\/ld+json\" class=\"yoast-schema-graph\">{\"@context\":\"https:\\\/\\\/schema.org\",\"@graph\":[{\"@type\":\"Article\",\"@id\":\"https:\\\/\\\/www.kirche-sdh.de\\\/side\\\/frauentragen-in-doefering\\\/#article\",\"isPartOf\":{\"@id\":\"https:\\\/\\\/www.kirche-sdh.de\\\/side\\\/frauentragen-in-doefering\\\/\"},\"author\":{\"name\":\"Dirscherl\",\"@id\":\"https:\\\/\\\/www.kirche-sdh.de\\\/side\\\/#\\\/schema\\\/person\\\/03813c96da9249c1923a325c77818b1a\"},\"headline\":\"Frauentragen in D\u00f6fering\",\"datePublished\":\"2025-12-02T19:44:55+00:00\",\"mainEntityOfPage\":{\"@id\":\"https:\\\/\\\/www.kirche-sdh.de\\\/side\\\/frauentragen-in-doefering\\\/\"},\"wordCount\":213,\"publisher\":{\"@id\":\"https:\\\/\\\/www.kirche-sdh.de\\\/side\\\/#organization\"},\"image\":{\"@id\":\"https:\\\/\\\/www.kirche-sdh.de\\\/side\\\/frauentragen-in-doefering\\\/#primaryimage\"},\"thumbnailUrl\":\"https:\\\/\\\/www.kirche-sdh.de\\\/side\\\/wp-content\\\/uploads\\\/P1004973.jpg\",\"articleSection\":[\"D\u00f6fering\"],\"inLanguage\":\"de\"},{\"@type\":\"WebPage\",\"@id\":\"https:\\\/\\\/www.kirche-sdh.de\\\/side\\\/frauentragen-in-doefering\\\/\",\"url\":\"https:\\\/\\\/www.kirche-sdh.de\\\/side\\\/frauentragen-in-doefering\\\/\",\"name\":\"Frauentragen in D\u00f6fering - Informationsseite und Seelsorgeeinheit\",\"isPartOf\":{\"@id\":\"https:\\\/\\\/www.kirche-sdh.de\\\/side\\\/#website\"},\"primaryImageOfPage\":{\"@id\":\"https:\\\/\\\/www.kirche-sdh.de\\\/side\\\/frauentragen-in-doefering\\\/#primaryimage\"},\"image\":{\"@id\":\"https:\\\/\\\/www.kirche-sdh.de\\\/side\\\/frauentragen-in-doefering\\\/#primaryimage\"},\"thumbnailUrl\":\"https:\\\/\\\/www.kirche-sdh.de\\\/side\\\/wp-content\\\/uploads\\\/P1004973.jpg\",\"datePublished\":\"2025-12-02T19:44:55+00:00\",\"breadcrumb\":{\"@id\":\"https:\\\/\\\/www.kirche-sdh.de\\\/side\\\/frauentragen-in-doefering\\\/#breadcrumb\"},\"inLanguage\":\"de\",\"potentialAction\":[{\"@type\":\"ReadAction\",\"target\":[\"https:\\\/\\\/www.kirche-sdh.de\\\/side\\\/frauentragen-in-doefering\\\/\"]}]},{\"@type\":\"ImageObject\",\"inLanguage\":\"de\",\"@id\":\"https:\\\/\\\/www.kirche-sdh.de\\\/side\\\/frauentragen-in-doefering\\\/#primaryimage\",\"url\":\"https:\\\/\\\/www.kirche-sdh.de\\\/side\\\/wp-content\\\/uploads\\\/P1004973.jpg\",\"contentUrl\":\"https:\\\/\\\/www.kirche-sdh.de\\\/side\\\/wp-content\\\/uploads\\\/P1004973.jpg\",\"width\":1600,\"height\":1067},{\"@type\":\"BreadcrumbList\",\"@id\":\"https:\\\/\\\/www.kirche-sdh.de\\\/side\\\/frauentragen-in-doefering\\\/#breadcrumb\",\"itemListElement\":[{\"@type\":\"ListItem\",\"position\":1,\"name\":\"Startseite\",\"item\":\"https:\\\/\\\/www.kirche-sdh.de\\\/side\\\/\"},{\"@type\":\"ListItem\",\"position\":2,\"name\":\"Frauentragen in D\u00f6fering\"}]},{\"@type\":\"WebSite\",\"@id\":\"https:\\\/\\\/www.kirche-sdh.de\\\/side\\\/#website\",\"url\":\"https:\\\/\\\/www.kirche-sdh.de\\\/side\\\/\",\"name\":\"Informationsseite und Seelsorgeeinheit\",\"description\":\"Informationsseite und Seelsorgeeinheit\",\"publisher\":{\"@id\":\"https:\\\/\\\/www.kirche-sdh.de\\\/side\\\/#organization\"},\"potentialAction\":[{\"@type\":\"SearchAction\",\"target\":{\"@type\":\"EntryPoint\",\"urlTemplate\":\"https:\\\/\\\/www.kirche-sdh.de\\\/side\\\/?s={search_term_string}\"},\"query-input\":{\"@type\":\"PropertyValueSpecification\",\"valueRequired\":true,\"valueName\":\"search_term_string\"}}],\"inLanguage\":\"de\"},{\"@type\":\"Organization\",\"@id\":\"https:\\\/\\\/www.kirche-sdh.de\\\/side\\\/#organization\",\"name\":\"Informationsseite und Seelsorgeeinheit\",\"url\":\"https:\\\/\\\/www.kirche-sdh.de\\\/side\\\/\",\"logo\":{\"@type\":\"ImageObject\",\"inLanguage\":\"de\",\"@id\":\"https:\\\/\\\/www.kirche-sdh.de\\\/side\\\/#\\\/schema\\\/logo\\\/image\\\/\",\"url\":\"https:\\\/\\\/www.kirche-sdh.de\\\/side\\\/wp-content\\\/uploads\\\/2017\\\/12\\\/kirche-logos.png\",\"contentUrl\":\"https:\\\/\\\/www.kirche-sdh.de\\\/side\\\/wp-content\\\/uploads\\\/2017\\\/12\\\/kirche-logos.png\",\"width\":438,\"height\":191,\"caption\":\"Informationsseite und Seelsorgeeinheit\"},\"image\":{\"@id\":\"https:\\\/\\\/www.kirche-sdh.de\\\/side\\\/#\\\/schema\\\/logo\\\/image\\\/\"}},{\"@type\":\"Person\",\"@id\":\"https:\\\/\\\/www.kirche-sdh.de\\\/side\\\/#\\\/schema\\\/person\\\/03813c96da9249c1923a325c77818b1a\",\"name\":\"Dirscherl\",\"url\":\"https:\\\/\\\/www.kirche-sdh.de\\\/side\\\/author\\\/kirchesdh\\\/\"}]}<\/script>\n<!-- \/ Yoast SEO plugin. -->","yoast_head_json":{"title":"Frauentragen in D\u00f6fering - Informationsseite und Seelsorgeeinheit","robots":{"index":"index","follow":"follow","max-snippet":"max-snippet:-1","max-image-preview":"max-image-preview:large","max-video-preview":"max-video-preview:-1"},"canonical":"https:\/\/www.kirche-sdh.de\/side\/frauentragen-in-doefering\/","og_locale":"de_DE","og_type":"article","og_title":"Frauentragen in D\u00f6fering - Informationsseite und Seelsorgeeinheit","og_description":"Muttergottesfiguren am 1. Advent in D\u00f6fering ausgesandt D\u00f6fering. Mit einem festlichen Familiengottesdienst hat die Pfarrgemeinde D\u00f6fering den 1. Advent begangen. In der Kirche entz\u00fcndete Pfarrer Alfons Eder gemeinsam mit einem Kind den die erste Kerze am Adventskranz \u2013 ein sichtbares Zeichen f\u00fcr den Beginn der Vorbereitungszeit auf Weihnachten. Im Anschluss [&hellip;]","og_url":"https:\/\/www.kirche-sdh.de\/side\/frauentragen-in-doefering\/","og_site_name":"Informationsseite und Seelsorgeeinheit","article_published_time":"2025-12-02T19:44:55+00:00","og_image":[{"width":1600,"height":1067,"url":"https:\/\/www.kirche-sdh.de\/side\/wp-content\/uploads\/P1004973.jpg","type":"image\/jpeg"}],"author":"Dirscherl","twitter_card":"summary_large_image","twitter_misc":{"Verfasst von":"Dirscherl","Gesch\u00e4tzte Lesezeit":"2\u00a0Minuten"},"schema":{"@context":"https:\/\/schema.org","@graph":[{"@type":"Article","@id":"https:\/\/www.kirche-sdh.de\/side\/frauentragen-in-doefering\/#article","isPartOf":{"@id":"https:\/\/www.kirche-sdh.de\/side\/frauentragen-in-doefering\/"},"author":{"name":"Dirscherl","@id":"https:\/\/www.kirche-sdh.de\/side\/#\/schema\/person\/03813c96da9249c1923a325c77818b1a"},"headline":"Frauentragen in D\u00f6fering","datePublished":"2025-12-02T19:44:55+00:00","mainEntityOfPage":{"@id":"https:\/\/www.kirche-sdh.de\/side\/frauentragen-in-doefering\/"},"wordCount":213,"publisher":{"@id":"https:\/\/www.kirche-sdh.de\/side\/#organization"},"image":{"@id":"https:\/\/www.kirche-sdh.de\/side\/frauentragen-in-doefering\/#primaryimage"},"thumbnailUrl":"https:\/\/www.kirche-sdh.de\/side\/wp-content\/uploads\/P1004973.jpg","articleSection":["D\u00f6fering"],"inLanguage":"de"},{"@type":"WebPage","@id":"https:\/\/www.kirche-sdh.de\/side\/frauentragen-in-doefering\/","url":"https:\/\/www.kirche-sdh.de\/side\/frauentragen-in-doefering\/","name":"Frauentragen in D\u00f6fering - Informationsseite und Seelsorgeeinheit","isPartOf":{"@id":"https:\/\/www.kirche-sdh.de\/side\/#website"},"primaryImageOfPage":{"@id":"https:\/\/www.kirche-sdh.de\/side\/frauentragen-in-doefering\/#primaryimage"},"image":{"@id":"https:\/\/www.kirche-sdh.de\/side\/frauentragen-in-doefering\/#primaryimage"},"thumbnailUrl":"https:\/\/www.kirche-sdh.de\/side\/wp-content\/uploads\/P1004973.jpg","datePublished":"2025-12-02T19:44:55+00:00","breadcrumb":{"@id":"https:\/\/www.kirche-sdh.de\/side\/frauentragen-in-doefering\/#breadcrumb"},"inLanguage":"de","potentialAction":[{"@type":"ReadAction","target":["https:\/\/www.kirche-sdh.de\/side\/frauentragen-in-doefering\/"]}]},{"@type":"ImageObject","inLanguage":"de","@id":"https:\/\/www.kirche-sdh.de\/side\/frauentragen-in-doefering\/#primaryimage","url":"https:\/\/www.kirche-sdh.de\/side\/wp-content\/uploads\/P1004973.jpg","contentUrl":"https:\/\/www.kirche-sdh.de\/side\/wp-content\/uploads\/P1004973.jpg","width":1600,"height":1067},{"@type":"BreadcrumbList","@id":"https:\/\/www.kirche-sdh.de\/side\/frauentragen-in-doefering\/#breadcrumb","itemListElement":[{"@type":"ListItem","position":1,"name":"Startseite","item":"https:\/\/www.kirche-sdh.de\/side\/"},{"@type":"ListItem","position":2,"name":"Frauentragen in D\u00f6fering"}]},{"@type":"WebSite","@id":"https:\/\/www.kirche-sdh.de\/side\/#website","url":"https:\/\/www.kirche-sdh.de\/side\/","name":"Informationsseite und Seelsorgeeinheit","description":"Informationsseite und Seelsorgeeinheit","publisher":{"@id":"https:\/\/www.kirche-sdh.de\/side\/#organization"},"potentialAction":[{"@type":"SearchAction","target":{"@type":"EntryPoint","urlTemplate":"https:\/\/www.kirche-sdh.de\/side\/?s={search_term_string}"},"query-input":{"@type":"PropertyValueSpecification","valueRequired":true,"valueName":"search_term_string"}}],"inLanguage":"de"},{"@type":"Organization","@id":"https:\/\/www.kirche-sdh.de\/side\/#organization","name":"Informationsseite und Seelsorgeeinheit","url":"https:\/\/www.kirche-sdh.de\/side\/","logo":{"@type":"ImageObject","inLanguage":"de","@id":"https:\/\/www.kirche-sdh.de\/side\/#\/schema\/logo\/image\/","url":"https:\/\/www.kirche-sdh.de\/side\/wp-content\/uploads\/2017\/12\/kirche-logos.png","contentUrl":"https:\/\/www.kirche-sdh.de\/side\/wp-content\/uploads\/2017\/12\/kirche-logos.png","width":438,"height":191,"caption":"Informationsseite und Seelsorgeeinheit"},"image":{"@id":"https:\/\/www.kirche-sdh.de\/side\/#\/schema\/logo\/image\/"}},{"@type":"Person","@id":"https:\/\/www.kirche-sdh.de\/side\/#\/schema\/person\/03813c96da9249c1923a325c77818b1a","name":"Dirscherl","url":"https:\/\/www.kirche-sdh.de\/side\/author\/kirchesdh\/"}]}},"_links":{"self":[{"href":"https:\/\/www.kirche-sdh.de\/side\/wp-json\/wp\/v2\/posts\/20292","targetHints":{"allow":["GET"]}}],"collection":[{"href":"https:\/\/www.kirche-sdh.de\/side\/wp-json\/wp\/v2\/posts"}],"about":[{"href":"https:\/\/www.kirche-sdh.de\/side\/wp-json\/wp\/v2\/types\/post"}],"author":[{"embeddable":true,"href":"https:\/\/www.kirche-sdh.de\/side\/wp-json\/wp\/v2\/users\/1"}],"replies":[{"embeddable":true,"href":"https:\/\/www.kirche-sdh.de\/side\/wp-json\/wp\/v2\/comments?post=20292"}],"version-history":[{"count":0,"href":"https:\/\/www.kirche-sdh.de\/side\/wp-json\/wp\/v2\/posts\/20292\/revisions"}],"wp:featuredmedia":[{"embeddable":true,"href":"https:\/\/www.kirche-sdh.de\/side\/wp-json\/wp\/v2\/media\/20293"}],"wp:attachment":[{"href":"https:\/\/www.kirche-sdh.de\/side\/wp-json\/wp\/v2\/media?parent=20292"}],"wp:term":[{"taxonomy":"category","embeddable":true,"href":"https:\/\/www.kirche-sdh.de\/side\/wp-json\/wp\/v2\/categories?post=20292"},{"taxonomy":"post_tag","embeddable":true,"href":"https:\/\/www.kirche-sdh.de\/side\/wp-json\/wp\/v2\/tags?post=20292"}],"curies":[{"name":"wp","href":"https:\/\/api.w.org\/{rel}","templated":true}]}}