{"id":20003,"date":"2025-05-04T15:08:40","date_gmt":"2025-05-04T13:08:40","guid":{"rendered":"https:\/\/www.kirche-sdh.de\/side\/?p=20003"},"modified":"2025-05-04T15:08:40","modified_gmt":"2025-05-04T13:08:40","slug":"erstkommunion-in-doefering-5","status":"publish","type":"post","link":"https:\/\/www.kirche-sdh.de\/side\/erstkommunion-in-doefering-5\/","title":{"rendered":"Erstkommunion in D\u00f6fering"},"content":{"rendered":"<p><strong>Feierliche Erstkommunion in D\u00f6fering<\/strong><\/p>\n<p><img loading=\"lazy\" decoding=\"async\" src=\"https:\/\/www.kirche-sdh.de\/side\/wp-content\/uploads\/P1003991-1024x683.jpg\" alt=\"\" width=\"590\" height=\"393\" class=\"alignnone  wp-image-20007\" srcset=\"https:\/\/www.kirche-sdh.de\/side\/wp-content\/uploads\/P1003991-1024x683.jpg 1024w, https:\/\/www.kirche-sdh.de\/side\/wp-content\/uploads\/P1003991-300x200.jpg 300w, https:\/\/www.kirche-sdh.de\/side\/wp-content\/uploads\/P1003991-768x512.jpg 768w, https:\/\/www.kirche-sdh.de\/side\/wp-content\/uploads\/P1003991-1536x1024.jpg 1536w, https:\/\/www.kirche-sdh.de\/side\/wp-content\/uploads\/P1003991-360x240.jpg 360w, https:\/\/www.kirche-sdh.de\/side\/wp-content\/uploads\/P1003991.jpg 1600w\" sizes=\"auto, (max-width: 590px) 100vw, 590px\" \/><\/p>\n<p>F\u00fcr die Kinder den Pfarreien Sch\u00f6nthal und D\u00f6fering aus der 3. Klasse kam nach monatelanger Vorbereitungszeit nun endlich der lang ersehnte H\u00f6hepunkt. Hanna Haas, Rosa Hausladen, Zoe Mehrer, Felix Platzer, Leo Schneider, Mia Venus, Sebastian Mauerer, Hermine Horn, Benjamin Sch\u00fctz und Niezgodka Louis durften zum erstenmal an den Tisch des Herrn treten. Begleitet wurden sie dabei von Pfarrer Alfons Eder, ihren Eltern und Geschwistern, den Verwandten sowie auch von der \u00a0Lehrerin, Frau Danzer von der Grundschule Sch\u00f6nthal und der Gemeindereferentin Rosa Roth.<\/p>\n<p>F\u00fcr die Kommunion wurde f\u00fcr die musikalische Umrahmung wieder ein sehr gut aufgelegter Chor und Instrumenten-Ensemble (Orgel, Gitarre, Saxophon, Klarinette und Horn) unter der Leitung von Barbara Zwicknagl und Martina Hausladen zusammengestellt.<\/p>\n<p><img loading=\"lazy\" decoding=\"async\" src=\"https:\/\/www.kirche-sdh.de\/side\/wp-content\/uploads\/P1003979-1024x683.jpg\" alt=\"\" width=\"750\" height=\"500\" class=\"alignnone size-large wp-image-20005\" srcset=\"https:\/\/www.kirche-sdh.de\/side\/wp-content\/uploads\/P1003979-1024x683.jpg 1024w, https:\/\/www.kirche-sdh.de\/side\/wp-content\/uploads\/P1003979-300x200.jpg 300w, https:\/\/www.kirche-sdh.de\/side\/wp-content\/uploads\/P1003979-768x512.jpg 768w, https:\/\/www.kirche-sdh.de\/side\/wp-content\/uploads\/P1003979-1536x1024.jpg 1536w, https:\/\/www.kirche-sdh.de\/side\/wp-content\/uploads\/P1003979-360x240.jpg 360w, https:\/\/www.kirche-sdh.de\/side\/wp-content\/uploads\/P1003979.jpg 1600w\" sizes=\"auto, (max-width: 750px) 100vw, 750px\" \/><\/p>\n<p><img loading=\"lazy\" decoding=\"async\" src=\"https:\/\/www.kirche-sdh.de\/side\/wp-content\/uploads\/P1003993-683x1024.jpg\" alt=\"\" width=\"683\" height=\"1024\" class=\"alignnone size-large wp-image-20008\" srcset=\"https:\/\/www.kirche-sdh.de\/side\/wp-content\/uploads\/P1003993-683x1024.jpg 683w, https:\/\/www.kirche-sdh.de\/side\/wp-content\/uploads\/P1003993-200x300.jpg 200w, https:\/\/www.kirche-sdh.de\/side\/wp-content\/uploads\/P1003993-768x1152.jpg 768w, https:\/\/www.kirche-sdh.de\/side\/wp-content\/uploads\/P1003993-1024x1536.jpg 1024w, https:\/\/www.kirche-sdh.de\/side\/wp-content\/uploads\/P1003993.jpg 1067w\" sizes=\"auto, (max-width: 683px) 100vw, 683px\" \/><\/p>\n<p>Pfarrer Alfons Eder begr\u00fc\u00dfte die Kinder mit den Worten:<\/p>\n<p>\u201eEingeladen zum Fest des Lebens. Wie nehmen die Kinder aus der 3. Klasse in die Mahlgemeinschaft der Kirche auf. Auch wenn ihr heute aufgeregt seid: La\u00dft trotzdem ein bi\u00dfchen die Sonne in deinem Herzen strahlen.\u201c<\/p>\n<p><img loading=\"lazy\" decoding=\"async\" src=\"https:\/\/www.kirche-sdh.de\/side\/wp-content\/uploads\/P1003996-1024x683.jpg\" alt=\"\" width=\"750\" height=\"500\" class=\"alignnone size-large wp-image-20009\" srcset=\"https:\/\/www.kirche-sdh.de\/side\/wp-content\/uploads\/P1003996-1024x683.jpg 1024w, https:\/\/www.kirche-sdh.de\/side\/wp-content\/uploads\/P1003996-300x200.jpg 300w, https:\/\/www.kirche-sdh.de\/side\/wp-content\/uploads\/P1003996-768x512.jpg 768w, https:\/\/www.kirche-sdh.de\/side\/wp-content\/uploads\/P1003996-1536x1024.jpg 1536w, https:\/\/www.kirche-sdh.de\/side\/wp-content\/uploads\/P1003996-360x240.jpg 360w, https:\/\/www.kirche-sdh.de\/side\/wp-content\/uploads\/P1003996.jpg 1600w\" sizes=\"auto, (max-width: 750px) 100vw, 750px\" \/>Seine Predigt begann Pfarrer Eder mit dem Vergleich von Hostie mit Schokoherzen. \u201eDie Herzen haben ungef\u00e4hr die Gr\u00f6\u00dfe einer Hostie und stellt Euch vor ich w\u00fcrde heute den Segen \u00fcber die Nascherei sprechen und die Herzen k\u00fcnftig als Kommunion austeilen. Damit w\u00fcrden wahrscheinlich mehr in die Kirche kommen. Eine etwas verr\u00fcckte Idee, denn die Schokoladenherzen h\u00e4tten nichts mit Jesus zu tun. Jesus nahm beim Mahl das trockene Brot des Paschamahles. Er segnet das Brot und teilte es aus und gab ihm eine neue Bedeutung mit: Mein Leib f\u00fcr Euch. Hostie kommt aus dem lat. und bedeutet Opfer. Der Name sagt Lebensopfer von Christie. Daher nimmt man auch trockenes Brot, da Schokolade hier hier nicht passen w\u00fcrde. So wie er damals zu den J\u00fcngern gesagt hat \u201eKommt und e\u00dft!\u201c, so sagt er es heute auch zu den Erstkommunionkindern. Liebe geht somit durch den Magen.\u201c<\/p>\n<p><img loading=\"lazy\" decoding=\"async\" src=\"https:\/\/www.kirche-sdh.de\/side\/wp-content\/uploads\/P1003989-1024x683.jpg\" alt=\"\" width=\"750\" height=\"500\" class=\"alignnone size-large wp-image-20006\" srcset=\"https:\/\/www.kirche-sdh.de\/side\/wp-content\/uploads\/P1003989-1024x683.jpg 1024w, https:\/\/www.kirche-sdh.de\/side\/wp-content\/uploads\/P1003989-300x200.jpg 300w, https:\/\/www.kirche-sdh.de\/side\/wp-content\/uploads\/P1003989-768x512.jpg 768w, https:\/\/www.kirche-sdh.de\/side\/wp-content\/uploads\/P1003989-1536x1024.jpg 1536w, https:\/\/www.kirche-sdh.de\/side\/wp-content\/uploads\/P1003989-360x240.jpg 360w, https:\/\/www.kirche-sdh.de\/side\/wp-content\/uploads\/P1003989.jpg 1600w\" sizes=\"auto, (max-width: 750px) 100vw, 750px\" \/><\/p>\n<p>Dann trugen die Kinder in einer feierlichen Prozession Brot (Zeichen der Gemeinschaft, Wein (Zeichne der Freude) das Opfer und Blumen (Zeichen f\u00fcr die Sch\u00f6nheit des Lebens) zum Altar. Sie versammelten sich um den Altar und empfingen zum erstenmal aus der Hand von Pfarrer Alfons Eder die Heilige Kommunion.<\/p>\n<p>&nbsp;<\/p>\n<p>Zum Abschluss zogen Sie in einer feierlichen Prozession aus dem Gotteshaus hinaus. \u00a0\u00a0 \u00a0 \u00a0\u00a0\u00a0<img loading=\"lazy\" decoding=\"async\" src=\"https:\/\/www.kirche-sdh.de\/side\/wp-content\/uploads\/P1004026-001-1024x683.jpg\" alt=\"\" width=\"750\" height=\"500\" class=\"alignnone size-large wp-image-20013\" srcset=\"https:\/\/www.kirche-sdh.de\/side\/wp-content\/uploads\/P1004026-001-1024x683.jpg 1024w, https:\/\/www.kirche-sdh.de\/side\/wp-content\/uploads\/P1004026-001-300x200.jpg 300w, https:\/\/www.kirche-sdh.de\/side\/wp-content\/uploads\/P1004026-001-768x512.jpg 768w, https:\/\/www.kirche-sdh.de\/side\/wp-content\/uploads\/P1004026-001-1536x1024.jpg 1536w, https:\/\/www.kirche-sdh.de\/side\/wp-content\/uploads\/P1004026-001-360x240.jpg 360w, https:\/\/www.kirche-sdh.de\/side\/wp-content\/uploads\/P1004026-001.jpg 1600w\" sizes=\"auto, (max-width: 750px) 100vw, 750px\" \/><\/p>\n","protected":false},"excerpt":{"rendered":"<p>Feierliche Erstkommunion in D\u00f6fering F\u00fcr die Kinder den Pfarreien Sch\u00f6nthal und D\u00f6fering aus der 3. Klasse kam nach monatelanger Vorbereitungszeit nun endlich der lang ersehnte H\u00f6hepunkt. Hanna Haas, Rosa Hausladen, Zoe Mehrer, Felix Platzer, Leo Schneider, Mia Venus, Sebastian Mauerer, Hermine Horn, Benjamin Sch\u00fctz und Niezgodka Louis durften zum erstenmal [&hellip;]<\/p>\n","protected":false},"author":1,"featured_media":20013,"comment_status":"closed","ping_status":"closed","sticky":true,"template":"","format":"standard","meta":{"footnotes":""},"categories":[20,21,56],"tags":[],"class_list":["post-20003","post","type-post","status-publish","format-standard","has-post-thumbnail","hentry","category-doefering","category-schoenthal","category-schoenthal-doefering"],"yoast_head":"<!-- This site is optimized with the Yoast SEO plugin v27.5 - https:\/\/yoast.com\/product\/yoast-seo-wordpress\/ -->\n<title>Erstkommunion in D\u00f6fering - Informationsseite und Seelsorgeeinheit<\/title>\n<meta name=\"robots\" content=\"index, follow, max-snippet:-1, max-image-preview:large, max-video-preview:-1\" \/>\n<link rel=\"canonical\" href=\"https:\/\/www.kirche-sdh.de\/side\/erstkommunion-in-doefering-5\/\" \/>\n<meta property=\"og:locale\" content=\"de_DE\" \/>\n<meta property=\"og:type\" content=\"article\" \/>\n<meta property=\"og:title\" content=\"Erstkommunion in D\u00f6fering - Informationsseite und Seelsorgeeinheit\" \/>\n<meta property=\"og:description\" content=\"Feierliche Erstkommunion in D\u00f6fering F\u00fcr die Kinder den Pfarreien Sch\u00f6nthal und D\u00f6fering aus der 3. Klasse kam nach monatelanger Vorbereitungszeit nun endlich der lang ersehnte H\u00f6hepunkt. Hanna Haas, Rosa Hausladen, Zoe Mehrer, Felix Platzer, Leo Schneider, Mia Venus, Sebastian Mauerer, Hermine Horn, Benjamin Sch\u00fctz und Niezgodka Louis durften zum erstenmal [&hellip;]\" \/>\n<meta property=\"og:url\" content=\"https:\/\/www.kirche-sdh.de\/side\/erstkommunion-in-doefering-5\/\" \/>\n<meta property=\"og:site_name\" content=\"Informationsseite und Seelsorgeeinheit\" \/>\n<meta property=\"article:published_time\" content=\"2025-05-04T13:08:40+00:00\" \/>\n<meta property=\"og:image\" content=\"https:\/\/www.kirche-sdh.de\/side\/wp-content\/uploads\/P1004026-001.jpg\" \/>\n\t<meta property=\"og:image:width\" content=\"1600\" \/>\n\t<meta property=\"og:image:height\" content=\"1067\" \/>\n\t<meta property=\"og:image:type\" content=\"image\/jpeg\" \/>\n<meta name=\"author\" content=\"Dirscherl\" \/>\n<meta name=\"twitter:card\" content=\"summary_large_image\" \/>\n<meta name=\"twitter:label1\" content=\"Verfasst von\" \/>\n\t<meta name=\"twitter:data1\" content=\"Dirscherl\" \/>\n\t<meta name=\"twitter:label2\" content=\"Gesch\u00e4tzte Lesezeit\" \/>\n\t<meta name=\"twitter:data2\" content=\"2\u00a0Minuten\" \/>\n<script type=\"application\/ld+json\" class=\"yoast-schema-graph\">{\"@context\":\"https:\\\/\\\/schema.org\",\"@graph\":[{\"@type\":\"Article\",\"@id\":\"https:\\\/\\\/www.kirche-sdh.de\\\/side\\\/erstkommunion-in-doefering-5\\\/#article\",\"isPartOf\":{\"@id\":\"https:\\\/\\\/www.kirche-sdh.de\\\/side\\\/erstkommunion-in-doefering-5\\\/\"},\"author\":{\"name\":\"Dirscherl\",\"@id\":\"https:\\\/\\\/www.kirche-sdh.de\\\/side\\\/#\\\/schema\\\/person\\\/03813c96da9249c1923a325c77818b1a\"},\"headline\":\"Erstkommunion in D\u00f6fering\",\"datePublished\":\"2025-05-04T13:08:40+00:00\",\"mainEntityOfPage\":{\"@id\":\"https:\\\/\\\/www.kirche-sdh.de\\\/side\\\/erstkommunion-in-doefering-5\\\/\"},\"wordCount\":393,\"publisher\":{\"@id\":\"https:\\\/\\\/www.kirche-sdh.de\\\/side\\\/#organization\"},\"image\":{\"@id\":\"https:\\\/\\\/www.kirche-sdh.de\\\/side\\\/erstkommunion-in-doefering-5\\\/#primaryimage\"},\"thumbnailUrl\":\"https:\\\/\\\/www.kirche-sdh.de\\\/side\\\/wp-content\\\/uploads\\\/P1004026-001.jpg\",\"articleSection\":[\"D\u00f6fering\",\"Sch\u00f6nthal\",\"Sch\u00f6nthal\\\/D\u00f6fering\"],\"inLanguage\":\"de\"},{\"@type\":\"WebPage\",\"@id\":\"https:\\\/\\\/www.kirche-sdh.de\\\/side\\\/erstkommunion-in-doefering-5\\\/\",\"url\":\"https:\\\/\\\/www.kirche-sdh.de\\\/side\\\/erstkommunion-in-doefering-5\\\/\",\"name\":\"Erstkommunion in D\u00f6fering - Informationsseite und Seelsorgeeinheit\",\"isPartOf\":{\"@id\":\"https:\\\/\\\/www.kirche-sdh.de\\\/side\\\/#website\"},\"primaryImageOfPage\":{\"@id\":\"https:\\\/\\\/www.kirche-sdh.de\\\/side\\\/erstkommunion-in-doefering-5\\\/#primaryimage\"},\"image\":{\"@id\":\"https:\\\/\\\/www.kirche-sdh.de\\\/side\\\/erstkommunion-in-doefering-5\\\/#primaryimage\"},\"thumbnailUrl\":\"https:\\\/\\\/www.kirche-sdh.de\\\/side\\\/wp-content\\\/uploads\\\/P1004026-001.jpg\",\"datePublished\":\"2025-05-04T13:08:40+00:00\",\"breadcrumb\":{\"@id\":\"https:\\\/\\\/www.kirche-sdh.de\\\/side\\\/erstkommunion-in-doefering-5\\\/#breadcrumb\"},\"inLanguage\":\"de\",\"potentialAction\":[{\"@type\":\"ReadAction\",\"target\":[\"https:\\\/\\\/www.kirche-sdh.de\\\/side\\\/erstkommunion-in-doefering-5\\\/\"]}]},{\"@type\":\"ImageObject\",\"inLanguage\":\"de\",\"@id\":\"https:\\\/\\\/www.kirche-sdh.de\\\/side\\\/erstkommunion-in-doefering-5\\\/#primaryimage\",\"url\":\"https:\\\/\\\/www.kirche-sdh.de\\\/side\\\/wp-content\\\/uploads\\\/P1004026-001.jpg\",\"contentUrl\":\"https:\\\/\\\/www.kirche-sdh.de\\\/side\\\/wp-content\\\/uploads\\\/P1004026-001.jpg\",\"width\":1600,\"height\":1067},{\"@type\":\"BreadcrumbList\",\"@id\":\"https:\\\/\\\/www.kirche-sdh.de\\\/side\\\/erstkommunion-in-doefering-5\\\/#breadcrumb\",\"itemListElement\":[{\"@type\":\"ListItem\",\"position\":1,\"name\":\"Startseite\",\"item\":\"https:\\\/\\\/www.kirche-sdh.de\\\/side\\\/\"},{\"@type\":\"ListItem\",\"position\":2,\"name\":\"Erstkommunion in D\u00f6fering\"}]},{\"@type\":\"WebSite\",\"@id\":\"https:\\\/\\\/www.kirche-sdh.de\\\/side\\\/#website\",\"url\":\"https:\\\/\\\/www.kirche-sdh.de\\\/side\\\/\",\"name\":\"Informationsseite und Seelsorgeeinheit\",\"description\":\"Informationsseite und Seelsorgeeinheit\",\"publisher\":{\"@id\":\"https:\\\/\\\/www.kirche-sdh.de\\\/side\\\/#organization\"},\"potentialAction\":[{\"@type\":\"SearchAction\",\"target\":{\"@type\":\"EntryPoint\",\"urlTemplate\":\"https:\\\/\\\/www.kirche-sdh.de\\\/side\\\/?s={search_term_string}\"},\"query-input\":{\"@type\":\"PropertyValueSpecification\",\"valueRequired\":true,\"valueName\":\"search_term_string\"}}],\"inLanguage\":\"de\"},{\"@type\":\"Organization\",\"@id\":\"https:\\\/\\\/www.kirche-sdh.de\\\/side\\\/#organization\",\"name\":\"Informationsseite und Seelsorgeeinheit\",\"url\":\"https:\\\/\\\/www.kirche-sdh.de\\\/side\\\/\",\"logo\":{\"@type\":\"ImageObject\",\"inLanguage\":\"de\",\"@id\":\"https:\\\/\\\/www.kirche-sdh.de\\\/side\\\/#\\\/schema\\\/logo\\\/image\\\/\",\"url\":\"https:\\\/\\\/www.kirche-sdh.de\\\/side\\\/wp-content\\\/uploads\\\/2017\\\/12\\\/kirche-logos.png\",\"contentUrl\":\"https:\\\/\\\/www.kirche-sdh.de\\\/side\\\/wp-content\\\/uploads\\\/2017\\\/12\\\/kirche-logos.png\",\"width\":438,\"height\":191,\"caption\":\"Informationsseite und Seelsorgeeinheit\"},\"image\":{\"@id\":\"https:\\\/\\\/www.kirche-sdh.de\\\/side\\\/#\\\/schema\\\/logo\\\/image\\\/\"}},{\"@type\":\"Person\",\"@id\":\"https:\\\/\\\/www.kirche-sdh.de\\\/side\\\/#\\\/schema\\\/person\\\/03813c96da9249c1923a325c77818b1a\",\"name\":\"Dirscherl\",\"url\":\"https:\\\/\\\/www.kirche-sdh.de\\\/side\\\/author\\\/kirchesdh\\\/\"}]}<\/script>\n<!-- \/ Yoast SEO plugin. -->","yoast_head_json":{"title":"Erstkommunion in D\u00f6fering - Informationsseite und Seelsorgeeinheit","robots":{"index":"index","follow":"follow","max-snippet":"max-snippet:-1","max-image-preview":"max-image-preview:large","max-video-preview":"max-video-preview:-1"},"canonical":"https:\/\/www.kirche-sdh.de\/side\/erstkommunion-in-doefering-5\/","og_locale":"de_DE","og_type":"article","og_title":"Erstkommunion in D\u00f6fering - Informationsseite und Seelsorgeeinheit","og_description":"Feierliche Erstkommunion in D\u00f6fering F\u00fcr die Kinder den Pfarreien Sch\u00f6nthal und D\u00f6fering aus der 3. Klasse kam nach monatelanger Vorbereitungszeit nun endlich der lang ersehnte H\u00f6hepunkt. Hanna Haas, Rosa Hausladen, Zoe Mehrer, Felix Platzer, Leo Schneider, Mia Venus, Sebastian Mauerer, Hermine Horn, Benjamin Sch\u00fctz und Niezgodka Louis durften zum erstenmal [&hellip;]","og_url":"https:\/\/www.kirche-sdh.de\/side\/erstkommunion-in-doefering-5\/","og_site_name":"Informationsseite und Seelsorgeeinheit","article_published_time":"2025-05-04T13:08:40+00:00","og_image":[{"width":1600,"height":1067,"url":"https:\/\/www.kirche-sdh.de\/side\/wp-content\/uploads\/P1004026-001.jpg","type":"image\/jpeg"}],"author":"Dirscherl","twitter_card":"summary_large_image","twitter_misc":{"Verfasst von":"Dirscherl","Gesch\u00e4tzte Lesezeit":"2\u00a0Minuten"},"schema":{"@context":"https:\/\/schema.org","@graph":[{"@type":"Article","@id":"https:\/\/www.kirche-sdh.de\/side\/erstkommunion-in-doefering-5\/#article","isPartOf":{"@id":"https:\/\/www.kirche-sdh.de\/side\/erstkommunion-in-doefering-5\/"},"author":{"name":"Dirscherl","@id":"https:\/\/www.kirche-sdh.de\/side\/#\/schema\/person\/03813c96da9249c1923a325c77818b1a"},"headline":"Erstkommunion in D\u00f6fering","datePublished":"2025-05-04T13:08:40+00:00","mainEntityOfPage":{"@id":"https:\/\/www.kirche-sdh.de\/side\/erstkommunion-in-doefering-5\/"},"wordCount":393,"publisher":{"@id":"https:\/\/www.kirche-sdh.de\/side\/#organization"},"image":{"@id":"https:\/\/www.kirche-sdh.de\/side\/erstkommunion-in-doefering-5\/#primaryimage"},"thumbnailUrl":"https:\/\/www.kirche-sdh.de\/side\/wp-content\/uploads\/P1004026-001.jpg","articleSection":["D\u00f6fering","Sch\u00f6nthal","Sch\u00f6nthal\/D\u00f6fering"],"inLanguage":"de"},{"@type":"WebPage","@id":"https:\/\/www.kirche-sdh.de\/side\/erstkommunion-in-doefering-5\/","url":"https:\/\/www.kirche-sdh.de\/side\/erstkommunion-in-doefering-5\/","name":"Erstkommunion in D\u00f6fering - Informationsseite und Seelsorgeeinheit","isPartOf":{"@id":"https:\/\/www.kirche-sdh.de\/side\/#website"},"primaryImageOfPage":{"@id":"https:\/\/www.kirche-sdh.de\/side\/erstkommunion-in-doefering-5\/#primaryimage"},"image":{"@id":"https:\/\/www.kirche-sdh.de\/side\/erstkommunion-in-doefering-5\/#primaryimage"},"thumbnailUrl":"https:\/\/www.kirche-sdh.de\/side\/wp-content\/uploads\/P1004026-001.jpg","datePublished":"2025-05-04T13:08:40+00:00","breadcrumb":{"@id":"https:\/\/www.kirche-sdh.de\/side\/erstkommunion-in-doefering-5\/#breadcrumb"},"inLanguage":"de","potentialAction":[{"@type":"ReadAction","target":["https:\/\/www.kirche-sdh.de\/side\/erstkommunion-in-doefering-5\/"]}]},{"@type":"ImageObject","inLanguage":"de","@id":"https:\/\/www.kirche-sdh.de\/side\/erstkommunion-in-doefering-5\/#primaryimage","url":"https:\/\/www.kirche-sdh.de\/side\/wp-content\/uploads\/P1004026-001.jpg","contentUrl":"https:\/\/www.kirche-sdh.de\/side\/wp-content\/uploads\/P1004026-001.jpg","width":1600,"height":1067},{"@type":"BreadcrumbList","@id":"https:\/\/www.kirche-sdh.de\/side\/erstkommunion-in-doefering-5\/#breadcrumb","itemListElement":[{"@type":"ListItem","position":1,"name":"Startseite","item":"https:\/\/www.kirche-sdh.de\/side\/"},{"@type":"ListItem","position":2,"name":"Erstkommunion in D\u00f6fering"}]},{"@type":"WebSite","@id":"https:\/\/www.kirche-sdh.de\/side\/#website","url":"https:\/\/www.kirche-sdh.de\/side\/","name":"Informationsseite und Seelsorgeeinheit","description":"Informationsseite und Seelsorgeeinheit","publisher":{"@id":"https:\/\/www.kirche-sdh.de\/side\/#organization"},"potentialAction":[{"@type":"SearchAction","target":{"@type":"EntryPoint","urlTemplate":"https:\/\/www.kirche-sdh.de\/side\/?s={search_term_string}"},"query-input":{"@type":"PropertyValueSpecification","valueRequired":true,"valueName":"search_term_string"}}],"inLanguage":"de"},{"@type":"Organization","@id":"https:\/\/www.kirche-sdh.de\/side\/#organization","name":"Informationsseite und Seelsorgeeinheit","url":"https:\/\/www.kirche-sdh.de\/side\/","logo":{"@type":"ImageObject","inLanguage":"de","@id":"https:\/\/www.kirche-sdh.de\/side\/#\/schema\/logo\/image\/","url":"https:\/\/www.kirche-sdh.de\/side\/wp-content\/uploads\/2017\/12\/kirche-logos.png","contentUrl":"https:\/\/www.kirche-sdh.de\/side\/wp-content\/uploads\/2017\/12\/kirche-logos.png","width":438,"height":191,"caption":"Informationsseite und Seelsorgeeinheit"},"image":{"@id":"https:\/\/www.kirche-sdh.de\/side\/#\/schema\/logo\/image\/"}},{"@type":"Person","@id":"https:\/\/www.kirche-sdh.de\/side\/#\/schema\/person\/03813c96da9249c1923a325c77818b1a","name":"Dirscherl","url":"https:\/\/www.kirche-sdh.de\/side\/author\/kirchesdh\/"}]}},"_links":{"self":[{"href":"https:\/\/www.kirche-sdh.de\/side\/wp-json\/wp\/v2\/posts\/20003","targetHints":{"allow":["GET"]}}],"collection":[{"href":"https:\/\/www.kirche-sdh.de\/side\/wp-json\/wp\/v2\/posts"}],"about":[{"href":"https:\/\/www.kirche-sdh.de\/side\/wp-json\/wp\/v2\/types\/post"}],"author":[{"embeddable":true,"href":"https:\/\/www.kirche-sdh.de\/side\/wp-json\/wp\/v2\/users\/1"}],"replies":[{"embeddable":true,"href":"https:\/\/www.kirche-sdh.de\/side\/wp-json\/wp\/v2\/comments?post=20003"}],"version-history":[{"count":0,"href":"https:\/\/www.kirche-sdh.de\/side\/wp-json\/wp\/v2\/posts\/20003\/revisions"}],"wp:featuredmedia":[{"embeddable":true,"href":"https:\/\/www.kirche-sdh.de\/side\/wp-json\/wp\/v2\/media\/20013"}],"wp:attachment":[{"href":"https:\/\/www.kirche-sdh.de\/side\/wp-json\/wp\/v2\/media?parent=20003"}],"wp:term":[{"taxonomy":"category","embeddable":true,"href":"https:\/\/www.kirche-sdh.de\/side\/wp-json\/wp\/v2\/categories?post=20003"},{"taxonomy":"post_tag","embeddable":true,"href":"https:\/\/www.kirche-sdh.de\/side\/wp-json\/wp\/v2\/tags?post=20003"}],"curies":[{"name":"wp","href":"https:\/\/api.w.org\/{rel}","templated":true}]}}