{"id":19928,"date":"2025-04-14T08:16:59","date_gmt":"2025-04-14T06:16:59","guid":{"rendered":"https:\/\/www.kirche-sdh.de\/side\/?p=19928"},"modified":"2025-04-14T08:16:59","modified_gmt":"2025-04-14T06:16:59","slug":"gott-verurteilt-nicht","status":"publish","type":"post","link":"https:\/\/www.kirche-sdh.de\/side\/gott-verurteilt-nicht\/","title":{"rendered":"Gott verurteilt nicht"},"content":{"rendered":"<p>Die Pfarrei D\u00f6fering feierte in der gut gef\u00fcllten Pfarrkirche St. \u00c4gidius ihren Familiengottesdienst. Johanna Kumschier vom Pfarrgemeinderat hatten zuvor die Rollen verteilt und diese mit den Kindern ge\u00fcbt. Der D\u00f6feringer Kirchenchor unter der Leitung von Barbara Zwicknagl gestaltete verst\u00e4rkt mit Anna Dirscherl an der Geige den Gottesdienst.<\/p>\n<p>Pfarrer Alfons Eder begann zun\u00e4chst mit einem Fingerzeig. Mit dem Zeigefinger zeigt man an wer was angestellt hat und sagen: \u201eDer wars!\u201c Der Zeigefinger ist hier anklagend. Wenn man stolz auf etwas ist, zeigt man gerne auch auf sich. Gesten mit der Hand sich wichtig f\u00fcr uns. Wir k\u00f6nnen die F\u00e4uste ballen, den Zeigfinger heben, die Hand geben, Jubeln oder auch jemanden auf die Schulter klopfen.<\/p>\n<p>Die Kinder erz\u00e4hlten dann die Geschichte von der S\u00fcnderin. Die Leute wollten diese steinigen. Jesus war zugegen und sagte: \u201eWer von Euch noch nie eine S\u00fcnde begangen hat soll den ersten Stein werfen!\u201c Da keiner war der noch nie eine S\u00fcnde begangen hat, ging einer nach dem anderen weg. Jesus sagte zur Frau: \u201eWo sind sie denn alle geblieben? Ich will dich auch nicht verurteilen. Du kannst gehen, aber tue es nicht wieder\u201c<\/p>\n<p>Dann hatten die Kinder noch Plakate mit Gesten vorbereitet: Daumen nach unten, die Hand mit dem Stein, der Finger, der in den Sand malt und Daumen nach oben.<\/p>\n<p>Den Daumen nach oben zeigen wir, wenn wie jemanden ermutigen wollen. Diese Zeichen ist das Zeichen von Gott in dieser Erz\u00e4hlung. Gott verurteilt nicht. Das k\u00f6nnen wir gut bei Jesus sehen. Auch wir sollten ermutigen als beschuldigen, so Pfarrer Eder zum Schluss.<\/p>\n<p>&nbsp;<\/p>\n<p><img loading=\"lazy\" decoding=\"async\" src=\"https:\/\/www.kirche-sdh.de\/side\/wp-content\/uploads\/P1003817-1024x683.jpg\" alt=\"\" width=\"750\" height=\"500\" class=\"alignnone size-large wp-image-19929\" srcset=\"https:\/\/www.kirche-sdh.de\/side\/wp-content\/uploads\/P1003817-1024x683.jpg 1024w, https:\/\/www.kirche-sdh.de\/side\/wp-content\/uploads\/P1003817-300x200.jpg 300w, https:\/\/www.kirche-sdh.de\/side\/wp-content\/uploads\/P1003817-768x512.jpg 768w, https:\/\/www.kirche-sdh.de\/side\/wp-content\/uploads\/P1003817-1536x1024.jpg 1536w, https:\/\/www.kirche-sdh.de\/side\/wp-content\/uploads\/P1003817-360x240.jpg 360w, https:\/\/www.kirche-sdh.de\/side\/wp-content\/uploads\/P1003817.jpg 1600w\" sizes=\"auto, (max-width: 750px) 100vw, 750px\" \/> <img loading=\"lazy\" decoding=\"async\" src=\"https:\/\/www.kirche-sdh.de\/side\/wp-content\/uploads\/P1003824-1024x683.jpg\" alt=\"\" width=\"750\" height=\"500\" class=\"alignnone size-large wp-image-19930\" srcset=\"https:\/\/www.kirche-sdh.de\/side\/wp-content\/uploads\/P1003824-1024x683.jpg 1024w, https:\/\/www.kirche-sdh.de\/side\/wp-content\/uploads\/P1003824-300x200.jpg 300w, https:\/\/www.kirche-sdh.de\/side\/wp-content\/uploads\/P1003824-768x512.jpg 768w, https:\/\/www.kirche-sdh.de\/side\/wp-content\/uploads\/P1003824-1536x1024.jpg 1536w, https:\/\/www.kirche-sdh.de\/side\/wp-content\/uploads\/P1003824-360x240.jpg 360w, https:\/\/www.kirche-sdh.de\/side\/wp-content\/uploads\/P1003824.jpg 1600w\" sizes=\"auto, (max-width: 750px) 100vw, 750px\" \/> <img loading=\"lazy\" decoding=\"async\" src=\"https:\/\/www.kirche-sdh.de\/side\/wp-content\/uploads\/P1003825-1024x683.jpg\" alt=\"\" width=\"750\" height=\"500\" class=\"alignnone size-large wp-image-19931\" srcset=\"https:\/\/www.kirche-sdh.de\/side\/wp-content\/uploads\/P1003825-1024x683.jpg 1024w, https:\/\/www.kirche-sdh.de\/side\/wp-content\/uploads\/P1003825-300x200.jpg 300w, https:\/\/www.kirche-sdh.de\/side\/wp-content\/uploads\/P1003825-768x512.jpg 768w, https:\/\/www.kirche-sdh.de\/side\/wp-content\/uploads\/P1003825-1536x1024.jpg 1536w, https:\/\/www.kirche-sdh.de\/side\/wp-content\/uploads\/P1003825-360x240.jpg 360w, https:\/\/www.kirche-sdh.de\/side\/wp-content\/uploads\/P1003825.jpg 1600w\" sizes=\"auto, (max-width: 750px) 100vw, 750px\" \/> <img loading=\"lazy\" decoding=\"async\" src=\"https:\/\/www.kirche-sdh.de\/side\/wp-content\/uploads\/P1003827-683x1024.jpg\" alt=\"\" width=\"683\" height=\"1024\" class=\"alignnone size-large wp-image-19932\" srcset=\"https:\/\/www.kirche-sdh.de\/side\/wp-content\/uploads\/P1003827-683x1024.jpg 683w, https:\/\/www.kirche-sdh.de\/side\/wp-content\/uploads\/P1003827-200x300.jpg 200w, https:\/\/www.kirche-sdh.de\/side\/wp-content\/uploads\/P1003827-768x1152.jpg 768w, https:\/\/www.kirche-sdh.de\/side\/wp-content\/uploads\/P1003827-1024x1536.jpg 1024w, https:\/\/www.kirche-sdh.de\/side\/wp-content\/uploads\/P1003827.jpg 1067w\" sizes=\"auto, (max-width: 683px) 100vw, 683px\" \/> <img loading=\"lazy\" decoding=\"async\" src=\"https:\/\/www.kirche-sdh.de\/side\/wp-content\/uploads\/P1003837-1024x752.jpg\" alt=\"\" width=\"750\" height=\"551\" class=\"alignnone size-large wp-image-19933\" srcset=\"https:\/\/www.kirche-sdh.de\/side\/wp-content\/uploads\/P1003837-1024x752.jpg 1024w, https:\/\/www.kirche-sdh.de\/side\/wp-content\/uploads\/P1003837-300x220.jpg 300w, https:\/\/www.kirche-sdh.de\/side\/wp-content\/uploads\/P1003837-768x564.jpg 768w, https:\/\/www.kirche-sdh.de\/side\/wp-content\/uploads\/P1003837-1536x1128.jpg 1536w, https:\/\/www.kirche-sdh.de\/side\/wp-content\/uploads\/P1003837.jpg 1600w\" sizes=\"auto, (max-width: 750px) 100vw, 750px\" \/><\/p>\n","protected":false},"excerpt":{"rendered":"<p>Die Pfarrei D\u00f6fering feierte in der gut gef\u00fcllten Pfarrkirche St. \u00c4gidius ihren Familiengottesdienst. Johanna Kumschier vom Pfarrgemeinderat hatten zuvor die Rollen verteilt und diese mit den Kindern ge\u00fcbt. Der D\u00f6feringer Kirchenchor unter der Leitung von Barbara Zwicknagl gestaltete verst\u00e4rkt mit Anna Dirscherl an der Geige den Gottesdienst. Pfarrer Alfons Eder [&hellip;]<\/p>\n","protected":false},"author":1,"featured_media":19933,"comment_status":"closed","ping_status":"closed","sticky":true,"template":"","format":"standard","meta":{"footnotes":""},"categories":[20],"tags":[],"class_list":["post-19928","post","type-post","status-publish","format-standard","has-post-thumbnail","hentry","category-doefering"],"yoast_head":"<!-- This site is optimized with the Yoast SEO plugin v27.5 - https:\/\/yoast.com\/product\/yoast-seo-wordpress\/ -->\n<title>Gott verurteilt nicht - Informationsseite und Seelsorgeeinheit<\/title>\n<meta name=\"robots\" content=\"index, follow, max-snippet:-1, max-image-preview:large, max-video-preview:-1\" \/>\n<link rel=\"canonical\" href=\"https:\/\/www.kirche-sdh.de\/side\/gott-verurteilt-nicht\/\" \/>\n<meta property=\"og:locale\" content=\"de_DE\" \/>\n<meta property=\"og:type\" content=\"article\" \/>\n<meta property=\"og:title\" content=\"Gott verurteilt nicht - Informationsseite und Seelsorgeeinheit\" \/>\n<meta property=\"og:description\" content=\"Die Pfarrei D\u00f6fering feierte in der gut gef\u00fcllten Pfarrkirche St. \u00c4gidius ihren Familiengottesdienst. Johanna Kumschier vom Pfarrgemeinderat hatten zuvor die Rollen verteilt und diese mit den Kindern ge\u00fcbt. Der D\u00f6feringer Kirchenchor unter der Leitung von Barbara Zwicknagl gestaltete verst\u00e4rkt mit Anna Dirscherl an der Geige den Gottesdienst. Pfarrer Alfons Eder [&hellip;]\" \/>\n<meta property=\"og:url\" content=\"https:\/\/www.kirche-sdh.de\/side\/gott-verurteilt-nicht\/\" \/>\n<meta property=\"og:site_name\" content=\"Informationsseite und Seelsorgeeinheit\" \/>\n<meta property=\"article:published_time\" content=\"2025-04-14T06:16:59+00:00\" \/>\n<meta property=\"og:image\" content=\"https:\/\/www.kirche-sdh.de\/side\/wp-content\/uploads\/P1003837.jpg\" \/>\n\t<meta property=\"og:image:width\" content=\"1600\" \/>\n\t<meta property=\"og:image:height\" content=\"1175\" \/>\n\t<meta property=\"og:image:type\" content=\"image\/jpeg\" \/>\n<meta name=\"author\" content=\"Dirscherl\" \/>\n<meta name=\"twitter:card\" content=\"summary_large_image\" \/>\n<meta name=\"twitter:label1\" content=\"Verfasst von\" \/>\n\t<meta name=\"twitter:data1\" content=\"Dirscherl\" \/>\n\t<meta name=\"twitter:label2\" content=\"Gesch\u00e4tzte Lesezeit\" \/>\n\t<meta name=\"twitter:data2\" content=\"1\u00a0Minute\" \/>\n<script type=\"application\/ld+json\" class=\"yoast-schema-graph\">{\"@context\":\"https:\\\/\\\/schema.org\",\"@graph\":[{\"@type\":\"Article\",\"@id\":\"https:\\\/\\\/www.kirche-sdh.de\\\/side\\\/gott-verurteilt-nicht\\\/#article\",\"isPartOf\":{\"@id\":\"https:\\\/\\\/www.kirche-sdh.de\\\/side\\\/gott-verurteilt-nicht\\\/\"},\"author\":{\"name\":\"Dirscherl\",\"@id\":\"https:\\\/\\\/www.kirche-sdh.de\\\/side\\\/#\\\/schema\\\/person\\\/03813c96da9249c1923a325c77818b1a\"},\"headline\":\"Gott verurteilt nicht\",\"datePublished\":\"2025-04-14T06:16:59+00:00\",\"mainEntityOfPage\":{\"@id\":\"https:\\\/\\\/www.kirche-sdh.de\\\/side\\\/gott-verurteilt-nicht\\\/\"},\"wordCount\":275,\"publisher\":{\"@id\":\"https:\\\/\\\/www.kirche-sdh.de\\\/side\\\/#organization\"},\"image\":{\"@id\":\"https:\\\/\\\/www.kirche-sdh.de\\\/side\\\/gott-verurteilt-nicht\\\/#primaryimage\"},\"thumbnailUrl\":\"https:\\\/\\\/www.kirche-sdh.de\\\/side\\\/wp-content\\\/uploads\\\/P1003837.jpg\",\"articleSection\":[\"D\u00f6fering\"],\"inLanguage\":\"de\"},{\"@type\":\"WebPage\",\"@id\":\"https:\\\/\\\/www.kirche-sdh.de\\\/side\\\/gott-verurteilt-nicht\\\/\",\"url\":\"https:\\\/\\\/www.kirche-sdh.de\\\/side\\\/gott-verurteilt-nicht\\\/\",\"name\":\"Gott verurteilt nicht - Informationsseite und Seelsorgeeinheit\",\"isPartOf\":{\"@id\":\"https:\\\/\\\/www.kirche-sdh.de\\\/side\\\/#website\"},\"primaryImageOfPage\":{\"@id\":\"https:\\\/\\\/www.kirche-sdh.de\\\/side\\\/gott-verurteilt-nicht\\\/#primaryimage\"},\"image\":{\"@id\":\"https:\\\/\\\/www.kirche-sdh.de\\\/side\\\/gott-verurteilt-nicht\\\/#primaryimage\"},\"thumbnailUrl\":\"https:\\\/\\\/www.kirche-sdh.de\\\/side\\\/wp-content\\\/uploads\\\/P1003837.jpg\",\"datePublished\":\"2025-04-14T06:16:59+00:00\",\"breadcrumb\":{\"@id\":\"https:\\\/\\\/www.kirche-sdh.de\\\/side\\\/gott-verurteilt-nicht\\\/#breadcrumb\"},\"inLanguage\":\"de\",\"potentialAction\":[{\"@type\":\"ReadAction\",\"target\":[\"https:\\\/\\\/www.kirche-sdh.de\\\/side\\\/gott-verurteilt-nicht\\\/\"]}]},{\"@type\":\"ImageObject\",\"inLanguage\":\"de\",\"@id\":\"https:\\\/\\\/www.kirche-sdh.de\\\/side\\\/gott-verurteilt-nicht\\\/#primaryimage\",\"url\":\"https:\\\/\\\/www.kirche-sdh.de\\\/side\\\/wp-content\\\/uploads\\\/P1003837.jpg\",\"contentUrl\":\"https:\\\/\\\/www.kirche-sdh.de\\\/side\\\/wp-content\\\/uploads\\\/P1003837.jpg\",\"width\":1600,\"height\":1175},{\"@type\":\"BreadcrumbList\",\"@id\":\"https:\\\/\\\/www.kirche-sdh.de\\\/side\\\/gott-verurteilt-nicht\\\/#breadcrumb\",\"itemListElement\":[{\"@type\":\"ListItem\",\"position\":1,\"name\":\"Startseite\",\"item\":\"https:\\\/\\\/www.kirche-sdh.de\\\/side\\\/\"},{\"@type\":\"ListItem\",\"position\":2,\"name\":\"Gott verurteilt nicht\"}]},{\"@type\":\"WebSite\",\"@id\":\"https:\\\/\\\/www.kirche-sdh.de\\\/side\\\/#website\",\"url\":\"https:\\\/\\\/www.kirche-sdh.de\\\/side\\\/\",\"name\":\"Informationsseite und Seelsorgeeinheit\",\"description\":\"Informationsseite und Seelsorgeeinheit\",\"publisher\":{\"@id\":\"https:\\\/\\\/www.kirche-sdh.de\\\/side\\\/#organization\"},\"potentialAction\":[{\"@type\":\"SearchAction\",\"target\":{\"@type\":\"EntryPoint\",\"urlTemplate\":\"https:\\\/\\\/www.kirche-sdh.de\\\/side\\\/?s={search_term_string}\"},\"query-input\":{\"@type\":\"PropertyValueSpecification\",\"valueRequired\":true,\"valueName\":\"search_term_string\"}}],\"inLanguage\":\"de\"},{\"@type\":\"Organization\",\"@id\":\"https:\\\/\\\/www.kirche-sdh.de\\\/side\\\/#organization\",\"name\":\"Informationsseite und Seelsorgeeinheit\",\"url\":\"https:\\\/\\\/www.kirche-sdh.de\\\/side\\\/\",\"logo\":{\"@type\":\"ImageObject\",\"inLanguage\":\"de\",\"@id\":\"https:\\\/\\\/www.kirche-sdh.de\\\/side\\\/#\\\/schema\\\/logo\\\/image\\\/\",\"url\":\"https:\\\/\\\/www.kirche-sdh.de\\\/side\\\/wp-content\\\/uploads\\\/2017\\\/12\\\/kirche-logos.png\",\"contentUrl\":\"https:\\\/\\\/www.kirche-sdh.de\\\/side\\\/wp-content\\\/uploads\\\/2017\\\/12\\\/kirche-logos.png\",\"width\":438,\"height\":191,\"caption\":\"Informationsseite und Seelsorgeeinheit\"},\"image\":{\"@id\":\"https:\\\/\\\/www.kirche-sdh.de\\\/side\\\/#\\\/schema\\\/logo\\\/image\\\/\"}},{\"@type\":\"Person\",\"@id\":\"https:\\\/\\\/www.kirche-sdh.de\\\/side\\\/#\\\/schema\\\/person\\\/03813c96da9249c1923a325c77818b1a\",\"name\":\"Dirscherl\",\"url\":\"https:\\\/\\\/www.kirche-sdh.de\\\/side\\\/author\\\/kirchesdh\\\/\"}]}<\/script>\n<!-- \/ Yoast SEO plugin. -->","yoast_head_json":{"title":"Gott verurteilt nicht - Informationsseite und Seelsorgeeinheit","robots":{"index":"index","follow":"follow","max-snippet":"max-snippet:-1","max-image-preview":"max-image-preview:large","max-video-preview":"max-video-preview:-1"},"canonical":"https:\/\/www.kirche-sdh.de\/side\/gott-verurteilt-nicht\/","og_locale":"de_DE","og_type":"article","og_title":"Gott verurteilt nicht - Informationsseite und Seelsorgeeinheit","og_description":"Die Pfarrei D\u00f6fering feierte in der gut gef\u00fcllten Pfarrkirche St. \u00c4gidius ihren Familiengottesdienst. Johanna Kumschier vom Pfarrgemeinderat hatten zuvor die Rollen verteilt und diese mit den Kindern ge\u00fcbt. Der D\u00f6feringer Kirchenchor unter der Leitung von Barbara Zwicknagl gestaltete verst\u00e4rkt mit Anna Dirscherl an der Geige den Gottesdienst. Pfarrer Alfons Eder [&hellip;]","og_url":"https:\/\/www.kirche-sdh.de\/side\/gott-verurteilt-nicht\/","og_site_name":"Informationsseite und Seelsorgeeinheit","article_published_time":"2025-04-14T06:16:59+00:00","og_image":[{"width":1600,"height":1175,"url":"https:\/\/www.kirche-sdh.de\/side\/wp-content\/uploads\/P1003837.jpg","type":"image\/jpeg"}],"author":"Dirscherl","twitter_card":"summary_large_image","twitter_misc":{"Verfasst von":"Dirscherl","Gesch\u00e4tzte Lesezeit":"1\u00a0Minute"},"schema":{"@context":"https:\/\/schema.org","@graph":[{"@type":"Article","@id":"https:\/\/www.kirche-sdh.de\/side\/gott-verurteilt-nicht\/#article","isPartOf":{"@id":"https:\/\/www.kirche-sdh.de\/side\/gott-verurteilt-nicht\/"},"author":{"name":"Dirscherl","@id":"https:\/\/www.kirche-sdh.de\/side\/#\/schema\/person\/03813c96da9249c1923a325c77818b1a"},"headline":"Gott verurteilt nicht","datePublished":"2025-04-14T06:16:59+00:00","mainEntityOfPage":{"@id":"https:\/\/www.kirche-sdh.de\/side\/gott-verurteilt-nicht\/"},"wordCount":275,"publisher":{"@id":"https:\/\/www.kirche-sdh.de\/side\/#organization"},"image":{"@id":"https:\/\/www.kirche-sdh.de\/side\/gott-verurteilt-nicht\/#primaryimage"},"thumbnailUrl":"https:\/\/www.kirche-sdh.de\/side\/wp-content\/uploads\/P1003837.jpg","articleSection":["D\u00f6fering"],"inLanguage":"de"},{"@type":"WebPage","@id":"https:\/\/www.kirche-sdh.de\/side\/gott-verurteilt-nicht\/","url":"https:\/\/www.kirche-sdh.de\/side\/gott-verurteilt-nicht\/","name":"Gott verurteilt nicht - Informationsseite und Seelsorgeeinheit","isPartOf":{"@id":"https:\/\/www.kirche-sdh.de\/side\/#website"},"primaryImageOfPage":{"@id":"https:\/\/www.kirche-sdh.de\/side\/gott-verurteilt-nicht\/#primaryimage"},"image":{"@id":"https:\/\/www.kirche-sdh.de\/side\/gott-verurteilt-nicht\/#primaryimage"},"thumbnailUrl":"https:\/\/www.kirche-sdh.de\/side\/wp-content\/uploads\/P1003837.jpg","datePublished":"2025-04-14T06:16:59+00:00","breadcrumb":{"@id":"https:\/\/www.kirche-sdh.de\/side\/gott-verurteilt-nicht\/#breadcrumb"},"inLanguage":"de","potentialAction":[{"@type":"ReadAction","target":["https:\/\/www.kirche-sdh.de\/side\/gott-verurteilt-nicht\/"]}]},{"@type":"ImageObject","inLanguage":"de","@id":"https:\/\/www.kirche-sdh.de\/side\/gott-verurteilt-nicht\/#primaryimage","url":"https:\/\/www.kirche-sdh.de\/side\/wp-content\/uploads\/P1003837.jpg","contentUrl":"https:\/\/www.kirche-sdh.de\/side\/wp-content\/uploads\/P1003837.jpg","width":1600,"height":1175},{"@type":"BreadcrumbList","@id":"https:\/\/www.kirche-sdh.de\/side\/gott-verurteilt-nicht\/#breadcrumb","itemListElement":[{"@type":"ListItem","position":1,"name":"Startseite","item":"https:\/\/www.kirche-sdh.de\/side\/"},{"@type":"ListItem","position":2,"name":"Gott verurteilt nicht"}]},{"@type":"WebSite","@id":"https:\/\/www.kirche-sdh.de\/side\/#website","url":"https:\/\/www.kirche-sdh.de\/side\/","name":"Informationsseite und Seelsorgeeinheit","description":"Informationsseite und Seelsorgeeinheit","publisher":{"@id":"https:\/\/www.kirche-sdh.de\/side\/#organization"},"potentialAction":[{"@type":"SearchAction","target":{"@type":"EntryPoint","urlTemplate":"https:\/\/www.kirche-sdh.de\/side\/?s={search_term_string}"},"query-input":{"@type":"PropertyValueSpecification","valueRequired":true,"valueName":"search_term_string"}}],"inLanguage":"de"},{"@type":"Organization","@id":"https:\/\/www.kirche-sdh.de\/side\/#organization","name":"Informationsseite und Seelsorgeeinheit","url":"https:\/\/www.kirche-sdh.de\/side\/","logo":{"@type":"ImageObject","inLanguage":"de","@id":"https:\/\/www.kirche-sdh.de\/side\/#\/schema\/logo\/image\/","url":"https:\/\/www.kirche-sdh.de\/side\/wp-content\/uploads\/2017\/12\/kirche-logos.png","contentUrl":"https:\/\/www.kirche-sdh.de\/side\/wp-content\/uploads\/2017\/12\/kirche-logos.png","width":438,"height":191,"caption":"Informationsseite und Seelsorgeeinheit"},"image":{"@id":"https:\/\/www.kirche-sdh.de\/side\/#\/schema\/logo\/image\/"}},{"@type":"Person","@id":"https:\/\/www.kirche-sdh.de\/side\/#\/schema\/person\/03813c96da9249c1923a325c77818b1a","name":"Dirscherl","url":"https:\/\/www.kirche-sdh.de\/side\/author\/kirchesdh\/"}]}},"_links":{"self":[{"href":"https:\/\/www.kirche-sdh.de\/side\/wp-json\/wp\/v2\/posts\/19928","targetHints":{"allow":["GET"]}}],"collection":[{"href":"https:\/\/www.kirche-sdh.de\/side\/wp-json\/wp\/v2\/posts"}],"about":[{"href":"https:\/\/www.kirche-sdh.de\/side\/wp-json\/wp\/v2\/types\/post"}],"author":[{"embeddable":true,"href":"https:\/\/www.kirche-sdh.de\/side\/wp-json\/wp\/v2\/users\/1"}],"replies":[{"embeddable":true,"href":"https:\/\/www.kirche-sdh.de\/side\/wp-json\/wp\/v2\/comments?post=19928"}],"version-history":[{"count":0,"href":"https:\/\/www.kirche-sdh.de\/side\/wp-json\/wp\/v2\/posts\/19928\/revisions"}],"wp:featuredmedia":[{"embeddable":true,"href":"https:\/\/www.kirche-sdh.de\/side\/wp-json\/wp\/v2\/media\/19933"}],"wp:attachment":[{"href":"https:\/\/www.kirche-sdh.de\/side\/wp-json\/wp\/v2\/media?parent=19928"}],"wp:term":[{"taxonomy":"category","embeddable":true,"href":"https:\/\/www.kirche-sdh.de\/side\/wp-json\/wp\/v2\/categories?post=19928"},{"taxonomy":"post_tag","embeddable":true,"href":"https:\/\/www.kirche-sdh.de\/side\/wp-json\/wp\/v2\/tags?post=19928"}],"curies":[{"name":"wp","href":"https:\/\/api.w.org\/{rel}","templated":true}]}}