{"id":19825,"date":"2025-01-01T19:22:11","date_gmt":"2025-01-01T18:22:11","guid":{"rendered":"https:\/\/www.kirche-sdh.de\/side\/?p=19825"},"modified":"2025-01-01T19:22:11","modified_gmt":"2025-01-01T18:22:11","slug":"sternsinger-in-doefering-ausgesandt","status":"publish","type":"post","link":"https:\/\/www.kirche-sdh.de\/side\/sternsinger-in-doefering-ausgesandt\/","title":{"rendered":"Sternsinger in D\u00f6fering ausgesandt"},"content":{"rendered":"<p><strong>Sternsinger machen sich auf den Weg<\/strong><\/p>\n<p>Die Pfarrei D\u00f6fering hat heuer wieder die Sternsinger im Rahmen des Jahresabschlussgottesdienstes ausgesandt. Musikalisch wurde der Gottesdienst mit Orgel, Trompete und Klarinetten festlich umrahmt. Pfarrer Alfons Eder f\u00fchrte \u00a0in seiner Predigt ein paar Gedanken aus. An Silvester wird uns das Dahinfliessen der Zeit bewu\u00dft. Im Jahresr\u00fcckblick hielt er R\u00fcckschau auf ein eher durchwachsenes Jahr 2024 in der Deutschen und leider auch in der Weltgeschichte. Negative Nachrichten waren leider in der gro\u00dfen Welt in der \u00dcberzahl und fanden ihr Ende mit der Amokfahrt von Magdeburg. Nebenbei steckte die Wirtschaft in der Krise. Ein anderes Bild zeigte sich erfreulicher Weise in unserer kleinen Welt in D\u00f6fering. So feierte D\u00f6fering die Gr\u00fcndung der Pfarrei von 100 Jahren mit ausgesprochen sch\u00f6nen Veranstaltungen. Der H\u00f6hepunkt war der Festsonntag am 21. Juli bei der Pfarrer Erwin Bauer die Festrede mit den Worten \u201eNehmt Neuland unter den Pflug!\u201c. D\u00f6fering zeigte sich als r\u00fchrige Pfarrei mit vielen Begabungen.<\/p>\n<p>In unserer kleinen Welt erfahren wir mehr liebevolles als niederschmetterndes. Leider steht das positive leider nicht so oft in der Zeitung und leider auch nicht im Fernsehen. Die kleine Welt gibt uns aber Boden unter den F\u00fcssen und daher ist im Jahresabschluss Zeit daf\u00fcr Dank zu sagen.<\/p>\n<p>Dann erhielten die Sternsinger, die heuer unter dem Motto \u201eErhebt eure Stimme! \u2013 Sternsingen f\u00fcr Kinderrechte\u201c\u00a0von T\u00fcr zu T\u00fcr gehen, noch ihren Segen.<\/p>\n<p>&nbsp;<\/p>\n<p><img loading=\"lazy\" decoding=\"async\" src=\"https:\/\/www.kirche-sdh.de\/side\/wp-content\/uploads\/P1003390-1024x683.jpg\" alt=\"\" width=\"750\" height=\"500\" class=\"alignnone wp-image-19826 size-large\" srcset=\"https:\/\/www.kirche-sdh.de\/side\/wp-content\/uploads\/P1003390-1024x683.jpg 1024w, https:\/\/www.kirche-sdh.de\/side\/wp-content\/uploads\/P1003390-300x200.jpg 300w, https:\/\/www.kirche-sdh.de\/side\/wp-content\/uploads\/P1003390-768x512.jpg 768w, https:\/\/www.kirche-sdh.de\/side\/wp-content\/uploads\/P1003390-1536x1024.jpg 1536w, https:\/\/www.kirche-sdh.de\/side\/wp-content\/uploads\/P1003390-360x240.jpg 360w, https:\/\/www.kirche-sdh.de\/side\/wp-content\/uploads\/P1003390.jpg 1600w\" sizes=\"auto, (max-width: 750px) 100vw, 750px\" \/><\/p>\n<p>&nbsp;<\/p>\n","protected":false},"excerpt":{"rendered":"<p>Sternsinger machen sich auf den Weg Die Pfarrei D\u00f6fering hat heuer wieder die Sternsinger im Rahmen des Jahresabschlussgottesdienstes ausgesandt. Musikalisch wurde der Gottesdienst mit Orgel, Trompete und Klarinetten festlich umrahmt. Pfarrer Alfons Eder f\u00fchrte \u00a0in seiner Predigt ein paar Gedanken aus. An Silvester wird uns das Dahinfliessen der Zeit bewu\u00dft. [&hellip;]<\/p>\n","protected":false},"author":1,"featured_media":19826,"comment_status":"closed","ping_status":"closed","sticky":true,"template":"","format":"standard","meta":{"footnotes":""},"categories":[20],"tags":[],"class_list":["post-19825","post","type-post","status-publish","format-standard","has-post-thumbnail","hentry","category-doefering"],"yoast_head":"<!-- This site is optimized with the Yoast SEO plugin v27.5 - https:\/\/yoast.com\/product\/yoast-seo-wordpress\/ -->\n<title>Sternsinger in D\u00f6fering ausgesandt - Informationsseite und Seelsorgeeinheit<\/title>\n<meta name=\"robots\" content=\"index, follow, max-snippet:-1, max-image-preview:large, max-video-preview:-1\" \/>\n<link rel=\"canonical\" href=\"https:\/\/www.kirche-sdh.de\/side\/sternsinger-in-doefering-ausgesandt\/\" \/>\n<meta property=\"og:locale\" content=\"de_DE\" \/>\n<meta property=\"og:type\" content=\"article\" \/>\n<meta property=\"og:title\" content=\"Sternsinger in D\u00f6fering ausgesandt - Informationsseite und Seelsorgeeinheit\" \/>\n<meta property=\"og:description\" content=\"Sternsinger machen sich auf den Weg Die Pfarrei D\u00f6fering hat heuer wieder die Sternsinger im Rahmen des Jahresabschlussgottesdienstes ausgesandt. Musikalisch wurde der Gottesdienst mit Orgel, Trompete und Klarinetten festlich umrahmt. Pfarrer Alfons Eder f\u00fchrte \u00a0in seiner Predigt ein paar Gedanken aus. An Silvester wird uns das Dahinfliessen der Zeit bewu\u00dft. [&hellip;]\" \/>\n<meta property=\"og:url\" content=\"https:\/\/www.kirche-sdh.de\/side\/sternsinger-in-doefering-ausgesandt\/\" \/>\n<meta property=\"og:site_name\" content=\"Informationsseite und Seelsorgeeinheit\" \/>\n<meta property=\"article:published_time\" content=\"2025-01-01T18:22:11+00:00\" \/>\n<meta property=\"og:image\" content=\"https:\/\/www.kirche-sdh.de\/side\/wp-content\/uploads\/P1003390.jpg\" \/>\n\t<meta property=\"og:image:width\" content=\"1600\" \/>\n\t<meta property=\"og:image:height\" content=\"1067\" \/>\n\t<meta property=\"og:image:type\" content=\"image\/jpeg\" \/>\n<meta name=\"author\" content=\"Dirscherl\" \/>\n<meta name=\"twitter:card\" content=\"summary_large_image\" \/>\n<meta name=\"twitter:label1\" content=\"Verfasst von\" \/>\n\t<meta name=\"twitter:data1\" content=\"Dirscherl\" \/>\n\t<meta name=\"twitter:label2\" content=\"Gesch\u00e4tzte Lesezeit\" \/>\n\t<meta name=\"twitter:data2\" content=\"1\u00a0Minute\" \/>\n<script type=\"application\/ld+json\" class=\"yoast-schema-graph\">{\"@context\":\"https:\\\/\\\/schema.org\",\"@graph\":[{\"@type\":\"Article\",\"@id\":\"https:\\\/\\\/www.kirche-sdh.de\\\/side\\\/sternsinger-in-doefering-ausgesandt\\\/#article\",\"isPartOf\":{\"@id\":\"https:\\\/\\\/www.kirche-sdh.de\\\/side\\\/sternsinger-in-doefering-ausgesandt\\\/\"},\"author\":{\"name\":\"Dirscherl\",\"@id\":\"https:\\\/\\\/www.kirche-sdh.de\\\/side\\\/#\\\/schema\\\/person\\\/03813c96da9249c1923a325c77818b1a\"},\"headline\":\"Sternsinger in D\u00f6fering ausgesandt\",\"datePublished\":\"2025-01-01T18:22:11+00:00\",\"mainEntityOfPage\":{\"@id\":\"https:\\\/\\\/www.kirche-sdh.de\\\/side\\\/sternsinger-in-doefering-ausgesandt\\\/\"},\"wordCount\":248,\"publisher\":{\"@id\":\"https:\\\/\\\/www.kirche-sdh.de\\\/side\\\/#organization\"},\"image\":{\"@id\":\"https:\\\/\\\/www.kirche-sdh.de\\\/side\\\/sternsinger-in-doefering-ausgesandt\\\/#primaryimage\"},\"thumbnailUrl\":\"https:\\\/\\\/www.kirche-sdh.de\\\/side\\\/wp-content\\\/uploads\\\/P1003390.jpg\",\"articleSection\":[\"D\u00f6fering\"],\"inLanguage\":\"de\"},{\"@type\":\"WebPage\",\"@id\":\"https:\\\/\\\/www.kirche-sdh.de\\\/side\\\/sternsinger-in-doefering-ausgesandt\\\/\",\"url\":\"https:\\\/\\\/www.kirche-sdh.de\\\/side\\\/sternsinger-in-doefering-ausgesandt\\\/\",\"name\":\"Sternsinger in D\u00f6fering ausgesandt - Informationsseite und Seelsorgeeinheit\",\"isPartOf\":{\"@id\":\"https:\\\/\\\/www.kirche-sdh.de\\\/side\\\/#website\"},\"primaryImageOfPage\":{\"@id\":\"https:\\\/\\\/www.kirche-sdh.de\\\/side\\\/sternsinger-in-doefering-ausgesandt\\\/#primaryimage\"},\"image\":{\"@id\":\"https:\\\/\\\/www.kirche-sdh.de\\\/side\\\/sternsinger-in-doefering-ausgesandt\\\/#primaryimage\"},\"thumbnailUrl\":\"https:\\\/\\\/www.kirche-sdh.de\\\/side\\\/wp-content\\\/uploads\\\/P1003390.jpg\",\"datePublished\":\"2025-01-01T18:22:11+00:00\",\"breadcrumb\":{\"@id\":\"https:\\\/\\\/www.kirche-sdh.de\\\/side\\\/sternsinger-in-doefering-ausgesandt\\\/#breadcrumb\"},\"inLanguage\":\"de\",\"potentialAction\":[{\"@type\":\"ReadAction\",\"target\":[\"https:\\\/\\\/www.kirche-sdh.de\\\/side\\\/sternsinger-in-doefering-ausgesandt\\\/\"]}]},{\"@type\":\"ImageObject\",\"inLanguage\":\"de\",\"@id\":\"https:\\\/\\\/www.kirche-sdh.de\\\/side\\\/sternsinger-in-doefering-ausgesandt\\\/#primaryimage\",\"url\":\"https:\\\/\\\/www.kirche-sdh.de\\\/side\\\/wp-content\\\/uploads\\\/P1003390.jpg\",\"contentUrl\":\"https:\\\/\\\/www.kirche-sdh.de\\\/side\\\/wp-content\\\/uploads\\\/P1003390.jpg\",\"width\":1600,\"height\":1067},{\"@type\":\"BreadcrumbList\",\"@id\":\"https:\\\/\\\/www.kirche-sdh.de\\\/side\\\/sternsinger-in-doefering-ausgesandt\\\/#breadcrumb\",\"itemListElement\":[{\"@type\":\"ListItem\",\"position\":1,\"name\":\"Startseite\",\"item\":\"https:\\\/\\\/www.kirche-sdh.de\\\/side\\\/\"},{\"@type\":\"ListItem\",\"position\":2,\"name\":\"Sternsinger in D\u00f6fering ausgesandt\"}]},{\"@type\":\"WebSite\",\"@id\":\"https:\\\/\\\/www.kirche-sdh.de\\\/side\\\/#website\",\"url\":\"https:\\\/\\\/www.kirche-sdh.de\\\/side\\\/\",\"name\":\"Informationsseite und Seelsorgeeinheit\",\"description\":\"Informationsseite und Seelsorgeeinheit\",\"publisher\":{\"@id\":\"https:\\\/\\\/www.kirche-sdh.de\\\/side\\\/#organization\"},\"potentialAction\":[{\"@type\":\"SearchAction\",\"target\":{\"@type\":\"EntryPoint\",\"urlTemplate\":\"https:\\\/\\\/www.kirche-sdh.de\\\/side\\\/?s={search_term_string}\"},\"query-input\":{\"@type\":\"PropertyValueSpecification\",\"valueRequired\":true,\"valueName\":\"search_term_string\"}}],\"inLanguage\":\"de\"},{\"@type\":\"Organization\",\"@id\":\"https:\\\/\\\/www.kirche-sdh.de\\\/side\\\/#organization\",\"name\":\"Informationsseite und Seelsorgeeinheit\",\"url\":\"https:\\\/\\\/www.kirche-sdh.de\\\/side\\\/\",\"logo\":{\"@type\":\"ImageObject\",\"inLanguage\":\"de\",\"@id\":\"https:\\\/\\\/www.kirche-sdh.de\\\/side\\\/#\\\/schema\\\/logo\\\/image\\\/\",\"url\":\"https:\\\/\\\/www.kirche-sdh.de\\\/side\\\/wp-content\\\/uploads\\\/2017\\\/12\\\/kirche-logos.png\",\"contentUrl\":\"https:\\\/\\\/www.kirche-sdh.de\\\/side\\\/wp-content\\\/uploads\\\/2017\\\/12\\\/kirche-logos.png\",\"width\":438,\"height\":191,\"caption\":\"Informationsseite und Seelsorgeeinheit\"},\"image\":{\"@id\":\"https:\\\/\\\/www.kirche-sdh.de\\\/side\\\/#\\\/schema\\\/logo\\\/image\\\/\"}},{\"@type\":\"Person\",\"@id\":\"https:\\\/\\\/www.kirche-sdh.de\\\/side\\\/#\\\/schema\\\/person\\\/03813c96da9249c1923a325c77818b1a\",\"name\":\"Dirscherl\",\"url\":\"https:\\\/\\\/www.kirche-sdh.de\\\/side\\\/author\\\/kirchesdh\\\/\"}]}<\/script>\n<!-- \/ Yoast SEO plugin. -->","yoast_head_json":{"title":"Sternsinger in D\u00f6fering ausgesandt - Informationsseite und Seelsorgeeinheit","robots":{"index":"index","follow":"follow","max-snippet":"max-snippet:-1","max-image-preview":"max-image-preview:large","max-video-preview":"max-video-preview:-1"},"canonical":"https:\/\/www.kirche-sdh.de\/side\/sternsinger-in-doefering-ausgesandt\/","og_locale":"de_DE","og_type":"article","og_title":"Sternsinger in D\u00f6fering ausgesandt - Informationsseite und Seelsorgeeinheit","og_description":"Sternsinger machen sich auf den Weg Die Pfarrei D\u00f6fering hat heuer wieder die Sternsinger im Rahmen des Jahresabschlussgottesdienstes ausgesandt. Musikalisch wurde der Gottesdienst mit Orgel, Trompete und Klarinetten festlich umrahmt. Pfarrer Alfons Eder f\u00fchrte \u00a0in seiner Predigt ein paar Gedanken aus. An Silvester wird uns das Dahinfliessen der Zeit bewu\u00dft. [&hellip;]","og_url":"https:\/\/www.kirche-sdh.de\/side\/sternsinger-in-doefering-ausgesandt\/","og_site_name":"Informationsseite und Seelsorgeeinheit","article_published_time":"2025-01-01T18:22:11+00:00","og_image":[{"width":1600,"height":1067,"url":"https:\/\/www.kirche-sdh.de\/side\/wp-content\/uploads\/P1003390.jpg","type":"image\/jpeg"}],"author":"Dirscherl","twitter_card":"summary_large_image","twitter_misc":{"Verfasst von":"Dirscherl","Gesch\u00e4tzte Lesezeit":"1\u00a0Minute"},"schema":{"@context":"https:\/\/schema.org","@graph":[{"@type":"Article","@id":"https:\/\/www.kirche-sdh.de\/side\/sternsinger-in-doefering-ausgesandt\/#article","isPartOf":{"@id":"https:\/\/www.kirche-sdh.de\/side\/sternsinger-in-doefering-ausgesandt\/"},"author":{"name":"Dirscherl","@id":"https:\/\/www.kirche-sdh.de\/side\/#\/schema\/person\/03813c96da9249c1923a325c77818b1a"},"headline":"Sternsinger in D\u00f6fering ausgesandt","datePublished":"2025-01-01T18:22:11+00:00","mainEntityOfPage":{"@id":"https:\/\/www.kirche-sdh.de\/side\/sternsinger-in-doefering-ausgesandt\/"},"wordCount":248,"publisher":{"@id":"https:\/\/www.kirche-sdh.de\/side\/#organization"},"image":{"@id":"https:\/\/www.kirche-sdh.de\/side\/sternsinger-in-doefering-ausgesandt\/#primaryimage"},"thumbnailUrl":"https:\/\/www.kirche-sdh.de\/side\/wp-content\/uploads\/P1003390.jpg","articleSection":["D\u00f6fering"],"inLanguage":"de"},{"@type":"WebPage","@id":"https:\/\/www.kirche-sdh.de\/side\/sternsinger-in-doefering-ausgesandt\/","url":"https:\/\/www.kirche-sdh.de\/side\/sternsinger-in-doefering-ausgesandt\/","name":"Sternsinger in D\u00f6fering ausgesandt - Informationsseite und Seelsorgeeinheit","isPartOf":{"@id":"https:\/\/www.kirche-sdh.de\/side\/#website"},"primaryImageOfPage":{"@id":"https:\/\/www.kirche-sdh.de\/side\/sternsinger-in-doefering-ausgesandt\/#primaryimage"},"image":{"@id":"https:\/\/www.kirche-sdh.de\/side\/sternsinger-in-doefering-ausgesandt\/#primaryimage"},"thumbnailUrl":"https:\/\/www.kirche-sdh.de\/side\/wp-content\/uploads\/P1003390.jpg","datePublished":"2025-01-01T18:22:11+00:00","breadcrumb":{"@id":"https:\/\/www.kirche-sdh.de\/side\/sternsinger-in-doefering-ausgesandt\/#breadcrumb"},"inLanguage":"de","potentialAction":[{"@type":"ReadAction","target":["https:\/\/www.kirche-sdh.de\/side\/sternsinger-in-doefering-ausgesandt\/"]}]},{"@type":"ImageObject","inLanguage":"de","@id":"https:\/\/www.kirche-sdh.de\/side\/sternsinger-in-doefering-ausgesandt\/#primaryimage","url":"https:\/\/www.kirche-sdh.de\/side\/wp-content\/uploads\/P1003390.jpg","contentUrl":"https:\/\/www.kirche-sdh.de\/side\/wp-content\/uploads\/P1003390.jpg","width":1600,"height":1067},{"@type":"BreadcrumbList","@id":"https:\/\/www.kirche-sdh.de\/side\/sternsinger-in-doefering-ausgesandt\/#breadcrumb","itemListElement":[{"@type":"ListItem","position":1,"name":"Startseite","item":"https:\/\/www.kirche-sdh.de\/side\/"},{"@type":"ListItem","position":2,"name":"Sternsinger in D\u00f6fering ausgesandt"}]},{"@type":"WebSite","@id":"https:\/\/www.kirche-sdh.de\/side\/#website","url":"https:\/\/www.kirche-sdh.de\/side\/","name":"Informationsseite und Seelsorgeeinheit","description":"Informationsseite und Seelsorgeeinheit","publisher":{"@id":"https:\/\/www.kirche-sdh.de\/side\/#organization"},"potentialAction":[{"@type":"SearchAction","target":{"@type":"EntryPoint","urlTemplate":"https:\/\/www.kirche-sdh.de\/side\/?s={search_term_string}"},"query-input":{"@type":"PropertyValueSpecification","valueRequired":true,"valueName":"search_term_string"}}],"inLanguage":"de"},{"@type":"Organization","@id":"https:\/\/www.kirche-sdh.de\/side\/#organization","name":"Informationsseite und Seelsorgeeinheit","url":"https:\/\/www.kirche-sdh.de\/side\/","logo":{"@type":"ImageObject","inLanguage":"de","@id":"https:\/\/www.kirche-sdh.de\/side\/#\/schema\/logo\/image\/","url":"https:\/\/www.kirche-sdh.de\/side\/wp-content\/uploads\/2017\/12\/kirche-logos.png","contentUrl":"https:\/\/www.kirche-sdh.de\/side\/wp-content\/uploads\/2017\/12\/kirche-logos.png","width":438,"height":191,"caption":"Informationsseite und Seelsorgeeinheit"},"image":{"@id":"https:\/\/www.kirche-sdh.de\/side\/#\/schema\/logo\/image\/"}},{"@type":"Person","@id":"https:\/\/www.kirche-sdh.de\/side\/#\/schema\/person\/03813c96da9249c1923a325c77818b1a","name":"Dirscherl","url":"https:\/\/www.kirche-sdh.de\/side\/author\/kirchesdh\/"}]}},"_links":{"self":[{"href":"https:\/\/www.kirche-sdh.de\/side\/wp-json\/wp\/v2\/posts\/19825","targetHints":{"allow":["GET"]}}],"collection":[{"href":"https:\/\/www.kirche-sdh.de\/side\/wp-json\/wp\/v2\/posts"}],"about":[{"href":"https:\/\/www.kirche-sdh.de\/side\/wp-json\/wp\/v2\/types\/post"}],"author":[{"embeddable":true,"href":"https:\/\/www.kirche-sdh.de\/side\/wp-json\/wp\/v2\/users\/1"}],"replies":[{"embeddable":true,"href":"https:\/\/www.kirche-sdh.de\/side\/wp-json\/wp\/v2\/comments?post=19825"}],"version-history":[{"count":0,"href":"https:\/\/www.kirche-sdh.de\/side\/wp-json\/wp\/v2\/posts\/19825\/revisions"}],"wp:featuredmedia":[{"embeddable":true,"href":"https:\/\/www.kirche-sdh.de\/side\/wp-json\/wp\/v2\/media\/19826"}],"wp:attachment":[{"href":"https:\/\/www.kirche-sdh.de\/side\/wp-json\/wp\/v2\/media?parent=19825"}],"wp:term":[{"taxonomy":"category","embeddable":true,"href":"https:\/\/www.kirche-sdh.de\/side\/wp-json\/wp\/v2\/categories?post=19825"},{"taxonomy":"post_tag","embeddable":true,"href":"https:\/\/www.kirche-sdh.de\/side\/wp-json\/wp\/v2\/tags?post=19825"}],"curies":[{"name":"wp","href":"https:\/\/api.w.org\/{rel}","templated":true}]}}