{"id":19800,"date":"2024-12-25T19:16:37","date_gmt":"2024-12-25T18:16:37","guid":{"rendered":"https:\/\/www.kirche-sdh.de\/side\/?p=19800"},"modified":"2024-12-25T19:16:37","modified_gmt":"2024-12-25T18:16:37","slug":"der-herr-der-welt-ist-als-armes-kind-geboren","status":"publish","type":"post","link":"https:\/\/www.kirche-sdh.de\/side\/der-herr-der-welt-ist-als-armes-kind-geboren\/","title":{"rendered":"Der Herr der Welt ist als armes Kind geboren"},"content":{"rendered":"<p><strong>Kinderkrippenfeier und Christmette \u00fcberbringen \u201egute Nachricht\u201c von Jesu Geburt<\/strong><\/p>\n<p><strong>Sch\u00f6nthal.<\/strong> \u201eGottes Sohn ist in unsere Welt gekommen\u201c, mit dieser \u201eguten Nachricht\u201c hat Gemeindereferentin Rosa-Maria Roth die Kinderkrippenfeier und damit die Gottesdienste um das Hochfest der Geburt Jesu in der Pfarrei Sch\u00f6nthal am Heilig Abend er\u00f6ffnet. Das Wort Evangelium bedeute frohe Botschaft oder auf Neudeutsch gute Nachricht. Weihnachten bringe die gute Nachricht von der Geburt Jesu und damit die Botschaft, \u201edas Gott uns Menschen liebt und uns nicht alleine l\u00e4sst\u201c. \u201eDer Herr der Welt ist in Bethlehem als armes Kind geboren\u201c k\u00fcndete Pfarrer Alfons vom Geburtstag Jesu. \u201eF\u00fcrchtet euch nicht, ich verk\u00fcnde euch eine gro\u00dfe Freude, der Retter ist euch geboren, der Christus, der Herr\u201c, \u00fcberbrachte er in der Christmette die Weihnachtsbotschaft wie einst der Engel den Hirten.<img loading=\"lazy\" decoding=\"async\" src=\"https:\/\/www.kirche-sdh.de\/side\/wp-content\/uploads\/IMG_4072-scaled.jpg\" alt=\"\" width=\"2560\" height=\"1707\" class=\"alignnone size-full wp-image-19805\" srcset=\"https:\/\/www.kirche-sdh.de\/side\/wp-content\/uploads\/IMG_4072-scaled.jpg 2560w, https:\/\/www.kirche-sdh.de\/side\/wp-content\/uploads\/IMG_4072-300x200.jpg 300w, https:\/\/www.kirche-sdh.de\/side\/wp-content\/uploads\/IMG_4072-1024x683.jpg 1024w, https:\/\/www.kirche-sdh.de\/side\/wp-content\/uploads\/IMG_4072-768x512.jpg 768w, https:\/\/www.kirche-sdh.de\/side\/wp-content\/uploads\/IMG_4072-1536x1024.jpg 1536w, https:\/\/www.kirche-sdh.de\/side\/wp-content\/uploads\/IMG_4072-2048x1365.jpg 2048w, https:\/\/www.kirche-sdh.de\/side\/wp-content\/uploads\/IMG_4072-360x240.jpg 360w\" sizes=\"auto, (max-width: 2560px) 100vw, 2560px\" \/><\/p>\n<p><img loading=\"lazy\" decoding=\"async\" src=\"https:\/\/www.kirche-sdh.de\/side\/wp-content\/uploads\/IMG_4121-scaled.jpg\" alt=\"\" width=\"2560\" height=\"1707\" class=\"alignnone size-full wp-image-19804\" srcset=\"https:\/\/www.kirche-sdh.de\/side\/wp-content\/uploads\/IMG_4121-scaled.jpg 2560w, https:\/\/www.kirche-sdh.de\/side\/wp-content\/uploads\/IMG_4121-300x200.jpg 300w, https:\/\/www.kirche-sdh.de\/side\/wp-content\/uploads\/IMG_4121-1024x683.jpg 1024w, https:\/\/www.kirche-sdh.de\/side\/wp-content\/uploads\/IMG_4121-768x512.jpg 768w, https:\/\/www.kirche-sdh.de\/side\/wp-content\/uploads\/IMG_4121-1536x1024.jpg 1536w, https:\/\/www.kirche-sdh.de\/side\/wp-content\/uploads\/IMG_4121-2048x1365.jpg 2048w, https:\/\/www.kirche-sdh.de\/side\/wp-content\/uploads\/IMG_4121-360x240.jpg 360w\" sizes=\"auto, (max-width: 2560px) 100vw, 2560px\" \/><\/p>\n<p>Viele Eltern mit Ihren Kindern verfolgten in der gut gef\u00fcllten Pfarrkirche am Heiligabend das bayerische Krippenspiel von der schwierigen Herbergssuche von Maria und Josef und die Verk\u00fcndigung der Geburt Jesu Christi durch die Engelsschar. Gemeindereferentin Roth f\u00fchrte durch das Krippenspiel das im Laufe des Advents viele begeisterte Kinder gemeinsam mit Mitgliedern des Pfarrgemeinderates vorbereitet und in zahlreichen Proben einstudiert hatten. Durch das Gotteshaus ziehend klopften Maria und Josef an die T\u00fcren der auf Grund der Volksz\u00e4hlung \u00fcberf\u00fcllten Stadt. Immer wieder wurden sie von den Bewohnern und Wirten abgewiesen \u201eEs is nix mehr frei, sovui Leit san unterwegs\u201c bekamen sie zu h\u00f6ren. \u201eA warms Platzerl\u201c fanden sie schlie\u00dflich in einem Schafstall drau\u00dfen am Feld. Hirten wurden von einem hellen Stern und Engeln zur Krippe und dem Kind in der Futterkrippe gef\u00fchrt, um dort niederzuknien und ihre Geschenke zu \u00fcberbringen. \u201eF\u00fcrchtet euch nicht. Ich bringe euch eine frohe Botschaft, Jesus der Sohn Gottes, ist in Bethlehem geboren\u201c lie\u00df ein Engel die Hirten wissen. Mit der Abgabe ihres Adveniat-Opferk\u00e4stchens beschenkten die kleinen Andachtsbesucher das Christkind und wurden ihrerseits wiederum mit einem kleinen Geschenk vom Pfarrgemeinderat bedacht.<img loading=\"lazy\" decoding=\"async\" src=\"https:\/\/www.kirche-sdh.de\/side\/wp-content\/uploads\/IMG_4101-scaled.jpg\" alt=\"\" width=\"2560\" height=\"1707\" class=\"alignnone size-full wp-image-19803\" srcset=\"https:\/\/www.kirche-sdh.de\/side\/wp-content\/uploads\/IMG_4101-scaled.jpg 2560w, https:\/\/www.kirche-sdh.de\/side\/wp-content\/uploads\/IMG_4101-300x200.jpg 300w, https:\/\/www.kirche-sdh.de\/side\/wp-content\/uploads\/IMG_4101-1024x683.jpg 1024w, https:\/\/www.kirche-sdh.de\/side\/wp-content\/uploads\/IMG_4101-768x512.jpg 768w, https:\/\/www.kirche-sdh.de\/side\/wp-content\/uploads\/IMG_4101-1536x1024.jpg 1536w, https:\/\/www.kirche-sdh.de\/side\/wp-content\/uploads\/IMG_4101-2048x1365.jpg 2048w, https:\/\/www.kirche-sdh.de\/side\/wp-content\/uploads\/IMG_4101-360x240.jpg 360w\" sizes=\"auto, (max-width: 2560px) 100vw, 2560px\" \/><\/p>\n<p>In den Mittelpunkt seiner Festpredigt in der Christmette stellte Pfarrer Alfons Eder die Menschlichkeit Jesu. Jesus sei ein \u201eMenschlein geworden wie wir\u201c. Er habe in Windeln gelegen. Das bringe zum Ausdruck, dass Jesus kein Scheingott und kein \u00fcbermenschliches Wesen gewesen sei. Nichts Menschliches sei ihm fremd gewesen. Die Darstellung als \u201eFatschnkindl\u201c, ganz k\u00f6rperlich eingewickelt in Leinent\u00fccher, sei bereits Anspielung auf die Grablegung. Geboren werden und sterben seien die Pole zwischen denen sich alle Lebewesen bewegten. Der unsichtbare Gott sei sichtbar als Mensch erschienen und Fleisch und Blut geworden. \u201eEhre sei Gott, Friede den Menschen an den Gott so sehr Gefallen fand, das Wort ist Fleisch geworden und hat unter uns gewohnt\u201c beendete Pfarrer Eder seine Weihnachtsgedanken.<\/p>\n<p><img loading=\"lazy\" decoding=\"async\" src=\"https:\/\/www.kirche-sdh.de\/side\/wp-content\/uploads\/IMG_4117-scaled.jpg\" alt=\"\" width=\"2560\" height=\"1707\" class=\"alignnone size-full wp-image-19801\" srcset=\"https:\/\/www.kirche-sdh.de\/side\/wp-content\/uploads\/IMG_4117-scaled.jpg 2560w, https:\/\/www.kirche-sdh.de\/side\/wp-content\/uploads\/IMG_4117-300x200.jpg 300w, https:\/\/www.kirche-sdh.de\/side\/wp-content\/uploads\/IMG_4117-1024x683.jpg 1024w, https:\/\/www.kirche-sdh.de\/side\/wp-content\/uploads\/IMG_4117-768x512.jpg 768w, https:\/\/www.kirche-sdh.de\/side\/wp-content\/uploads\/IMG_4117-1536x1024.jpg 1536w, https:\/\/www.kirche-sdh.de\/side\/wp-content\/uploads\/IMG_4117-2048x1365.jpg 2048w, https:\/\/www.kirche-sdh.de\/side\/wp-content\/uploads\/IMG_4117-360x240.jpg 360w\" sizes=\"auto, (max-width: 2560px) 100vw, 2560px\" \/><\/p>\n<p>Nach der Christmette waren alle Gottesdienstbesucher zu einer Tasse Gl\u00fchwein vor der Pfarrkirche eingeladen. Viele nutzten das Angebot der katholischen Landjugend und w\u00fcnschten sich im gem\u00fctlichen Kreis ein frohes Weihnachtsfest.<\/p>\n","protected":false},"excerpt":{"rendered":"<p>Kinderkrippenfeier und Christmette \u00fcberbringen \u201egute Nachricht\u201c von Jesu Geburt Sch\u00f6nthal. \u201eGottes Sohn ist in unsere Welt gekommen\u201c, mit dieser \u201eguten Nachricht\u201c hat Gemeindereferentin Rosa-Maria Roth die Kinderkrippenfeier und damit die Gottesdienste um das Hochfest der Geburt Jesu in der Pfarrei Sch\u00f6nthal am Heilig Abend er\u00f6ffnet. Das Wort Evangelium bedeute frohe [&hellip;]<\/p>\n","protected":false},"author":3,"featured_media":19802,"comment_status":"closed","ping_status":"closed","sticky":true,"template":"","format":"standard","meta":{"footnotes":""},"categories":[21],"tags":[],"class_list":["post-19800","post","type-post","status-publish","format-standard","has-post-thumbnail","hentry","category-schoenthal"],"yoast_head":"<!-- This site is optimized with the Yoast SEO plugin v27.5 - https:\/\/yoast.com\/product\/yoast-seo-wordpress\/ -->\n<title>Der Herr der Welt ist als armes Kind geboren - Informationsseite und Seelsorgeeinheit<\/title>\n<meta name=\"robots\" content=\"index, follow, max-snippet:-1, max-image-preview:large, max-video-preview:-1\" \/>\n<link rel=\"canonical\" href=\"https:\/\/www.kirche-sdh.de\/side\/der-herr-der-welt-ist-als-armes-kind-geboren\/\" \/>\n<meta property=\"og:locale\" content=\"de_DE\" \/>\n<meta property=\"og:type\" content=\"article\" \/>\n<meta property=\"og:title\" content=\"Der Herr der Welt ist als armes Kind geboren - Informationsseite und Seelsorgeeinheit\" \/>\n<meta property=\"og:description\" content=\"Kinderkrippenfeier und Christmette \u00fcberbringen \u201egute Nachricht\u201c von Jesu Geburt Sch\u00f6nthal. \u201eGottes Sohn ist in unsere Welt gekommen\u201c, mit dieser \u201eguten Nachricht\u201c hat Gemeindereferentin Rosa-Maria Roth die Kinderkrippenfeier und damit die Gottesdienste um das Hochfest der Geburt Jesu in der Pfarrei Sch\u00f6nthal am Heilig Abend er\u00f6ffnet. Das Wort Evangelium bedeute frohe [&hellip;]\" \/>\n<meta property=\"og:url\" content=\"https:\/\/www.kirche-sdh.de\/side\/der-herr-der-welt-ist-als-armes-kind-geboren\/\" \/>\n<meta property=\"og:site_name\" content=\"Informationsseite und Seelsorgeeinheit\" \/>\n<meta property=\"article:published_time\" content=\"2024-12-25T18:16:37+00:00\" \/>\n<meta property=\"og:image\" content=\"https:\/\/www.kirche-sdh.de\/side\/wp-content\/uploads\/IMG_4100-scaled.jpg\" \/>\n\t<meta property=\"og:image:width\" content=\"2560\" \/>\n\t<meta property=\"og:image:height\" content=\"1707\" \/>\n\t<meta property=\"og:image:type\" content=\"image\/jpeg\" \/>\n<meta name=\"author\" content=\"Martin Zangl\" \/>\n<meta name=\"twitter:card\" content=\"summary_large_image\" \/>\n<meta name=\"twitter:label1\" content=\"Verfasst von\" \/>\n\t<meta name=\"twitter:data1\" content=\"Martin Zangl\" \/>\n\t<meta name=\"twitter:label2\" content=\"Gesch\u00e4tzte Lesezeit\" \/>\n\t<meta name=\"twitter:data2\" content=\"2\u00a0Minuten\" \/>\n<script type=\"application\/ld+json\" class=\"yoast-schema-graph\">{\"@context\":\"https:\\\/\\\/schema.org\",\"@graph\":[{\"@type\":\"Article\",\"@id\":\"https:\\\/\\\/www.kirche-sdh.de\\\/side\\\/der-herr-der-welt-ist-als-armes-kind-geboren\\\/#article\",\"isPartOf\":{\"@id\":\"https:\\\/\\\/www.kirche-sdh.de\\\/side\\\/der-herr-der-welt-ist-als-armes-kind-geboren\\\/\"},\"author\":{\"name\":\"Martin Zangl\",\"@id\":\"https:\\\/\\\/www.kirche-sdh.de\\\/side\\\/#\\\/schema\\\/person\\\/e05baeb81583d4659c11ea77b24c3640\"},\"headline\":\"Der Herr der Welt ist als armes Kind geboren\",\"datePublished\":\"2024-12-25T18:16:37+00:00\",\"mainEntityOfPage\":{\"@id\":\"https:\\\/\\\/www.kirche-sdh.de\\\/side\\\/der-herr-der-welt-ist-als-armes-kind-geboren\\\/\"},\"wordCount\":490,\"publisher\":{\"@id\":\"https:\\\/\\\/www.kirche-sdh.de\\\/side\\\/#organization\"},\"image\":{\"@id\":\"https:\\\/\\\/www.kirche-sdh.de\\\/side\\\/der-herr-der-welt-ist-als-armes-kind-geboren\\\/#primaryimage\"},\"thumbnailUrl\":\"https:\\\/\\\/www.kirche-sdh.de\\\/side\\\/wp-content\\\/uploads\\\/IMG_4100-scaled.jpg\",\"articleSection\":[\"Sch\u00f6nthal\"],\"inLanguage\":\"de\"},{\"@type\":\"WebPage\",\"@id\":\"https:\\\/\\\/www.kirche-sdh.de\\\/side\\\/der-herr-der-welt-ist-als-armes-kind-geboren\\\/\",\"url\":\"https:\\\/\\\/www.kirche-sdh.de\\\/side\\\/der-herr-der-welt-ist-als-armes-kind-geboren\\\/\",\"name\":\"Der Herr der Welt ist als armes Kind geboren - Informationsseite und Seelsorgeeinheit\",\"isPartOf\":{\"@id\":\"https:\\\/\\\/www.kirche-sdh.de\\\/side\\\/#website\"},\"primaryImageOfPage\":{\"@id\":\"https:\\\/\\\/www.kirche-sdh.de\\\/side\\\/der-herr-der-welt-ist-als-armes-kind-geboren\\\/#primaryimage\"},\"image\":{\"@id\":\"https:\\\/\\\/www.kirche-sdh.de\\\/side\\\/der-herr-der-welt-ist-als-armes-kind-geboren\\\/#primaryimage\"},\"thumbnailUrl\":\"https:\\\/\\\/www.kirche-sdh.de\\\/side\\\/wp-content\\\/uploads\\\/IMG_4100-scaled.jpg\",\"datePublished\":\"2024-12-25T18:16:37+00:00\",\"breadcrumb\":{\"@id\":\"https:\\\/\\\/www.kirche-sdh.de\\\/side\\\/der-herr-der-welt-ist-als-armes-kind-geboren\\\/#breadcrumb\"},\"inLanguage\":\"de\",\"potentialAction\":[{\"@type\":\"ReadAction\",\"target\":[\"https:\\\/\\\/www.kirche-sdh.de\\\/side\\\/der-herr-der-welt-ist-als-armes-kind-geboren\\\/\"]}]},{\"@type\":\"ImageObject\",\"inLanguage\":\"de\",\"@id\":\"https:\\\/\\\/www.kirche-sdh.de\\\/side\\\/der-herr-der-welt-ist-als-armes-kind-geboren\\\/#primaryimage\",\"url\":\"https:\\\/\\\/www.kirche-sdh.de\\\/side\\\/wp-content\\\/uploads\\\/IMG_4100-scaled.jpg\",\"contentUrl\":\"https:\\\/\\\/www.kirche-sdh.de\\\/side\\\/wp-content\\\/uploads\\\/IMG_4100-scaled.jpg\",\"width\":2560,\"height\":1707},{\"@type\":\"BreadcrumbList\",\"@id\":\"https:\\\/\\\/www.kirche-sdh.de\\\/side\\\/der-herr-der-welt-ist-als-armes-kind-geboren\\\/#breadcrumb\",\"itemListElement\":[{\"@type\":\"ListItem\",\"position\":1,\"name\":\"Startseite\",\"item\":\"https:\\\/\\\/www.kirche-sdh.de\\\/side\\\/\"},{\"@type\":\"ListItem\",\"position\":2,\"name\":\"Der Herr der Welt ist als armes Kind geboren\"}]},{\"@type\":\"WebSite\",\"@id\":\"https:\\\/\\\/www.kirche-sdh.de\\\/side\\\/#website\",\"url\":\"https:\\\/\\\/www.kirche-sdh.de\\\/side\\\/\",\"name\":\"Informationsseite und Seelsorgeeinheit\",\"description\":\"Informationsseite und Seelsorgeeinheit\",\"publisher\":{\"@id\":\"https:\\\/\\\/www.kirche-sdh.de\\\/side\\\/#organization\"},\"potentialAction\":[{\"@type\":\"SearchAction\",\"target\":{\"@type\":\"EntryPoint\",\"urlTemplate\":\"https:\\\/\\\/www.kirche-sdh.de\\\/side\\\/?s={search_term_string}\"},\"query-input\":{\"@type\":\"PropertyValueSpecification\",\"valueRequired\":true,\"valueName\":\"search_term_string\"}}],\"inLanguage\":\"de\"},{\"@type\":\"Organization\",\"@id\":\"https:\\\/\\\/www.kirche-sdh.de\\\/side\\\/#organization\",\"name\":\"Informationsseite und Seelsorgeeinheit\",\"url\":\"https:\\\/\\\/www.kirche-sdh.de\\\/side\\\/\",\"logo\":{\"@type\":\"ImageObject\",\"inLanguage\":\"de\",\"@id\":\"https:\\\/\\\/www.kirche-sdh.de\\\/side\\\/#\\\/schema\\\/logo\\\/image\\\/\",\"url\":\"https:\\\/\\\/www.kirche-sdh.de\\\/side\\\/wp-content\\\/uploads\\\/2017\\\/12\\\/kirche-logos.png\",\"contentUrl\":\"https:\\\/\\\/www.kirche-sdh.de\\\/side\\\/wp-content\\\/uploads\\\/2017\\\/12\\\/kirche-logos.png\",\"width\":438,\"height\":191,\"caption\":\"Informationsseite und Seelsorgeeinheit\"},\"image\":{\"@id\":\"https:\\\/\\\/www.kirche-sdh.de\\\/side\\\/#\\\/schema\\\/logo\\\/image\\\/\"}},{\"@type\":\"Person\",\"@id\":\"https:\\\/\\\/www.kirche-sdh.de\\\/side\\\/#\\\/schema\\\/person\\\/e05baeb81583d4659c11ea77b24c3640\",\"name\":\"Martin Zangl\",\"url\":\"https:\\\/\\\/www.kirche-sdh.de\\\/side\\\/author\\\/zangl\\\/\"}]}<\/script>\n<!-- \/ Yoast SEO plugin. -->","yoast_head_json":{"title":"Der Herr der Welt ist als armes Kind geboren - Informationsseite und Seelsorgeeinheit","robots":{"index":"index","follow":"follow","max-snippet":"max-snippet:-1","max-image-preview":"max-image-preview:large","max-video-preview":"max-video-preview:-1"},"canonical":"https:\/\/www.kirche-sdh.de\/side\/der-herr-der-welt-ist-als-armes-kind-geboren\/","og_locale":"de_DE","og_type":"article","og_title":"Der Herr der Welt ist als armes Kind geboren - Informationsseite und Seelsorgeeinheit","og_description":"Kinderkrippenfeier und Christmette \u00fcberbringen \u201egute Nachricht\u201c von Jesu Geburt Sch\u00f6nthal. \u201eGottes Sohn ist in unsere Welt gekommen\u201c, mit dieser \u201eguten Nachricht\u201c hat Gemeindereferentin Rosa-Maria Roth die Kinderkrippenfeier und damit die Gottesdienste um das Hochfest der Geburt Jesu in der Pfarrei Sch\u00f6nthal am Heilig Abend er\u00f6ffnet. Das Wort Evangelium bedeute frohe [&hellip;]","og_url":"https:\/\/www.kirche-sdh.de\/side\/der-herr-der-welt-ist-als-armes-kind-geboren\/","og_site_name":"Informationsseite und Seelsorgeeinheit","article_published_time":"2024-12-25T18:16:37+00:00","og_image":[{"width":2560,"height":1707,"url":"https:\/\/www.kirche-sdh.de\/side\/wp-content\/uploads\/IMG_4100-scaled.jpg","type":"image\/jpeg"}],"author":"Martin Zangl","twitter_card":"summary_large_image","twitter_misc":{"Verfasst von":"Martin Zangl","Gesch\u00e4tzte Lesezeit":"2\u00a0Minuten"},"schema":{"@context":"https:\/\/schema.org","@graph":[{"@type":"Article","@id":"https:\/\/www.kirche-sdh.de\/side\/der-herr-der-welt-ist-als-armes-kind-geboren\/#article","isPartOf":{"@id":"https:\/\/www.kirche-sdh.de\/side\/der-herr-der-welt-ist-als-armes-kind-geboren\/"},"author":{"name":"Martin Zangl","@id":"https:\/\/www.kirche-sdh.de\/side\/#\/schema\/person\/e05baeb81583d4659c11ea77b24c3640"},"headline":"Der Herr der Welt ist als armes Kind geboren","datePublished":"2024-12-25T18:16:37+00:00","mainEntityOfPage":{"@id":"https:\/\/www.kirche-sdh.de\/side\/der-herr-der-welt-ist-als-armes-kind-geboren\/"},"wordCount":490,"publisher":{"@id":"https:\/\/www.kirche-sdh.de\/side\/#organization"},"image":{"@id":"https:\/\/www.kirche-sdh.de\/side\/der-herr-der-welt-ist-als-armes-kind-geboren\/#primaryimage"},"thumbnailUrl":"https:\/\/www.kirche-sdh.de\/side\/wp-content\/uploads\/IMG_4100-scaled.jpg","articleSection":["Sch\u00f6nthal"],"inLanguage":"de"},{"@type":"WebPage","@id":"https:\/\/www.kirche-sdh.de\/side\/der-herr-der-welt-ist-als-armes-kind-geboren\/","url":"https:\/\/www.kirche-sdh.de\/side\/der-herr-der-welt-ist-als-armes-kind-geboren\/","name":"Der Herr der Welt ist als armes Kind geboren - Informationsseite und Seelsorgeeinheit","isPartOf":{"@id":"https:\/\/www.kirche-sdh.de\/side\/#website"},"primaryImageOfPage":{"@id":"https:\/\/www.kirche-sdh.de\/side\/der-herr-der-welt-ist-als-armes-kind-geboren\/#primaryimage"},"image":{"@id":"https:\/\/www.kirche-sdh.de\/side\/der-herr-der-welt-ist-als-armes-kind-geboren\/#primaryimage"},"thumbnailUrl":"https:\/\/www.kirche-sdh.de\/side\/wp-content\/uploads\/IMG_4100-scaled.jpg","datePublished":"2024-12-25T18:16:37+00:00","breadcrumb":{"@id":"https:\/\/www.kirche-sdh.de\/side\/der-herr-der-welt-ist-als-armes-kind-geboren\/#breadcrumb"},"inLanguage":"de","potentialAction":[{"@type":"ReadAction","target":["https:\/\/www.kirche-sdh.de\/side\/der-herr-der-welt-ist-als-armes-kind-geboren\/"]}]},{"@type":"ImageObject","inLanguage":"de","@id":"https:\/\/www.kirche-sdh.de\/side\/der-herr-der-welt-ist-als-armes-kind-geboren\/#primaryimage","url":"https:\/\/www.kirche-sdh.de\/side\/wp-content\/uploads\/IMG_4100-scaled.jpg","contentUrl":"https:\/\/www.kirche-sdh.de\/side\/wp-content\/uploads\/IMG_4100-scaled.jpg","width":2560,"height":1707},{"@type":"BreadcrumbList","@id":"https:\/\/www.kirche-sdh.de\/side\/der-herr-der-welt-ist-als-armes-kind-geboren\/#breadcrumb","itemListElement":[{"@type":"ListItem","position":1,"name":"Startseite","item":"https:\/\/www.kirche-sdh.de\/side\/"},{"@type":"ListItem","position":2,"name":"Der Herr der Welt ist als armes Kind geboren"}]},{"@type":"WebSite","@id":"https:\/\/www.kirche-sdh.de\/side\/#website","url":"https:\/\/www.kirche-sdh.de\/side\/","name":"Informationsseite und Seelsorgeeinheit","description":"Informationsseite und Seelsorgeeinheit","publisher":{"@id":"https:\/\/www.kirche-sdh.de\/side\/#organization"},"potentialAction":[{"@type":"SearchAction","target":{"@type":"EntryPoint","urlTemplate":"https:\/\/www.kirche-sdh.de\/side\/?s={search_term_string}"},"query-input":{"@type":"PropertyValueSpecification","valueRequired":true,"valueName":"search_term_string"}}],"inLanguage":"de"},{"@type":"Organization","@id":"https:\/\/www.kirche-sdh.de\/side\/#organization","name":"Informationsseite und Seelsorgeeinheit","url":"https:\/\/www.kirche-sdh.de\/side\/","logo":{"@type":"ImageObject","inLanguage":"de","@id":"https:\/\/www.kirche-sdh.de\/side\/#\/schema\/logo\/image\/","url":"https:\/\/www.kirche-sdh.de\/side\/wp-content\/uploads\/2017\/12\/kirche-logos.png","contentUrl":"https:\/\/www.kirche-sdh.de\/side\/wp-content\/uploads\/2017\/12\/kirche-logos.png","width":438,"height":191,"caption":"Informationsseite und Seelsorgeeinheit"},"image":{"@id":"https:\/\/www.kirche-sdh.de\/side\/#\/schema\/logo\/image\/"}},{"@type":"Person","@id":"https:\/\/www.kirche-sdh.de\/side\/#\/schema\/person\/e05baeb81583d4659c11ea77b24c3640","name":"Martin Zangl","url":"https:\/\/www.kirche-sdh.de\/side\/author\/zangl\/"}]}},"_links":{"self":[{"href":"https:\/\/www.kirche-sdh.de\/side\/wp-json\/wp\/v2\/posts\/19800","targetHints":{"allow":["GET"]}}],"collection":[{"href":"https:\/\/www.kirche-sdh.de\/side\/wp-json\/wp\/v2\/posts"}],"about":[{"href":"https:\/\/www.kirche-sdh.de\/side\/wp-json\/wp\/v2\/types\/post"}],"author":[{"embeddable":true,"href":"https:\/\/www.kirche-sdh.de\/side\/wp-json\/wp\/v2\/users\/3"}],"replies":[{"embeddable":true,"href":"https:\/\/www.kirche-sdh.de\/side\/wp-json\/wp\/v2\/comments?post=19800"}],"version-history":[{"count":0,"href":"https:\/\/www.kirche-sdh.de\/side\/wp-json\/wp\/v2\/posts\/19800\/revisions"}],"wp:featuredmedia":[{"embeddable":true,"href":"https:\/\/www.kirche-sdh.de\/side\/wp-json\/wp\/v2\/media\/19802"}],"wp:attachment":[{"href":"https:\/\/www.kirche-sdh.de\/side\/wp-json\/wp\/v2\/media?parent=19800"}],"wp:term":[{"taxonomy":"category","embeddable":true,"href":"https:\/\/www.kirche-sdh.de\/side\/wp-json\/wp\/v2\/categories?post=19800"},{"taxonomy":"post_tag","embeddable":true,"href":"https:\/\/www.kirche-sdh.de\/side\/wp-json\/wp\/v2\/tags?post=19800"}],"curies":[{"name":"wp","href":"https:\/\/api.w.org\/{rel}","templated":true}]}}