{"id":19713,"date":"2024-11-16T09:39:07","date_gmt":"2024-11-16T08:39:07","guid":{"rendered":"https:\/\/www.kirche-sdh.de\/side\/?p=19713"},"modified":"2024-11-16T09:39:07","modified_gmt":"2024-11-16T08:39:07","slug":"kirche-verwalten-zukunft-gestalten","status":"publish","type":"post","link":"https:\/\/www.kirche-sdh.de\/side\/kirche-verwalten-zukunft-gestalten\/","title":{"rendered":"\u00a0Kirche verwalten \u2013 Zukunft gestalten"},"content":{"rendered":"<p><strong>Kirchenverwaltungswahlen am 23. und 24. November in der Pfarreiengemeinschaft Sch\u00f6nthal, D\u00f6fering, Hiltersried<\/strong><\/p>\n<p><strong>Sch\u00f6nthal\/D\u00f6fering\/Hiltersried<\/strong>. Am kommenden Wochenende, Samstag, 23. November und Sonntag, 24. November steht in den Pfarrgemeinden die Kirchenverwaltungswahl an. Die Kirchenverwaltungen zeigen sich f\u00fcr alle Verm\u00f6gensangelegenheiten verantwortlich und k\u00fcmmern sich unter anderem um die Planung, Errichtung, Ausstattung und den Unterhalt der Kirchen und der Geb\u00e4ude in den Kirchengemeinden. Die Kirchenverwaltung besteht aus dem Pfarrer als Kirchenverwaltungsvorstand und den Kirchenverwaltungsmitgliedern. Die Amtszeit der Kirchenverwaltungsmitglieder betr\u00e4gt sechs Jahre.<\/p>\n<p>In den Pfarreien der Pfarreiengemeinschaft Sch\u00f6nthal, D\u00f6fering und Hiltersried haben sich ausreichend Kandidaten zur Wahl bereit erkl\u00e4rt. Dies sind in der Pfarrei Sch\u00f6nthal Andrea Bruckm\u00fcller aus \u00d6d, Maria Greil, Hans Rampf, Andreas Riederer und Martin Zangl aus Sch\u00f6nthal sowie Anna Zwicknagl aus Flischbach. In der Pfarrei D\u00f6fering sind die Kandidaten Roland Dirscherl und Josef Schneider aus D\u00f6fering, Alois Gschwendtner aus Haschaberg und Christian Piendl aus Rhan. F\u00fcr die Pfarrei Hiltersried kandidieren Benedikt Dirscherl und Stefan R\u00f6tzer aus Hiltersried, Stefanie Pl\u00f6tz aus Loitendorf und Katrin Wagner aus Stein.<\/p>\n<p>Die Wahlzeiten sind in Sch\u00f6nthal am Sonntag, 24.11.2024 von 08:00 \u2013 08:30 Uhr und von 09:30 \u2013 13.00 Uhr. Wahlort ist das Pfarr- und Jugendheim. In D\u00f6fering wird bereits Samstag, 23.11.2024 vor dem Gottesdienst von 15:00 \u2013 15:45 Uhr sowie danach von 17:00 \u2013 18:00 Uhr und am Sonntag, 24.11.2024 von 09:30 \u2013 11:00 Uhr im Pfarrheim gew\u00e4hlt. In der Pfarrei Hiltersried ist die Stimmenabgabe am Sonntag, 24.11.2024 von 09:00 \u2013 10:00 Uhr und von 10:45 \u2013 13:00 Uhr im Mehrgenerationenhaus m\u00f6glich. W\u00e4hrend der Gottesdienste sind die Wahllokale geschlossen.<\/p>\n<p>Es sind pro Pfarrei jeweils vier Kirchenverwaltungsmitglieder zu w\u00e4hlen. Wahlberechtigt sind alle Katholiken ab 18 Jahre. Briefwahlunterlagen k\u00f6nnen im Pfarrb\u00fcro zu den jeweiligen \u00d6ffnungszeiten abgeholt werden.<\/p>\n","protected":false},"excerpt":{"rendered":"<p>Kirchenverwaltungswahlen am 23. und 24. November in der Pfarreiengemeinschaft Sch\u00f6nthal, D\u00f6fering, Hiltersried Sch\u00f6nthal\/D\u00f6fering\/Hiltersried. Am kommenden Wochenende, Samstag, 23. November und Sonntag, 24. November steht in den Pfarrgemeinden die Kirchenverwaltungswahl an. Die Kirchenverwaltungen zeigen sich f\u00fcr alle Verm\u00f6gensangelegenheiten verantwortlich und k\u00fcmmern sich unter anderem um die Planung, Errichtung, Ausstattung und den [&hellip;]<\/p>\n","protected":false},"author":3,"featured_media":0,"comment_status":"closed","ping_status":"closed","sticky":true,"template":"","format":"standard","meta":{"footnotes":""},"categories":[51],"tags":[],"class_list":["post-19713","post","type-post","status-publish","format-standard","hentry","category-schoenthal-doefering-hiltersried"],"yoast_head":"<!-- This site is optimized with the Yoast SEO plugin v27.5 - https:\/\/yoast.com\/product\/yoast-seo-wordpress\/ -->\n<title>\u00a0Kirche verwalten \u2013 Zukunft gestalten - Informationsseite und Seelsorgeeinheit<\/title>\n<meta name=\"robots\" content=\"index, follow, max-snippet:-1, max-image-preview:large, max-video-preview:-1\" \/>\n<link rel=\"canonical\" href=\"https:\/\/www.kirche-sdh.de\/side\/kirche-verwalten-zukunft-gestalten\/\" \/>\n<meta property=\"og:locale\" content=\"de_DE\" \/>\n<meta property=\"og:type\" content=\"article\" \/>\n<meta property=\"og:title\" content=\"\u00a0Kirche verwalten \u2013 Zukunft gestalten - Informationsseite und Seelsorgeeinheit\" \/>\n<meta property=\"og:description\" content=\"Kirchenverwaltungswahlen am 23. und 24. November in der Pfarreiengemeinschaft Sch\u00f6nthal, D\u00f6fering, Hiltersried Sch\u00f6nthal\/D\u00f6fering\/Hiltersried. Am kommenden Wochenende, Samstag, 23. November und Sonntag, 24. November steht in den Pfarrgemeinden die Kirchenverwaltungswahl an. Die Kirchenverwaltungen zeigen sich f\u00fcr alle Verm\u00f6gensangelegenheiten verantwortlich und k\u00fcmmern sich unter anderem um die Planung, Errichtung, Ausstattung und den [&hellip;]\" \/>\n<meta property=\"og:url\" content=\"https:\/\/www.kirche-sdh.de\/side\/kirche-verwalten-zukunft-gestalten\/\" \/>\n<meta property=\"og:site_name\" content=\"Informationsseite und Seelsorgeeinheit\" \/>\n<meta property=\"article:published_time\" content=\"2024-11-16T08:39:07+00:00\" \/>\n<meta name=\"author\" content=\"Martin Zangl\" \/>\n<meta name=\"twitter:card\" content=\"summary_large_image\" \/>\n<meta name=\"twitter:label1\" content=\"Verfasst von\" \/>\n\t<meta name=\"twitter:data1\" content=\"Martin Zangl\" \/>\n\t<meta name=\"twitter:label2\" content=\"Gesch\u00e4tzte Lesezeit\" \/>\n\t<meta name=\"twitter:data2\" content=\"1\u00a0Minute\" \/>\n<script type=\"application\/ld+json\" class=\"yoast-schema-graph\">{\"@context\":\"https:\\\/\\\/schema.org\",\"@graph\":[{\"@type\":\"Article\",\"@id\":\"https:\\\/\\\/www.kirche-sdh.de\\\/side\\\/kirche-verwalten-zukunft-gestalten\\\/#article\",\"isPartOf\":{\"@id\":\"https:\\\/\\\/www.kirche-sdh.de\\\/side\\\/kirche-verwalten-zukunft-gestalten\\\/\"},\"author\":{\"name\":\"Martin Zangl\",\"@id\":\"https:\\\/\\\/www.kirche-sdh.de\\\/side\\\/#\\\/schema\\\/person\\\/e05baeb81583d4659c11ea77b24c3640\"},\"headline\":\"\u00a0Kirche verwalten \u2013 Zukunft gestalten\",\"datePublished\":\"2024-11-16T08:39:07+00:00\",\"mainEntityOfPage\":{\"@id\":\"https:\\\/\\\/www.kirche-sdh.de\\\/side\\\/kirche-verwalten-zukunft-gestalten\\\/\"},\"wordCount\":283,\"publisher\":{\"@id\":\"https:\\\/\\\/www.kirche-sdh.de\\\/side\\\/#organization\"},\"articleSection\":[\"Sch\u00f6nthal\\\/D\u00f6fering\\\/Hiltersried\"],\"inLanguage\":\"de\"},{\"@type\":\"WebPage\",\"@id\":\"https:\\\/\\\/www.kirche-sdh.de\\\/side\\\/kirche-verwalten-zukunft-gestalten\\\/\",\"url\":\"https:\\\/\\\/www.kirche-sdh.de\\\/side\\\/kirche-verwalten-zukunft-gestalten\\\/\",\"name\":\"\u00a0Kirche verwalten \u2013 Zukunft gestalten - Informationsseite und Seelsorgeeinheit\",\"isPartOf\":{\"@id\":\"https:\\\/\\\/www.kirche-sdh.de\\\/side\\\/#website\"},\"datePublished\":\"2024-11-16T08:39:07+00:00\",\"breadcrumb\":{\"@id\":\"https:\\\/\\\/www.kirche-sdh.de\\\/side\\\/kirche-verwalten-zukunft-gestalten\\\/#breadcrumb\"},\"inLanguage\":\"de\",\"potentialAction\":[{\"@type\":\"ReadAction\",\"target\":[\"https:\\\/\\\/www.kirche-sdh.de\\\/side\\\/kirche-verwalten-zukunft-gestalten\\\/\"]}]},{\"@type\":\"BreadcrumbList\",\"@id\":\"https:\\\/\\\/www.kirche-sdh.de\\\/side\\\/kirche-verwalten-zukunft-gestalten\\\/#breadcrumb\",\"itemListElement\":[{\"@type\":\"ListItem\",\"position\":1,\"name\":\"Startseite\",\"item\":\"https:\\\/\\\/www.kirche-sdh.de\\\/side\\\/\"},{\"@type\":\"ListItem\",\"position\":2,\"name\":\"\u00a0Kirche verwalten \u2013 Zukunft gestalten\"}]},{\"@type\":\"WebSite\",\"@id\":\"https:\\\/\\\/www.kirche-sdh.de\\\/side\\\/#website\",\"url\":\"https:\\\/\\\/www.kirche-sdh.de\\\/side\\\/\",\"name\":\"Informationsseite und Seelsorgeeinheit\",\"description\":\"Informationsseite und Seelsorgeeinheit\",\"publisher\":{\"@id\":\"https:\\\/\\\/www.kirche-sdh.de\\\/side\\\/#organization\"},\"potentialAction\":[{\"@type\":\"SearchAction\",\"target\":{\"@type\":\"EntryPoint\",\"urlTemplate\":\"https:\\\/\\\/www.kirche-sdh.de\\\/side\\\/?s={search_term_string}\"},\"query-input\":{\"@type\":\"PropertyValueSpecification\",\"valueRequired\":true,\"valueName\":\"search_term_string\"}}],\"inLanguage\":\"de\"},{\"@type\":\"Organization\",\"@id\":\"https:\\\/\\\/www.kirche-sdh.de\\\/side\\\/#organization\",\"name\":\"Informationsseite und Seelsorgeeinheit\",\"url\":\"https:\\\/\\\/www.kirche-sdh.de\\\/side\\\/\",\"logo\":{\"@type\":\"ImageObject\",\"inLanguage\":\"de\",\"@id\":\"https:\\\/\\\/www.kirche-sdh.de\\\/side\\\/#\\\/schema\\\/logo\\\/image\\\/\",\"url\":\"https:\\\/\\\/www.kirche-sdh.de\\\/side\\\/wp-content\\\/uploads\\\/2017\\\/12\\\/kirche-logos.png\",\"contentUrl\":\"https:\\\/\\\/www.kirche-sdh.de\\\/side\\\/wp-content\\\/uploads\\\/2017\\\/12\\\/kirche-logos.png\",\"width\":438,\"height\":191,\"caption\":\"Informationsseite und Seelsorgeeinheit\"},\"image\":{\"@id\":\"https:\\\/\\\/www.kirche-sdh.de\\\/side\\\/#\\\/schema\\\/logo\\\/image\\\/\"}},{\"@type\":\"Person\",\"@id\":\"https:\\\/\\\/www.kirche-sdh.de\\\/side\\\/#\\\/schema\\\/person\\\/e05baeb81583d4659c11ea77b24c3640\",\"name\":\"Martin Zangl\",\"url\":\"https:\\\/\\\/www.kirche-sdh.de\\\/side\\\/author\\\/zangl\\\/\"}]}<\/script>\n<!-- \/ Yoast SEO plugin. -->","yoast_head_json":{"title":"\u00a0Kirche verwalten \u2013 Zukunft gestalten - Informationsseite und Seelsorgeeinheit","robots":{"index":"index","follow":"follow","max-snippet":"max-snippet:-1","max-image-preview":"max-image-preview:large","max-video-preview":"max-video-preview:-1"},"canonical":"https:\/\/www.kirche-sdh.de\/side\/kirche-verwalten-zukunft-gestalten\/","og_locale":"de_DE","og_type":"article","og_title":"\u00a0Kirche verwalten \u2013 Zukunft gestalten - Informationsseite und Seelsorgeeinheit","og_description":"Kirchenverwaltungswahlen am 23. und 24. November in der Pfarreiengemeinschaft Sch\u00f6nthal, D\u00f6fering, Hiltersried Sch\u00f6nthal\/D\u00f6fering\/Hiltersried. Am kommenden Wochenende, Samstag, 23. November und Sonntag, 24. November steht in den Pfarrgemeinden die Kirchenverwaltungswahl an. Die Kirchenverwaltungen zeigen sich f\u00fcr alle Verm\u00f6gensangelegenheiten verantwortlich und k\u00fcmmern sich unter anderem um die Planung, Errichtung, Ausstattung und den [&hellip;]","og_url":"https:\/\/www.kirche-sdh.de\/side\/kirche-verwalten-zukunft-gestalten\/","og_site_name":"Informationsseite und Seelsorgeeinheit","article_published_time":"2024-11-16T08:39:07+00:00","author":"Martin Zangl","twitter_card":"summary_large_image","twitter_misc":{"Verfasst von":"Martin Zangl","Gesch\u00e4tzte Lesezeit":"1\u00a0Minute"},"schema":{"@context":"https:\/\/schema.org","@graph":[{"@type":"Article","@id":"https:\/\/www.kirche-sdh.de\/side\/kirche-verwalten-zukunft-gestalten\/#article","isPartOf":{"@id":"https:\/\/www.kirche-sdh.de\/side\/kirche-verwalten-zukunft-gestalten\/"},"author":{"name":"Martin Zangl","@id":"https:\/\/www.kirche-sdh.de\/side\/#\/schema\/person\/e05baeb81583d4659c11ea77b24c3640"},"headline":"\u00a0Kirche verwalten \u2013 Zukunft gestalten","datePublished":"2024-11-16T08:39:07+00:00","mainEntityOfPage":{"@id":"https:\/\/www.kirche-sdh.de\/side\/kirche-verwalten-zukunft-gestalten\/"},"wordCount":283,"publisher":{"@id":"https:\/\/www.kirche-sdh.de\/side\/#organization"},"articleSection":["Sch\u00f6nthal\/D\u00f6fering\/Hiltersried"],"inLanguage":"de"},{"@type":"WebPage","@id":"https:\/\/www.kirche-sdh.de\/side\/kirche-verwalten-zukunft-gestalten\/","url":"https:\/\/www.kirche-sdh.de\/side\/kirche-verwalten-zukunft-gestalten\/","name":"\u00a0Kirche verwalten \u2013 Zukunft gestalten - Informationsseite und Seelsorgeeinheit","isPartOf":{"@id":"https:\/\/www.kirche-sdh.de\/side\/#website"},"datePublished":"2024-11-16T08:39:07+00:00","breadcrumb":{"@id":"https:\/\/www.kirche-sdh.de\/side\/kirche-verwalten-zukunft-gestalten\/#breadcrumb"},"inLanguage":"de","potentialAction":[{"@type":"ReadAction","target":["https:\/\/www.kirche-sdh.de\/side\/kirche-verwalten-zukunft-gestalten\/"]}]},{"@type":"BreadcrumbList","@id":"https:\/\/www.kirche-sdh.de\/side\/kirche-verwalten-zukunft-gestalten\/#breadcrumb","itemListElement":[{"@type":"ListItem","position":1,"name":"Startseite","item":"https:\/\/www.kirche-sdh.de\/side\/"},{"@type":"ListItem","position":2,"name":"\u00a0Kirche verwalten \u2013 Zukunft gestalten"}]},{"@type":"WebSite","@id":"https:\/\/www.kirche-sdh.de\/side\/#website","url":"https:\/\/www.kirche-sdh.de\/side\/","name":"Informationsseite und Seelsorgeeinheit","description":"Informationsseite und Seelsorgeeinheit","publisher":{"@id":"https:\/\/www.kirche-sdh.de\/side\/#organization"},"potentialAction":[{"@type":"SearchAction","target":{"@type":"EntryPoint","urlTemplate":"https:\/\/www.kirche-sdh.de\/side\/?s={search_term_string}"},"query-input":{"@type":"PropertyValueSpecification","valueRequired":true,"valueName":"search_term_string"}}],"inLanguage":"de"},{"@type":"Organization","@id":"https:\/\/www.kirche-sdh.de\/side\/#organization","name":"Informationsseite und Seelsorgeeinheit","url":"https:\/\/www.kirche-sdh.de\/side\/","logo":{"@type":"ImageObject","inLanguage":"de","@id":"https:\/\/www.kirche-sdh.de\/side\/#\/schema\/logo\/image\/","url":"https:\/\/www.kirche-sdh.de\/side\/wp-content\/uploads\/2017\/12\/kirche-logos.png","contentUrl":"https:\/\/www.kirche-sdh.de\/side\/wp-content\/uploads\/2017\/12\/kirche-logos.png","width":438,"height":191,"caption":"Informationsseite und Seelsorgeeinheit"},"image":{"@id":"https:\/\/www.kirche-sdh.de\/side\/#\/schema\/logo\/image\/"}},{"@type":"Person","@id":"https:\/\/www.kirche-sdh.de\/side\/#\/schema\/person\/e05baeb81583d4659c11ea77b24c3640","name":"Martin Zangl","url":"https:\/\/www.kirche-sdh.de\/side\/author\/zangl\/"}]}},"_links":{"self":[{"href":"https:\/\/www.kirche-sdh.de\/side\/wp-json\/wp\/v2\/posts\/19713","targetHints":{"allow":["GET"]}}],"collection":[{"href":"https:\/\/www.kirche-sdh.de\/side\/wp-json\/wp\/v2\/posts"}],"about":[{"href":"https:\/\/www.kirche-sdh.de\/side\/wp-json\/wp\/v2\/types\/post"}],"author":[{"embeddable":true,"href":"https:\/\/www.kirche-sdh.de\/side\/wp-json\/wp\/v2\/users\/3"}],"replies":[{"embeddable":true,"href":"https:\/\/www.kirche-sdh.de\/side\/wp-json\/wp\/v2\/comments?post=19713"}],"version-history":[{"count":0,"href":"https:\/\/www.kirche-sdh.de\/side\/wp-json\/wp\/v2\/posts\/19713\/revisions"}],"wp:attachment":[{"href":"https:\/\/www.kirche-sdh.de\/side\/wp-json\/wp\/v2\/media?parent=19713"}],"wp:term":[{"taxonomy":"category","embeddable":true,"href":"https:\/\/www.kirche-sdh.de\/side\/wp-json\/wp\/v2\/categories?post=19713"},{"taxonomy":"post_tag","embeddable":true,"href":"https:\/\/www.kirche-sdh.de\/side\/wp-json\/wp\/v2\/tags?post=19713"}],"curies":[{"name":"wp","href":"https:\/\/api.w.org\/{rel}","templated":true}]}}