{"id":19710,"date":"2024-11-13T22:43:58","date_gmt":"2024-11-13T21:43:58","guid":{"rendered":"https:\/\/www.kirche-sdh.de\/side\/?p=19710"},"modified":"2024-11-13T22:43:58","modified_gmt":"2024-11-13T21:43:58","slug":"st-martin-war-ein-guter-mann","status":"publish","type":"post","link":"https:\/\/www.kirche-sdh.de\/side\/st-martin-war-ein-guter-mann\/","title":{"rendered":"St. Martin war ein guter Mann"},"content":{"rendered":"<p><strong>Martinsfeier des Sch\u00f6nthaler Kinderhauses \u2013 Heiliger Martin ein Vorbild f\u00fcr alle<\/strong><\/p>\n<p><strong>Sch\u00f6nthal. <\/strong>Das Sch\u00f6nthaler Kinderhaus hat in einer Martinsfeier am Folgetag zum Namenstag dem Heiligen Martin gedacht. Den Beginn machte ein Wortgottesdienst in der Sch\u00f6nthaler Pfarrkirche gefolgt von einem sich anschlie\u00dfenden Martinsumzug zum Kinderhaus und Bewirtung im Kinderhausgarten. Der Heilige Martin habe durch sein Wirken Licht in die dunkle Welt gebracht und werde seither als Vorbild verehrt f\u00fchrte Pfarrer Alfons Eder in die Andacht ein und begr\u00fc\u00dfte die Kinder mit ihren Laternen. Die leuchtenden Laternen w\u00fcrden symbolisch f\u00fcr dieses Licht des Heiligen Martin stehen.<\/p>\n<p><img loading=\"lazy\" decoding=\"async\" src=\"https:\/\/www.kirche-sdh.de\/side\/wp-content\/uploads\/IMG_3838-scaled.jpg\" alt=\"\" width=\"1707\" height=\"2560\" class=\"alignnone size-full wp-image-19708\" srcset=\"https:\/\/www.kirche-sdh.de\/side\/wp-content\/uploads\/IMG_3838-scaled.jpg 1707w, https:\/\/www.kirche-sdh.de\/side\/wp-content\/uploads\/IMG_3838-200x300.jpg 200w, https:\/\/www.kirche-sdh.de\/side\/wp-content\/uploads\/IMG_3838-683x1024.jpg 683w, https:\/\/www.kirche-sdh.de\/side\/wp-content\/uploads\/IMG_3838-768x1152.jpg 768w, https:\/\/www.kirche-sdh.de\/side\/wp-content\/uploads\/IMG_3838-1024x1536.jpg 1024w, https:\/\/www.kirche-sdh.de\/side\/wp-content\/uploads\/IMG_3838-1365x2048.jpg 1365w\" sizes=\"auto, (max-width: 1707px) 100vw, 1707px\" \/><\/p>\n<p>Diesen Vorbildgedanken griffen die Kinder in ihren Liedern und vorgetragenen Gebeten immer wieder neu auf. \u201eLass uns teilen\u201c, \u201eEin bisschen wie Sankt Martin sein\u201c oder &#8222;Liebt einander, helft einander, teilt miteinander euer Brot&#8220; w\u00fcnschten sich die M\u00e4dchen und Jungen in ihren Liedern. Die Legende des heiligen Martin mit der Mantelteilung spielten Lukas als Heiliger Martin und Bastian als Bettler begleitet von der von Leiterin Martina Stra\u00dfburger gelesenen Erz\u00e4hlung \u201eSt. Martin war ein guter Mann\u201c nach. So wie der heilige Martin zu sein, sich gegenseitig zu helfen und immer wieder froh zu machen erbaten die Vorschulkinder in ihren F\u00fcrbitten nicht aber ohne f\u00fcr Eltern, Geschwister und Freunde zu danken. Zum Abschluss der von vielen sch\u00f6nen Martinsliedern umrahmten Andacht sprach Pfarrer Alfons Eder ein Segensgebet \u00fcber die Kinder, damit sie in ihrer Freude andere Menschen froh machen k\u00f6nnten.<\/p>\n<p><img loading=\"lazy\" decoding=\"async\" src=\"https:\/\/www.kirche-sdh.de\/side\/wp-content\/uploads\/IMG_3851-scaled.jpg\" alt=\"\" width=\"2560\" height=\"1707\" class=\"alignnone size-full wp-image-19707\" srcset=\"https:\/\/www.kirche-sdh.de\/side\/wp-content\/uploads\/IMG_3851-scaled.jpg 2560w, https:\/\/www.kirche-sdh.de\/side\/wp-content\/uploads\/IMG_3851-300x200.jpg 300w, https:\/\/www.kirche-sdh.de\/side\/wp-content\/uploads\/IMG_3851-1024x683.jpg 1024w, https:\/\/www.kirche-sdh.de\/side\/wp-content\/uploads\/IMG_3851-768x512.jpg 768w, https:\/\/www.kirche-sdh.de\/side\/wp-content\/uploads\/IMG_3851-1536x1024.jpg 1536w, https:\/\/www.kirche-sdh.de\/side\/wp-content\/uploads\/IMG_3851-2048x1365.jpg 2048w, https:\/\/www.kirche-sdh.de\/side\/wp-content\/uploads\/IMG_3851-360x240.jpg 360w\" sizes=\"auto, (max-width: 2560px) 100vw, 2560px\" \/><\/p>\n<p>Angef\u00fchrt vom Heiligen Martin auf seinem Pferd f\u00fchrte der Martinszug singend zum Kinderhaus. Dort sorgte der Elternbeirat zum gem\u00fctlichen Ausklang f\u00fcr Bewirtung mit Gl\u00fchwein und Kinderpunsch sowie kalten Getr\u00e4nken und zum Essen Brezen und warmen Leberk\u00e4sesemmeln. Zum Aufw\u00e4rmen sorgte ein Martinsfeuer f\u00fcr angenehme W\u00e4rme. An die Kinder wurden aus Brezenteig gebackene Martinsschwerter, die Pfarrer Eder in der Andacht ebenfalls gesegnet hatte, verteilt.<\/p>\n<p><img loading=\"lazy\" decoding=\"async\" src=\"https:\/\/www.kirche-sdh.de\/side\/wp-content\/uploads\/IMG_3861-scaled.jpg\" alt=\"\" width=\"2334\" height=\"2560\" class=\"alignnone size-full wp-image-19709\" srcset=\"https:\/\/www.kirche-sdh.de\/side\/wp-content\/uploads\/IMG_3861-scaled.jpg 2334w, https:\/\/www.kirche-sdh.de\/side\/wp-content\/uploads\/IMG_3861-273x300.jpg 273w, https:\/\/www.kirche-sdh.de\/side\/wp-content\/uploads\/IMG_3861-933x1024.jpg 933w, https:\/\/www.kirche-sdh.de\/side\/wp-content\/uploads\/IMG_3861-768x843.jpg 768w, https:\/\/www.kirche-sdh.de\/side\/wp-content\/uploads\/IMG_3861-1400x1536.jpg 1400w, https:\/\/www.kirche-sdh.de\/side\/wp-content\/uploads\/IMG_3861-1867x2048.jpg 1867w\" sizes=\"auto, (max-width: 2334px) 100vw, 2334px\" \/><\/p>\n<p>Die Absicherung des Martinszuges hatten dankenswerter Weise wieder Mitglieder der Freiwilligen Feuerwehr Sch\u00f6nthal \u00fcbernommen und den sicheren Ablauf gew\u00e4hrleistet. Ihnen und Pfarrer Eder sowie dem Elternbeirat galt der besondere Dank von Kinderhausleiterin Martina Stra\u00dfburger.<\/p>\n","protected":false},"excerpt":{"rendered":"<p>Martinsfeier des Sch\u00f6nthaler Kinderhauses \u2013 Heiliger Martin ein Vorbild f\u00fcr alle Sch\u00f6nthal. Das Sch\u00f6nthaler Kinderhaus hat in einer Martinsfeier am Folgetag zum Namenstag dem Heiligen Martin gedacht. Den Beginn machte ein Wortgottesdienst in der Sch\u00f6nthaler Pfarrkirche gefolgt von einem sich anschlie\u00dfenden Martinsumzug zum Kinderhaus und Bewirtung im Kinderhausgarten. Der Heilige [&hellip;]<\/p>\n","protected":false},"author":3,"featured_media":19707,"comment_status":"closed","ping_status":"closed","sticky":true,"template":"","format":"standard","meta":{"footnotes":""},"categories":[21],"tags":[],"class_list":["post-19710","post","type-post","status-publish","format-standard","has-post-thumbnail","hentry","category-schoenthal"],"yoast_head":"<!-- This site is optimized with the Yoast SEO plugin v27.5 - https:\/\/yoast.com\/product\/yoast-seo-wordpress\/ -->\n<title>St. Martin war ein guter Mann - Informationsseite und Seelsorgeeinheit<\/title>\n<meta name=\"robots\" content=\"index, follow, max-snippet:-1, max-image-preview:large, max-video-preview:-1\" \/>\n<link rel=\"canonical\" href=\"https:\/\/www.kirche-sdh.de\/side\/st-martin-war-ein-guter-mann\/\" \/>\n<meta property=\"og:locale\" content=\"de_DE\" \/>\n<meta property=\"og:type\" content=\"article\" \/>\n<meta property=\"og:title\" content=\"St. Martin war ein guter Mann - Informationsseite und Seelsorgeeinheit\" \/>\n<meta property=\"og:description\" content=\"Martinsfeier des Sch\u00f6nthaler Kinderhauses \u2013 Heiliger Martin ein Vorbild f\u00fcr alle Sch\u00f6nthal. Das Sch\u00f6nthaler Kinderhaus hat in einer Martinsfeier am Folgetag zum Namenstag dem Heiligen Martin gedacht. Den Beginn machte ein Wortgottesdienst in der Sch\u00f6nthaler Pfarrkirche gefolgt von einem sich anschlie\u00dfenden Martinsumzug zum Kinderhaus und Bewirtung im Kinderhausgarten. Der Heilige [&hellip;]\" \/>\n<meta property=\"og:url\" content=\"https:\/\/www.kirche-sdh.de\/side\/st-martin-war-ein-guter-mann\/\" \/>\n<meta property=\"og:site_name\" content=\"Informationsseite und Seelsorgeeinheit\" \/>\n<meta property=\"article:published_time\" content=\"2024-11-13T21:43:58+00:00\" \/>\n<meta property=\"og:image\" content=\"https:\/\/www.kirche-sdh.de\/side\/wp-content\/uploads\/IMG_3851-scaled.jpg\" \/>\n\t<meta property=\"og:image:width\" content=\"2560\" \/>\n\t<meta property=\"og:image:height\" content=\"1707\" \/>\n\t<meta property=\"og:image:type\" content=\"image\/jpeg\" \/>\n<meta name=\"author\" content=\"Martin Zangl\" \/>\n<meta name=\"twitter:card\" content=\"summary_large_image\" \/>\n<meta name=\"twitter:label1\" content=\"Verfasst von\" \/>\n\t<meta name=\"twitter:data1\" content=\"Martin Zangl\" \/>\n\t<meta name=\"twitter:label2\" content=\"Gesch\u00e4tzte Lesezeit\" \/>\n\t<meta name=\"twitter:data2\" content=\"2\u00a0Minuten\" \/>\n<script type=\"application\/ld+json\" class=\"yoast-schema-graph\">{\"@context\":\"https:\\\/\\\/schema.org\",\"@graph\":[{\"@type\":\"Article\",\"@id\":\"https:\\\/\\\/www.kirche-sdh.de\\\/side\\\/st-martin-war-ein-guter-mann\\\/#article\",\"isPartOf\":{\"@id\":\"https:\\\/\\\/www.kirche-sdh.de\\\/side\\\/st-martin-war-ein-guter-mann\\\/\"},\"author\":{\"name\":\"Martin Zangl\",\"@id\":\"https:\\\/\\\/www.kirche-sdh.de\\\/side\\\/#\\\/schema\\\/person\\\/e05baeb81583d4659c11ea77b24c3640\"},\"headline\":\"St. Martin war ein guter Mann\",\"datePublished\":\"2024-11-13T21:43:58+00:00\",\"mainEntityOfPage\":{\"@id\":\"https:\\\/\\\/www.kirche-sdh.de\\\/side\\\/st-martin-war-ein-guter-mann\\\/\"},\"wordCount\":362,\"publisher\":{\"@id\":\"https:\\\/\\\/www.kirche-sdh.de\\\/side\\\/#organization\"},\"image\":{\"@id\":\"https:\\\/\\\/www.kirche-sdh.de\\\/side\\\/st-martin-war-ein-guter-mann\\\/#primaryimage\"},\"thumbnailUrl\":\"https:\\\/\\\/www.kirche-sdh.de\\\/side\\\/wp-content\\\/uploads\\\/IMG_3851-scaled.jpg\",\"articleSection\":[\"Sch\u00f6nthal\"],\"inLanguage\":\"de\"},{\"@type\":\"WebPage\",\"@id\":\"https:\\\/\\\/www.kirche-sdh.de\\\/side\\\/st-martin-war-ein-guter-mann\\\/\",\"url\":\"https:\\\/\\\/www.kirche-sdh.de\\\/side\\\/st-martin-war-ein-guter-mann\\\/\",\"name\":\"St. Martin war ein guter Mann - Informationsseite und Seelsorgeeinheit\",\"isPartOf\":{\"@id\":\"https:\\\/\\\/www.kirche-sdh.de\\\/side\\\/#website\"},\"primaryImageOfPage\":{\"@id\":\"https:\\\/\\\/www.kirche-sdh.de\\\/side\\\/st-martin-war-ein-guter-mann\\\/#primaryimage\"},\"image\":{\"@id\":\"https:\\\/\\\/www.kirche-sdh.de\\\/side\\\/st-martin-war-ein-guter-mann\\\/#primaryimage\"},\"thumbnailUrl\":\"https:\\\/\\\/www.kirche-sdh.de\\\/side\\\/wp-content\\\/uploads\\\/IMG_3851-scaled.jpg\",\"datePublished\":\"2024-11-13T21:43:58+00:00\",\"breadcrumb\":{\"@id\":\"https:\\\/\\\/www.kirche-sdh.de\\\/side\\\/st-martin-war-ein-guter-mann\\\/#breadcrumb\"},\"inLanguage\":\"de\",\"potentialAction\":[{\"@type\":\"ReadAction\",\"target\":[\"https:\\\/\\\/www.kirche-sdh.de\\\/side\\\/st-martin-war-ein-guter-mann\\\/\"]}]},{\"@type\":\"ImageObject\",\"inLanguage\":\"de\",\"@id\":\"https:\\\/\\\/www.kirche-sdh.de\\\/side\\\/st-martin-war-ein-guter-mann\\\/#primaryimage\",\"url\":\"https:\\\/\\\/www.kirche-sdh.de\\\/side\\\/wp-content\\\/uploads\\\/IMG_3851-scaled.jpg\",\"contentUrl\":\"https:\\\/\\\/www.kirche-sdh.de\\\/side\\\/wp-content\\\/uploads\\\/IMG_3851-scaled.jpg\",\"width\":2560,\"height\":1707},{\"@type\":\"BreadcrumbList\",\"@id\":\"https:\\\/\\\/www.kirche-sdh.de\\\/side\\\/st-martin-war-ein-guter-mann\\\/#breadcrumb\",\"itemListElement\":[{\"@type\":\"ListItem\",\"position\":1,\"name\":\"Startseite\",\"item\":\"https:\\\/\\\/www.kirche-sdh.de\\\/side\\\/\"},{\"@type\":\"ListItem\",\"position\":2,\"name\":\"St. Martin war ein guter Mann\"}]},{\"@type\":\"WebSite\",\"@id\":\"https:\\\/\\\/www.kirche-sdh.de\\\/side\\\/#website\",\"url\":\"https:\\\/\\\/www.kirche-sdh.de\\\/side\\\/\",\"name\":\"Informationsseite und Seelsorgeeinheit\",\"description\":\"Informationsseite und Seelsorgeeinheit\",\"publisher\":{\"@id\":\"https:\\\/\\\/www.kirche-sdh.de\\\/side\\\/#organization\"},\"potentialAction\":[{\"@type\":\"SearchAction\",\"target\":{\"@type\":\"EntryPoint\",\"urlTemplate\":\"https:\\\/\\\/www.kirche-sdh.de\\\/side\\\/?s={search_term_string}\"},\"query-input\":{\"@type\":\"PropertyValueSpecification\",\"valueRequired\":true,\"valueName\":\"search_term_string\"}}],\"inLanguage\":\"de\"},{\"@type\":\"Organization\",\"@id\":\"https:\\\/\\\/www.kirche-sdh.de\\\/side\\\/#organization\",\"name\":\"Informationsseite und Seelsorgeeinheit\",\"url\":\"https:\\\/\\\/www.kirche-sdh.de\\\/side\\\/\",\"logo\":{\"@type\":\"ImageObject\",\"inLanguage\":\"de\",\"@id\":\"https:\\\/\\\/www.kirche-sdh.de\\\/side\\\/#\\\/schema\\\/logo\\\/image\\\/\",\"url\":\"https:\\\/\\\/www.kirche-sdh.de\\\/side\\\/wp-content\\\/uploads\\\/2017\\\/12\\\/kirche-logos.png\",\"contentUrl\":\"https:\\\/\\\/www.kirche-sdh.de\\\/side\\\/wp-content\\\/uploads\\\/2017\\\/12\\\/kirche-logos.png\",\"width\":438,\"height\":191,\"caption\":\"Informationsseite und Seelsorgeeinheit\"},\"image\":{\"@id\":\"https:\\\/\\\/www.kirche-sdh.de\\\/side\\\/#\\\/schema\\\/logo\\\/image\\\/\"}},{\"@type\":\"Person\",\"@id\":\"https:\\\/\\\/www.kirche-sdh.de\\\/side\\\/#\\\/schema\\\/person\\\/e05baeb81583d4659c11ea77b24c3640\",\"name\":\"Martin Zangl\",\"url\":\"https:\\\/\\\/www.kirche-sdh.de\\\/side\\\/author\\\/zangl\\\/\"}]}<\/script>\n<!-- \/ Yoast SEO plugin. -->","yoast_head_json":{"title":"St. Martin war ein guter Mann - Informationsseite und Seelsorgeeinheit","robots":{"index":"index","follow":"follow","max-snippet":"max-snippet:-1","max-image-preview":"max-image-preview:large","max-video-preview":"max-video-preview:-1"},"canonical":"https:\/\/www.kirche-sdh.de\/side\/st-martin-war-ein-guter-mann\/","og_locale":"de_DE","og_type":"article","og_title":"St. Martin war ein guter Mann - Informationsseite und Seelsorgeeinheit","og_description":"Martinsfeier des Sch\u00f6nthaler Kinderhauses \u2013 Heiliger Martin ein Vorbild f\u00fcr alle Sch\u00f6nthal. Das Sch\u00f6nthaler Kinderhaus hat in einer Martinsfeier am Folgetag zum Namenstag dem Heiligen Martin gedacht. Den Beginn machte ein Wortgottesdienst in der Sch\u00f6nthaler Pfarrkirche gefolgt von einem sich anschlie\u00dfenden Martinsumzug zum Kinderhaus und Bewirtung im Kinderhausgarten. Der Heilige [&hellip;]","og_url":"https:\/\/www.kirche-sdh.de\/side\/st-martin-war-ein-guter-mann\/","og_site_name":"Informationsseite und Seelsorgeeinheit","article_published_time":"2024-11-13T21:43:58+00:00","og_image":[{"width":2560,"height":1707,"url":"https:\/\/www.kirche-sdh.de\/side\/wp-content\/uploads\/IMG_3851-scaled.jpg","type":"image\/jpeg"}],"author":"Martin Zangl","twitter_card":"summary_large_image","twitter_misc":{"Verfasst von":"Martin Zangl","Gesch\u00e4tzte Lesezeit":"2\u00a0Minuten"},"schema":{"@context":"https:\/\/schema.org","@graph":[{"@type":"Article","@id":"https:\/\/www.kirche-sdh.de\/side\/st-martin-war-ein-guter-mann\/#article","isPartOf":{"@id":"https:\/\/www.kirche-sdh.de\/side\/st-martin-war-ein-guter-mann\/"},"author":{"name":"Martin Zangl","@id":"https:\/\/www.kirche-sdh.de\/side\/#\/schema\/person\/e05baeb81583d4659c11ea77b24c3640"},"headline":"St. Martin war ein guter Mann","datePublished":"2024-11-13T21:43:58+00:00","mainEntityOfPage":{"@id":"https:\/\/www.kirche-sdh.de\/side\/st-martin-war-ein-guter-mann\/"},"wordCount":362,"publisher":{"@id":"https:\/\/www.kirche-sdh.de\/side\/#organization"},"image":{"@id":"https:\/\/www.kirche-sdh.de\/side\/st-martin-war-ein-guter-mann\/#primaryimage"},"thumbnailUrl":"https:\/\/www.kirche-sdh.de\/side\/wp-content\/uploads\/IMG_3851-scaled.jpg","articleSection":["Sch\u00f6nthal"],"inLanguage":"de"},{"@type":"WebPage","@id":"https:\/\/www.kirche-sdh.de\/side\/st-martin-war-ein-guter-mann\/","url":"https:\/\/www.kirche-sdh.de\/side\/st-martin-war-ein-guter-mann\/","name":"St. Martin war ein guter Mann - Informationsseite und Seelsorgeeinheit","isPartOf":{"@id":"https:\/\/www.kirche-sdh.de\/side\/#website"},"primaryImageOfPage":{"@id":"https:\/\/www.kirche-sdh.de\/side\/st-martin-war-ein-guter-mann\/#primaryimage"},"image":{"@id":"https:\/\/www.kirche-sdh.de\/side\/st-martin-war-ein-guter-mann\/#primaryimage"},"thumbnailUrl":"https:\/\/www.kirche-sdh.de\/side\/wp-content\/uploads\/IMG_3851-scaled.jpg","datePublished":"2024-11-13T21:43:58+00:00","breadcrumb":{"@id":"https:\/\/www.kirche-sdh.de\/side\/st-martin-war-ein-guter-mann\/#breadcrumb"},"inLanguage":"de","potentialAction":[{"@type":"ReadAction","target":["https:\/\/www.kirche-sdh.de\/side\/st-martin-war-ein-guter-mann\/"]}]},{"@type":"ImageObject","inLanguage":"de","@id":"https:\/\/www.kirche-sdh.de\/side\/st-martin-war-ein-guter-mann\/#primaryimage","url":"https:\/\/www.kirche-sdh.de\/side\/wp-content\/uploads\/IMG_3851-scaled.jpg","contentUrl":"https:\/\/www.kirche-sdh.de\/side\/wp-content\/uploads\/IMG_3851-scaled.jpg","width":2560,"height":1707},{"@type":"BreadcrumbList","@id":"https:\/\/www.kirche-sdh.de\/side\/st-martin-war-ein-guter-mann\/#breadcrumb","itemListElement":[{"@type":"ListItem","position":1,"name":"Startseite","item":"https:\/\/www.kirche-sdh.de\/side\/"},{"@type":"ListItem","position":2,"name":"St. Martin war ein guter Mann"}]},{"@type":"WebSite","@id":"https:\/\/www.kirche-sdh.de\/side\/#website","url":"https:\/\/www.kirche-sdh.de\/side\/","name":"Informationsseite und Seelsorgeeinheit","description":"Informationsseite und Seelsorgeeinheit","publisher":{"@id":"https:\/\/www.kirche-sdh.de\/side\/#organization"},"potentialAction":[{"@type":"SearchAction","target":{"@type":"EntryPoint","urlTemplate":"https:\/\/www.kirche-sdh.de\/side\/?s={search_term_string}"},"query-input":{"@type":"PropertyValueSpecification","valueRequired":true,"valueName":"search_term_string"}}],"inLanguage":"de"},{"@type":"Organization","@id":"https:\/\/www.kirche-sdh.de\/side\/#organization","name":"Informationsseite und Seelsorgeeinheit","url":"https:\/\/www.kirche-sdh.de\/side\/","logo":{"@type":"ImageObject","inLanguage":"de","@id":"https:\/\/www.kirche-sdh.de\/side\/#\/schema\/logo\/image\/","url":"https:\/\/www.kirche-sdh.de\/side\/wp-content\/uploads\/2017\/12\/kirche-logos.png","contentUrl":"https:\/\/www.kirche-sdh.de\/side\/wp-content\/uploads\/2017\/12\/kirche-logos.png","width":438,"height":191,"caption":"Informationsseite und Seelsorgeeinheit"},"image":{"@id":"https:\/\/www.kirche-sdh.de\/side\/#\/schema\/logo\/image\/"}},{"@type":"Person","@id":"https:\/\/www.kirche-sdh.de\/side\/#\/schema\/person\/e05baeb81583d4659c11ea77b24c3640","name":"Martin Zangl","url":"https:\/\/www.kirche-sdh.de\/side\/author\/zangl\/"}]}},"_links":{"self":[{"href":"https:\/\/www.kirche-sdh.de\/side\/wp-json\/wp\/v2\/posts\/19710","targetHints":{"allow":["GET"]}}],"collection":[{"href":"https:\/\/www.kirche-sdh.de\/side\/wp-json\/wp\/v2\/posts"}],"about":[{"href":"https:\/\/www.kirche-sdh.de\/side\/wp-json\/wp\/v2\/types\/post"}],"author":[{"embeddable":true,"href":"https:\/\/www.kirche-sdh.de\/side\/wp-json\/wp\/v2\/users\/3"}],"replies":[{"embeddable":true,"href":"https:\/\/www.kirche-sdh.de\/side\/wp-json\/wp\/v2\/comments?post=19710"}],"version-history":[{"count":0,"href":"https:\/\/www.kirche-sdh.de\/side\/wp-json\/wp\/v2\/posts\/19710\/revisions"}],"wp:featuredmedia":[{"embeddable":true,"href":"https:\/\/www.kirche-sdh.de\/side\/wp-json\/wp\/v2\/media\/19707"}],"wp:attachment":[{"href":"https:\/\/www.kirche-sdh.de\/side\/wp-json\/wp\/v2\/media?parent=19710"}],"wp:term":[{"taxonomy":"category","embeddable":true,"href":"https:\/\/www.kirche-sdh.de\/side\/wp-json\/wp\/v2\/categories?post=19710"},{"taxonomy":"post_tag","embeddable":true,"href":"https:\/\/www.kirche-sdh.de\/side\/wp-json\/wp\/v2\/tags?post=19710"}],"curies":[{"name":"wp","href":"https:\/\/api.w.org\/{rel}","templated":true}]}}