{"id":19620,"date":"2024-10-01T09:09:51","date_gmt":"2024-10-01T07:09:51","guid":{"rendered":"https:\/\/www.kirche-sdh.de\/side\/?p=19620"},"modified":"2024-10-01T09:09:51","modified_gmt":"2024-10-01T07:09:51","slug":"papst-franziskus-ganz-nah","status":"publish","type":"post","link":"https:\/\/www.kirche-sdh.de\/side\/papst-franziskus-ganz-nah\/","title":{"rendered":"Papst Franziskus ganz nah"},"content":{"rendered":"<p><strong>Ministranten der Pfarreien Sch\u00f6nthal und D\u00f6fering sind bei der internationalen Ministrantenwallfahrt nach Rom mit dabei<\/strong><\/p>\n<p>&nbsp;<\/p>\n<p><strong>Sch\u00f6nthal. <\/strong>Unvergessliche Tage liegen hinter den 240 Ministranten aus dem Landkreis Cham, die sich in der vergangenen Woche an der internationalen Ministrantenwallfahrt nach Rom beteiligt haben. Unter diesen, sowie den rund 60000 jungen Leuten aus 20 verschiedenen L\u00e4ndern die dazu nach Rom gepilgert sind, befand sich auch eine Gruppe von 16 Ministranten aus den Pfarreien Sch\u00f6nthal und D\u00f6fering. Sie waren gemeinsam mit den Gruppen aus R\u00f6tz und Pemfling angereist.<\/p>\n<p>Die Wallfahrt wurde umrahmt von einem Er\u00f6ffnungsgottesdienst mit dem Regensburger Bischof Dr. Rudolf Voderholzer in der Basilika Sankt Paul vor den Mauern und einem Abschlussgottesdienst mit Weihbischof Dr. Josef Graf in der Basilika San Giovanni Bosco. Dazwischen stand die Besichtigung des Petersdoms und der Kuppel mit Blick auf den Petersplatz ebenso auf Programm wie die des alten Roms mit Circus Maximus, dem Forum Romanum und dem Kolosseum. Ein gef\u00fchrter Stadtspaziergang zum Pantheon, zur Spanischen Treppe und zum Trevi-Brunnen rundete die Sightseeing-Tour, die sich auf die einzelnen Tage erstreckte, ab. Am Nachmittag des letzten Tages ging es f\u00fcr alle noch ans Meer zum Ausspannen und Erholen.<\/p>\n<div style=\"width: 750px;\" class=\"wp-video\"><video class=\"wp-video-shortcode\" id=\"video-19620-1\" width=\"750\" height=\"422\" preload=\"metadata\" controls=\"controls\"><source type=\"video\/mp4\" src=\"https:\/\/www.kirche-sdh.de\/side\/wp-content\/uploads\/20240730_174437.mp4?_=1\" \/><a href=\"https:\/\/www.kirche-sdh.de\/side\/wp-content\/uploads\/20240730_174437.mp4\">https:\/\/www.kirche-sdh.de\/side\/wp-content\/uploads\/20240730_174437.mp4<\/a><\/video><\/div>\n<p><img loading=\"lazy\" decoding=\"async\" src=\"https:\/\/www.kirche-sdh.de\/side\/wp-content\/uploads\/20240730_174404-scaled.jpg\" alt=\"\" width=\"1920\" height=\"2560\" class=\"alignnone size-full wp-image-19642\" srcset=\"https:\/\/www.kirche-sdh.de\/side\/wp-content\/uploads\/20240730_174404-scaled.jpg 1920w, https:\/\/www.kirche-sdh.de\/side\/wp-content\/uploads\/20240730_174404-225x300.jpg 225w, https:\/\/www.kirche-sdh.de\/side\/wp-content\/uploads\/20240730_174404-768x1024.jpg 768w, https:\/\/www.kirche-sdh.de\/side\/wp-content\/uploads\/20240730_174404-1152x1536.jpg 1152w, https:\/\/www.kirche-sdh.de\/side\/wp-content\/uploads\/20240730_174404-1536x2048.jpg 1536w\" sizes=\"auto, (max-width: 1920px) 100vw, 1920px\" \/> <img loading=\"lazy\" decoding=\"async\" src=\"https:\/\/www.kirche-sdh.de\/side\/wp-content\/uploads\/20240731_104713-scaled.jpg\" alt=\"\" width=\"2560\" height=\"1950\" class=\"alignnone size-full wp-image-19641\" srcset=\"https:\/\/www.kirche-sdh.de\/side\/wp-content\/uploads\/20240731_104713-scaled.jpg 2560w, https:\/\/www.kirche-sdh.de\/side\/wp-content\/uploads\/20240731_104713-300x229.jpg 300w, https:\/\/www.kirche-sdh.de\/side\/wp-content\/uploads\/20240731_104713-1024x780.jpg 1024w, https:\/\/www.kirche-sdh.de\/side\/wp-content\/uploads\/20240731_104713-768x585.jpg 768w, https:\/\/www.kirche-sdh.de\/side\/wp-content\/uploads\/20240731_104713-1536x1170.jpg 1536w, https:\/\/www.kirche-sdh.de\/side\/wp-content\/uploads\/20240731_104713-2048x1560.jpg 2048w\" sizes=\"auto, (max-width: 2560px) 100vw, 2560px\" \/> <img loading=\"lazy\" decoding=\"async\" src=\"https:\/\/www.kirche-sdh.de\/side\/wp-content\/uploads\/20240730_143748-scaled.jpg\" alt=\"\" width=\"2560\" height=\"1920\" class=\"alignnone size-full wp-image-19640\" srcset=\"https:\/\/www.kirche-sdh.de\/side\/wp-content\/uploads\/20240730_143748-scaled.jpg 2560w, https:\/\/www.kirche-sdh.de\/side\/wp-content\/uploads\/20240730_143748-300x225.jpg 300w, https:\/\/www.kirche-sdh.de\/side\/wp-content\/uploads\/20240730_143748-1024x768.jpg 1024w, https:\/\/www.kirche-sdh.de\/side\/wp-content\/uploads\/20240730_143748-768x576.jpg 768w, https:\/\/www.kirche-sdh.de\/side\/wp-content\/uploads\/20240730_143748-1536x1152.jpg 1536w, https:\/\/www.kirche-sdh.de\/side\/wp-content\/uploads\/20240730_143748-2048x1536.jpg 2048w\" sizes=\"auto, (max-width: 2560px) 100vw, 2560px\" \/> <img loading=\"lazy\" decoding=\"async\" src=\"https:\/\/www.kirche-sdh.de\/side\/wp-content\/uploads\/20240731_103013-scaled.jpg\" alt=\"\" width=\"1920\" height=\"2560\" class=\"alignnone size-full wp-image-19639\" srcset=\"https:\/\/www.kirche-sdh.de\/side\/wp-content\/uploads\/20240731_103013-scaled.jpg 1920w, https:\/\/www.kirche-sdh.de\/side\/wp-content\/uploads\/20240731_103013-225x300.jpg 225w, https:\/\/www.kirche-sdh.de\/side\/wp-content\/uploads\/20240731_103013-768x1024.jpg 768w, https:\/\/www.kirche-sdh.de\/side\/wp-content\/uploads\/20240731_103013-1152x1536.jpg 1152w, https:\/\/www.kirche-sdh.de\/side\/wp-content\/uploads\/20240731_103013-1536x2048.jpg 1536w\" sizes=\"auto, (max-width: 1920px) 100vw, 1920px\" \/> <img loading=\"lazy\" decoding=\"async\" src=\"https:\/\/www.kirche-sdh.de\/side\/wp-content\/uploads\/P1170413-scaled.jpg\" alt=\"\" width=\"2560\" height=\"1920\" class=\"alignnone size-full wp-image-19638\" srcset=\"https:\/\/www.kirche-sdh.de\/side\/wp-content\/uploads\/P1170413-scaled.jpg 2560w, https:\/\/www.kirche-sdh.de\/side\/wp-content\/uploads\/P1170413-300x225.jpg 300w, https:\/\/www.kirche-sdh.de\/side\/wp-content\/uploads\/P1170413-1024x768.jpg 1024w, https:\/\/www.kirche-sdh.de\/side\/wp-content\/uploads\/P1170413-768x576.jpg 768w, https:\/\/www.kirche-sdh.de\/side\/wp-content\/uploads\/P1170413-1536x1152.jpg 1536w, https:\/\/www.kirche-sdh.de\/side\/wp-content\/uploads\/P1170413-2048x1536.jpg 2048w\" sizes=\"auto, (max-width: 2560px) 100vw, 2560px\" \/> <img loading=\"lazy\" decoding=\"async\" src=\"https:\/\/www.kirche-sdh.de\/side\/wp-content\/uploads\/Papst_1.jpg\" alt=\"\" width=\"1080\" height=\"1143\" class=\"alignnone size-full wp-image-19622\" srcset=\"https:\/\/www.kirche-sdh.de\/side\/wp-content\/uploads\/Papst_1.jpg 1080w, https:\/\/www.kirche-sdh.de\/side\/wp-content\/uploads\/Papst_1-283x300.jpg 283w, https:\/\/www.kirche-sdh.de\/side\/wp-content\/uploads\/Papst_1-968x1024.jpg 968w, https:\/\/www.kirche-sdh.de\/side\/wp-content\/uploads\/Papst_1-768x813.jpg 768w\" sizes=\"auto, (max-width: 1080px) 100vw, 1080px\" \/> <img loading=\"lazy\" decoding=\"async\" src=\"https:\/\/www.kirche-sdh.de\/side\/wp-content\/uploads\/20240730_182207-scaled.jpg\" alt=\"\" width=\"2560\" height=\"1920\" class=\"alignnone size-full wp-image-19621\" srcset=\"https:\/\/www.kirche-sdh.de\/side\/wp-content\/uploads\/20240730_182207-scaled.jpg 2560w, https:\/\/www.kirche-sdh.de\/side\/wp-content\/uploads\/20240730_182207-300x225.jpg 300w, https:\/\/www.kirche-sdh.de\/side\/wp-content\/uploads\/20240730_182207-1024x768.jpg 1024w, https:\/\/www.kirche-sdh.de\/side\/wp-content\/uploads\/20240730_182207-768x576.jpg 768w, https:\/\/www.kirche-sdh.de\/side\/wp-content\/uploads\/20240730_182207-1536x1152.jpg 1536w, https:\/\/www.kirche-sdh.de\/side\/wp-content\/uploads\/20240730_182207-2048x1536.jpg 2048w\" sizes=\"auto, (max-width: 2560px) 100vw, 2560px\" \/><\/p>\n<p>Unbestrittener H\u00f6hepunkt der Wallfahrt war am Dienstag die Audienz aller Ministranten auf dem Petersplatz mit Papst Franziskus. Um kurz vor 18 Uhr war es soweit und das Papamobil mit Papst Franziskus durchfuhr die jubelnden Massen. Fahnen, T\u00fccher und H\u00fcte wurden voller Begeisterung geschwenkt. Franziskus zeigte sich erfreut angesichts der gro\u00dfen Anzahl an jungen Wallfahrern und hie\u00df sie, auch auf Deutsch, willkommen. Immer wieder griff Franziskus das Motto der Wallfahrt \u201eMit dir!\u201c auf und stellte die f\u00fcr ihn sch\u00f6nsten und wichtigsten Bedeutungen dieses Ausspruchs heraus. In der Eucharistiefeier und dem Empfang der heiligen Kommunion ist Gott mit uns, gab er den Jungen und M\u00e4dchen mit auf den Weg. In Jesus sichere Gott zu \u201eIch bin mit dir\u201c und auch wir k\u00f6nnten ihm mit der entgegengebrachten Liebe dieses \u201eMit dir\u201c zeigen. Mit den Worten \u201eDanke liebe jungen Freunde und einen guten Weg mit Jesus\u201c bedankte sich Papst Franziskus nochmals ausdr\u00fccklich bei den Ministranten f\u00fcr ihren wertvollen Dienst.<\/p>\n","protected":false},"excerpt":{"rendered":"<p>Ministranten der Pfarreien Sch\u00f6nthal und D\u00f6fering sind bei der internationalen Ministrantenwallfahrt nach Rom mit dabei &nbsp; Sch\u00f6nthal. Unvergessliche Tage liegen hinter den 240 Ministranten aus dem Landkreis Cham, die sich in der vergangenen Woche an der internationalen Ministrantenwallfahrt nach Rom beteiligt haben. Unter diesen, sowie den rund 60000 jungen Leuten [&hellip;]<\/p>\n","protected":false},"author":3,"featured_media":19621,"comment_status":"closed","ping_status":"closed","sticky":true,"template":"","format":"standard","meta":{"footnotes":""},"categories":[56],"tags":[],"class_list":["post-19620","post","type-post","status-publish","format-standard","has-post-thumbnail","hentry","category-schoenthal-doefering"],"yoast_head":"<!-- This site is optimized with the Yoast SEO plugin v27.5 - https:\/\/yoast.com\/product\/yoast-seo-wordpress\/ -->\n<title>Papst Franziskus ganz nah - Informationsseite und Seelsorgeeinheit<\/title>\n<meta name=\"robots\" content=\"index, follow, max-snippet:-1, max-image-preview:large, max-video-preview:-1\" \/>\n<link rel=\"canonical\" href=\"https:\/\/www.kirche-sdh.de\/side\/papst-franziskus-ganz-nah\/\" \/>\n<meta property=\"og:locale\" content=\"de_DE\" \/>\n<meta property=\"og:type\" content=\"article\" \/>\n<meta property=\"og:title\" content=\"Papst Franziskus ganz nah - Informationsseite und Seelsorgeeinheit\" \/>\n<meta property=\"og:description\" content=\"Ministranten der Pfarreien Sch\u00f6nthal und D\u00f6fering sind bei der internationalen Ministrantenwallfahrt nach Rom mit dabei &nbsp; Sch\u00f6nthal. Unvergessliche Tage liegen hinter den 240 Ministranten aus dem Landkreis Cham, die sich in der vergangenen Woche an der internationalen Ministrantenwallfahrt nach Rom beteiligt haben. Unter diesen, sowie den rund 60000 jungen Leuten [&hellip;]\" \/>\n<meta property=\"og:url\" content=\"https:\/\/www.kirche-sdh.de\/side\/papst-franziskus-ganz-nah\/\" \/>\n<meta property=\"og:site_name\" content=\"Informationsseite und Seelsorgeeinheit\" \/>\n<meta property=\"article:published_time\" content=\"2024-10-01T07:09:51+00:00\" \/>\n<meta property=\"og:image\" content=\"https:\/\/www.kirche-sdh.de\/side\/wp-content\/uploads\/20240730_182207-scaled.jpg\" \/>\n\t<meta property=\"og:image:width\" content=\"2560\" \/>\n\t<meta property=\"og:image:height\" content=\"1920\" \/>\n\t<meta property=\"og:image:type\" content=\"image\/jpeg\" \/>\n<meta name=\"author\" content=\"Martin Zangl\" \/>\n<meta name=\"twitter:card\" content=\"summary_large_image\" \/>\n<meta name=\"twitter:label1\" content=\"Verfasst von\" \/>\n\t<meta name=\"twitter:data1\" content=\"Martin Zangl\" \/>\n\t<meta name=\"twitter:label2\" content=\"Gesch\u00e4tzte Lesezeit\" \/>\n\t<meta name=\"twitter:data2\" content=\"2\u00a0Minuten\" \/>\n<script type=\"application\/ld+json\" class=\"yoast-schema-graph\">{\"@context\":\"https:\\\/\\\/schema.org\",\"@graph\":[{\"@type\":\"Article\",\"@id\":\"https:\\\/\\\/www.kirche-sdh.de\\\/side\\\/papst-franziskus-ganz-nah\\\/#article\",\"isPartOf\":{\"@id\":\"https:\\\/\\\/www.kirche-sdh.de\\\/side\\\/papst-franziskus-ganz-nah\\\/\"},\"author\":{\"name\":\"Martin Zangl\",\"@id\":\"https:\\\/\\\/www.kirche-sdh.de\\\/side\\\/#\\\/schema\\\/person\\\/e05baeb81583d4659c11ea77b24c3640\"},\"headline\":\"Papst Franziskus ganz nah\",\"datePublished\":\"2024-10-01T07:09:51+00:00\",\"mainEntityOfPage\":{\"@id\":\"https:\\\/\\\/www.kirche-sdh.de\\\/side\\\/papst-franziskus-ganz-nah\\\/\"},\"wordCount\":377,\"publisher\":{\"@id\":\"https:\\\/\\\/www.kirche-sdh.de\\\/side\\\/#organization\"},\"image\":{\"@id\":\"https:\\\/\\\/www.kirche-sdh.de\\\/side\\\/papst-franziskus-ganz-nah\\\/#primaryimage\"},\"thumbnailUrl\":\"https:\\\/\\\/www.kirche-sdh.de\\\/side\\\/wp-content\\\/uploads\\\/20240730_182207-scaled.jpg\",\"articleSection\":[\"Sch\u00f6nthal\\\/D\u00f6fering\"],\"inLanguage\":\"de\"},{\"@type\":\"WebPage\",\"@id\":\"https:\\\/\\\/www.kirche-sdh.de\\\/side\\\/papst-franziskus-ganz-nah\\\/\",\"url\":\"https:\\\/\\\/www.kirche-sdh.de\\\/side\\\/papst-franziskus-ganz-nah\\\/\",\"name\":\"Papst Franziskus ganz nah - Informationsseite und Seelsorgeeinheit\",\"isPartOf\":{\"@id\":\"https:\\\/\\\/www.kirche-sdh.de\\\/side\\\/#website\"},\"primaryImageOfPage\":{\"@id\":\"https:\\\/\\\/www.kirche-sdh.de\\\/side\\\/papst-franziskus-ganz-nah\\\/#primaryimage\"},\"image\":{\"@id\":\"https:\\\/\\\/www.kirche-sdh.de\\\/side\\\/papst-franziskus-ganz-nah\\\/#primaryimage\"},\"thumbnailUrl\":\"https:\\\/\\\/www.kirche-sdh.de\\\/side\\\/wp-content\\\/uploads\\\/20240730_182207-scaled.jpg\",\"datePublished\":\"2024-10-01T07:09:51+00:00\",\"breadcrumb\":{\"@id\":\"https:\\\/\\\/www.kirche-sdh.de\\\/side\\\/papst-franziskus-ganz-nah\\\/#breadcrumb\"},\"inLanguage\":\"de\",\"potentialAction\":[{\"@type\":\"ReadAction\",\"target\":[\"https:\\\/\\\/www.kirche-sdh.de\\\/side\\\/papst-franziskus-ganz-nah\\\/\"]}]},{\"@type\":\"ImageObject\",\"inLanguage\":\"de\",\"@id\":\"https:\\\/\\\/www.kirche-sdh.de\\\/side\\\/papst-franziskus-ganz-nah\\\/#primaryimage\",\"url\":\"https:\\\/\\\/www.kirche-sdh.de\\\/side\\\/wp-content\\\/uploads\\\/20240730_182207-scaled.jpg\",\"contentUrl\":\"https:\\\/\\\/www.kirche-sdh.de\\\/side\\\/wp-content\\\/uploads\\\/20240730_182207-scaled.jpg\",\"width\":2560,\"height\":1920},{\"@type\":\"BreadcrumbList\",\"@id\":\"https:\\\/\\\/www.kirche-sdh.de\\\/side\\\/papst-franziskus-ganz-nah\\\/#breadcrumb\",\"itemListElement\":[{\"@type\":\"ListItem\",\"position\":1,\"name\":\"Startseite\",\"item\":\"https:\\\/\\\/www.kirche-sdh.de\\\/side\\\/\"},{\"@type\":\"ListItem\",\"position\":2,\"name\":\"Papst Franziskus ganz nah\"}]},{\"@type\":\"WebSite\",\"@id\":\"https:\\\/\\\/www.kirche-sdh.de\\\/side\\\/#website\",\"url\":\"https:\\\/\\\/www.kirche-sdh.de\\\/side\\\/\",\"name\":\"Informationsseite und Seelsorgeeinheit\",\"description\":\"Informationsseite und Seelsorgeeinheit\",\"publisher\":{\"@id\":\"https:\\\/\\\/www.kirche-sdh.de\\\/side\\\/#organization\"},\"potentialAction\":[{\"@type\":\"SearchAction\",\"target\":{\"@type\":\"EntryPoint\",\"urlTemplate\":\"https:\\\/\\\/www.kirche-sdh.de\\\/side\\\/?s={search_term_string}\"},\"query-input\":{\"@type\":\"PropertyValueSpecification\",\"valueRequired\":true,\"valueName\":\"search_term_string\"}}],\"inLanguage\":\"de\"},{\"@type\":\"Organization\",\"@id\":\"https:\\\/\\\/www.kirche-sdh.de\\\/side\\\/#organization\",\"name\":\"Informationsseite und Seelsorgeeinheit\",\"url\":\"https:\\\/\\\/www.kirche-sdh.de\\\/side\\\/\",\"logo\":{\"@type\":\"ImageObject\",\"inLanguage\":\"de\",\"@id\":\"https:\\\/\\\/www.kirche-sdh.de\\\/side\\\/#\\\/schema\\\/logo\\\/image\\\/\",\"url\":\"https:\\\/\\\/www.kirche-sdh.de\\\/side\\\/wp-content\\\/uploads\\\/2017\\\/12\\\/kirche-logos.png\",\"contentUrl\":\"https:\\\/\\\/www.kirche-sdh.de\\\/side\\\/wp-content\\\/uploads\\\/2017\\\/12\\\/kirche-logos.png\",\"width\":438,\"height\":191,\"caption\":\"Informationsseite und Seelsorgeeinheit\"},\"image\":{\"@id\":\"https:\\\/\\\/www.kirche-sdh.de\\\/side\\\/#\\\/schema\\\/logo\\\/image\\\/\"}},{\"@type\":\"Person\",\"@id\":\"https:\\\/\\\/www.kirche-sdh.de\\\/side\\\/#\\\/schema\\\/person\\\/e05baeb81583d4659c11ea77b24c3640\",\"name\":\"Martin Zangl\",\"url\":\"https:\\\/\\\/www.kirche-sdh.de\\\/side\\\/author\\\/zangl\\\/\"}]}<\/script>\n<!-- \/ Yoast SEO plugin. -->","yoast_head_json":{"title":"Papst Franziskus ganz nah - Informationsseite und Seelsorgeeinheit","robots":{"index":"index","follow":"follow","max-snippet":"max-snippet:-1","max-image-preview":"max-image-preview:large","max-video-preview":"max-video-preview:-1"},"canonical":"https:\/\/www.kirche-sdh.de\/side\/papst-franziskus-ganz-nah\/","og_locale":"de_DE","og_type":"article","og_title":"Papst Franziskus ganz nah - Informationsseite und Seelsorgeeinheit","og_description":"Ministranten der Pfarreien Sch\u00f6nthal und D\u00f6fering sind bei der internationalen Ministrantenwallfahrt nach Rom mit dabei &nbsp; Sch\u00f6nthal. Unvergessliche Tage liegen hinter den 240 Ministranten aus dem Landkreis Cham, die sich in der vergangenen Woche an der internationalen Ministrantenwallfahrt nach Rom beteiligt haben. Unter diesen, sowie den rund 60000 jungen Leuten [&hellip;]","og_url":"https:\/\/www.kirche-sdh.de\/side\/papst-franziskus-ganz-nah\/","og_site_name":"Informationsseite und Seelsorgeeinheit","article_published_time":"2024-10-01T07:09:51+00:00","og_image":[{"width":2560,"height":1920,"url":"https:\/\/www.kirche-sdh.de\/side\/wp-content\/uploads\/20240730_182207-scaled.jpg","type":"image\/jpeg"}],"author":"Martin Zangl","twitter_card":"summary_large_image","twitter_misc":{"Verfasst von":"Martin Zangl","Gesch\u00e4tzte Lesezeit":"2\u00a0Minuten"},"schema":{"@context":"https:\/\/schema.org","@graph":[{"@type":"Article","@id":"https:\/\/www.kirche-sdh.de\/side\/papst-franziskus-ganz-nah\/#article","isPartOf":{"@id":"https:\/\/www.kirche-sdh.de\/side\/papst-franziskus-ganz-nah\/"},"author":{"name":"Martin Zangl","@id":"https:\/\/www.kirche-sdh.de\/side\/#\/schema\/person\/e05baeb81583d4659c11ea77b24c3640"},"headline":"Papst Franziskus ganz nah","datePublished":"2024-10-01T07:09:51+00:00","mainEntityOfPage":{"@id":"https:\/\/www.kirche-sdh.de\/side\/papst-franziskus-ganz-nah\/"},"wordCount":377,"publisher":{"@id":"https:\/\/www.kirche-sdh.de\/side\/#organization"},"image":{"@id":"https:\/\/www.kirche-sdh.de\/side\/papst-franziskus-ganz-nah\/#primaryimage"},"thumbnailUrl":"https:\/\/www.kirche-sdh.de\/side\/wp-content\/uploads\/20240730_182207-scaled.jpg","articleSection":["Sch\u00f6nthal\/D\u00f6fering"],"inLanguage":"de"},{"@type":"WebPage","@id":"https:\/\/www.kirche-sdh.de\/side\/papst-franziskus-ganz-nah\/","url":"https:\/\/www.kirche-sdh.de\/side\/papst-franziskus-ganz-nah\/","name":"Papst Franziskus ganz nah - Informationsseite und Seelsorgeeinheit","isPartOf":{"@id":"https:\/\/www.kirche-sdh.de\/side\/#website"},"primaryImageOfPage":{"@id":"https:\/\/www.kirche-sdh.de\/side\/papst-franziskus-ganz-nah\/#primaryimage"},"image":{"@id":"https:\/\/www.kirche-sdh.de\/side\/papst-franziskus-ganz-nah\/#primaryimage"},"thumbnailUrl":"https:\/\/www.kirche-sdh.de\/side\/wp-content\/uploads\/20240730_182207-scaled.jpg","datePublished":"2024-10-01T07:09:51+00:00","breadcrumb":{"@id":"https:\/\/www.kirche-sdh.de\/side\/papst-franziskus-ganz-nah\/#breadcrumb"},"inLanguage":"de","potentialAction":[{"@type":"ReadAction","target":["https:\/\/www.kirche-sdh.de\/side\/papst-franziskus-ganz-nah\/"]}]},{"@type":"ImageObject","inLanguage":"de","@id":"https:\/\/www.kirche-sdh.de\/side\/papst-franziskus-ganz-nah\/#primaryimage","url":"https:\/\/www.kirche-sdh.de\/side\/wp-content\/uploads\/20240730_182207-scaled.jpg","contentUrl":"https:\/\/www.kirche-sdh.de\/side\/wp-content\/uploads\/20240730_182207-scaled.jpg","width":2560,"height":1920},{"@type":"BreadcrumbList","@id":"https:\/\/www.kirche-sdh.de\/side\/papst-franziskus-ganz-nah\/#breadcrumb","itemListElement":[{"@type":"ListItem","position":1,"name":"Startseite","item":"https:\/\/www.kirche-sdh.de\/side\/"},{"@type":"ListItem","position":2,"name":"Papst Franziskus ganz nah"}]},{"@type":"WebSite","@id":"https:\/\/www.kirche-sdh.de\/side\/#website","url":"https:\/\/www.kirche-sdh.de\/side\/","name":"Informationsseite und Seelsorgeeinheit","description":"Informationsseite und Seelsorgeeinheit","publisher":{"@id":"https:\/\/www.kirche-sdh.de\/side\/#organization"},"potentialAction":[{"@type":"SearchAction","target":{"@type":"EntryPoint","urlTemplate":"https:\/\/www.kirche-sdh.de\/side\/?s={search_term_string}"},"query-input":{"@type":"PropertyValueSpecification","valueRequired":true,"valueName":"search_term_string"}}],"inLanguage":"de"},{"@type":"Organization","@id":"https:\/\/www.kirche-sdh.de\/side\/#organization","name":"Informationsseite und Seelsorgeeinheit","url":"https:\/\/www.kirche-sdh.de\/side\/","logo":{"@type":"ImageObject","inLanguage":"de","@id":"https:\/\/www.kirche-sdh.de\/side\/#\/schema\/logo\/image\/","url":"https:\/\/www.kirche-sdh.de\/side\/wp-content\/uploads\/2017\/12\/kirche-logos.png","contentUrl":"https:\/\/www.kirche-sdh.de\/side\/wp-content\/uploads\/2017\/12\/kirche-logos.png","width":438,"height":191,"caption":"Informationsseite und Seelsorgeeinheit"},"image":{"@id":"https:\/\/www.kirche-sdh.de\/side\/#\/schema\/logo\/image\/"}},{"@type":"Person","@id":"https:\/\/www.kirche-sdh.de\/side\/#\/schema\/person\/e05baeb81583d4659c11ea77b24c3640","name":"Martin Zangl","url":"https:\/\/www.kirche-sdh.de\/side\/author\/zangl\/"}]}},"_links":{"self":[{"href":"https:\/\/www.kirche-sdh.de\/side\/wp-json\/wp\/v2\/posts\/19620","targetHints":{"allow":["GET"]}}],"collection":[{"href":"https:\/\/www.kirche-sdh.de\/side\/wp-json\/wp\/v2\/posts"}],"about":[{"href":"https:\/\/www.kirche-sdh.de\/side\/wp-json\/wp\/v2\/types\/post"}],"author":[{"embeddable":true,"href":"https:\/\/www.kirche-sdh.de\/side\/wp-json\/wp\/v2\/users\/3"}],"replies":[{"embeddable":true,"href":"https:\/\/www.kirche-sdh.de\/side\/wp-json\/wp\/v2\/comments?post=19620"}],"version-history":[{"count":0,"href":"https:\/\/www.kirche-sdh.de\/side\/wp-json\/wp\/v2\/posts\/19620\/revisions"}],"wp:featuredmedia":[{"embeddable":true,"href":"https:\/\/www.kirche-sdh.de\/side\/wp-json\/wp\/v2\/media\/19621"}],"wp:attachment":[{"href":"https:\/\/www.kirche-sdh.de\/side\/wp-json\/wp\/v2\/media?parent=19620"}],"wp:term":[{"taxonomy":"category","embeddable":true,"href":"https:\/\/www.kirche-sdh.de\/side\/wp-json\/wp\/v2\/categories?post=19620"},{"taxonomy":"post_tag","embeddable":true,"href":"https:\/\/www.kirche-sdh.de\/side\/wp-json\/wp\/v2\/tags?post=19620"}],"curies":[{"name":"wp","href":"https:\/\/api.w.org\/{rel}","templated":true}]}}