{"id":19614,"date":"2024-09-29T20:52:26","date_gmt":"2024-09-29T18:52:26","guid":{"rendered":"https:\/\/www.kirche-sdh.de\/side\/?p=19614"},"modified":"2024-09-29T20:52:26","modified_gmt":"2024-09-29T18:52:26","slug":"taufe-fritzi-wutz","status":"publish","type":"post","link":"https:\/\/www.kirche-sdh.de\/side\/taufe-fritzi-wutz\/","title":{"rendered":"Taufe Fritzi Wutz"},"content":{"rendered":"<p><strong>Fritzi Wutz in D\u00f6fering getauft<\/strong><\/p>\n<p>&nbsp;<\/p>\n<p>Am vergangenen Sonntag traf sich die Taufgesellschaft anl\u00e4sslich der Taufe von Fritzi Wutz in der Pfarrkirche St. \u00c4gidius.<\/p>\n<p>Fritzi ist die Tochter der Eheleute J\u00fcrgen und Marina Wutz aus Rhan. Das Amt der Taufpatin \u00fcbernahm gerne Simone Lau\u00dfer. Eltern und Taufpatin versprachen beim Einzug Fritzi im christlichen Glauben zu erziehen zu wollen. Nach der Lesung aus dem Markusevangelium f\u00fchrte Pfarrer Alfons Eder zum gew\u00e4hlten Namen aus:<\/p>\n<p>Fritzi ist ein eher ungew\u00f6hnlicher Name in unserer Region. Um so sch\u00f6ner die Bedeutung: Denn Fritzi kommt von Frederike und ist wortverwandt mit Friederich. Dementsprechend darf auch der Namenstag am 29.11. gefeiert werden. Wie f\u00fcr Friederich gilt f\u00fcr Fritzi der Umschreibung \u201eDie friedensreiche, oder die Friedensherrscherin. Wir geben Fritzi daher mit, dass Sie viel Frieden erfahren m\u00f6ge. Friede kann der Friede mit sich, der mit seinem Nachbarn oder der Weltfrieden sein. Zwei davon sind schon realistisch.<\/p>\n<p>&nbsp;<\/p>\n<p>Dann versammelten sich die Anwesenden am Taufbecken, wo Fritzi durch den Geistlichen mit heiligem Wasser getauft wurde. \u00a0Pfarrer Alfons Eder salbte sie mit Chrisam und entz\u00fcndete die Taufkerze an der Osterkerze.<\/p>\n<p><img loading=\"lazy\" decoding=\"async\" src=\"https:\/\/www.kirche-sdh.de\/side\/wp-content\/uploads\/P1003071-683x1024.jpg\" alt=\"\" width=\"266\" height=\"399\" class=\"alignnone  wp-image-19616\" srcset=\"https:\/\/www.kirche-sdh.de\/side\/wp-content\/uploads\/P1003071-683x1024.jpg 683w, https:\/\/www.kirche-sdh.de\/side\/wp-content\/uploads\/P1003071-200x300.jpg 200w, https:\/\/www.kirche-sdh.de\/side\/wp-content\/uploads\/P1003071-768x1152.jpg 768w, https:\/\/www.kirche-sdh.de\/side\/wp-content\/uploads\/P1003071-1024x1536.jpg 1024w, https:\/\/www.kirche-sdh.de\/side\/wp-content\/uploads\/P1003071-1365x2048.jpg 1365w, https:\/\/www.kirche-sdh.de\/side\/wp-content\/uploads\/P1003071-scaled.jpg 1707w\" sizes=\"auto, (max-width: 266px) 100vw, 266px\" \/> <img loading=\"lazy\" decoding=\"async\" src=\"https:\/\/www.kirche-sdh.de\/side\/wp-content\/uploads\/P1003075-1024x683.jpg\" alt=\"\" width=\"405\" height=\"270\" class=\"alignnone  wp-image-19617\" srcset=\"https:\/\/www.kirche-sdh.de\/side\/wp-content\/uploads\/P1003075-1024x683.jpg 1024w, https:\/\/www.kirche-sdh.de\/side\/wp-content\/uploads\/P1003075-300x200.jpg 300w, https:\/\/www.kirche-sdh.de\/side\/wp-content\/uploads\/P1003075-768x512.jpg 768w, https:\/\/www.kirche-sdh.de\/side\/wp-content\/uploads\/P1003075-1536x1024.jpg 1536w, https:\/\/www.kirche-sdh.de\/side\/wp-content\/uploads\/P1003075-2048x1365.jpg 2048w, https:\/\/www.kirche-sdh.de\/side\/wp-content\/uploads\/P1003075-360x240.jpg 360w\" sizes=\"auto, (max-width: 405px) 100vw, 405px\" \/><img loading=\"lazy\" decoding=\"async\" src=\"https:\/\/www.kirche-sdh.de\/side\/wp-content\/uploads\/P1003073-1024x683.jpg\" alt=\"\" width=\"483\" height=\"322\" class=\"alignnone  wp-image-19618\" srcset=\"https:\/\/www.kirche-sdh.de\/side\/wp-content\/uploads\/P1003073-1024x683.jpg 1024w, https:\/\/www.kirche-sdh.de\/side\/wp-content\/uploads\/P1003073-300x200.jpg 300w, https:\/\/www.kirche-sdh.de\/side\/wp-content\/uploads\/P1003073-768x512.jpg 768w, https:\/\/www.kirche-sdh.de\/side\/wp-content\/uploads\/P1003073-1536x1024.jpg 1536w, https:\/\/www.kirche-sdh.de\/side\/wp-content\/uploads\/P1003073-2048x1365.jpg 2048w, https:\/\/www.kirche-sdh.de\/side\/wp-content\/uploads\/P1003073-360x240.jpg 360w\" sizes=\"auto, (max-width: 483px) 100vw, 483px\" \/><img loading=\"lazy\" decoding=\"async\" src=\"https:\/\/www.kirche-sdh.de\/side\/wp-content\/uploads\/P1003084-1024x683.jpg\" alt=\"\" width=\"750\" height=\"500\" class=\"alignnone size-large wp-image-19615\" srcset=\"https:\/\/www.kirche-sdh.de\/side\/wp-content\/uploads\/P1003084-1024x683.jpg 1024w, https:\/\/www.kirche-sdh.de\/side\/wp-content\/uploads\/P1003084-300x200.jpg 300w, https:\/\/www.kirche-sdh.de\/side\/wp-content\/uploads\/P1003084-768x512.jpg 768w, https:\/\/www.kirche-sdh.de\/side\/wp-content\/uploads\/P1003084-1536x1024.jpg 1536w, https:\/\/www.kirche-sdh.de\/side\/wp-content\/uploads\/P1003084-2048x1365.jpg 2048w, https:\/\/www.kirche-sdh.de\/side\/wp-content\/uploads\/P1003084-360x240.jpg 360w\" sizes=\"auto, (max-width: 750px) 100vw, 750px\" \/><\/p>\n","protected":false},"excerpt":{"rendered":"<p>Fritzi Wutz in D\u00f6fering getauft &nbsp; Am vergangenen Sonntag traf sich die Taufgesellschaft anl\u00e4sslich der Taufe von Fritzi Wutz in der Pfarrkirche St. \u00c4gidius. Fritzi ist die Tochter der Eheleute J\u00fcrgen und Marina Wutz aus Rhan. Das Amt der Taufpatin \u00fcbernahm gerne Simone Lau\u00dfer. Eltern und Taufpatin versprachen beim Einzug [&hellip;]<\/p>\n","protected":false},"author":1,"featured_media":19615,"comment_status":"closed","ping_status":"closed","sticky":true,"template":"","format":"standard","meta":{"footnotes":""},"categories":[20],"tags":[],"class_list":["post-19614","post","type-post","status-publish","format-standard","has-post-thumbnail","hentry","category-doefering"],"yoast_head":"<!-- This site is optimized with the Yoast SEO plugin v27.5 - https:\/\/yoast.com\/product\/yoast-seo-wordpress\/ -->\n<title>Taufe Fritzi Wutz - Informationsseite und Seelsorgeeinheit<\/title>\n<meta name=\"robots\" content=\"index, follow, max-snippet:-1, max-image-preview:large, max-video-preview:-1\" \/>\n<link rel=\"canonical\" href=\"https:\/\/www.kirche-sdh.de\/side\/taufe-fritzi-wutz\/\" \/>\n<meta property=\"og:locale\" content=\"de_DE\" \/>\n<meta property=\"og:type\" content=\"article\" \/>\n<meta property=\"og:title\" content=\"Taufe Fritzi Wutz - Informationsseite und Seelsorgeeinheit\" \/>\n<meta property=\"og:description\" content=\"Fritzi Wutz in D\u00f6fering getauft &nbsp; Am vergangenen Sonntag traf sich die Taufgesellschaft anl\u00e4sslich der Taufe von Fritzi Wutz in der Pfarrkirche St. \u00c4gidius. Fritzi ist die Tochter der Eheleute J\u00fcrgen und Marina Wutz aus Rhan. Das Amt der Taufpatin \u00fcbernahm gerne Simone Lau\u00dfer. Eltern und Taufpatin versprachen beim Einzug [&hellip;]\" \/>\n<meta property=\"og:url\" content=\"https:\/\/www.kirche-sdh.de\/side\/taufe-fritzi-wutz\/\" \/>\n<meta property=\"og:site_name\" content=\"Informationsseite und Seelsorgeeinheit\" \/>\n<meta property=\"article:published_time\" content=\"2024-09-29T18:52:26+00:00\" \/>\n<meta property=\"og:image\" content=\"https:\/\/www.kirche-sdh.de\/side\/wp-content\/uploads\/P1003084-scaled.jpg\" \/>\n\t<meta property=\"og:image:width\" content=\"2560\" \/>\n\t<meta property=\"og:image:height\" content=\"1707\" \/>\n\t<meta property=\"og:image:type\" content=\"image\/jpeg\" \/>\n<meta name=\"author\" content=\"Dirscherl\" \/>\n<meta name=\"twitter:card\" content=\"summary_large_image\" \/>\n<meta name=\"twitter:label1\" content=\"Verfasst von\" \/>\n\t<meta name=\"twitter:data1\" content=\"Dirscherl\" \/>\n\t<meta name=\"twitter:label2\" content=\"Gesch\u00e4tzte Lesezeit\" \/>\n\t<meta name=\"twitter:data2\" content=\"1\u00a0Minute\" \/>\n<script type=\"application\/ld+json\" class=\"yoast-schema-graph\">{\"@context\":\"https:\\\/\\\/schema.org\",\"@graph\":[{\"@type\":\"Article\",\"@id\":\"https:\\\/\\\/www.kirche-sdh.de\\\/side\\\/taufe-fritzi-wutz\\\/#article\",\"isPartOf\":{\"@id\":\"https:\\\/\\\/www.kirche-sdh.de\\\/side\\\/taufe-fritzi-wutz\\\/\"},\"author\":{\"name\":\"Dirscherl\",\"@id\":\"https:\\\/\\\/www.kirche-sdh.de\\\/side\\\/#\\\/schema\\\/person\\\/03813c96da9249c1923a325c77818b1a\"},\"headline\":\"Taufe Fritzi Wutz\",\"datePublished\":\"2024-09-29T18:52:26+00:00\",\"mainEntityOfPage\":{\"@id\":\"https:\\\/\\\/www.kirche-sdh.de\\\/side\\\/taufe-fritzi-wutz\\\/\"},\"wordCount\":194,\"publisher\":{\"@id\":\"https:\\\/\\\/www.kirche-sdh.de\\\/side\\\/#organization\"},\"image\":{\"@id\":\"https:\\\/\\\/www.kirche-sdh.de\\\/side\\\/taufe-fritzi-wutz\\\/#primaryimage\"},\"thumbnailUrl\":\"https:\\\/\\\/www.kirche-sdh.de\\\/side\\\/wp-content\\\/uploads\\\/P1003084-scaled.jpg\",\"articleSection\":[\"D\u00f6fering\"],\"inLanguage\":\"de\"},{\"@type\":\"WebPage\",\"@id\":\"https:\\\/\\\/www.kirche-sdh.de\\\/side\\\/taufe-fritzi-wutz\\\/\",\"url\":\"https:\\\/\\\/www.kirche-sdh.de\\\/side\\\/taufe-fritzi-wutz\\\/\",\"name\":\"Taufe Fritzi Wutz - Informationsseite und Seelsorgeeinheit\",\"isPartOf\":{\"@id\":\"https:\\\/\\\/www.kirche-sdh.de\\\/side\\\/#website\"},\"primaryImageOfPage\":{\"@id\":\"https:\\\/\\\/www.kirche-sdh.de\\\/side\\\/taufe-fritzi-wutz\\\/#primaryimage\"},\"image\":{\"@id\":\"https:\\\/\\\/www.kirche-sdh.de\\\/side\\\/taufe-fritzi-wutz\\\/#primaryimage\"},\"thumbnailUrl\":\"https:\\\/\\\/www.kirche-sdh.de\\\/side\\\/wp-content\\\/uploads\\\/P1003084-scaled.jpg\",\"datePublished\":\"2024-09-29T18:52:26+00:00\",\"breadcrumb\":{\"@id\":\"https:\\\/\\\/www.kirche-sdh.de\\\/side\\\/taufe-fritzi-wutz\\\/#breadcrumb\"},\"inLanguage\":\"de\",\"potentialAction\":[{\"@type\":\"ReadAction\",\"target\":[\"https:\\\/\\\/www.kirche-sdh.de\\\/side\\\/taufe-fritzi-wutz\\\/\"]}]},{\"@type\":\"ImageObject\",\"inLanguage\":\"de\",\"@id\":\"https:\\\/\\\/www.kirche-sdh.de\\\/side\\\/taufe-fritzi-wutz\\\/#primaryimage\",\"url\":\"https:\\\/\\\/www.kirche-sdh.de\\\/side\\\/wp-content\\\/uploads\\\/P1003084-scaled.jpg\",\"contentUrl\":\"https:\\\/\\\/www.kirche-sdh.de\\\/side\\\/wp-content\\\/uploads\\\/P1003084-scaled.jpg\",\"width\":2560,\"height\":1707},{\"@type\":\"BreadcrumbList\",\"@id\":\"https:\\\/\\\/www.kirche-sdh.de\\\/side\\\/taufe-fritzi-wutz\\\/#breadcrumb\",\"itemListElement\":[{\"@type\":\"ListItem\",\"position\":1,\"name\":\"Startseite\",\"item\":\"https:\\\/\\\/www.kirche-sdh.de\\\/side\\\/\"},{\"@type\":\"ListItem\",\"position\":2,\"name\":\"Taufe Fritzi Wutz\"}]},{\"@type\":\"WebSite\",\"@id\":\"https:\\\/\\\/www.kirche-sdh.de\\\/side\\\/#website\",\"url\":\"https:\\\/\\\/www.kirche-sdh.de\\\/side\\\/\",\"name\":\"Informationsseite und Seelsorgeeinheit\",\"description\":\"Informationsseite und Seelsorgeeinheit\",\"publisher\":{\"@id\":\"https:\\\/\\\/www.kirche-sdh.de\\\/side\\\/#organization\"},\"potentialAction\":[{\"@type\":\"SearchAction\",\"target\":{\"@type\":\"EntryPoint\",\"urlTemplate\":\"https:\\\/\\\/www.kirche-sdh.de\\\/side\\\/?s={search_term_string}\"},\"query-input\":{\"@type\":\"PropertyValueSpecification\",\"valueRequired\":true,\"valueName\":\"search_term_string\"}}],\"inLanguage\":\"de\"},{\"@type\":\"Organization\",\"@id\":\"https:\\\/\\\/www.kirche-sdh.de\\\/side\\\/#organization\",\"name\":\"Informationsseite und Seelsorgeeinheit\",\"url\":\"https:\\\/\\\/www.kirche-sdh.de\\\/side\\\/\",\"logo\":{\"@type\":\"ImageObject\",\"inLanguage\":\"de\",\"@id\":\"https:\\\/\\\/www.kirche-sdh.de\\\/side\\\/#\\\/schema\\\/logo\\\/image\\\/\",\"url\":\"https:\\\/\\\/www.kirche-sdh.de\\\/side\\\/wp-content\\\/uploads\\\/2017\\\/12\\\/kirche-logos.png\",\"contentUrl\":\"https:\\\/\\\/www.kirche-sdh.de\\\/side\\\/wp-content\\\/uploads\\\/2017\\\/12\\\/kirche-logos.png\",\"width\":438,\"height\":191,\"caption\":\"Informationsseite und Seelsorgeeinheit\"},\"image\":{\"@id\":\"https:\\\/\\\/www.kirche-sdh.de\\\/side\\\/#\\\/schema\\\/logo\\\/image\\\/\"}},{\"@type\":\"Person\",\"@id\":\"https:\\\/\\\/www.kirche-sdh.de\\\/side\\\/#\\\/schema\\\/person\\\/03813c96da9249c1923a325c77818b1a\",\"name\":\"Dirscherl\",\"url\":\"https:\\\/\\\/www.kirche-sdh.de\\\/side\\\/author\\\/kirchesdh\\\/\"}]}<\/script>\n<!-- \/ Yoast SEO plugin. -->","yoast_head_json":{"title":"Taufe Fritzi Wutz - Informationsseite und Seelsorgeeinheit","robots":{"index":"index","follow":"follow","max-snippet":"max-snippet:-1","max-image-preview":"max-image-preview:large","max-video-preview":"max-video-preview:-1"},"canonical":"https:\/\/www.kirche-sdh.de\/side\/taufe-fritzi-wutz\/","og_locale":"de_DE","og_type":"article","og_title":"Taufe Fritzi Wutz - Informationsseite und Seelsorgeeinheit","og_description":"Fritzi Wutz in D\u00f6fering getauft &nbsp; Am vergangenen Sonntag traf sich die Taufgesellschaft anl\u00e4sslich der Taufe von Fritzi Wutz in der Pfarrkirche St. \u00c4gidius. Fritzi ist die Tochter der Eheleute J\u00fcrgen und Marina Wutz aus Rhan. Das Amt der Taufpatin \u00fcbernahm gerne Simone Lau\u00dfer. Eltern und Taufpatin versprachen beim Einzug [&hellip;]","og_url":"https:\/\/www.kirche-sdh.de\/side\/taufe-fritzi-wutz\/","og_site_name":"Informationsseite und Seelsorgeeinheit","article_published_time":"2024-09-29T18:52:26+00:00","og_image":[{"width":2560,"height":1707,"url":"https:\/\/www.kirche-sdh.de\/side\/wp-content\/uploads\/P1003084-scaled.jpg","type":"image\/jpeg"}],"author":"Dirscherl","twitter_card":"summary_large_image","twitter_misc":{"Verfasst von":"Dirscherl","Gesch\u00e4tzte Lesezeit":"1\u00a0Minute"},"schema":{"@context":"https:\/\/schema.org","@graph":[{"@type":"Article","@id":"https:\/\/www.kirche-sdh.de\/side\/taufe-fritzi-wutz\/#article","isPartOf":{"@id":"https:\/\/www.kirche-sdh.de\/side\/taufe-fritzi-wutz\/"},"author":{"name":"Dirscherl","@id":"https:\/\/www.kirche-sdh.de\/side\/#\/schema\/person\/03813c96da9249c1923a325c77818b1a"},"headline":"Taufe Fritzi Wutz","datePublished":"2024-09-29T18:52:26+00:00","mainEntityOfPage":{"@id":"https:\/\/www.kirche-sdh.de\/side\/taufe-fritzi-wutz\/"},"wordCount":194,"publisher":{"@id":"https:\/\/www.kirche-sdh.de\/side\/#organization"},"image":{"@id":"https:\/\/www.kirche-sdh.de\/side\/taufe-fritzi-wutz\/#primaryimage"},"thumbnailUrl":"https:\/\/www.kirche-sdh.de\/side\/wp-content\/uploads\/P1003084-scaled.jpg","articleSection":["D\u00f6fering"],"inLanguage":"de"},{"@type":"WebPage","@id":"https:\/\/www.kirche-sdh.de\/side\/taufe-fritzi-wutz\/","url":"https:\/\/www.kirche-sdh.de\/side\/taufe-fritzi-wutz\/","name":"Taufe Fritzi Wutz - Informationsseite und Seelsorgeeinheit","isPartOf":{"@id":"https:\/\/www.kirche-sdh.de\/side\/#website"},"primaryImageOfPage":{"@id":"https:\/\/www.kirche-sdh.de\/side\/taufe-fritzi-wutz\/#primaryimage"},"image":{"@id":"https:\/\/www.kirche-sdh.de\/side\/taufe-fritzi-wutz\/#primaryimage"},"thumbnailUrl":"https:\/\/www.kirche-sdh.de\/side\/wp-content\/uploads\/P1003084-scaled.jpg","datePublished":"2024-09-29T18:52:26+00:00","breadcrumb":{"@id":"https:\/\/www.kirche-sdh.de\/side\/taufe-fritzi-wutz\/#breadcrumb"},"inLanguage":"de","potentialAction":[{"@type":"ReadAction","target":["https:\/\/www.kirche-sdh.de\/side\/taufe-fritzi-wutz\/"]}]},{"@type":"ImageObject","inLanguage":"de","@id":"https:\/\/www.kirche-sdh.de\/side\/taufe-fritzi-wutz\/#primaryimage","url":"https:\/\/www.kirche-sdh.de\/side\/wp-content\/uploads\/P1003084-scaled.jpg","contentUrl":"https:\/\/www.kirche-sdh.de\/side\/wp-content\/uploads\/P1003084-scaled.jpg","width":2560,"height":1707},{"@type":"BreadcrumbList","@id":"https:\/\/www.kirche-sdh.de\/side\/taufe-fritzi-wutz\/#breadcrumb","itemListElement":[{"@type":"ListItem","position":1,"name":"Startseite","item":"https:\/\/www.kirche-sdh.de\/side\/"},{"@type":"ListItem","position":2,"name":"Taufe Fritzi Wutz"}]},{"@type":"WebSite","@id":"https:\/\/www.kirche-sdh.de\/side\/#website","url":"https:\/\/www.kirche-sdh.de\/side\/","name":"Informationsseite und Seelsorgeeinheit","description":"Informationsseite und Seelsorgeeinheit","publisher":{"@id":"https:\/\/www.kirche-sdh.de\/side\/#organization"},"potentialAction":[{"@type":"SearchAction","target":{"@type":"EntryPoint","urlTemplate":"https:\/\/www.kirche-sdh.de\/side\/?s={search_term_string}"},"query-input":{"@type":"PropertyValueSpecification","valueRequired":true,"valueName":"search_term_string"}}],"inLanguage":"de"},{"@type":"Organization","@id":"https:\/\/www.kirche-sdh.de\/side\/#organization","name":"Informationsseite und Seelsorgeeinheit","url":"https:\/\/www.kirche-sdh.de\/side\/","logo":{"@type":"ImageObject","inLanguage":"de","@id":"https:\/\/www.kirche-sdh.de\/side\/#\/schema\/logo\/image\/","url":"https:\/\/www.kirche-sdh.de\/side\/wp-content\/uploads\/2017\/12\/kirche-logos.png","contentUrl":"https:\/\/www.kirche-sdh.de\/side\/wp-content\/uploads\/2017\/12\/kirche-logos.png","width":438,"height":191,"caption":"Informationsseite und Seelsorgeeinheit"},"image":{"@id":"https:\/\/www.kirche-sdh.de\/side\/#\/schema\/logo\/image\/"}},{"@type":"Person","@id":"https:\/\/www.kirche-sdh.de\/side\/#\/schema\/person\/03813c96da9249c1923a325c77818b1a","name":"Dirscherl","url":"https:\/\/www.kirche-sdh.de\/side\/author\/kirchesdh\/"}]}},"_links":{"self":[{"href":"https:\/\/www.kirche-sdh.de\/side\/wp-json\/wp\/v2\/posts\/19614","targetHints":{"allow":["GET"]}}],"collection":[{"href":"https:\/\/www.kirche-sdh.de\/side\/wp-json\/wp\/v2\/posts"}],"about":[{"href":"https:\/\/www.kirche-sdh.de\/side\/wp-json\/wp\/v2\/types\/post"}],"author":[{"embeddable":true,"href":"https:\/\/www.kirche-sdh.de\/side\/wp-json\/wp\/v2\/users\/1"}],"replies":[{"embeddable":true,"href":"https:\/\/www.kirche-sdh.de\/side\/wp-json\/wp\/v2\/comments?post=19614"}],"version-history":[{"count":0,"href":"https:\/\/www.kirche-sdh.de\/side\/wp-json\/wp\/v2\/posts\/19614\/revisions"}],"wp:featuredmedia":[{"embeddable":true,"href":"https:\/\/www.kirche-sdh.de\/side\/wp-json\/wp\/v2\/media\/19615"}],"wp:attachment":[{"href":"https:\/\/www.kirche-sdh.de\/side\/wp-json\/wp\/v2\/media?parent=19614"}],"wp:term":[{"taxonomy":"category","embeddable":true,"href":"https:\/\/www.kirche-sdh.de\/side\/wp-json\/wp\/v2\/categories?post=19614"},{"taxonomy":"post_tag","embeddable":true,"href":"https:\/\/www.kirche-sdh.de\/side\/wp-json\/wp\/v2\/tags?post=19614"}],"curies":[{"name":"wp","href":"https:\/\/api.w.org\/{rel}","templated":true}]}}