{"id":19479,"date":"2024-06-07T21:07:27","date_gmt":"2024-06-07T19:07:27","guid":{"rendered":"https:\/\/www.kirche-sdh.de\/side\/?p=19479"},"modified":"2024-06-07T21:07:27","modified_gmt":"2024-06-07T19:07:27","slug":"2024-06-16_ankuendigung-chorklonzert","status":"publish","type":"post","link":"https:\/\/www.kirche-sdh.de\/side\/2024-06-16_ankuendigung-chorklonzert\/","title":{"rendered":"2024.06.16_Ank\u00fcndigung Chorklonzert"},"content":{"rendered":"<p>&nbsp;<\/p>\n<p>Hier eine Ank\u00fcndigung des D\u00f6feringer Kirchenchors<\/p>\n<p><img loading=\"lazy\" decoding=\"async\" src=\"https:\/\/www.kirche-sdh.de\/side\/wp-content\/uploads\/2024.06.16_Chorkonzert-1017x1024.jpeg\" alt=\"\" width=\"750\" height=\"755\" class=\"alignnone size-large wp-image-19480\" srcset=\"https:\/\/www.kirche-sdh.de\/side\/wp-content\/uploads\/2024.06.16_Chorkonzert-1017x1024.jpeg 1017w, https:\/\/www.kirche-sdh.de\/side\/wp-content\/uploads\/2024.06.16_Chorkonzert-298x300.jpeg 298w, https:\/\/www.kirche-sdh.de\/side\/wp-content\/uploads\/2024.06.16_Chorkonzert-150x150.jpeg 150w, https:\/\/www.kirche-sdh.de\/side\/wp-content\/uploads\/2024.06.16_Chorkonzert-768x773.jpeg 768w, https:\/\/www.kirche-sdh.de\/side\/wp-content\/uploads\/2024.06.16_Chorkonzert-1525x1536.jpeg 1525w, https:\/\/www.kirche-sdh.de\/side\/wp-content\/uploads\/2024.06.16_Chorkonzert.jpeg 1589w\" sizes=\"auto, (max-width: 750px) 100vw, 750px\" \/><\/p>\n","protected":false},"excerpt":{"rendered":"<p>&nbsp; Hier eine Ank\u00fcndigung des D\u00f6feringer Kirchenchors<\/p>\n","protected":false},"author":1,"featured_media":19480,"comment_status":"closed","ping_status":"closed","sticky":true,"template":"","format":"standard","meta":{"footnotes":""},"categories":[20],"tags":[],"class_list":["post-19479","post","type-post","status-publish","format-standard","has-post-thumbnail","hentry","category-doefering"],"yoast_head":"<!-- This site is optimized with the Yoast SEO plugin v27.5 - https:\/\/yoast.com\/product\/yoast-seo-wordpress\/ -->\n<title>2024.06.16_Ank\u00fcndigung Chorklonzert - Informationsseite und Seelsorgeeinheit<\/title>\n<meta name=\"robots\" content=\"index, follow, max-snippet:-1, max-image-preview:large, max-video-preview:-1\" \/>\n<link rel=\"canonical\" href=\"https:\/\/www.kirche-sdh.de\/side\/2024-06-16_ankuendigung-chorklonzert\/\" \/>\n<meta property=\"og:locale\" content=\"de_DE\" \/>\n<meta property=\"og:type\" content=\"article\" \/>\n<meta property=\"og:title\" content=\"2024.06.16_Ank\u00fcndigung Chorklonzert - Informationsseite und Seelsorgeeinheit\" \/>\n<meta property=\"og:description\" content=\"&nbsp; Hier eine Ank\u00fcndigung des D\u00f6feringer Kirchenchors\" \/>\n<meta property=\"og:url\" content=\"https:\/\/www.kirche-sdh.de\/side\/2024-06-16_ankuendigung-chorklonzert\/\" \/>\n<meta property=\"og:site_name\" content=\"Informationsseite und Seelsorgeeinheit\" \/>\n<meta property=\"article:published_time\" content=\"2024-06-07T19:07:27+00:00\" \/>\n<meta property=\"og:image\" content=\"https:\/\/www.kirche-sdh.de\/side\/wp-content\/uploads\/2024.06.16_Chorkonzert.jpeg\" \/>\n\t<meta property=\"og:image:width\" content=\"1589\" \/>\n\t<meta property=\"og:image:height\" content=\"1600\" \/>\n\t<meta property=\"og:image:type\" content=\"image\/jpeg\" \/>\n<meta name=\"author\" content=\"Dirscherl\" \/>\n<meta name=\"twitter:card\" content=\"summary_large_image\" \/>\n<meta name=\"twitter:label1\" content=\"Verfasst von\" \/>\n\t<meta name=\"twitter:data1\" content=\"Dirscherl\" \/>\n<script type=\"application\/ld+json\" class=\"yoast-schema-graph\">{\"@context\":\"https:\\\/\\\/schema.org\",\"@graph\":[{\"@type\":\"Article\",\"@id\":\"https:\\\/\\\/www.kirche-sdh.de\\\/side\\\/2024-06-16_ankuendigung-chorklonzert\\\/#article\",\"isPartOf\":{\"@id\":\"https:\\\/\\\/www.kirche-sdh.de\\\/side\\\/2024-06-16_ankuendigung-chorklonzert\\\/\"},\"author\":{\"name\":\"Dirscherl\",\"@id\":\"https:\\\/\\\/www.kirche-sdh.de\\\/side\\\/#\\\/schema\\\/person\\\/03813c96da9249c1923a325c77818b1a\"},\"headline\":\"2024.06.16_Ank\u00fcndigung Chorklonzert\",\"datePublished\":\"2024-06-07T19:07:27+00:00\",\"mainEntityOfPage\":{\"@id\":\"https:\\\/\\\/www.kirche-sdh.de\\\/side\\\/2024-06-16_ankuendigung-chorklonzert\\\/\"},\"wordCount\":12,\"publisher\":{\"@id\":\"https:\\\/\\\/www.kirche-sdh.de\\\/side\\\/#organization\"},\"image\":{\"@id\":\"https:\\\/\\\/www.kirche-sdh.de\\\/side\\\/2024-06-16_ankuendigung-chorklonzert\\\/#primaryimage\"},\"thumbnailUrl\":\"https:\\\/\\\/www.kirche-sdh.de\\\/side\\\/wp-content\\\/uploads\\\/2024.06.16_Chorkonzert.jpeg\",\"articleSection\":[\"D\u00f6fering\"],\"inLanguage\":\"de\"},{\"@type\":\"WebPage\",\"@id\":\"https:\\\/\\\/www.kirche-sdh.de\\\/side\\\/2024-06-16_ankuendigung-chorklonzert\\\/\",\"url\":\"https:\\\/\\\/www.kirche-sdh.de\\\/side\\\/2024-06-16_ankuendigung-chorklonzert\\\/\",\"name\":\"2024.06.16_Ank\u00fcndigung Chorklonzert - Informationsseite und Seelsorgeeinheit\",\"isPartOf\":{\"@id\":\"https:\\\/\\\/www.kirche-sdh.de\\\/side\\\/#website\"},\"primaryImageOfPage\":{\"@id\":\"https:\\\/\\\/www.kirche-sdh.de\\\/side\\\/2024-06-16_ankuendigung-chorklonzert\\\/#primaryimage\"},\"image\":{\"@id\":\"https:\\\/\\\/www.kirche-sdh.de\\\/side\\\/2024-06-16_ankuendigung-chorklonzert\\\/#primaryimage\"},\"thumbnailUrl\":\"https:\\\/\\\/www.kirche-sdh.de\\\/side\\\/wp-content\\\/uploads\\\/2024.06.16_Chorkonzert.jpeg\",\"datePublished\":\"2024-06-07T19:07:27+00:00\",\"breadcrumb\":{\"@id\":\"https:\\\/\\\/www.kirche-sdh.de\\\/side\\\/2024-06-16_ankuendigung-chorklonzert\\\/#breadcrumb\"},\"inLanguage\":\"de\",\"potentialAction\":[{\"@type\":\"ReadAction\",\"target\":[\"https:\\\/\\\/www.kirche-sdh.de\\\/side\\\/2024-06-16_ankuendigung-chorklonzert\\\/\"]}]},{\"@type\":\"ImageObject\",\"inLanguage\":\"de\",\"@id\":\"https:\\\/\\\/www.kirche-sdh.de\\\/side\\\/2024-06-16_ankuendigung-chorklonzert\\\/#primaryimage\",\"url\":\"https:\\\/\\\/www.kirche-sdh.de\\\/side\\\/wp-content\\\/uploads\\\/2024.06.16_Chorkonzert.jpeg\",\"contentUrl\":\"https:\\\/\\\/www.kirche-sdh.de\\\/side\\\/wp-content\\\/uploads\\\/2024.06.16_Chorkonzert.jpeg\",\"width\":1589,\"height\":1600},{\"@type\":\"BreadcrumbList\",\"@id\":\"https:\\\/\\\/www.kirche-sdh.de\\\/side\\\/2024-06-16_ankuendigung-chorklonzert\\\/#breadcrumb\",\"itemListElement\":[{\"@type\":\"ListItem\",\"position\":1,\"name\":\"Startseite\",\"item\":\"https:\\\/\\\/www.kirche-sdh.de\\\/side\\\/\"},{\"@type\":\"ListItem\",\"position\":2,\"name\":\"2024.06.16_Ank\u00fcndigung Chorklonzert\"}]},{\"@type\":\"WebSite\",\"@id\":\"https:\\\/\\\/www.kirche-sdh.de\\\/side\\\/#website\",\"url\":\"https:\\\/\\\/www.kirche-sdh.de\\\/side\\\/\",\"name\":\"Informationsseite und Seelsorgeeinheit\",\"description\":\"Informationsseite und Seelsorgeeinheit\",\"publisher\":{\"@id\":\"https:\\\/\\\/www.kirche-sdh.de\\\/side\\\/#organization\"},\"potentialAction\":[{\"@type\":\"SearchAction\",\"target\":{\"@type\":\"EntryPoint\",\"urlTemplate\":\"https:\\\/\\\/www.kirche-sdh.de\\\/side\\\/?s={search_term_string}\"},\"query-input\":{\"@type\":\"PropertyValueSpecification\",\"valueRequired\":true,\"valueName\":\"search_term_string\"}}],\"inLanguage\":\"de\"},{\"@type\":\"Organization\",\"@id\":\"https:\\\/\\\/www.kirche-sdh.de\\\/side\\\/#organization\",\"name\":\"Informationsseite und Seelsorgeeinheit\",\"url\":\"https:\\\/\\\/www.kirche-sdh.de\\\/side\\\/\",\"logo\":{\"@type\":\"ImageObject\",\"inLanguage\":\"de\",\"@id\":\"https:\\\/\\\/www.kirche-sdh.de\\\/side\\\/#\\\/schema\\\/logo\\\/image\\\/\",\"url\":\"https:\\\/\\\/www.kirche-sdh.de\\\/side\\\/wp-content\\\/uploads\\\/2017\\\/12\\\/kirche-logos.png\",\"contentUrl\":\"https:\\\/\\\/www.kirche-sdh.de\\\/side\\\/wp-content\\\/uploads\\\/2017\\\/12\\\/kirche-logos.png\",\"width\":438,\"height\":191,\"caption\":\"Informationsseite und Seelsorgeeinheit\"},\"image\":{\"@id\":\"https:\\\/\\\/www.kirche-sdh.de\\\/side\\\/#\\\/schema\\\/logo\\\/image\\\/\"}},{\"@type\":\"Person\",\"@id\":\"https:\\\/\\\/www.kirche-sdh.de\\\/side\\\/#\\\/schema\\\/person\\\/03813c96da9249c1923a325c77818b1a\",\"name\":\"Dirscherl\",\"url\":\"https:\\\/\\\/www.kirche-sdh.de\\\/side\\\/author\\\/kirchesdh\\\/\"}]}<\/script>\n<!-- \/ Yoast SEO plugin. -->","yoast_head_json":{"title":"2024.06.16_Ank\u00fcndigung Chorklonzert - Informationsseite und Seelsorgeeinheit","robots":{"index":"index","follow":"follow","max-snippet":"max-snippet:-1","max-image-preview":"max-image-preview:large","max-video-preview":"max-video-preview:-1"},"canonical":"https:\/\/www.kirche-sdh.de\/side\/2024-06-16_ankuendigung-chorklonzert\/","og_locale":"de_DE","og_type":"article","og_title":"2024.06.16_Ank\u00fcndigung Chorklonzert - Informationsseite und Seelsorgeeinheit","og_description":"&nbsp; Hier eine Ank\u00fcndigung des D\u00f6feringer Kirchenchors","og_url":"https:\/\/www.kirche-sdh.de\/side\/2024-06-16_ankuendigung-chorklonzert\/","og_site_name":"Informationsseite und Seelsorgeeinheit","article_published_time":"2024-06-07T19:07:27+00:00","og_image":[{"width":1589,"height":1600,"url":"https:\/\/www.kirche-sdh.de\/side\/wp-content\/uploads\/2024.06.16_Chorkonzert.jpeg","type":"image\/jpeg"}],"author":"Dirscherl","twitter_card":"summary_large_image","twitter_misc":{"Verfasst von":"Dirscherl"},"schema":{"@context":"https:\/\/schema.org","@graph":[{"@type":"Article","@id":"https:\/\/www.kirche-sdh.de\/side\/2024-06-16_ankuendigung-chorklonzert\/#article","isPartOf":{"@id":"https:\/\/www.kirche-sdh.de\/side\/2024-06-16_ankuendigung-chorklonzert\/"},"author":{"name":"Dirscherl","@id":"https:\/\/www.kirche-sdh.de\/side\/#\/schema\/person\/03813c96da9249c1923a325c77818b1a"},"headline":"2024.06.16_Ank\u00fcndigung Chorklonzert","datePublished":"2024-06-07T19:07:27+00:00","mainEntityOfPage":{"@id":"https:\/\/www.kirche-sdh.de\/side\/2024-06-16_ankuendigung-chorklonzert\/"},"wordCount":12,"publisher":{"@id":"https:\/\/www.kirche-sdh.de\/side\/#organization"},"image":{"@id":"https:\/\/www.kirche-sdh.de\/side\/2024-06-16_ankuendigung-chorklonzert\/#primaryimage"},"thumbnailUrl":"https:\/\/www.kirche-sdh.de\/side\/wp-content\/uploads\/2024.06.16_Chorkonzert.jpeg","articleSection":["D\u00f6fering"],"inLanguage":"de"},{"@type":"WebPage","@id":"https:\/\/www.kirche-sdh.de\/side\/2024-06-16_ankuendigung-chorklonzert\/","url":"https:\/\/www.kirche-sdh.de\/side\/2024-06-16_ankuendigung-chorklonzert\/","name":"2024.06.16_Ank\u00fcndigung Chorklonzert - Informationsseite und Seelsorgeeinheit","isPartOf":{"@id":"https:\/\/www.kirche-sdh.de\/side\/#website"},"primaryImageOfPage":{"@id":"https:\/\/www.kirche-sdh.de\/side\/2024-06-16_ankuendigung-chorklonzert\/#primaryimage"},"image":{"@id":"https:\/\/www.kirche-sdh.de\/side\/2024-06-16_ankuendigung-chorklonzert\/#primaryimage"},"thumbnailUrl":"https:\/\/www.kirche-sdh.de\/side\/wp-content\/uploads\/2024.06.16_Chorkonzert.jpeg","datePublished":"2024-06-07T19:07:27+00:00","breadcrumb":{"@id":"https:\/\/www.kirche-sdh.de\/side\/2024-06-16_ankuendigung-chorklonzert\/#breadcrumb"},"inLanguage":"de","potentialAction":[{"@type":"ReadAction","target":["https:\/\/www.kirche-sdh.de\/side\/2024-06-16_ankuendigung-chorklonzert\/"]}]},{"@type":"ImageObject","inLanguage":"de","@id":"https:\/\/www.kirche-sdh.de\/side\/2024-06-16_ankuendigung-chorklonzert\/#primaryimage","url":"https:\/\/www.kirche-sdh.de\/side\/wp-content\/uploads\/2024.06.16_Chorkonzert.jpeg","contentUrl":"https:\/\/www.kirche-sdh.de\/side\/wp-content\/uploads\/2024.06.16_Chorkonzert.jpeg","width":1589,"height":1600},{"@type":"BreadcrumbList","@id":"https:\/\/www.kirche-sdh.de\/side\/2024-06-16_ankuendigung-chorklonzert\/#breadcrumb","itemListElement":[{"@type":"ListItem","position":1,"name":"Startseite","item":"https:\/\/www.kirche-sdh.de\/side\/"},{"@type":"ListItem","position":2,"name":"2024.06.16_Ank\u00fcndigung Chorklonzert"}]},{"@type":"WebSite","@id":"https:\/\/www.kirche-sdh.de\/side\/#website","url":"https:\/\/www.kirche-sdh.de\/side\/","name":"Informationsseite und Seelsorgeeinheit","description":"Informationsseite und Seelsorgeeinheit","publisher":{"@id":"https:\/\/www.kirche-sdh.de\/side\/#organization"},"potentialAction":[{"@type":"SearchAction","target":{"@type":"EntryPoint","urlTemplate":"https:\/\/www.kirche-sdh.de\/side\/?s={search_term_string}"},"query-input":{"@type":"PropertyValueSpecification","valueRequired":true,"valueName":"search_term_string"}}],"inLanguage":"de"},{"@type":"Organization","@id":"https:\/\/www.kirche-sdh.de\/side\/#organization","name":"Informationsseite und Seelsorgeeinheit","url":"https:\/\/www.kirche-sdh.de\/side\/","logo":{"@type":"ImageObject","inLanguage":"de","@id":"https:\/\/www.kirche-sdh.de\/side\/#\/schema\/logo\/image\/","url":"https:\/\/www.kirche-sdh.de\/side\/wp-content\/uploads\/2017\/12\/kirche-logos.png","contentUrl":"https:\/\/www.kirche-sdh.de\/side\/wp-content\/uploads\/2017\/12\/kirche-logos.png","width":438,"height":191,"caption":"Informationsseite und Seelsorgeeinheit"},"image":{"@id":"https:\/\/www.kirche-sdh.de\/side\/#\/schema\/logo\/image\/"}},{"@type":"Person","@id":"https:\/\/www.kirche-sdh.de\/side\/#\/schema\/person\/03813c96da9249c1923a325c77818b1a","name":"Dirscherl","url":"https:\/\/www.kirche-sdh.de\/side\/author\/kirchesdh\/"}]}},"_links":{"self":[{"href":"https:\/\/www.kirche-sdh.de\/side\/wp-json\/wp\/v2\/posts\/19479","targetHints":{"allow":["GET"]}}],"collection":[{"href":"https:\/\/www.kirche-sdh.de\/side\/wp-json\/wp\/v2\/posts"}],"about":[{"href":"https:\/\/www.kirche-sdh.de\/side\/wp-json\/wp\/v2\/types\/post"}],"author":[{"embeddable":true,"href":"https:\/\/www.kirche-sdh.de\/side\/wp-json\/wp\/v2\/users\/1"}],"replies":[{"embeddable":true,"href":"https:\/\/www.kirche-sdh.de\/side\/wp-json\/wp\/v2\/comments?post=19479"}],"version-history":[{"count":0,"href":"https:\/\/www.kirche-sdh.de\/side\/wp-json\/wp\/v2\/posts\/19479\/revisions"}],"wp:featuredmedia":[{"embeddable":true,"href":"https:\/\/www.kirche-sdh.de\/side\/wp-json\/wp\/v2\/media\/19480"}],"wp:attachment":[{"href":"https:\/\/www.kirche-sdh.de\/side\/wp-json\/wp\/v2\/media?parent=19479"}],"wp:term":[{"taxonomy":"category","embeddable":true,"href":"https:\/\/www.kirche-sdh.de\/side\/wp-json\/wp\/v2\/categories?post=19479"},{"taxonomy":"post_tag","embeddable":true,"href":"https:\/\/www.kirche-sdh.de\/side\/wp-json\/wp\/v2\/tags?post=19479"}],"curies":[{"name":"wp","href":"https:\/\/api.w.org\/{rel}","templated":true}]}}