{"id":19378,"date":"2024-04-07T17:32:51","date_gmt":"2024-04-07T15:32:51","guid":{"rendered":"https:\/\/www.kirche-sdh.de\/side\/?p=19378"},"modified":"2024-04-07T17:33:32","modified_gmt":"2024-04-07T15:33:32","slug":"taufe-von-finn-wagner","status":"publish","type":"post","link":"https:\/\/www.kirche-sdh.de\/side\/taufe-von-finn-wagner\/","title":{"rendered":"Taufe von Finn Wagner"},"content":{"rendered":"<p>Finn Wagner in D\u00f6fering getauft<\/p>\n<p><img loading=\"lazy\" decoding=\"async\" src=\"https:\/\/www.kirche-sdh.de\/side\/wp-content\/uploads\/P1002175-1024x683.jpg\" alt=\"\" width=\"750\" height=\"500\" class=\"alignnone size-large wp-image-19379\" srcset=\"https:\/\/www.kirche-sdh.de\/side\/wp-content\/uploads\/P1002175-1024x683.jpg 1024w, https:\/\/www.kirche-sdh.de\/side\/wp-content\/uploads\/P1002175-300x200.jpg 300w, https:\/\/www.kirche-sdh.de\/side\/wp-content\/uploads\/P1002175-768x512.jpg 768w, https:\/\/www.kirche-sdh.de\/side\/wp-content\/uploads\/P1002175-1536x1024.jpg 1536w, https:\/\/www.kirche-sdh.de\/side\/wp-content\/uploads\/P1002175-2048x1365.jpg 2048w, https:\/\/www.kirche-sdh.de\/side\/wp-content\/uploads\/P1002175-360x240.jpg 360w\" sizes=\"auto, (max-width: 750px) 100vw, 750px\" \/><\/p>\n<p>Bei Bestem Kaiserwetter wurde Finn Wagner in der Pfarrkirche St. \u00c4gidius in D\u00f6fering getauft.<\/p>\n<p>Finn ist nach Tochter Hannah Marie das zweite Kind von Markus Wagner und Anna Ried.<\/p>\n<p>Josef Wagner \u00fcbernahm das verantwortungsvolle Amt des Paten in dem er Finn als guter Freund zur Seite stehen soll. Pfarrer Alfons Eder empfing zuvor die Taufgesellschaft an der Kirchenpforte und entsprach der Bitte um die Taufe\u00a0 und dadurch die Aufnahme in den christlichen Glauben.<\/p>\n<p>In seine Worten f\u00fchrte Pfarrer Alfons Eder aus, dass in der Osterzeit die sogenannten Osterbrunnen geschm\u00fcckt werden. Dieser Brauch kommt mehr aus der Juragegend, welche schwer Wasser speichern kann. Daher hat dort das Wasser noch mehr als bei uns eine besondere Bedeutung f\u00fcr all das Leben. \u00a0In der Osternacht wird auch das Wasser geweiht, da es in der Kirche fr\u00fcher nur zwei Tauftermine in der Osternacht und am Fest der Taufe Jesu gab. Das Wasser mit dem Finn getauft wird steht f\u00fcr die Ewigkeit von Jesus.<\/p>\n<p>Zum gew\u00e4hlten Namen, Finn, f\u00fchrte Pfarrer Alfons Eder aus, dass es wohl zwei m\u00f6gliche Urspr\u00fcnge f\u00fcr diesen geben kann. Zum einen aus dem irischen oder fr\u00fcher keltischen Raum in dem Finn soviel wie der blonde oder der gesegnete bedeutet. Zum andern die Herkunft aus Finnland, wo die Kultur der Samen mit Rentieren zusammenlebt und der Namen Finn daher bedeutet: \u201eWanderer mit den Rentieren.\u201c Finn darf daher am 26. September seinen Namenstag feiern.<\/p>\n<p>Dann versammelte man sich am Taufbecken, wo Finn getauft wurde. Pfarrer Alfons Eder salbte Ihn mit Chrisam und entz\u00fcndete die Taufkerze an der Osterkerze. Mit dem Effata Ruf bat er darum, dass Ihm Gott Ohren und Mund \u00f6ffnen wolle.<\/p>\n","protected":false},"excerpt":{"rendered":"<p>Finn Wagner in D\u00f6fering getauft Bei Bestem Kaiserwetter wurde Finn Wagner in der Pfarrkirche St. \u00c4gidius in D\u00f6fering getauft. Finn ist nach Tochter Hannah Marie das zweite Kind von Markus Wagner und Anna Ried. Josef Wagner \u00fcbernahm das verantwortungsvolle Amt des Paten in dem er Finn als guter Freund zur [&hellip;]<\/p>\n","protected":false},"author":1,"featured_media":19379,"comment_status":"closed","ping_status":"closed","sticky":true,"template":"","format":"standard","meta":{"footnotes":""},"categories":[20],"tags":[],"class_list":["post-19378","post","type-post","status-publish","format-standard","has-post-thumbnail","hentry","category-doefering"],"yoast_head":"<!-- This site is optimized with the Yoast SEO plugin v27.5 - https:\/\/yoast.com\/product\/yoast-seo-wordpress\/ -->\n<title>Taufe von Finn Wagner - Informationsseite und Seelsorgeeinheit<\/title>\n<meta name=\"robots\" content=\"index, follow, max-snippet:-1, max-image-preview:large, max-video-preview:-1\" \/>\n<link rel=\"canonical\" href=\"https:\/\/www.kirche-sdh.de\/side\/taufe-von-finn-wagner\/\" \/>\n<meta property=\"og:locale\" content=\"de_DE\" \/>\n<meta property=\"og:type\" content=\"article\" \/>\n<meta property=\"og:title\" content=\"Taufe von Finn Wagner - Informationsseite und Seelsorgeeinheit\" \/>\n<meta property=\"og:description\" content=\"Finn Wagner in D\u00f6fering getauft Bei Bestem Kaiserwetter wurde Finn Wagner in der Pfarrkirche St. \u00c4gidius in D\u00f6fering getauft. Finn ist nach Tochter Hannah Marie das zweite Kind von Markus Wagner und Anna Ried. Josef Wagner \u00fcbernahm das verantwortungsvolle Amt des Paten in dem er Finn als guter Freund zur [&hellip;]\" \/>\n<meta property=\"og:url\" content=\"https:\/\/www.kirche-sdh.de\/side\/taufe-von-finn-wagner\/\" \/>\n<meta property=\"og:site_name\" content=\"Informationsseite und Seelsorgeeinheit\" \/>\n<meta property=\"article:published_time\" content=\"2024-04-07T15:32:51+00:00\" \/>\n<meta property=\"article:modified_time\" content=\"2024-04-07T15:33:32+00:00\" \/>\n<meta property=\"og:image\" content=\"https:\/\/www.kirche-sdh.de\/side\/wp-content\/uploads\/P1002175-scaled.jpg\" \/>\n\t<meta property=\"og:image:width\" content=\"2560\" \/>\n\t<meta property=\"og:image:height\" content=\"1707\" \/>\n\t<meta property=\"og:image:type\" content=\"image\/jpeg\" \/>\n<meta name=\"author\" content=\"Dirscherl\" \/>\n<meta name=\"twitter:card\" content=\"summary_large_image\" \/>\n<meta name=\"twitter:label1\" content=\"Verfasst von\" \/>\n\t<meta name=\"twitter:data1\" content=\"Dirscherl\" \/>\n\t<meta name=\"twitter:label2\" content=\"Gesch\u00e4tzte Lesezeit\" \/>\n\t<meta name=\"twitter:data2\" content=\"1\u00a0Minute\" \/>\n<script type=\"application\/ld+json\" class=\"yoast-schema-graph\">{\"@context\":\"https:\\\/\\\/schema.org\",\"@graph\":[{\"@type\":\"Article\",\"@id\":\"https:\\\/\\\/www.kirche-sdh.de\\\/side\\\/taufe-von-finn-wagner\\\/#article\",\"isPartOf\":{\"@id\":\"https:\\\/\\\/www.kirche-sdh.de\\\/side\\\/taufe-von-finn-wagner\\\/\"},\"author\":{\"name\":\"Dirscherl\",\"@id\":\"https:\\\/\\\/www.kirche-sdh.de\\\/side\\\/#\\\/schema\\\/person\\\/03813c96da9249c1923a325c77818b1a\"},\"headline\":\"Taufe von Finn Wagner\",\"datePublished\":\"2024-04-07T15:32:51+00:00\",\"dateModified\":\"2024-04-07T15:33:32+00:00\",\"mainEntityOfPage\":{\"@id\":\"https:\\\/\\\/www.kirche-sdh.de\\\/side\\\/taufe-von-finn-wagner\\\/\"},\"wordCount\":292,\"publisher\":{\"@id\":\"https:\\\/\\\/www.kirche-sdh.de\\\/side\\\/#organization\"},\"image\":{\"@id\":\"https:\\\/\\\/www.kirche-sdh.de\\\/side\\\/taufe-von-finn-wagner\\\/#primaryimage\"},\"thumbnailUrl\":\"https:\\\/\\\/www.kirche-sdh.de\\\/side\\\/wp-content\\\/uploads\\\/P1002175-scaled.jpg\",\"articleSection\":[\"D\u00f6fering\"],\"inLanguage\":\"de\"},{\"@type\":\"WebPage\",\"@id\":\"https:\\\/\\\/www.kirche-sdh.de\\\/side\\\/taufe-von-finn-wagner\\\/\",\"url\":\"https:\\\/\\\/www.kirche-sdh.de\\\/side\\\/taufe-von-finn-wagner\\\/\",\"name\":\"Taufe von Finn Wagner - Informationsseite und Seelsorgeeinheit\",\"isPartOf\":{\"@id\":\"https:\\\/\\\/www.kirche-sdh.de\\\/side\\\/#website\"},\"primaryImageOfPage\":{\"@id\":\"https:\\\/\\\/www.kirche-sdh.de\\\/side\\\/taufe-von-finn-wagner\\\/#primaryimage\"},\"image\":{\"@id\":\"https:\\\/\\\/www.kirche-sdh.de\\\/side\\\/taufe-von-finn-wagner\\\/#primaryimage\"},\"thumbnailUrl\":\"https:\\\/\\\/www.kirche-sdh.de\\\/side\\\/wp-content\\\/uploads\\\/P1002175-scaled.jpg\",\"datePublished\":\"2024-04-07T15:32:51+00:00\",\"dateModified\":\"2024-04-07T15:33:32+00:00\",\"breadcrumb\":{\"@id\":\"https:\\\/\\\/www.kirche-sdh.de\\\/side\\\/taufe-von-finn-wagner\\\/#breadcrumb\"},\"inLanguage\":\"de\",\"potentialAction\":[{\"@type\":\"ReadAction\",\"target\":[\"https:\\\/\\\/www.kirche-sdh.de\\\/side\\\/taufe-von-finn-wagner\\\/\"]}]},{\"@type\":\"ImageObject\",\"inLanguage\":\"de\",\"@id\":\"https:\\\/\\\/www.kirche-sdh.de\\\/side\\\/taufe-von-finn-wagner\\\/#primaryimage\",\"url\":\"https:\\\/\\\/www.kirche-sdh.de\\\/side\\\/wp-content\\\/uploads\\\/P1002175-scaled.jpg\",\"contentUrl\":\"https:\\\/\\\/www.kirche-sdh.de\\\/side\\\/wp-content\\\/uploads\\\/P1002175-scaled.jpg\",\"width\":2560,\"height\":1707},{\"@type\":\"BreadcrumbList\",\"@id\":\"https:\\\/\\\/www.kirche-sdh.de\\\/side\\\/taufe-von-finn-wagner\\\/#breadcrumb\",\"itemListElement\":[{\"@type\":\"ListItem\",\"position\":1,\"name\":\"Startseite\",\"item\":\"https:\\\/\\\/www.kirche-sdh.de\\\/side\\\/\"},{\"@type\":\"ListItem\",\"position\":2,\"name\":\"Taufe von Finn Wagner\"}]},{\"@type\":\"WebSite\",\"@id\":\"https:\\\/\\\/www.kirche-sdh.de\\\/side\\\/#website\",\"url\":\"https:\\\/\\\/www.kirche-sdh.de\\\/side\\\/\",\"name\":\"Informationsseite und Seelsorgeeinheit\",\"description\":\"Informationsseite und Seelsorgeeinheit\",\"publisher\":{\"@id\":\"https:\\\/\\\/www.kirche-sdh.de\\\/side\\\/#organization\"},\"potentialAction\":[{\"@type\":\"SearchAction\",\"target\":{\"@type\":\"EntryPoint\",\"urlTemplate\":\"https:\\\/\\\/www.kirche-sdh.de\\\/side\\\/?s={search_term_string}\"},\"query-input\":{\"@type\":\"PropertyValueSpecification\",\"valueRequired\":true,\"valueName\":\"search_term_string\"}}],\"inLanguage\":\"de\"},{\"@type\":\"Organization\",\"@id\":\"https:\\\/\\\/www.kirche-sdh.de\\\/side\\\/#organization\",\"name\":\"Informationsseite und Seelsorgeeinheit\",\"url\":\"https:\\\/\\\/www.kirche-sdh.de\\\/side\\\/\",\"logo\":{\"@type\":\"ImageObject\",\"inLanguage\":\"de\",\"@id\":\"https:\\\/\\\/www.kirche-sdh.de\\\/side\\\/#\\\/schema\\\/logo\\\/image\\\/\",\"url\":\"https:\\\/\\\/www.kirche-sdh.de\\\/side\\\/wp-content\\\/uploads\\\/2017\\\/12\\\/kirche-logos.png\",\"contentUrl\":\"https:\\\/\\\/www.kirche-sdh.de\\\/side\\\/wp-content\\\/uploads\\\/2017\\\/12\\\/kirche-logos.png\",\"width\":438,\"height\":191,\"caption\":\"Informationsseite und Seelsorgeeinheit\"},\"image\":{\"@id\":\"https:\\\/\\\/www.kirche-sdh.de\\\/side\\\/#\\\/schema\\\/logo\\\/image\\\/\"}},{\"@type\":\"Person\",\"@id\":\"https:\\\/\\\/www.kirche-sdh.de\\\/side\\\/#\\\/schema\\\/person\\\/03813c96da9249c1923a325c77818b1a\",\"name\":\"Dirscherl\",\"url\":\"https:\\\/\\\/www.kirche-sdh.de\\\/side\\\/author\\\/kirchesdh\\\/\"}]}<\/script>\n<!-- \/ Yoast SEO plugin. -->","yoast_head_json":{"title":"Taufe von Finn Wagner - Informationsseite und Seelsorgeeinheit","robots":{"index":"index","follow":"follow","max-snippet":"max-snippet:-1","max-image-preview":"max-image-preview:large","max-video-preview":"max-video-preview:-1"},"canonical":"https:\/\/www.kirche-sdh.de\/side\/taufe-von-finn-wagner\/","og_locale":"de_DE","og_type":"article","og_title":"Taufe von Finn Wagner - Informationsseite und Seelsorgeeinheit","og_description":"Finn Wagner in D\u00f6fering getauft Bei Bestem Kaiserwetter wurde Finn Wagner in der Pfarrkirche St. \u00c4gidius in D\u00f6fering getauft. Finn ist nach Tochter Hannah Marie das zweite Kind von Markus Wagner und Anna Ried. Josef Wagner \u00fcbernahm das verantwortungsvolle Amt des Paten in dem er Finn als guter Freund zur [&hellip;]","og_url":"https:\/\/www.kirche-sdh.de\/side\/taufe-von-finn-wagner\/","og_site_name":"Informationsseite und Seelsorgeeinheit","article_published_time":"2024-04-07T15:32:51+00:00","article_modified_time":"2024-04-07T15:33:32+00:00","og_image":[{"width":2560,"height":1707,"url":"https:\/\/www.kirche-sdh.de\/side\/wp-content\/uploads\/P1002175-scaled.jpg","type":"image\/jpeg"}],"author":"Dirscherl","twitter_card":"summary_large_image","twitter_misc":{"Verfasst von":"Dirscherl","Gesch\u00e4tzte Lesezeit":"1\u00a0Minute"},"schema":{"@context":"https:\/\/schema.org","@graph":[{"@type":"Article","@id":"https:\/\/www.kirche-sdh.de\/side\/taufe-von-finn-wagner\/#article","isPartOf":{"@id":"https:\/\/www.kirche-sdh.de\/side\/taufe-von-finn-wagner\/"},"author":{"name":"Dirscherl","@id":"https:\/\/www.kirche-sdh.de\/side\/#\/schema\/person\/03813c96da9249c1923a325c77818b1a"},"headline":"Taufe von Finn Wagner","datePublished":"2024-04-07T15:32:51+00:00","dateModified":"2024-04-07T15:33:32+00:00","mainEntityOfPage":{"@id":"https:\/\/www.kirche-sdh.de\/side\/taufe-von-finn-wagner\/"},"wordCount":292,"publisher":{"@id":"https:\/\/www.kirche-sdh.de\/side\/#organization"},"image":{"@id":"https:\/\/www.kirche-sdh.de\/side\/taufe-von-finn-wagner\/#primaryimage"},"thumbnailUrl":"https:\/\/www.kirche-sdh.de\/side\/wp-content\/uploads\/P1002175-scaled.jpg","articleSection":["D\u00f6fering"],"inLanguage":"de"},{"@type":"WebPage","@id":"https:\/\/www.kirche-sdh.de\/side\/taufe-von-finn-wagner\/","url":"https:\/\/www.kirche-sdh.de\/side\/taufe-von-finn-wagner\/","name":"Taufe von Finn Wagner - Informationsseite und Seelsorgeeinheit","isPartOf":{"@id":"https:\/\/www.kirche-sdh.de\/side\/#website"},"primaryImageOfPage":{"@id":"https:\/\/www.kirche-sdh.de\/side\/taufe-von-finn-wagner\/#primaryimage"},"image":{"@id":"https:\/\/www.kirche-sdh.de\/side\/taufe-von-finn-wagner\/#primaryimage"},"thumbnailUrl":"https:\/\/www.kirche-sdh.de\/side\/wp-content\/uploads\/P1002175-scaled.jpg","datePublished":"2024-04-07T15:32:51+00:00","dateModified":"2024-04-07T15:33:32+00:00","breadcrumb":{"@id":"https:\/\/www.kirche-sdh.de\/side\/taufe-von-finn-wagner\/#breadcrumb"},"inLanguage":"de","potentialAction":[{"@type":"ReadAction","target":["https:\/\/www.kirche-sdh.de\/side\/taufe-von-finn-wagner\/"]}]},{"@type":"ImageObject","inLanguage":"de","@id":"https:\/\/www.kirche-sdh.de\/side\/taufe-von-finn-wagner\/#primaryimage","url":"https:\/\/www.kirche-sdh.de\/side\/wp-content\/uploads\/P1002175-scaled.jpg","contentUrl":"https:\/\/www.kirche-sdh.de\/side\/wp-content\/uploads\/P1002175-scaled.jpg","width":2560,"height":1707},{"@type":"BreadcrumbList","@id":"https:\/\/www.kirche-sdh.de\/side\/taufe-von-finn-wagner\/#breadcrumb","itemListElement":[{"@type":"ListItem","position":1,"name":"Startseite","item":"https:\/\/www.kirche-sdh.de\/side\/"},{"@type":"ListItem","position":2,"name":"Taufe von Finn Wagner"}]},{"@type":"WebSite","@id":"https:\/\/www.kirche-sdh.de\/side\/#website","url":"https:\/\/www.kirche-sdh.de\/side\/","name":"Informationsseite und Seelsorgeeinheit","description":"Informationsseite und Seelsorgeeinheit","publisher":{"@id":"https:\/\/www.kirche-sdh.de\/side\/#organization"},"potentialAction":[{"@type":"SearchAction","target":{"@type":"EntryPoint","urlTemplate":"https:\/\/www.kirche-sdh.de\/side\/?s={search_term_string}"},"query-input":{"@type":"PropertyValueSpecification","valueRequired":true,"valueName":"search_term_string"}}],"inLanguage":"de"},{"@type":"Organization","@id":"https:\/\/www.kirche-sdh.de\/side\/#organization","name":"Informationsseite und Seelsorgeeinheit","url":"https:\/\/www.kirche-sdh.de\/side\/","logo":{"@type":"ImageObject","inLanguage":"de","@id":"https:\/\/www.kirche-sdh.de\/side\/#\/schema\/logo\/image\/","url":"https:\/\/www.kirche-sdh.de\/side\/wp-content\/uploads\/2017\/12\/kirche-logos.png","contentUrl":"https:\/\/www.kirche-sdh.de\/side\/wp-content\/uploads\/2017\/12\/kirche-logos.png","width":438,"height":191,"caption":"Informationsseite und Seelsorgeeinheit"},"image":{"@id":"https:\/\/www.kirche-sdh.de\/side\/#\/schema\/logo\/image\/"}},{"@type":"Person","@id":"https:\/\/www.kirche-sdh.de\/side\/#\/schema\/person\/03813c96da9249c1923a325c77818b1a","name":"Dirscherl","url":"https:\/\/www.kirche-sdh.de\/side\/author\/kirchesdh\/"}]}},"_links":{"self":[{"href":"https:\/\/www.kirche-sdh.de\/side\/wp-json\/wp\/v2\/posts\/19378","targetHints":{"allow":["GET"]}}],"collection":[{"href":"https:\/\/www.kirche-sdh.de\/side\/wp-json\/wp\/v2\/posts"}],"about":[{"href":"https:\/\/www.kirche-sdh.de\/side\/wp-json\/wp\/v2\/types\/post"}],"author":[{"embeddable":true,"href":"https:\/\/www.kirche-sdh.de\/side\/wp-json\/wp\/v2\/users\/1"}],"replies":[{"embeddable":true,"href":"https:\/\/www.kirche-sdh.de\/side\/wp-json\/wp\/v2\/comments?post=19378"}],"version-history":[{"count":0,"href":"https:\/\/www.kirche-sdh.de\/side\/wp-json\/wp\/v2\/posts\/19378\/revisions"}],"wp:featuredmedia":[{"embeddable":true,"href":"https:\/\/www.kirche-sdh.de\/side\/wp-json\/wp\/v2\/media\/19379"}],"wp:attachment":[{"href":"https:\/\/www.kirche-sdh.de\/side\/wp-json\/wp\/v2\/media?parent=19378"}],"wp:term":[{"taxonomy":"category","embeddable":true,"href":"https:\/\/www.kirche-sdh.de\/side\/wp-json\/wp\/v2\/categories?post=19378"},{"taxonomy":"post_tag","embeddable":true,"href":"https:\/\/www.kirche-sdh.de\/side\/wp-json\/wp\/v2\/tags?post=19378"}],"curies":[{"name":"wp","href":"https:\/\/api.w.org\/{rel}","templated":true}]}}