{"id":19301,"date":"2024-03-03T22:05:09","date_gmt":"2024-03-03T21:05:09","guid":{"rendered":"https:\/\/www.kirche-sdh.de\/side\/?p=19301"},"modified":"2024-03-03T22:05:09","modified_gmt":"2024-03-03T21:05:09","slug":"leidenschaft-fuer-die-sache-gottes","status":"publish","type":"post","link":"https:\/\/www.kirche-sdh.de\/side\/leidenschaft-fuer-die-sache-gottes\/","title":{"rendered":"Leidenschaft f\u00fcr die Sache Gottes"},"content":{"rendered":"<p><strong>Familiengottesdienst zur Fastenzeit &#8211; Fastensuppe f\u00fcr guten Zweck<\/strong><\/p>\n<p><strong>Sch\u00f6nthal<\/strong>. \u201eWie ist Gott?\u201c \u2013 dieser Frage ging der am dritten Fastensonntag in der Pfarrei Sch\u00f6nthal gefeierte, von Kindern gestaltete Familiengottesdienst nach. Musikalisch umrahmt wurde der Gottesdienst von Edith Pongratz und dem Sch\u00f6nthaler Kirchenchor. Die M\u00e4dchen und Jungen stellten in einem Rollenspiel das Evangelium von Jesus im Tempel nach. Voller Eifer habe Jesus den Tempel \u201egereinigt\u201c. \u201eGott ist ein leidenschaftlicher Gott\u201c meinte Pfarrer Alfons Eder. Dass Gott die Menschen auch ohne Opfer von Tauben und Schafen liebt spielten die Kinder in der Tempelszene nach. Gott nehme die Menschen an wie sie sind. \u201eGott liebt dich auch ohne Opfer\u201c, deshalb habe Jesus alle Menschen, die f\u00fcr Liebe Geld bezahlen, aus dem Tempel geworfen. \u201eGottes Liebe kannst du nie bezahlen.\u201c Wenn Geld geschenkt werde nur aus dem Grund, das Gute zu teilen und um zu helfen. Auch bei den Kyrie-Rufen wirkten die Kinder mit, trugen die Lesung und die F\u00fcrbitten vor und bereicherten den Gottesdienst, den sie zusammen mit dem Familiengottesdienstteam und Gemeindereferentin Rosa-Maria Roth vorbereitet hatten.<\/p>\n<p><img loading=\"lazy\" decoding=\"async\" src=\"https:\/\/www.kirche-sdh.de\/side\/wp-content\/uploads\/IMG_2668-scaled.jpg\" alt=\"\" width=\"2560\" height=\"1707\" class=\"alignnone size-full wp-image-19302\" srcset=\"https:\/\/www.kirche-sdh.de\/side\/wp-content\/uploads\/IMG_2668-scaled.jpg 2560w, https:\/\/www.kirche-sdh.de\/side\/wp-content\/uploads\/IMG_2668-300x200.jpg 300w, https:\/\/www.kirche-sdh.de\/side\/wp-content\/uploads\/IMG_2668-1024x683.jpg 1024w, https:\/\/www.kirche-sdh.de\/side\/wp-content\/uploads\/IMG_2668-768x512.jpg 768w, https:\/\/www.kirche-sdh.de\/side\/wp-content\/uploads\/IMG_2668-1536x1024.jpg 1536w, https:\/\/www.kirche-sdh.de\/side\/wp-content\/uploads\/IMG_2668-2048x1365.jpg 2048w, https:\/\/www.kirche-sdh.de\/side\/wp-content\/uploads\/IMG_2668-360x240.jpg 360w\" sizes=\"auto, (max-width: 2560px) 100vw, 2560px\" \/> \u00a0<img loading=\"lazy\" decoding=\"async\" src=\"https:\/\/www.kirche-sdh.de\/side\/wp-content\/uploads\/20240303_102931-scaled.jpg\" alt=\"\" width=\"2560\" height=\"1920\" class=\"alignnone size-full wp-image-19304\" srcset=\"https:\/\/www.kirche-sdh.de\/side\/wp-content\/uploads\/20240303_102931-scaled.jpg 2560w, https:\/\/www.kirche-sdh.de\/side\/wp-content\/uploads\/20240303_102931-300x225.jpg 300w, https:\/\/www.kirche-sdh.de\/side\/wp-content\/uploads\/20240303_102931-1024x768.jpg 1024w, https:\/\/www.kirche-sdh.de\/side\/wp-content\/uploads\/20240303_102931-768x576.jpg 768w, https:\/\/www.kirche-sdh.de\/side\/wp-content\/uploads\/20240303_102931-1536x1152.jpg 1536w, https:\/\/www.kirche-sdh.de\/side\/wp-content\/uploads\/20240303_102931-2048x1536.jpg 2048w\" sizes=\"auto, (max-width: 2560px) 100vw, 2560px\" \/> <img loading=\"lazy\" decoding=\"async\" src=\"https:\/\/www.kirche-sdh.de\/side\/wp-content\/uploads\/IMG_2664-scaled.jpg\" alt=\"\" width=\"2560\" height=\"1707\" class=\"alignnone size-full wp-image-19305\" srcset=\"https:\/\/www.kirche-sdh.de\/side\/wp-content\/uploads\/IMG_2664-scaled.jpg 2560w, https:\/\/www.kirche-sdh.de\/side\/wp-content\/uploads\/IMG_2664-300x200.jpg 300w, https:\/\/www.kirche-sdh.de\/side\/wp-content\/uploads\/IMG_2664-1024x683.jpg 1024w, https:\/\/www.kirche-sdh.de\/side\/wp-content\/uploads\/IMG_2664-768x512.jpg 768w, https:\/\/www.kirche-sdh.de\/side\/wp-content\/uploads\/IMG_2664-1536x1024.jpg 1536w, https:\/\/www.kirche-sdh.de\/side\/wp-content\/uploads\/IMG_2664-2048x1365.jpg 2048w, https:\/\/www.kirche-sdh.de\/side\/wp-content\/uploads\/IMG_2664-360x240.jpg 360w\" sizes=\"auto, (max-width: 2560px) 100vw, 2560px\" \/><\/p>\n<p>Etwas fasten und dabei sich und anderen Gutes tun konnten die G\u00e4ste beim sich anschlie\u00dfenden Fastensuppenessen.<\/p>\n<p>Die Mitglieder des Pfarrgemeinderates hatten T\u00f6pfe weise Fastensuppe aus Kartoffeln, Karotten und allerlei anderem Gem\u00fcse gekocht. Das Angebot wurde gerne angenommen und stie\u00df bei den Gl\u00e4ubigen und Besuchern des zuvor gefeierten Familiengottesdienstes auf gute Resonanz. Im Pfarr- und Jugendheim bildete sich an der Essensausgabe eine lange Schlange. Schnell waren auch alle Pl\u00e4tze im Augustinersaal besetzt. Zur Suppe gab es Bauernbrot und wer nicht ganz auf eine fleischige Beilage verzichten wollte konnte Wiener dazu nehmen. Sehr zur Freude blieb kaum etwas von der vielen zubereiteten Suppe \u00fcbrig und auch das im Anschluss gemeinsam mit der Frauengemeinschaft angebotene Kaffee- und Kuchenbuffet fand gro\u00dfen Anklang. Der gesamte Erl\u00f6s der Veranstaltung von rund 650 Euro wird f\u00fcr einen gemeinn\u00fctzigen Zweck gespendet.<\/p>\n<p><img loading=\"lazy\" decoding=\"async\" src=\"https:\/\/www.kirche-sdh.de\/side\/wp-content\/uploads\/20240303_104837-scaled.jpg\" alt=\"\" width=\"2560\" height=\"1920\" class=\"alignnone size-full wp-image-19303\" srcset=\"https:\/\/www.kirche-sdh.de\/side\/wp-content\/uploads\/20240303_104837-scaled.jpg 2560w, https:\/\/www.kirche-sdh.de\/side\/wp-content\/uploads\/20240303_104837-300x225.jpg 300w, https:\/\/www.kirche-sdh.de\/side\/wp-content\/uploads\/20240303_104837-1024x768.jpg 1024w, https:\/\/www.kirche-sdh.de\/side\/wp-content\/uploads\/20240303_104837-768x576.jpg 768w, https:\/\/www.kirche-sdh.de\/side\/wp-content\/uploads\/20240303_104837-1536x1152.jpg 1536w, https:\/\/www.kirche-sdh.de\/side\/wp-content\/uploads\/20240303_104837-2048x1536.jpg 2048w\" sizes=\"auto, (max-width: 2560px) 100vw, 2560px\" \/><\/p>\n","protected":false},"excerpt":{"rendered":"<p>Familiengottesdienst zur Fastenzeit &#8211; Fastensuppe f\u00fcr guten Zweck Sch\u00f6nthal. \u201eWie ist Gott?\u201c \u2013 dieser Frage ging der am dritten Fastensonntag in der Pfarrei Sch\u00f6nthal gefeierte, von Kindern gestaltete Familiengottesdienst nach. Musikalisch umrahmt wurde der Gottesdienst von Edith Pongratz und dem Sch\u00f6nthaler Kirchenchor. Die M\u00e4dchen und Jungen stellten in einem Rollenspiel [&hellip;]<\/p>\n","protected":false},"author":3,"featured_media":19305,"comment_status":"closed","ping_status":"closed","sticky":true,"template":"","format":"standard","meta":{"footnotes":""},"categories":[21],"tags":[],"class_list":["post-19301","post","type-post","status-publish","format-standard","has-post-thumbnail","hentry","category-schoenthal"],"yoast_head":"<!-- This site is optimized with the Yoast SEO plugin v27.5 - https:\/\/yoast.com\/product\/yoast-seo-wordpress\/ -->\n<title>Leidenschaft f\u00fcr die Sache Gottes - Informationsseite und Seelsorgeeinheit<\/title>\n<meta name=\"robots\" content=\"index, follow, max-snippet:-1, max-image-preview:large, max-video-preview:-1\" \/>\n<link rel=\"canonical\" href=\"https:\/\/www.kirche-sdh.de\/side\/leidenschaft-fuer-die-sache-gottes\/\" \/>\n<meta property=\"og:locale\" content=\"de_DE\" \/>\n<meta property=\"og:type\" content=\"article\" \/>\n<meta property=\"og:title\" content=\"Leidenschaft f\u00fcr die Sache Gottes - Informationsseite und Seelsorgeeinheit\" \/>\n<meta property=\"og:description\" content=\"Familiengottesdienst zur Fastenzeit &#8211; Fastensuppe f\u00fcr guten Zweck Sch\u00f6nthal. \u201eWie ist Gott?\u201c \u2013 dieser Frage ging der am dritten Fastensonntag in der Pfarrei Sch\u00f6nthal gefeierte, von Kindern gestaltete Familiengottesdienst nach. Musikalisch umrahmt wurde der Gottesdienst von Edith Pongratz und dem Sch\u00f6nthaler Kirchenchor. Die M\u00e4dchen und Jungen stellten in einem Rollenspiel [&hellip;]\" \/>\n<meta property=\"og:url\" content=\"https:\/\/www.kirche-sdh.de\/side\/leidenschaft-fuer-die-sache-gottes\/\" \/>\n<meta property=\"og:site_name\" content=\"Informationsseite und Seelsorgeeinheit\" \/>\n<meta property=\"article:published_time\" content=\"2024-03-03T21:05:09+00:00\" \/>\n<meta property=\"og:image\" content=\"https:\/\/www.kirche-sdh.de\/side\/wp-content\/uploads\/IMG_2664-scaled.jpg\" \/>\n\t<meta property=\"og:image:width\" content=\"2560\" \/>\n\t<meta property=\"og:image:height\" content=\"1707\" \/>\n\t<meta property=\"og:image:type\" content=\"image\/jpeg\" \/>\n<meta name=\"author\" content=\"Martin Zangl\" \/>\n<meta name=\"twitter:card\" content=\"summary_large_image\" \/>\n<meta name=\"twitter:label1\" content=\"Verfasst von\" \/>\n\t<meta name=\"twitter:data1\" content=\"Martin Zangl\" \/>\n\t<meta name=\"twitter:label2\" content=\"Gesch\u00e4tzte Lesezeit\" \/>\n\t<meta name=\"twitter:data2\" content=\"2\u00a0Minuten\" \/>\n<script type=\"application\/ld+json\" class=\"yoast-schema-graph\">{\"@context\":\"https:\\\/\\\/schema.org\",\"@graph\":[{\"@type\":\"Article\",\"@id\":\"https:\\\/\\\/www.kirche-sdh.de\\\/side\\\/leidenschaft-fuer-die-sache-gottes\\\/#article\",\"isPartOf\":{\"@id\":\"https:\\\/\\\/www.kirche-sdh.de\\\/side\\\/leidenschaft-fuer-die-sache-gottes\\\/\"},\"author\":{\"name\":\"Martin Zangl\",\"@id\":\"https:\\\/\\\/www.kirche-sdh.de\\\/side\\\/#\\\/schema\\\/person\\\/e05baeb81583d4659c11ea77b24c3640\"},\"headline\":\"Leidenschaft f\u00fcr die Sache Gottes\",\"datePublished\":\"2024-03-03T21:05:09+00:00\",\"mainEntityOfPage\":{\"@id\":\"https:\\\/\\\/www.kirche-sdh.de\\\/side\\\/leidenschaft-fuer-die-sache-gottes\\\/\"},\"wordCount\":327,\"publisher\":{\"@id\":\"https:\\\/\\\/www.kirche-sdh.de\\\/side\\\/#organization\"},\"image\":{\"@id\":\"https:\\\/\\\/www.kirche-sdh.de\\\/side\\\/leidenschaft-fuer-die-sache-gottes\\\/#primaryimage\"},\"thumbnailUrl\":\"https:\\\/\\\/www.kirche-sdh.de\\\/side\\\/wp-content\\\/uploads\\\/IMG_2664-scaled.jpg\",\"articleSection\":[\"Sch\u00f6nthal\"],\"inLanguage\":\"de\"},{\"@type\":\"WebPage\",\"@id\":\"https:\\\/\\\/www.kirche-sdh.de\\\/side\\\/leidenschaft-fuer-die-sache-gottes\\\/\",\"url\":\"https:\\\/\\\/www.kirche-sdh.de\\\/side\\\/leidenschaft-fuer-die-sache-gottes\\\/\",\"name\":\"Leidenschaft f\u00fcr die Sache Gottes - Informationsseite und Seelsorgeeinheit\",\"isPartOf\":{\"@id\":\"https:\\\/\\\/www.kirche-sdh.de\\\/side\\\/#website\"},\"primaryImageOfPage\":{\"@id\":\"https:\\\/\\\/www.kirche-sdh.de\\\/side\\\/leidenschaft-fuer-die-sache-gottes\\\/#primaryimage\"},\"image\":{\"@id\":\"https:\\\/\\\/www.kirche-sdh.de\\\/side\\\/leidenschaft-fuer-die-sache-gottes\\\/#primaryimage\"},\"thumbnailUrl\":\"https:\\\/\\\/www.kirche-sdh.de\\\/side\\\/wp-content\\\/uploads\\\/IMG_2664-scaled.jpg\",\"datePublished\":\"2024-03-03T21:05:09+00:00\",\"breadcrumb\":{\"@id\":\"https:\\\/\\\/www.kirche-sdh.de\\\/side\\\/leidenschaft-fuer-die-sache-gottes\\\/#breadcrumb\"},\"inLanguage\":\"de\",\"potentialAction\":[{\"@type\":\"ReadAction\",\"target\":[\"https:\\\/\\\/www.kirche-sdh.de\\\/side\\\/leidenschaft-fuer-die-sache-gottes\\\/\"]}]},{\"@type\":\"ImageObject\",\"inLanguage\":\"de\",\"@id\":\"https:\\\/\\\/www.kirche-sdh.de\\\/side\\\/leidenschaft-fuer-die-sache-gottes\\\/#primaryimage\",\"url\":\"https:\\\/\\\/www.kirche-sdh.de\\\/side\\\/wp-content\\\/uploads\\\/IMG_2664-scaled.jpg\",\"contentUrl\":\"https:\\\/\\\/www.kirche-sdh.de\\\/side\\\/wp-content\\\/uploads\\\/IMG_2664-scaled.jpg\",\"width\":2560,\"height\":1707},{\"@type\":\"BreadcrumbList\",\"@id\":\"https:\\\/\\\/www.kirche-sdh.de\\\/side\\\/leidenschaft-fuer-die-sache-gottes\\\/#breadcrumb\",\"itemListElement\":[{\"@type\":\"ListItem\",\"position\":1,\"name\":\"Startseite\",\"item\":\"https:\\\/\\\/www.kirche-sdh.de\\\/side\\\/\"},{\"@type\":\"ListItem\",\"position\":2,\"name\":\"Leidenschaft f\u00fcr die Sache Gottes\"}]},{\"@type\":\"WebSite\",\"@id\":\"https:\\\/\\\/www.kirche-sdh.de\\\/side\\\/#website\",\"url\":\"https:\\\/\\\/www.kirche-sdh.de\\\/side\\\/\",\"name\":\"Informationsseite und Seelsorgeeinheit\",\"description\":\"Informationsseite und Seelsorgeeinheit\",\"publisher\":{\"@id\":\"https:\\\/\\\/www.kirche-sdh.de\\\/side\\\/#organization\"},\"potentialAction\":[{\"@type\":\"SearchAction\",\"target\":{\"@type\":\"EntryPoint\",\"urlTemplate\":\"https:\\\/\\\/www.kirche-sdh.de\\\/side\\\/?s={search_term_string}\"},\"query-input\":{\"@type\":\"PropertyValueSpecification\",\"valueRequired\":true,\"valueName\":\"search_term_string\"}}],\"inLanguage\":\"de\"},{\"@type\":\"Organization\",\"@id\":\"https:\\\/\\\/www.kirche-sdh.de\\\/side\\\/#organization\",\"name\":\"Informationsseite und Seelsorgeeinheit\",\"url\":\"https:\\\/\\\/www.kirche-sdh.de\\\/side\\\/\",\"logo\":{\"@type\":\"ImageObject\",\"inLanguage\":\"de\",\"@id\":\"https:\\\/\\\/www.kirche-sdh.de\\\/side\\\/#\\\/schema\\\/logo\\\/image\\\/\",\"url\":\"https:\\\/\\\/www.kirche-sdh.de\\\/side\\\/wp-content\\\/uploads\\\/2017\\\/12\\\/kirche-logos.png\",\"contentUrl\":\"https:\\\/\\\/www.kirche-sdh.de\\\/side\\\/wp-content\\\/uploads\\\/2017\\\/12\\\/kirche-logos.png\",\"width\":438,\"height\":191,\"caption\":\"Informationsseite und Seelsorgeeinheit\"},\"image\":{\"@id\":\"https:\\\/\\\/www.kirche-sdh.de\\\/side\\\/#\\\/schema\\\/logo\\\/image\\\/\"}},{\"@type\":\"Person\",\"@id\":\"https:\\\/\\\/www.kirche-sdh.de\\\/side\\\/#\\\/schema\\\/person\\\/e05baeb81583d4659c11ea77b24c3640\",\"name\":\"Martin Zangl\",\"url\":\"https:\\\/\\\/www.kirche-sdh.de\\\/side\\\/author\\\/zangl\\\/\"}]}<\/script>\n<!-- \/ Yoast SEO plugin. -->","yoast_head_json":{"title":"Leidenschaft f\u00fcr die Sache Gottes - Informationsseite und Seelsorgeeinheit","robots":{"index":"index","follow":"follow","max-snippet":"max-snippet:-1","max-image-preview":"max-image-preview:large","max-video-preview":"max-video-preview:-1"},"canonical":"https:\/\/www.kirche-sdh.de\/side\/leidenschaft-fuer-die-sache-gottes\/","og_locale":"de_DE","og_type":"article","og_title":"Leidenschaft f\u00fcr die Sache Gottes - Informationsseite und Seelsorgeeinheit","og_description":"Familiengottesdienst zur Fastenzeit &#8211; Fastensuppe f\u00fcr guten Zweck Sch\u00f6nthal. \u201eWie ist Gott?\u201c \u2013 dieser Frage ging der am dritten Fastensonntag in der Pfarrei Sch\u00f6nthal gefeierte, von Kindern gestaltete Familiengottesdienst nach. Musikalisch umrahmt wurde der Gottesdienst von Edith Pongratz und dem Sch\u00f6nthaler Kirchenchor. Die M\u00e4dchen und Jungen stellten in einem Rollenspiel [&hellip;]","og_url":"https:\/\/www.kirche-sdh.de\/side\/leidenschaft-fuer-die-sache-gottes\/","og_site_name":"Informationsseite und Seelsorgeeinheit","article_published_time":"2024-03-03T21:05:09+00:00","og_image":[{"width":2560,"height":1707,"url":"https:\/\/www.kirche-sdh.de\/side\/wp-content\/uploads\/IMG_2664-scaled.jpg","type":"image\/jpeg"}],"author":"Martin Zangl","twitter_card":"summary_large_image","twitter_misc":{"Verfasst von":"Martin Zangl","Gesch\u00e4tzte Lesezeit":"2\u00a0Minuten"},"schema":{"@context":"https:\/\/schema.org","@graph":[{"@type":"Article","@id":"https:\/\/www.kirche-sdh.de\/side\/leidenschaft-fuer-die-sache-gottes\/#article","isPartOf":{"@id":"https:\/\/www.kirche-sdh.de\/side\/leidenschaft-fuer-die-sache-gottes\/"},"author":{"name":"Martin Zangl","@id":"https:\/\/www.kirche-sdh.de\/side\/#\/schema\/person\/e05baeb81583d4659c11ea77b24c3640"},"headline":"Leidenschaft f\u00fcr die Sache Gottes","datePublished":"2024-03-03T21:05:09+00:00","mainEntityOfPage":{"@id":"https:\/\/www.kirche-sdh.de\/side\/leidenschaft-fuer-die-sache-gottes\/"},"wordCount":327,"publisher":{"@id":"https:\/\/www.kirche-sdh.de\/side\/#organization"},"image":{"@id":"https:\/\/www.kirche-sdh.de\/side\/leidenschaft-fuer-die-sache-gottes\/#primaryimage"},"thumbnailUrl":"https:\/\/www.kirche-sdh.de\/side\/wp-content\/uploads\/IMG_2664-scaled.jpg","articleSection":["Sch\u00f6nthal"],"inLanguage":"de"},{"@type":"WebPage","@id":"https:\/\/www.kirche-sdh.de\/side\/leidenschaft-fuer-die-sache-gottes\/","url":"https:\/\/www.kirche-sdh.de\/side\/leidenschaft-fuer-die-sache-gottes\/","name":"Leidenschaft f\u00fcr die Sache Gottes - Informationsseite und Seelsorgeeinheit","isPartOf":{"@id":"https:\/\/www.kirche-sdh.de\/side\/#website"},"primaryImageOfPage":{"@id":"https:\/\/www.kirche-sdh.de\/side\/leidenschaft-fuer-die-sache-gottes\/#primaryimage"},"image":{"@id":"https:\/\/www.kirche-sdh.de\/side\/leidenschaft-fuer-die-sache-gottes\/#primaryimage"},"thumbnailUrl":"https:\/\/www.kirche-sdh.de\/side\/wp-content\/uploads\/IMG_2664-scaled.jpg","datePublished":"2024-03-03T21:05:09+00:00","breadcrumb":{"@id":"https:\/\/www.kirche-sdh.de\/side\/leidenschaft-fuer-die-sache-gottes\/#breadcrumb"},"inLanguage":"de","potentialAction":[{"@type":"ReadAction","target":["https:\/\/www.kirche-sdh.de\/side\/leidenschaft-fuer-die-sache-gottes\/"]}]},{"@type":"ImageObject","inLanguage":"de","@id":"https:\/\/www.kirche-sdh.de\/side\/leidenschaft-fuer-die-sache-gottes\/#primaryimage","url":"https:\/\/www.kirche-sdh.de\/side\/wp-content\/uploads\/IMG_2664-scaled.jpg","contentUrl":"https:\/\/www.kirche-sdh.de\/side\/wp-content\/uploads\/IMG_2664-scaled.jpg","width":2560,"height":1707},{"@type":"BreadcrumbList","@id":"https:\/\/www.kirche-sdh.de\/side\/leidenschaft-fuer-die-sache-gottes\/#breadcrumb","itemListElement":[{"@type":"ListItem","position":1,"name":"Startseite","item":"https:\/\/www.kirche-sdh.de\/side\/"},{"@type":"ListItem","position":2,"name":"Leidenschaft f\u00fcr die Sache Gottes"}]},{"@type":"WebSite","@id":"https:\/\/www.kirche-sdh.de\/side\/#website","url":"https:\/\/www.kirche-sdh.de\/side\/","name":"Informationsseite und Seelsorgeeinheit","description":"Informationsseite und Seelsorgeeinheit","publisher":{"@id":"https:\/\/www.kirche-sdh.de\/side\/#organization"},"potentialAction":[{"@type":"SearchAction","target":{"@type":"EntryPoint","urlTemplate":"https:\/\/www.kirche-sdh.de\/side\/?s={search_term_string}"},"query-input":{"@type":"PropertyValueSpecification","valueRequired":true,"valueName":"search_term_string"}}],"inLanguage":"de"},{"@type":"Organization","@id":"https:\/\/www.kirche-sdh.de\/side\/#organization","name":"Informationsseite und Seelsorgeeinheit","url":"https:\/\/www.kirche-sdh.de\/side\/","logo":{"@type":"ImageObject","inLanguage":"de","@id":"https:\/\/www.kirche-sdh.de\/side\/#\/schema\/logo\/image\/","url":"https:\/\/www.kirche-sdh.de\/side\/wp-content\/uploads\/2017\/12\/kirche-logos.png","contentUrl":"https:\/\/www.kirche-sdh.de\/side\/wp-content\/uploads\/2017\/12\/kirche-logos.png","width":438,"height":191,"caption":"Informationsseite und Seelsorgeeinheit"},"image":{"@id":"https:\/\/www.kirche-sdh.de\/side\/#\/schema\/logo\/image\/"}},{"@type":"Person","@id":"https:\/\/www.kirche-sdh.de\/side\/#\/schema\/person\/e05baeb81583d4659c11ea77b24c3640","name":"Martin Zangl","url":"https:\/\/www.kirche-sdh.de\/side\/author\/zangl\/"}]}},"_links":{"self":[{"href":"https:\/\/www.kirche-sdh.de\/side\/wp-json\/wp\/v2\/posts\/19301","targetHints":{"allow":["GET"]}}],"collection":[{"href":"https:\/\/www.kirche-sdh.de\/side\/wp-json\/wp\/v2\/posts"}],"about":[{"href":"https:\/\/www.kirche-sdh.de\/side\/wp-json\/wp\/v2\/types\/post"}],"author":[{"embeddable":true,"href":"https:\/\/www.kirche-sdh.de\/side\/wp-json\/wp\/v2\/users\/3"}],"replies":[{"embeddable":true,"href":"https:\/\/www.kirche-sdh.de\/side\/wp-json\/wp\/v2\/comments?post=19301"}],"version-history":[{"count":0,"href":"https:\/\/www.kirche-sdh.de\/side\/wp-json\/wp\/v2\/posts\/19301\/revisions"}],"wp:featuredmedia":[{"embeddable":true,"href":"https:\/\/www.kirche-sdh.de\/side\/wp-json\/wp\/v2\/media\/19305"}],"wp:attachment":[{"href":"https:\/\/www.kirche-sdh.de\/side\/wp-json\/wp\/v2\/media?parent=19301"}],"wp:term":[{"taxonomy":"category","embeddable":true,"href":"https:\/\/www.kirche-sdh.de\/side\/wp-json\/wp\/v2\/categories?post=19301"},{"taxonomy":"post_tag","embeddable":true,"href":"https:\/\/www.kirche-sdh.de\/side\/wp-json\/wp\/v2\/tags?post=19301"}],"curies":[{"name":"wp","href":"https:\/\/api.w.org\/{rel}","templated":true}]}}