{"id":19114,"date":"2023-12-04T19:21:22","date_gmt":"2023-12-04T18:21:22","guid":{"rendered":"https:\/\/www.kirche-sdh.de\/side\/?p=19114"},"modified":"2023-12-04T19:21:22","modified_gmt":"2023-12-04T18:21:22","slug":"gedenken-und-mahnung","status":"publish","type":"post","link":"https:\/\/www.kirche-sdh.de\/side\/gedenken-und-mahnung\/","title":{"rendered":"Gedenken und Mahnung"},"content":{"rendered":"<h4><strong>Volkstrauertag ein schwieriger Tag &#8211; Opfer von Krieg und Gewaltherrschaft gedacht<\/strong><\/h4>\n<p><strong>Sch\u00f6nthal<\/strong>. Im Gedenken an die Gefallenen und Vermissten der beiden Weltkriege, aber auch an die Opfer von Krieg und Gewalt in der heutigen Zeit, hat die Soldaten-und Reservistenkameradschaft Sch\u00f6nthal unter Beteiligung der \u00f6rtlichen Vereine und der kirchlichen und politischen Gemeinde den Volkstrauertag begangen.<\/p>\n<p>Nach dem feierlichen Einzug einer Abordnung der Blaskapelle D\u00f6fering unter Leitung von Rudi Zwicknagl und der ortsans\u00e4ssigen Vereine in die Pfarrkirche Sch\u00f6nthal zelebrierte Pfarrer Alfons Eder die Eucharistiefeier ganz im Zeichen des Volkstrauertages. Diese wurde musikalisch von der Blaskapelle D\u00f6fering mit der Schubert Messe umrahmt. Der Volkstrauertag sei ein schwieriger Tag. Das regnerische Wetter passe dazu. Die derzeitige Weltlage sei gleichsam der biblischen Schilderung vor der Sintflut vor mehr als 2500 Jahren \u201evoller Gewalt und Gewalttaten. Es hat sich seitens der Menschen damit nicht viel ver\u00e4ndert.\u201c so das Res\u00fcmee von Pfarrer Eder. Gewaltherrschaft habe im Zweiten Weltkrieg auch in der Region stattgefunden. Die Gedenkst\u00e4tten in Neunburg vorm Wald und Wetterfeld w\u00fcrden an die Todesm\u00e4rsche der KZ-H\u00e4ftlinge und der vielen Toten unter ihnen erinnern. Pfarrer Eder erinnerte auch an den 18. April 1945 und die Bombardierung des Bahnhofsviertels in Cham. 63 Menschen starben, darunter Einheimische, Soldaten und Ausl\u00e4nder sowie eine Sch\u00fclergruppe mit ihrem Lehrer Ludwig Schwan die vor den Russen auf der Flucht waren. Der Volkstrauertag sei ein schwieriger Gedenktag, weil der pers\u00f6nliche Bezug inzwischen fehlen w\u00fcrde und gleichzeitig die Nachrichten von Kriegsmeldungen wie aus der Ukraine und aus Israel bestimmt werden. Der Volkstrauertag sei zudem ein schwieriger Tag, weil man sich an diesem an den besch\u00e4menden Teil der deutschen Geschichte erinnern m\u00fcsse. Auch f\u00fcr die Religion sei es ein schlimmer Tag. Weltverzweiflung sei immer auch Gottverzweiflung. Pfarrer Eder zitierte aus dem Erinnerungsbuch von Elie Wiesel, einen Auschwitz \u00fcberlebenden Juden. Zusammen mit zwei Erwachsenen sei ein Junge erh\u00e4ngt worden. Sein Todeskampf dauerte eine halbe Stunde: \u201eWo ist jetzt Gott\u201c habe ein Stimme gefragt. Und wiederum eine andere Stimme in ihm habe zur Antwort gegeben \u201eHier ist er, er h\u00e4ngt dort am Galgen.\u201c Atheistisch k\u00f6nnte dies als Gottesverzweiflung gedeutet werden, mit den Ohren des Glaubens jedoch ebenso als Erinnerung an Christus am Kreuz.<\/p>\n<p><img loading=\"lazy\" decoding=\"async\" src=\"https:\/\/www.kirche-sdh.de\/side\/wp-content\/uploads\/IMG_2409-scaled.jpg\" alt=\"\" width=\"2560\" height=\"1707\" class=\"alignnone size-full wp-image-19112\" srcset=\"https:\/\/www.kirche-sdh.de\/side\/wp-content\/uploads\/IMG_2409-scaled.jpg 2560w, https:\/\/www.kirche-sdh.de\/side\/wp-content\/uploads\/IMG_2409-300x200.jpg 300w, https:\/\/www.kirche-sdh.de\/side\/wp-content\/uploads\/IMG_2409-1024x683.jpg 1024w, https:\/\/www.kirche-sdh.de\/side\/wp-content\/uploads\/IMG_2409-768x512.jpg 768w, https:\/\/www.kirche-sdh.de\/side\/wp-content\/uploads\/IMG_2409-1536x1024.jpg 1536w, https:\/\/www.kirche-sdh.de\/side\/wp-content\/uploads\/IMG_2409-2048x1365.jpg 2048w, https:\/\/www.kirche-sdh.de\/side\/wp-content\/uploads\/IMG_2409-360x240.jpg 360w\" sizes=\"auto, (max-width: 2560px) 100vw, 2560px\" \/><\/p>\n<p>Im Gedenken an alle Gefallenen und Vermissten des Ersten und Zweiten Weltkrieges wurden jene aus Sch\u00f6nthal und zugeh\u00f6rigen Ortschaften namentlich durch Johann Babl verlesen. Ihnen geb\u00fchre es die Erinnerung wach zu halten, auch wenn unter den Anwesenden kaum mehr jemand mit pers\u00f6nlichen Bezug zu diesen sein d\u00fcrfte. Im Totengedenken gedachte Vorstand Rudolf Gilch den Opfern von Gewalt und Krieg, den gestorbenen Soldaten und den Vertriebenen und den Fl\u00fcchtlingen, die ihr Leben in den Weltkriegen verloren haben. Sein Gedenken galt ebenso den Opfern der Kriege der heutigen Tage, von Terrorismus, Antisemitismus und Rassismus. \u00dcber allen Leben stehe die Hoffnung auf Vers\u00f6hnung unter den Menschen und V\u00f6lkern und dem Frieden unter den Menschen zu Hause und in der ganzen Welt.<\/p>\n<p><img loading=\"lazy\" decoding=\"async\" src=\"https:\/\/www.kirche-sdh.de\/side\/wp-content\/uploads\/IMG_2419-scaled.jpg\" alt=\"\" width=\"2560\" height=\"1707\" class=\"alignnone size-full wp-image-19111\" srcset=\"https:\/\/www.kirche-sdh.de\/side\/wp-content\/uploads\/IMG_2419-scaled.jpg 2560w, https:\/\/www.kirche-sdh.de\/side\/wp-content\/uploads\/IMG_2419-300x200.jpg 300w, https:\/\/www.kirche-sdh.de\/side\/wp-content\/uploads\/IMG_2419-1024x683.jpg 1024w, https:\/\/www.kirche-sdh.de\/side\/wp-content\/uploads\/IMG_2419-768x512.jpg 768w, https:\/\/www.kirche-sdh.de\/side\/wp-content\/uploads\/IMG_2419-1536x1024.jpg 1536w, https:\/\/www.kirche-sdh.de\/side\/wp-content\/uploads\/IMG_2419-2048x1365.jpg 2048w, https:\/\/www.kirche-sdh.de\/side\/wp-content\/uploads\/IMG_2419-360x240.jpg 360w\" sizes=\"auto, (max-width: 2560px) 100vw, 2560px\" \/><\/p>\n<p><img loading=\"lazy\" decoding=\"async\" src=\"https:\/\/www.kirche-sdh.de\/side\/wp-content\/uploads\/IMG_2422-scaled.jpg\" alt=\"\" width=\"2560\" height=\"1707\" class=\"alignnone size-full wp-image-19110\" srcset=\"https:\/\/www.kirche-sdh.de\/side\/wp-content\/uploads\/IMG_2422-scaled.jpg 2560w, https:\/\/www.kirche-sdh.de\/side\/wp-content\/uploads\/IMG_2422-300x200.jpg 300w, https:\/\/www.kirche-sdh.de\/side\/wp-content\/uploads\/IMG_2422-1024x683.jpg 1024w, https:\/\/www.kirche-sdh.de\/side\/wp-content\/uploads\/IMG_2422-768x512.jpg 768w, https:\/\/www.kirche-sdh.de\/side\/wp-content\/uploads\/IMG_2422-1536x1024.jpg 1536w, https:\/\/www.kirche-sdh.de\/side\/wp-content\/uploads\/IMG_2422-2048x1365.jpg 2048w, https:\/\/www.kirche-sdh.de\/side\/wp-content\/uploads\/IMG_2422-360x240.jpg 360w\" sizes=\"auto, (max-width: 2560px) 100vw, 2560px\" \/><\/p>\n<p>Zweiter B\u00fcrgermeister J\u00fcrgen Baier gedachte 119 Jahre nach dem Ausbruch des Ersten Weltkrieges und 84 Jahre nach Beginn des Zweiten Weltkrieges f\u00fcr die politische Gemeinde Sch\u00f6nthal der Opfer von Krieg und Gewaltherrschaft, der Soldaten, der zivilen Kriegsopfer, der Opfer von Massakern und Genoziden. Insbesondere vor dem Hintergrund des blutigen Krieges in der Ukraine und der Eskalation im Nahen Osten mache die Sinnlosigkeit dieser Konflikte immer wieder nahezu sprachlos. Dem Volkstrauertag komme eine doppelte Bedeutung zu: Gedenken und Mahnung. Es liege in unseren H\u00e4nden, die Welt zum Besseren zu ver\u00e4ndern und f\u00fcr eine Welt einzustehen, in der Frieden und Freiheit f\u00fcr alle Menschen Realit\u00e4t sind.<\/p>\n<p>SuRK-Vorsitzender Rudolf Gilch dankte am Ende des Gottesdienstes allen, die diesen vorbereitet, mitgestaltet und daran teilgenommen haben, darunter dem Kreisvorsitzenden des Deutschen Soldaten- und Kriegerbunds Stephan R\u00f6tzer. Zugleich dankte er den Sammlern und Spendern der diesj\u00e4hrigen Sammelaktion \u201eVolksbund Deutsche Kriegsgr\u00e4berf\u00fcrsorge e. V.\u201c an Allerheiligen. Mit 768 Euro kam das bislang h\u00f6chste Ergebnis der SuRK Sch\u00f6nthal zusammen.<\/p>\n<p>Nach dem Marsch zum Ehrenmal beim Rathaus stellten Baier und Gilch zur Erinnerung eine Blumenschale nieder. Salutsch\u00fcsse der Sch\u00f6nthaler B\u00f6llersch\u00fctzen zum Lied vom guten Kameraden, die Bayernhymne sowie die Nationalhymne jeweils von der Blaskapelle gespielt beschlossen die Gedenkfeier.<\/p>\n<p><img loading=\"lazy\" decoding=\"async\" src=\"https:\/\/www.kirche-sdh.de\/side\/wp-content\/uploads\/IMG_2431-scaled.jpg\" alt=\"\" width=\"2560\" height=\"1707\" class=\"alignnone size-full wp-image-19109\" srcset=\"https:\/\/www.kirche-sdh.de\/side\/wp-content\/uploads\/IMG_2431-scaled.jpg 2560w, https:\/\/www.kirche-sdh.de\/side\/wp-content\/uploads\/IMG_2431-300x200.jpg 300w, https:\/\/www.kirche-sdh.de\/side\/wp-content\/uploads\/IMG_2431-1024x683.jpg 1024w, https:\/\/www.kirche-sdh.de\/side\/wp-content\/uploads\/IMG_2431-768x512.jpg 768w, https:\/\/www.kirche-sdh.de\/side\/wp-content\/uploads\/IMG_2431-1536x1024.jpg 1536w, https:\/\/www.kirche-sdh.de\/side\/wp-content\/uploads\/IMG_2431-2048x1365.jpg 2048w, https:\/\/www.kirche-sdh.de\/side\/wp-content\/uploads\/IMG_2431-360x240.jpg 360w\" sizes=\"auto, (max-width: 2560px) 100vw, 2560px\" \/><\/p>\n","protected":false},"excerpt":{"rendered":"<p>Volkstrauertag ein schwieriger Tag &#8211; Opfer von Krieg und Gewaltherrschaft gedacht Sch\u00f6nthal. Im Gedenken an die Gefallenen und Vermissten der beiden Weltkriege, aber auch an die Opfer von Krieg und Gewalt in der heutigen Zeit, hat die Soldaten-und Reservistenkameradschaft Sch\u00f6nthal unter Beteiligung der \u00f6rtlichen Vereine und der kirchlichen und politischen [&hellip;]<\/p>\n","protected":false},"author":3,"featured_media":19109,"comment_status":"closed","ping_status":"closed","sticky":true,"template":"","format":"standard","meta":{"footnotes":""},"categories":[21],"tags":[],"class_list":["post-19114","post","type-post","status-publish","format-standard","has-post-thumbnail","hentry","category-schoenthal"],"yoast_head":"<!-- This site is optimized with the Yoast SEO plugin v27.5 - https:\/\/yoast.com\/product\/yoast-seo-wordpress\/ -->\n<title>Gedenken und Mahnung - Informationsseite und Seelsorgeeinheit<\/title>\n<meta name=\"robots\" content=\"index, follow, max-snippet:-1, max-image-preview:large, max-video-preview:-1\" \/>\n<link rel=\"canonical\" href=\"https:\/\/www.kirche-sdh.de\/side\/gedenken-und-mahnung\/\" \/>\n<meta property=\"og:locale\" content=\"de_DE\" \/>\n<meta property=\"og:type\" content=\"article\" \/>\n<meta property=\"og:title\" content=\"Gedenken und Mahnung - Informationsseite und Seelsorgeeinheit\" \/>\n<meta property=\"og:description\" content=\"Volkstrauertag ein schwieriger Tag &#8211; Opfer von Krieg und Gewaltherrschaft gedacht Sch\u00f6nthal. Im Gedenken an die Gefallenen und Vermissten der beiden Weltkriege, aber auch an die Opfer von Krieg und Gewalt in der heutigen Zeit, hat die Soldaten-und Reservistenkameradschaft Sch\u00f6nthal unter Beteiligung der \u00f6rtlichen Vereine und der kirchlichen und politischen [&hellip;]\" \/>\n<meta property=\"og:url\" content=\"https:\/\/www.kirche-sdh.de\/side\/gedenken-und-mahnung\/\" \/>\n<meta property=\"og:site_name\" content=\"Informationsseite und Seelsorgeeinheit\" \/>\n<meta property=\"article:published_time\" content=\"2023-12-04T18:21:22+00:00\" \/>\n<meta property=\"og:image\" content=\"https:\/\/www.kirche-sdh.de\/side\/wp-content\/uploads\/IMG_2431-scaled.jpg\" \/>\n\t<meta property=\"og:image:width\" content=\"2560\" \/>\n\t<meta property=\"og:image:height\" content=\"1707\" \/>\n\t<meta property=\"og:image:type\" content=\"image\/jpeg\" \/>\n<meta name=\"author\" content=\"Martin Zangl\" \/>\n<meta name=\"twitter:card\" content=\"summary_large_image\" \/>\n<meta name=\"twitter:label1\" content=\"Verfasst von\" \/>\n\t<meta name=\"twitter:data1\" content=\"Martin Zangl\" \/>\n\t<meta name=\"twitter:label2\" content=\"Gesch\u00e4tzte Lesezeit\" \/>\n\t<meta name=\"twitter:data2\" content=\"4\u00a0Minuten\" \/>\n<script type=\"application\/ld+json\" class=\"yoast-schema-graph\">{\"@context\":\"https:\\\/\\\/schema.org\",\"@graph\":[{\"@type\":\"Article\",\"@id\":\"https:\\\/\\\/www.kirche-sdh.de\\\/side\\\/gedenken-und-mahnung\\\/#article\",\"isPartOf\":{\"@id\":\"https:\\\/\\\/www.kirche-sdh.de\\\/side\\\/gedenken-und-mahnung\\\/\"},\"author\":{\"name\":\"Martin Zangl\",\"@id\":\"https:\\\/\\\/www.kirche-sdh.de\\\/side\\\/#\\\/schema\\\/person\\\/e05baeb81583d4659c11ea77b24c3640\"},\"headline\":\"Gedenken und Mahnung\",\"datePublished\":\"2023-12-04T18:21:22+00:00\",\"mainEntityOfPage\":{\"@id\":\"https:\\\/\\\/www.kirche-sdh.de\\\/side\\\/gedenken-und-mahnung\\\/\"},\"wordCount\":716,\"publisher\":{\"@id\":\"https:\\\/\\\/www.kirche-sdh.de\\\/side\\\/#organization\"},\"image\":{\"@id\":\"https:\\\/\\\/www.kirche-sdh.de\\\/side\\\/gedenken-und-mahnung\\\/#primaryimage\"},\"thumbnailUrl\":\"https:\\\/\\\/www.kirche-sdh.de\\\/side\\\/wp-content\\\/uploads\\\/IMG_2431-scaled.jpg\",\"articleSection\":[\"Sch\u00f6nthal\"],\"inLanguage\":\"de\"},{\"@type\":\"WebPage\",\"@id\":\"https:\\\/\\\/www.kirche-sdh.de\\\/side\\\/gedenken-und-mahnung\\\/\",\"url\":\"https:\\\/\\\/www.kirche-sdh.de\\\/side\\\/gedenken-und-mahnung\\\/\",\"name\":\"Gedenken und Mahnung - Informationsseite und Seelsorgeeinheit\",\"isPartOf\":{\"@id\":\"https:\\\/\\\/www.kirche-sdh.de\\\/side\\\/#website\"},\"primaryImageOfPage\":{\"@id\":\"https:\\\/\\\/www.kirche-sdh.de\\\/side\\\/gedenken-und-mahnung\\\/#primaryimage\"},\"image\":{\"@id\":\"https:\\\/\\\/www.kirche-sdh.de\\\/side\\\/gedenken-und-mahnung\\\/#primaryimage\"},\"thumbnailUrl\":\"https:\\\/\\\/www.kirche-sdh.de\\\/side\\\/wp-content\\\/uploads\\\/IMG_2431-scaled.jpg\",\"datePublished\":\"2023-12-04T18:21:22+00:00\",\"breadcrumb\":{\"@id\":\"https:\\\/\\\/www.kirche-sdh.de\\\/side\\\/gedenken-und-mahnung\\\/#breadcrumb\"},\"inLanguage\":\"de\",\"potentialAction\":[{\"@type\":\"ReadAction\",\"target\":[\"https:\\\/\\\/www.kirche-sdh.de\\\/side\\\/gedenken-und-mahnung\\\/\"]}]},{\"@type\":\"ImageObject\",\"inLanguage\":\"de\",\"@id\":\"https:\\\/\\\/www.kirche-sdh.de\\\/side\\\/gedenken-und-mahnung\\\/#primaryimage\",\"url\":\"https:\\\/\\\/www.kirche-sdh.de\\\/side\\\/wp-content\\\/uploads\\\/IMG_2431-scaled.jpg\",\"contentUrl\":\"https:\\\/\\\/www.kirche-sdh.de\\\/side\\\/wp-content\\\/uploads\\\/IMG_2431-scaled.jpg\",\"width\":2560,\"height\":1707},{\"@type\":\"BreadcrumbList\",\"@id\":\"https:\\\/\\\/www.kirche-sdh.de\\\/side\\\/gedenken-und-mahnung\\\/#breadcrumb\",\"itemListElement\":[{\"@type\":\"ListItem\",\"position\":1,\"name\":\"Startseite\",\"item\":\"https:\\\/\\\/www.kirche-sdh.de\\\/side\\\/\"},{\"@type\":\"ListItem\",\"position\":2,\"name\":\"Gedenken und Mahnung\"}]},{\"@type\":\"WebSite\",\"@id\":\"https:\\\/\\\/www.kirche-sdh.de\\\/side\\\/#website\",\"url\":\"https:\\\/\\\/www.kirche-sdh.de\\\/side\\\/\",\"name\":\"Informationsseite und Seelsorgeeinheit\",\"description\":\"Informationsseite und Seelsorgeeinheit\",\"publisher\":{\"@id\":\"https:\\\/\\\/www.kirche-sdh.de\\\/side\\\/#organization\"},\"potentialAction\":[{\"@type\":\"SearchAction\",\"target\":{\"@type\":\"EntryPoint\",\"urlTemplate\":\"https:\\\/\\\/www.kirche-sdh.de\\\/side\\\/?s={search_term_string}\"},\"query-input\":{\"@type\":\"PropertyValueSpecification\",\"valueRequired\":true,\"valueName\":\"search_term_string\"}}],\"inLanguage\":\"de\"},{\"@type\":\"Organization\",\"@id\":\"https:\\\/\\\/www.kirche-sdh.de\\\/side\\\/#organization\",\"name\":\"Informationsseite und Seelsorgeeinheit\",\"url\":\"https:\\\/\\\/www.kirche-sdh.de\\\/side\\\/\",\"logo\":{\"@type\":\"ImageObject\",\"inLanguage\":\"de\",\"@id\":\"https:\\\/\\\/www.kirche-sdh.de\\\/side\\\/#\\\/schema\\\/logo\\\/image\\\/\",\"url\":\"https:\\\/\\\/www.kirche-sdh.de\\\/side\\\/wp-content\\\/uploads\\\/2017\\\/12\\\/kirche-logos.png\",\"contentUrl\":\"https:\\\/\\\/www.kirche-sdh.de\\\/side\\\/wp-content\\\/uploads\\\/2017\\\/12\\\/kirche-logos.png\",\"width\":438,\"height\":191,\"caption\":\"Informationsseite und Seelsorgeeinheit\"},\"image\":{\"@id\":\"https:\\\/\\\/www.kirche-sdh.de\\\/side\\\/#\\\/schema\\\/logo\\\/image\\\/\"}},{\"@type\":\"Person\",\"@id\":\"https:\\\/\\\/www.kirche-sdh.de\\\/side\\\/#\\\/schema\\\/person\\\/e05baeb81583d4659c11ea77b24c3640\",\"name\":\"Martin Zangl\",\"url\":\"https:\\\/\\\/www.kirche-sdh.de\\\/side\\\/author\\\/zangl\\\/\"}]}<\/script>\n<!-- \/ Yoast SEO plugin. -->","yoast_head_json":{"title":"Gedenken und Mahnung - Informationsseite und Seelsorgeeinheit","robots":{"index":"index","follow":"follow","max-snippet":"max-snippet:-1","max-image-preview":"max-image-preview:large","max-video-preview":"max-video-preview:-1"},"canonical":"https:\/\/www.kirche-sdh.de\/side\/gedenken-und-mahnung\/","og_locale":"de_DE","og_type":"article","og_title":"Gedenken und Mahnung - Informationsseite und Seelsorgeeinheit","og_description":"Volkstrauertag ein schwieriger Tag &#8211; Opfer von Krieg und Gewaltherrschaft gedacht Sch\u00f6nthal. Im Gedenken an die Gefallenen und Vermissten der beiden Weltkriege, aber auch an die Opfer von Krieg und Gewalt in der heutigen Zeit, hat die Soldaten-und Reservistenkameradschaft Sch\u00f6nthal unter Beteiligung der \u00f6rtlichen Vereine und der kirchlichen und politischen [&hellip;]","og_url":"https:\/\/www.kirche-sdh.de\/side\/gedenken-und-mahnung\/","og_site_name":"Informationsseite und Seelsorgeeinheit","article_published_time":"2023-12-04T18:21:22+00:00","og_image":[{"width":2560,"height":1707,"url":"https:\/\/www.kirche-sdh.de\/side\/wp-content\/uploads\/IMG_2431-scaled.jpg","type":"image\/jpeg"}],"author":"Martin Zangl","twitter_card":"summary_large_image","twitter_misc":{"Verfasst von":"Martin Zangl","Gesch\u00e4tzte Lesezeit":"4\u00a0Minuten"},"schema":{"@context":"https:\/\/schema.org","@graph":[{"@type":"Article","@id":"https:\/\/www.kirche-sdh.de\/side\/gedenken-und-mahnung\/#article","isPartOf":{"@id":"https:\/\/www.kirche-sdh.de\/side\/gedenken-und-mahnung\/"},"author":{"name":"Martin Zangl","@id":"https:\/\/www.kirche-sdh.de\/side\/#\/schema\/person\/e05baeb81583d4659c11ea77b24c3640"},"headline":"Gedenken und Mahnung","datePublished":"2023-12-04T18:21:22+00:00","mainEntityOfPage":{"@id":"https:\/\/www.kirche-sdh.de\/side\/gedenken-und-mahnung\/"},"wordCount":716,"publisher":{"@id":"https:\/\/www.kirche-sdh.de\/side\/#organization"},"image":{"@id":"https:\/\/www.kirche-sdh.de\/side\/gedenken-und-mahnung\/#primaryimage"},"thumbnailUrl":"https:\/\/www.kirche-sdh.de\/side\/wp-content\/uploads\/IMG_2431-scaled.jpg","articleSection":["Sch\u00f6nthal"],"inLanguage":"de"},{"@type":"WebPage","@id":"https:\/\/www.kirche-sdh.de\/side\/gedenken-und-mahnung\/","url":"https:\/\/www.kirche-sdh.de\/side\/gedenken-und-mahnung\/","name":"Gedenken und Mahnung - Informationsseite und Seelsorgeeinheit","isPartOf":{"@id":"https:\/\/www.kirche-sdh.de\/side\/#website"},"primaryImageOfPage":{"@id":"https:\/\/www.kirche-sdh.de\/side\/gedenken-und-mahnung\/#primaryimage"},"image":{"@id":"https:\/\/www.kirche-sdh.de\/side\/gedenken-und-mahnung\/#primaryimage"},"thumbnailUrl":"https:\/\/www.kirche-sdh.de\/side\/wp-content\/uploads\/IMG_2431-scaled.jpg","datePublished":"2023-12-04T18:21:22+00:00","breadcrumb":{"@id":"https:\/\/www.kirche-sdh.de\/side\/gedenken-und-mahnung\/#breadcrumb"},"inLanguage":"de","potentialAction":[{"@type":"ReadAction","target":["https:\/\/www.kirche-sdh.de\/side\/gedenken-und-mahnung\/"]}]},{"@type":"ImageObject","inLanguage":"de","@id":"https:\/\/www.kirche-sdh.de\/side\/gedenken-und-mahnung\/#primaryimage","url":"https:\/\/www.kirche-sdh.de\/side\/wp-content\/uploads\/IMG_2431-scaled.jpg","contentUrl":"https:\/\/www.kirche-sdh.de\/side\/wp-content\/uploads\/IMG_2431-scaled.jpg","width":2560,"height":1707},{"@type":"BreadcrumbList","@id":"https:\/\/www.kirche-sdh.de\/side\/gedenken-und-mahnung\/#breadcrumb","itemListElement":[{"@type":"ListItem","position":1,"name":"Startseite","item":"https:\/\/www.kirche-sdh.de\/side\/"},{"@type":"ListItem","position":2,"name":"Gedenken und Mahnung"}]},{"@type":"WebSite","@id":"https:\/\/www.kirche-sdh.de\/side\/#website","url":"https:\/\/www.kirche-sdh.de\/side\/","name":"Informationsseite und Seelsorgeeinheit","description":"Informationsseite und Seelsorgeeinheit","publisher":{"@id":"https:\/\/www.kirche-sdh.de\/side\/#organization"},"potentialAction":[{"@type":"SearchAction","target":{"@type":"EntryPoint","urlTemplate":"https:\/\/www.kirche-sdh.de\/side\/?s={search_term_string}"},"query-input":{"@type":"PropertyValueSpecification","valueRequired":true,"valueName":"search_term_string"}}],"inLanguage":"de"},{"@type":"Organization","@id":"https:\/\/www.kirche-sdh.de\/side\/#organization","name":"Informationsseite und Seelsorgeeinheit","url":"https:\/\/www.kirche-sdh.de\/side\/","logo":{"@type":"ImageObject","inLanguage":"de","@id":"https:\/\/www.kirche-sdh.de\/side\/#\/schema\/logo\/image\/","url":"https:\/\/www.kirche-sdh.de\/side\/wp-content\/uploads\/2017\/12\/kirche-logos.png","contentUrl":"https:\/\/www.kirche-sdh.de\/side\/wp-content\/uploads\/2017\/12\/kirche-logos.png","width":438,"height":191,"caption":"Informationsseite und Seelsorgeeinheit"},"image":{"@id":"https:\/\/www.kirche-sdh.de\/side\/#\/schema\/logo\/image\/"}},{"@type":"Person","@id":"https:\/\/www.kirche-sdh.de\/side\/#\/schema\/person\/e05baeb81583d4659c11ea77b24c3640","name":"Martin Zangl","url":"https:\/\/www.kirche-sdh.de\/side\/author\/zangl\/"}]}},"_links":{"self":[{"href":"https:\/\/www.kirche-sdh.de\/side\/wp-json\/wp\/v2\/posts\/19114","targetHints":{"allow":["GET"]}}],"collection":[{"href":"https:\/\/www.kirche-sdh.de\/side\/wp-json\/wp\/v2\/posts"}],"about":[{"href":"https:\/\/www.kirche-sdh.de\/side\/wp-json\/wp\/v2\/types\/post"}],"author":[{"embeddable":true,"href":"https:\/\/www.kirche-sdh.de\/side\/wp-json\/wp\/v2\/users\/3"}],"replies":[{"embeddable":true,"href":"https:\/\/www.kirche-sdh.de\/side\/wp-json\/wp\/v2\/comments?post=19114"}],"version-history":[{"count":0,"href":"https:\/\/www.kirche-sdh.de\/side\/wp-json\/wp\/v2\/posts\/19114\/revisions"}],"wp:featuredmedia":[{"embeddable":true,"href":"https:\/\/www.kirche-sdh.de\/side\/wp-json\/wp\/v2\/media\/19109"}],"wp:attachment":[{"href":"https:\/\/www.kirche-sdh.de\/side\/wp-json\/wp\/v2\/media?parent=19114"}],"wp:term":[{"taxonomy":"category","embeddable":true,"href":"https:\/\/www.kirche-sdh.de\/side\/wp-json\/wp\/v2\/categories?post=19114"},{"taxonomy":"post_tag","embeddable":true,"href":"https:\/\/www.kirche-sdh.de\/side\/wp-json\/wp\/v2\/tags?post=19114"}],"curies":[{"name":"wp","href":"https:\/\/api.w.org\/{rel}","templated":true}]}}