{"id":18940,"date":"2023-05-10T21:48:54","date_gmt":"2023-05-10T19:48:54","guid":{"rendered":"https:\/\/www.kirche-sdh.de\/side\/?p=18940"},"modified":"2023-05-10T21:50:22","modified_gmt":"2023-05-10T19:50:22","slug":"maria-schutzheilige-bayerns","status":"publish","type":"post","link":"https:\/\/www.kirche-sdh.de\/side\/maria-schutzheilige-bayerns\/","title":{"rendered":"Maria, Schutzheilige Bayerns"},"content":{"rendered":"<h4><strong>Erste feierliche Maiandacht mit Fahrzeugsegnung <\/strong><\/h4>\n<p><strong>Sch\u00f6nthal.<\/strong> Der Monat Mai gilt traditionell als Marienmonat. Die Verehrung der Mutter Gottes nimmt vor allem in dieser Zeit eine au\u00dfergew\u00f6hnliche Bedeutung ein. Gemeinsam mit den Gl\u00e4ubigen hat Pfarrer Alfons Eder in der Pfarrei Sch\u00f6nthal am Abend des 1. Mai die erste feierliche Maiandacht gefeiert. Besonders zur Mitfeier eingeladen waren die Sodalen der Marianischen M\u00e4nnerkongregation. Nach der Andacht schloss sich die Segnung von Fahrzeugen vor der Pfarrkirche an.<\/p>\n<p>Pfarrer Eder stellte in seinen einf\u00fchrenden Worten und in der gemeinsam mit Obmann Maximilian Ruhland gebeteten Andacht die besondere Bedeutung Marias in der Geschichte der Kirche und f\u00fcr die Gl\u00e4ubigen, vor allem in Bayern als Schutzpatronin, heraus. Viele Marienlieder, auch gesungen von Resi und Hans Windmai\u00dfer, unter Orgelbegleitung durch Evi Mauerer brachten die Verehrung als Patrona Bavariae zum Ausdruck.<\/p>\n<h4><strong><img loading=\"lazy\" decoding=\"async\" src=\"https:\/\/www.kirche-sdh.de\/side\/wp-content\/uploads\/20230501_194750-scaled.jpg\" alt=\"\" width=\"2560\" height=\"1440\" class=\"alignnone size-full wp-image-18941\" srcset=\"https:\/\/www.kirche-sdh.de\/side\/wp-content\/uploads\/20230501_194750-scaled.jpg 2560w, https:\/\/www.kirche-sdh.de\/side\/wp-content\/uploads\/20230501_194750-300x169.jpg 300w, https:\/\/www.kirche-sdh.de\/side\/wp-content\/uploads\/20230501_194750-1024x576.jpg 1024w, https:\/\/www.kirche-sdh.de\/side\/wp-content\/uploads\/20230501_194750-768x432.jpg 768w, https:\/\/www.kirche-sdh.de\/side\/wp-content\/uploads\/20230501_194750-1536x864.jpg 1536w, https:\/\/www.kirche-sdh.de\/side\/wp-content\/uploads\/20230501_194750-2048x1152.jpg 2048w\" sizes=\"auto, (max-width: 2560px) 100vw, 2560px\" \/><\/strong><\/h4>\n<p>Nach der Andacht fanden sich die Gl\u00e4ubigen zur Weihe ihrer Fahrzeuge vor der Pfarrkirche ein. Im Vertrauen auf Gott und den Heiligen Christophorus nahm der Geistliche die Segnung der Fahrzeuge, von Christophorus Plaketten und Rosenkr\u00e4nzen f\u00fcr eine unfallfreie Fahrt und Heimkehr vor.<\/p>\n","protected":false},"excerpt":{"rendered":"<p>Erste feierliche Maiandacht mit Fahrzeugsegnung Sch\u00f6nthal. Der Monat Mai gilt traditionell als Marienmonat. Die Verehrung der Mutter Gottes nimmt vor allem in dieser Zeit eine au\u00dfergew\u00f6hnliche Bedeutung ein. Gemeinsam mit den Gl\u00e4ubigen hat Pfarrer Alfons Eder in der Pfarrei Sch\u00f6nthal am Abend des 1. Mai die erste feierliche Maiandacht gefeiert. [&hellip;]<\/p>\n","protected":false},"author":3,"featured_media":18941,"comment_status":"closed","ping_status":"closed","sticky":true,"template":"","format":"standard","meta":{"footnotes":""},"categories":[21],"tags":[],"class_list":["post-18940","post","type-post","status-publish","format-standard","has-post-thumbnail","hentry","category-schoenthal"],"yoast_head":"<!-- This site is optimized with the Yoast SEO plugin v27.4 - https:\/\/yoast.com\/product\/yoast-seo-wordpress\/ -->\n<title>Maria, Schutzheilige Bayerns - Informationsseite und Seelsorgeeinheit<\/title>\n<meta name=\"robots\" content=\"index, follow, max-snippet:-1, max-image-preview:large, max-video-preview:-1\" \/>\n<link rel=\"canonical\" href=\"https:\/\/www.kirche-sdh.de\/side\/maria-schutzheilige-bayerns\/\" \/>\n<meta property=\"og:locale\" content=\"de_DE\" \/>\n<meta property=\"og:type\" content=\"article\" \/>\n<meta property=\"og:title\" content=\"Maria, Schutzheilige Bayerns - Informationsseite und Seelsorgeeinheit\" \/>\n<meta property=\"og:description\" content=\"Erste feierliche Maiandacht mit Fahrzeugsegnung Sch\u00f6nthal. Der Monat Mai gilt traditionell als Marienmonat. Die Verehrung der Mutter Gottes nimmt vor allem in dieser Zeit eine au\u00dfergew\u00f6hnliche Bedeutung ein. Gemeinsam mit den Gl\u00e4ubigen hat Pfarrer Alfons Eder in der Pfarrei Sch\u00f6nthal am Abend des 1. Mai die erste feierliche Maiandacht gefeiert. [&hellip;]\" \/>\n<meta property=\"og:url\" content=\"https:\/\/www.kirche-sdh.de\/side\/maria-schutzheilige-bayerns\/\" \/>\n<meta property=\"og:site_name\" content=\"Informationsseite und Seelsorgeeinheit\" \/>\n<meta property=\"article:published_time\" content=\"2023-05-10T19:48:54+00:00\" \/>\n<meta property=\"article:modified_time\" content=\"2023-05-10T19:50:22+00:00\" \/>\n<meta property=\"og:image\" content=\"https:\/\/www.kirche-sdh.de\/side\/wp-content\/uploads\/20230501_194750-scaled.jpg\" \/>\n\t<meta property=\"og:image:width\" content=\"2560\" \/>\n\t<meta property=\"og:image:height\" content=\"1440\" \/>\n\t<meta property=\"og:image:type\" content=\"image\/jpeg\" \/>\n<meta name=\"author\" content=\"Martin Zangl\" \/>\n<meta name=\"twitter:card\" content=\"summary_large_image\" \/>\n<meta name=\"twitter:label1\" content=\"Verfasst von\" \/>\n\t<meta name=\"twitter:data1\" content=\"Martin Zangl\" \/>\n\t<meta name=\"twitter:label2\" content=\"Gesch\u00e4tzte Lesezeit\" \/>\n\t<meta name=\"twitter:data2\" content=\"1\u00a0Minute\" \/>\n<script type=\"application\/ld+json\" class=\"yoast-schema-graph\">{\"@context\":\"https:\\\/\\\/schema.org\",\"@graph\":[{\"@type\":\"Article\",\"@id\":\"https:\\\/\\\/www.kirche-sdh.de\\\/side\\\/maria-schutzheilige-bayerns\\\/#article\",\"isPartOf\":{\"@id\":\"https:\\\/\\\/www.kirche-sdh.de\\\/side\\\/maria-schutzheilige-bayerns\\\/\"},\"author\":{\"name\":\"Martin Zangl\",\"@id\":\"https:\\\/\\\/www.kirche-sdh.de\\\/side\\\/#\\\/schema\\\/person\\\/e05baeb81583d4659c11ea77b24c3640\"},\"headline\":\"Maria, Schutzheilige Bayerns\",\"datePublished\":\"2023-05-10T19:48:54+00:00\",\"dateModified\":\"2023-05-10T19:50:22+00:00\",\"mainEntityOfPage\":{\"@id\":\"https:\\\/\\\/www.kirche-sdh.de\\\/side\\\/maria-schutzheilige-bayerns\\\/\"},\"wordCount\":189,\"publisher\":{\"@id\":\"https:\\\/\\\/www.kirche-sdh.de\\\/side\\\/#organization\"},\"image\":{\"@id\":\"https:\\\/\\\/www.kirche-sdh.de\\\/side\\\/maria-schutzheilige-bayerns\\\/#primaryimage\"},\"thumbnailUrl\":\"https:\\\/\\\/www.kirche-sdh.de\\\/side\\\/wp-content\\\/uploads\\\/20230501_194750-scaled.jpg\",\"articleSection\":[\"Sch\u00f6nthal\"],\"inLanguage\":\"de\"},{\"@type\":\"WebPage\",\"@id\":\"https:\\\/\\\/www.kirche-sdh.de\\\/side\\\/maria-schutzheilige-bayerns\\\/\",\"url\":\"https:\\\/\\\/www.kirche-sdh.de\\\/side\\\/maria-schutzheilige-bayerns\\\/\",\"name\":\"Maria, Schutzheilige Bayerns - Informationsseite und Seelsorgeeinheit\",\"isPartOf\":{\"@id\":\"https:\\\/\\\/www.kirche-sdh.de\\\/side\\\/#website\"},\"primaryImageOfPage\":{\"@id\":\"https:\\\/\\\/www.kirche-sdh.de\\\/side\\\/maria-schutzheilige-bayerns\\\/#primaryimage\"},\"image\":{\"@id\":\"https:\\\/\\\/www.kirche-sdh.de\\\/side\\\/maria-schutzheilige-bayerns\\\/#primaryimage\"},\"thumbnailUrl\":\"https:\\\/\\\/www.kirche-sdh.de\\\/side\\\/wp-content\\\/uploads\\\/20230501_194750-scaled.jpg\",\"datePublished\":\"2023-05-10T19:48:54+00:00\",\"dateModified\":\"2023-05-10T19:50:22+00:00\",\"breadcrumb\":{\"@id\":\"https:\\\/\\\/www.kirche-sdh.de\\\/side\\\/maria-schutzheilige-bayerns\\\/#breadcrumb\"},\"inLanguage\":\"de\",\"potentialAction\":[{\"@type\":\"ReadAction\",\"target\":[\"https:\\\/\\\/www.kirche-sdh.de\\\/side\\\/maria-schutzheilige-bayerns\\\/\"]}]},{\"@type\":\"ImageObject\",\"inLanguage\":\"de\",\"@id\":\"https:\\\/\\\/www.kirche-sdh.de\\\/side\\\/maria-schutzheilige-bayerns\\\/#primaryimage\",\"url\":\"https:\\\/\\\/www.kirche-sdh.de\\\/side\\\/wp-content\\\/uploads\\\/20230501_194750-scaled.jpg\",\"contentUrl\":\"https:\\\/\\\/www.kirche-sdh.de\\\/side\\\/wp-content\\\/uploads\\\/20230501_194750-scaled.jpg\",\"width\":2560,\"height\":1440},{\"@type\":\"BreadcrumbList\",\"@id\":\"https:\\\/\\\/www.kirche-sdh.de\\\/side\\\/maria-schutzheilige-bayerns\\\/#breadcrumb\",\"itemListElement\":[{\"@type\":\"ListItem\",\"position\":1,\"name\":\"Startseite\",\"item\":\"https:\\\/\\\/www.kirche-sdh.de\\\/side\\\/\"},{\"@type\":\"ListItem\",\"position\":2,\"name\":\"Maria, Schutzheilige Bayerns\"}]},{\"@type\":\"WebSite\",\"@id\":\"https:\\\/\\\/www.kirche-sdh.de\\\/side\\\/#website\",\"url\":\"https:\\\/\\\/www.kirche-sdh.de\\\/side\\\/\",\"name\":\"Informationsseite und Seelsorgeeinheit\",\"description\":\"Informationsseite und Seelsorgeeinheit\",\"publisher\":{\"@id\":\"https:\\\/\\\/www.kirche-sdh.de\\\/side\\\/#organization\"},\"potentialAction\":[{\"@type\":\"SearchAction\",\"target\":{\"@type\":\"EntryPoint\",\"urlTemplate\":\"https:\\\/\\\/www.kirche-sdh.de\\\/side\\\/?s={search_term_string}\"},\"query-input\":{\"@type\":\"PropertyValueSpecification\",\"valueRequired\":true,\"valueName\":\"search_term_string\"}}],\"inLanguage\":\"de\"},{\"@type\":\"Organization\",\"@id\":\"https:\\\/\\\/www.kirche-sdh.de\\\/side\\\/#organization\",\"name\":\"Informationsseite und Seelsorgeeinheit\",\"url\":\"https:\\\/\\\/www.kirche-sdh.de\\\/side\\\/\",\"logo\":{\"@type\":\"ImageObject\",\"inLanguage\":\"de\",\"@id\":\"https:\\\/\\\/www.kirche-sdh.de\\\/side\\\/#\\\/schema\\\/logo\\\/image\\\/\",\"url\":\"https:\\\/\\\/www.kirche-sdh.de\\\/side\\\/wp-content\\\/uploads\\\/2017\\\/12\\\/kirche-logos.png\",\"contentUrl\":\"https:\\\/\\\/www.kirche-sdh.de\\\/side\\\/wp-content\\\/uploads\\\/2017\\\/12\\\/kirche-logos.png\",\"width\":438,\"height\":191,\"caption\":\"Informationsseite und Seelsorgeeinheit\"},\"image\":{\"@id\":\"https:\\\/\\\/www.kirche-sdh.de\\\/side\\\/#\\\/schema\\\/logo\\\/image\\\/\"}},{\"@type\":\"Person\",\"@id\":\"https:\\\/\\\/www.kirche-sdh.de\\\/side\\\/#\\\/schema\\\/person\\\/e05baeb81583d4659c11ea77b24c3640\",\"name\":\"Martin Zangl\",\"url\":\"https:\\\/\\\/www.kirche-sdh.de\\\/side\\\/author\\\/zangl\\\/\"}]}<\/script>\n<!-- \/ Yoast SEO plugin. -->","yoast_head_json":{"title":"Maria, Schutzheilige Bayerns - Informationsseite und Seelsorgeeinheit","robots":{"index":"index","follow":"follow","max-snippet":"max-snippet:-1","max-image-preview":"max-image-preview:large","max-video-preview":"max-video-preview:-1"},"canonical":"https:\/\/www.kirche-sdh.de\/side\/maria-schutzheilige-bayerns\/","og_locale":"de_DE","og_type":"article","og_title":"Maria, Schutzheilige Bayerns - Informationsseite und Seelsorgeeinheit","og_description":"Erste feierliche Maiandacht mit Fahrzeugsegnung Sch\u00f6nthal. Der Monat Mai gilt traditionell als Marienmonat. Die Verehrung der Mutter Gottes nimmt vor allem in dieser Zeit eine au\u00dfergew\u00f6hnliche Bedeutung ein. Gemeinsam mit den Gl\u00e4ubigen hat Pfarrer Alfons Eder in der Pfarrei Sch\u00f6nthal am Abend des 1. Mai die erste feierliche Maiandacht gefeiert. [&hellip;]","og_url":"https:\/\/www.kirche-sdh.de\/side\/maria-schutzheilige-bayerns\/","og_site_name":"Informationsseite und Seelsorgeeinheit","article_published_time":"2023-05-10T19:48:54+00:00","article_modified_time":"2023-05-10T19:50:22+00:00","og_image":[{"width":2560,"height":1440,"url":"https:\/\/www.kirche-sdh.de\/side\/wp-content\/uploads\/20230501_194750-scaled.jpg","type":"image\/jpeg"}],"author":"Martin Zangl","twitter_card":"summary_large_image","twitter_misc":{"Verfasst von":"Martin Zangl","Gesch\u00e4tzte Lesezeit":"1\u00a0Minute"},"schema":{"@context":"https:\/\/schema.org","@graph":[{"@type":"Article","@id":"https:\/\/www.kirche-sdh.de\/side\/maria-schutzheilige-bayerns\/#article","isPartOf":{"@id":"https:\/\/www.kirche-sdh.de\/side\/maria-schutzheilige-bayerns\/"},"author":{"name":"Martin Zangl","@id":"https:\/\/www.kirche-sdh.de\/side\/#\/schema\/person\/e05baeb81583d4659c11ea77b24c3640"},"headline":"Maria, Schutzheilige Bayerns","datePublished":"2023-05-10T19:48:54+00:00","dateModified":"2023-05-10T19:50:22+00:00","mainEntityOfPage":{"@id":"https:\/\/www.kirche-sdh.de\/side\/maria-schutzheilige-bayerns\/"},"wordCount":189,"publisher":{"@id":"https:\/\/www.kirche-sdh.de\/side\/#organization"},"image":{"@id":"https:\/\/www.kirche-sdh.de\/side\/maria-schutzheilige-bayerns\/#primaryimage"},"thumbnailUrl":"https:\/\/www.kirche-sdh.de\/side\/wp-content\/uploads\/20230501_194750-scaled.jpg","articleSection":["Sch\u00f6nthal"],"inLanguage":"de"},{"@type":"WebPage","@id":"https:\/\/www.kirche-sdh.de\/side\/maria-schutzheilige-bayerns\/","url":"https:\/\/www.kirche-sdh.de\/side\/maria-schutzheilige-bayerns\/","name":"Maria, Schutzheilige Bayerns - Informationsseite und Seelsorgeeinheit","isPartOf":{"@id":"https:\/\/www.kirche-sdh.de\/side\/#website"},"primaryImageOfPage":{"@id":"https:\/\/www.kirche-sdh.de\/side\/maria-schutzheilige-bayerns\/#primaryimage"},"image":{"@id":"https:\/\/www.kirche-sdh.de\/side\/maria-schutzheilige-bayerns\/#primaryimage"},"thumbnailUrl":"https:\/\/www.kirche-sdh.de\/side\/wp-content\/uploads\/20230501_194750-scaled.jpg","datePublished":"2023-05-10T19:48:54+00:00","dateModified":"2023-05-10T19:50:22+00:00","breadcrumb":{"@id":"https:\/\/www.kirche-sdh.de\/side\/maria-schutzheilige-bayerns\/#breadcrumb"},"inLanguage":"de","potentialAction":[{"@type":"ReadAction","target":["https:\/\/www.kirche-sdh.de\/side\/maria-schutzheilige-bayerns\/"]}]},{"@type":"ImageObject","inLanguage":"de","@id":"https:\/\/www.kirche-sdh.de\/side\/maria-schutzheilige-bayerns\/#primaryimage","url":"https:\/\/www.kirche-sdh.de\/side\/wp-content\/uploads\/20230501_194750-scaled.jpg","contentUrl":"https:\/\/www.kirche-sdh.de\/side\/wp-content\/uploads\/20230501_194750-scaled.jpg","width":2560,"height":1440},{"@type":"BreadcrumbList","@id":"https:\/\/www.kirche-sdh.de\/side\/maria-schutzheilige-bayerns\/#breadcrumb","itemListElement":[{"@type":"ListItem","position":1,"name":"Startseite","item":"https:\/\/www.kirche-sdh.de\/side\/"},{"@type":"ListItem","position":2,"name":"Maria, Schutzheilige Bayerns"}]},{"@type":"WebSite","@id":"https:\/\/www.kirche-sdh.de\/side\/#website","url":"https:\/\/www.kirche-sdh.de\/side\/","name":"Informationsseite und Seelsorgeeinheit","description":"Informationsseite und Seelsorgeeinheit","publisher":{"@id":"https:\/\/www.kirche-sdh.de\/side\/#organization"},"potentialAction":[{"@type":"SearchAction","target":{"@type":"EntryPoint","urlTemplate":"https:\/\/www.kirche-sdh.de\/side\/?s={search_term_string}"},"query-input":{"@type":"PropertyValueSpecification","valueRequired":true,"valueName":"search_term_string"}}],"inLanguage":"de"},{"@type":"Organization","@id":"https:\/\/www.kirche-sdh.de\/side\/#organization","name":"Informationsseite und Seelsorgeeinheit","url":"https:\/\/www.kirche-sdh.de\/side\/","logo":{"@type":"ImageObject","inLanguage":"de","@id":"https:\/\/www.kirche-sdh.de\/side\/#\/schema\/logo\/image\/","url":"https:\/\/www.kirche-sdh.de\/side\/wp-content\/uploads\/2017\/12\/kirche-logos.png","contentUrl":"https:\/\/www.kirche-sdh.de\/side\/wp-content\/uploads\/2017\/12\/kirche-logos.png","width":438,"height":191,"caption":"Informationsseite und Seelsorgeeinheit"},"image":{"@id":"https:\/\/www.kirche-sdh.de\/side\/#\/schema\/logo\/image\/"}},{"@type":"Person","@id":"https:\/\/www.kirche-sdh.de\/side\/#\/schema\/person\/e05baeb81583d4659c11ea77b24c3640","name":"Martin Zangl","url":"https:\/\/www.kirche-sdh.de\/side\/author\/zangl\/"}]}},"_links":{"self":[{"href":"https:\/\/www.kirche-sdh.de\/side\/wp-json\/wp\/v2\/posts\/18940","targetHints":{"allow":["GET"]}}],"collection":[{"href":"https:\/\/www.kirche-sdh.de\/side\/wp-json\/wp\/v2\/posts"}],"about":[{"href":"https:\/\/www.kirche-sdh.de\/side\/wp-json\/wp\/v2\/types\/post"}],"author":[{"embeddable":true,"href":"https:\/\/www.kirche-sdh.de\/side\/wp-json\/wp\/v2\/users\/3"}],"replies":[{"embeddable":true,"href":"https:\/\/www.kirche-sdh.de\/side\/wp-json\/wp\/v2\/comments?post=18940"}],"version-history":[{"count":0,"href":"https:\/\/www.kirche-sdh.de\/side\/wp-json\/wp\/v2\/posts\/18940\/revisions"}],"wp:featuredmedia":[{"embeddable":true,"href":"https:\/\/www.kirche-sdh.de\/side\/wp-json\/wp\/v2\/media\/18941"}],"wp:attachment":[{"href":"https:\/\/www.kirche-sdh.de\/side\/wp-json\/wp\/v2\/media?parent=18940"}],"wp:term":[{"taxonomy":"category","embeddable":true,"href":"https:\/\/www.kirche-sdh.de\/side\/wp-json\/wp\/v2\/categories?post=18940"},{"taxonomy":"post_tag","embeddable":true,"href":"https:\/\/www.kirche-sdh.de\/side\/wp-json\/wp\/v2\/tags?post=18940"}],"curies":[{"name":"wp","href":"https:\/\/api.w.org\/{rel}","templated":true}]}}