{"id":18908,"date":"2023-04-16T14:03:45","date_gmt":"2023-04-16T12:03:45","guid":{"rendered":"https:\/\/www.kirche-sdh.de\/side\/?p=18908"},"modified":"2023-04-16T14:08:21","modified_gmt":"2023-04-16T12:08:21","slug":"erstkommunion-in-doefering-4","status":"publish","type":"post","link":"https:\/\/www.kirche-sdh.de\/side\/erstkommunion-in-doefering-4\/","title":{"rendered":"Erstkommunion in D\u00f6fering"},"content":{"rendered":"<p><strong>Feierliche Erstkommunion in D\u00f6fering<\/strong><\/p>\n<p><img loading=\"lazy\" decoding=\"async\" src=\"https:\/\/www.kirche-sdh.de\/side\/wp-content\/uploads\/P1000781-1024x683.jpg\" alt=\"\" width=\"750\" height=\"500\" class=\"alignnone size-large wp-image-18909\" srcset=\"https:\/\/www.kirche-sdh.de\/side\/wp-content\/uploads\/P1000781-1024x683.jpg 1024w, https:\/\/www.kirche-sdh.de\/side\/wp-content\/uploads\/P1000781-300x200.jpg 300w, https:\/\/www.kirche-sdh.de\/side\/wp-content\/uploads\/P1000781-768x512.jpg 768w, https:\/\/www.kirche-sdh.de\/side\/wp-content\/uploads\/P1000781-1536x1024.jpg 1536w, https:\/\/www.kirche-sdh.de\/side\/wp-content\/uploads\/P1000781-360x240.jpg 360w, https:\/\/www.kirche-sdh.de\/side\/wp-content\/uploads\/P1000781.jpg 1600w\" sizes=\"auto, (max-width: 750px) 100vw, 750px\" \/><\/p>\n<p>F\u00fcr die Kinder der Pfarrei D\u00f6fering aus der 3. Klasse kam nach monatelanger Vorbereitungszeit nun endlich der lang ersehnte H\u00f6hepunkt. Maja Nagler, Anna Zimmermann, Ben Maier, Jule Graf, Philipp Stangl, Franziska Wagner, Josef Bayer durften an einem \u00fcberraschend sonnigen Sonntag zum ersten mal an den Tisch des Herrn treten. Begleitet wurden sie dabei von Pfarrer Alfons Eder, ihren Eltern und Geschwistern, den Verwandten sowie auch von ihrer Lehrerin, Frau Lena Schie\u00dfl von der Grundschule Sch\u00f6nthal und der Gemeindereferentin Rosa-Maria Roth.<\/p>\n<p>F\u00fcr die Kommunion wurde f\u00fcr die musikalische Umrahmung wieder ein \u00a0sehr gut aufgelegtes Ensemble unter der Leitung von Barbara Zwicknagl zusammengestellt.<\/p>\n<p>Pfarrer Alfons Eder sprach zu Beginn davon, dass man in der letzten Woche Osten gefeiert hatte und dieses auch in den 50 darauffolgenden Tagen machen wird. Zu Ostern geh\u00f6rt auch die Feier der Erstkommunion die heuer wieder am wei\u00dfen Sonntag gefeiert wird.<\/p>\n<p>&nbsp;<\/p>\n<p>Pfarrer Alfons Eder f\u00fchrte dann in seiner Predigt in Anspielung auf das seit ein paar Wochen ausgestellte Motiv der Kinder, dass dort die Fotos der Kinder und Ihre Kinderh\u00e4nde zu sehen sind. Wir brauchen unserer H\u00e4nde, denn wir k\u00f6nnen damit vieles tun. Wir k\u00f6nnen Gutes und B\u00f6ses damit tun. Wir k\u00f6nnen Spielen, tr\u00f6sten oder jemand in die Arme nehmen. Wir k\u00f6nnen aber auch F\u00e4uste ballen und hauen.<\/p>\n<p>Bei der Kommunion formen die Kinder mit ihren H\u00e4nden eine Schale. In diese Schale legt der Pfarrer den Leib Christie. Ein Bischoff sagte einmal, dass bei der Kommunion die H\u00e4nde wir ein Thron sind auf dem Christus wie ein K\u00f6nig Platz nimmt. Dabei soll man darauf achten, dass kein Teil des gesegneten Brotes herunterf\u00e4llt, denn jedes Teil ist wertvoller als Gold, denn darin kommt Jesus zu dir.<\/p>\n<p>Dann trugen die Kinder in einer feierlichen Prozession Brot, Wein das Opfer und Rosen zum Altar. Sie versammelten sich um den Altar und empfingen zum erstenmal aus der Hand von Pfarrer Alfons Eder die Heilige Kommunion.<\/p>\n<p>&nbsp;<\/p>\n<p>Zum Abschluss zogen Sie in einer feierlichen Prozession aus dem Gotteshaus hinaus.<\/p>\n<p><img loading=\"lazy\" decoding=\"async\" src=\"https:\/\/www.kirche-sdh.de\/side\/wp-content\/uploads\/P1000773-683x1024.jpg\" alt=\"\" width=\"402\" height=\"603\" class=\"alignnone wp-image-18910\" srcset=\"https:\/\/www.kirche-sdh.de\/side\/wp-content\/uploads\/P1000773-683x1024.jpg 683w, https:\/\/www.kirche-sdh.de\/side\/wp-content\/uploads\/P1000773-200x300.jpg 200w, https:\/\/www.kirche-sdh.de\/side\/wp-content\/uploads\/P1000773-768x1152.jpg 768w, https:\/\/www.kirche-sdh.de\/side\/wp-content\/uploads\/P1000773-1024x1536.jpg 1024w, https:\/\/www.kirche-sdh.de\/side\/wp-content\/uploads\/P1000773-1365x2048.jpg 1365w, https:\/\/www.kirche-sdh.de\/side\/wp-content\/uploads\/P1000773-scaled.jpg 1707w\" sizes=\"auto, (max-width: 402px) 100vw, 402px\" \/> <img loading=\"lazy\" decoding=\"async\" src=\"https:\/\/www.kirche-sdh.de\/side\/wp-content\/uploads\/P1000776-1024x683.jpg\" alt=\"\" width=\"432\" height=\"288\" class=\"alignnone wp-image-18911\" srcset=\"https:\/\/www.kirche-sdh.de\/side\/wp-content\/uploads\/P1000776-1024x683.jpg 1024w, https:\/\/www.kirche-sdh.de\/side\/wp-content\/uploads\/P1000776-300x200.jpg 300w, https:\/\/www.kirche-sdh.de\/side\/wp-content\/uploads\/P1000776-768x512.jpg 768w, https:\/\/www.kirche-sdh.de\/side\/wp-content\/uploads\/P1000776-1536x1024.jpg 1536w, https:\/\/www.kirche-sdh.de\/side\/wp-content\/uploads\/P1000776-2048x1365.jpg 2048w, https:\/\/www.kirche-sdh.de\/side\/wp-content\/uploads\/P1000776-360x240.jpg 360w\" sizes=\"auto, (max-width: 432px) 100vw, 432px\" \/> <img loading=\"lazy\" decoding=\"async\" src=\"https:\/\/www.kirche-sdh.de\/side\/wp-content\/uploads\/P1000777-683x1024.jpg\" alt=\"\" width=\"436\" height=\"654\" class=\"alignnone wp-image-18912\" srcset=\"https:\/\/www.kirche-sdh.de\/side\/wp-content\/uploads\/P1000777-683x1024.jpg 683w, https:\/\/www.kirche-sdh.de\/side\/wp-content\/uploads\/P1000777-200x300.jpg 200w, https:\/\/www.kirche-sdh.de\/side\/wp-content\/uploads\/P1000777-768x1152.jpg 768w, https:\/\/www.kirche-sdh.de\/side\/wp-content\/uploads\/P1000777-1024x1536.jpg 1024w, https:\/\/www.kirche-sdh.de\/side\/wp-content\/uploads\/P1000777-1365x2048.jpg 1365w, https:\/\/www.kirche-sdh.de\/side\/wp-content\/uploads\/P1000777-scaled.jpg 1707w\" sizes=\"auto, (max-width: 436px) 100vw, 436px\" \/> <img loading=\"lazy\" decoding=\"async\" src=\"https:\/\/www.kirche-sdh.de\/side\/wp-content\/uploads\/P1000779-1024x683.jpg\" alt=\"\" width=\"459\" height=\"306\" class=\"alignnone wp-image-18913\" srcset=\"https:\/\/www.kirche-sdh.de\/side\/wp-content\/uploads\/P1000779-1024x683.jpg 1024w, https:\/\/www.kirche-sdh.de\/side\/wp-content\/uploads\/P1000779-300x200.jpg 300w, https:\/\/www.kirche-sdh.de\/side\/wp-content\/uploads\/P1000779-768x512.jpg 768w, https:\/\/www.kirche-sdh.de\/side\/wp-content\/uploads\/P1000779-1536x1024.jpg 1536w, https:\/\/www.kirche-sdh.de\/side\/wp-content\/uploads\/P1000779-2048x1365.jpg 2048w, https:\/\/www.kirche-sdh.de\/side\/wp-content\/uploads\/P1000779-360x240.jpg 360w\" sizes=\"auto, (max-width: 459px) 100vw, 459px\" \/><\/p>\n","protected":false},"excerpt":{"rendered":"<p>Feierliche Erstkommunion in D\u00f6fering F\u00fcr die Kinder der Pfarrei D\u00f6fering aus der 3. Klasse kam nach monatelanger Vorbereitungszeit nun endlich der lang ersehnte H\u00f6hepunkt. Maja Nagler, Anna Zimmermann, Ben Maier, Jule Graf, Philipp Stangl, Franziska Wagner, Josef Bayer durften an einem \u00fcberraschend sonnigen Sonntag zum ersten mal an den Tisch [&hellip;]<\/p>\n","protected":false},"author":1,"featured_media":18909,"comment_status":"closed","ping_status":"closed","sticky":true,"template":"","format":"standard","meta":{"footnotes":""},"categories":[20],"tags":[],"class_list":["post-18908","post","type-post","status-publish","format-standard","has-post-thumbnail","hentry","category-doefering"],"yoast_head":"<!-- This site is optimized with the Yoast SEO plugin v27.4 - https:\/\/yoast.com\/product\/yoast-seo-wordpress\/ -->\n<title>Erstkommunion in D\u00f6fering - Informationsseite und Seelsorgeeinheit<\/title>\n<meta name=\"robots\" content=\"index, follow, max-snippet:-1, max-image-preview:large, max-video-preview:-1\" \/>\n<link rel=\"canonical\" href=\"https:\/\/www.kirche-sdh.de\/side\/erstkommunion-in-doefering-4\/\" \/>\n<meta property=\"og:locale\" content=\"de_DE\" \/>\n<meta property=\"og:type\" content=\"article\" \/>\n<meta property=\"og:title\" content=\"Erstkommunion in D\u00f6fering - Informationsseite und Seelsorgeeinheit\" \/>\n<meta property=\"og:description\" content=\"Feierliche Erstkommunion in D\u00f6fering F\u00fcr die Kinder der Pfarrei D\u00f6fering aus der 3. Klasse kam nach monatelanger Vorbereitungszeit nun endlich der lang ersehnte H\u00f6hepunkt. Maja Nagler, Anna Zimmermann, Ben Maier, Jule Graf, Philipp Stangl, Franziska Wagner, Josef Bayer durften an einem \u00fcberraschend sonnigen Sonntag zum ersten mal an den Tisch [&hellip;]\" \/>\n<meta property=\"og:url\" content=\"https:\/\/www.kirche-sdh.de\/side\/erstkommunion-in-doefering-4\/\" \/>\n<meta property=\"og:site_name\" content=\"Informationsseite und Seelsorgeeinheit\" \/>\n<meta property=\"article:published_time\" content=\"2023-04-16T12:03:45+00:00\" \/>\n<meta property=\"article:modified_time\" content=\"2023-04-16T12:08:21+00:00\" \/>\n<meta property=\"og:image\" content=\"https:\/\/www.kirche-sdh.de\/side\/wp-content\/uploads\/P1000781.jpg\" \/>\n\t<meta property=\"og:image:width\" content=\"1600\" \/>\n\t<meta property=\"og:image:height\" content=\"1067\" \/>\n\t<meta property=\"og:image:type\" content=\"image\/jpeg\" \/>\n<meta name=\"author\" content=\"Dirscherl\" \/>\n<meta name=\"twitter:card\" content=\"summary_large_image\" \/>\n<meta name=\"twitter:label1\" content=\"Verfasst von\" \/>\n\t<meta name=\"twitter:data1\" content=\"Dirscherl\" \/>\n\t<meta name=\"twitter:label2\" content=\"Gesch\u00e4tzte Lesezeit\" \/>\n\t<meta name=\"twitter:data2\" content=\"2\u00a0Minuten\" \/>\n<script type=\"application\/ld+json\" class=\"yoast-schema-graph\">{\"@context\":\"https:\\\/\\\/schema.org\",\"@graph\":[{\"@type\":\"Article\",\"@id\":\"https:\\\/\\\/www.kirche-sdh.de\\\/side\\\/erstkommunion-in-doefering-4\\\/#article\",\"isPartOf\":{\"@id\":\"https:\\\/\\\/www.kirche-sdh.de\\\/side\\\/erstkommunion-in-doefering-4\\\/\"},\"author\":{\"name\":\"Dirscherl\",\"@id\":\"https:\\\/\\\/www.kirche-sdh.de\\\/side\\\/#\\\/schema\\\/person\\\/03813c96da9249c1923a325c77818b1a\"},\"headline\":\"Erstkommunion in D\u00f6fering\",\"datePublished\":\"2023-04-16T12:03:45+00:00\",\"dateModified\":\"2023-04-16T12:08:21+00:00\",\"mainEntityOfPage\":{\"@id\":\"https:\\\/\\\/www.kirche-sdh.de\\\/side\\\/erstkommunion-in-doefering-4\\\/\"},\"wordCount\":357,\"publisher\":{\"@id\":\"https:\\\/\\\/www.kirche-sdh.de\\\/side\\\/#organization\"},\"image\":{\"@id\":\"https:\\\/\\\/www.kirche-sdh.de\\\/side\\\/erstkommunion-in-doefering-4\\\/#primaryimage\"},\"thumbnailUrl\":\"https:\\\/\\\/www.kirche-sdh.de\\\/side\\\/wp-content\\\/uploads\\\/P1000781.jpg\",\"articleSection\":[\"D\u00f6fering\"],\"inLanguage\":\"de\"},{\"@type\":\"WebPage\",\"@id\":\"https:\\\/\\\/www.kirche-sdh.de\\\/side\\\/erstkommunion-in-doefering-4\\\/\",\"url\":\"https:\\\/\\\/www.kirche-sdh.de\\\/side\\\/erstkommunion-in-doefering-4\\\/\",\"name\":\"Erstkommunion in D\u00f6fering - Informationsseite und Seelsorgeeinheit\",\"isPartOf\":{\"@id\":\"https:\\\/\\\/www.kirche-sdh.de\\\/side\\\/#website\"},\"primaryImageOfPage\":{\"@id\":\"https:\\\/\\\/www.kirche-sdh.de\\\/side\\\/erstkommunion-in-doefering-4\\\/#primaryimage\"},\"image\":{\"@id\":\"https:\\\/\\\/www.kirche-sdh.de\\\/side\\\/erstkommunion-in-doefering-4\\\/#primaryimage\"},\"thumbnailUrl\":\"https:\\\/\\\/www.kirche-sdh.de\\\/side\\\/wp-content\\\/uploads\\\/P1000781.jpg\",\"datePublished\":\"2023-04-16T12:03:45+00:00\",\"dateModified\":\"2023-04-16T12:08:21+00:00\",\"breadcrumb\":{\"@id\":\"https:\\\/\\\/www.kirche-sdh.de\\\/side\\\/erstkommunion-in-doefering-4\\\/#breadcrumb\"},\"inLanguage\":\"de\",\"potentialAction\":[{\"@type\":\"ReadAction\",\"target\":[\"https:\\\/\\\/www.kirche-sdh.de\\\/side\\\/erstkommunion-in-doefering-4\\\/\"]}]},{\"@type\":\"ImageObject\",\"inLanguage\":\"de\",\"@id\":\"https:\\\/\\\/www.kirche-sdh.de\\\/side\\\/erstkommunion-in-doefering-4\\\/#primaryimage\",\"url\":\"https:\\\/\\\/www.kirche-sdh.de\\\/side\\\/wp-content\\\/uploads\\\/P1000781.jpg\",\"contentUrl\":\"https:\\\/\\\/www.kirche-sdh.de\\\/side\\\/wp-content\\\/uploads\\\/P1000781.jpg\",\"width\":1600,\"height\":1067},{\"@type\":\"BreadcrumbList\",\"@id\":\"https:\\\/\\\/www.kirche-sdh.de\\\/side\\\/erstkommunion-in-doefering-4\\\/#breadcrumb\",\"itemListElement\":[{\"@type\":\"ListItem\",\"position\":1,\"name\":\"Startseite\",\"item\":\"https:\\\/\\\/www.kirche-sdh.de\\\/side\\\/\"},{\"@type\":\"ListItem\",\"position\":2,\"name\":\"Erstkommunion in D\u00f6fering\"}]},{\"@type\":\"WebSite\",\"@id\":\"https:\\\/\\\/www.kirche-sdh.de\\\/side\\\/#website\",\"url\":\"https:\\\/\\\/www.kirche-sdh.de\\\/side\\\/\",\"name\":\"Informationsseite und Seelsorgeeinheit\",\"description\":\"Informationsseite und Seelsorgeeinheit\",\"publisher\":{\"@id\":\"https:\\\/\\\/www.kirche-sdh.de\\\/side\\\/#organization\"},\"potentialAction\":[{\"@type\":\"SearchAction\",\"target\":{\"@type\":\"EntryPoint\",\"urlTemplate\":\"https:\\\/\\\/www.kirche-sdh.de\\\/side\\\/?s={search_term_string}\"},\"query-input\":{\"@type\":\"PropertyValueSpecification\",\"valueRequired\":true,\"valueName\":\"search_term_string\"}}],\"inLanguage\":\"de\"},{\"@type\":\"Organization\",\"@id\":\"https:\\\/\\\/www.kirche-sdh.de\\\/side\\\/#organization\",\"name\":\"Informationsseite und Seelsorgeeinheit\",\"url\":\"https:\\\/\\\/www.kirche-sdh.de\\\/side\\\/\",\"logo\":{\"@type\":\"ImageObject\",\"inLanguage\":\"de\",\"@id\":\"https:\\\/\\\/www.kirche-sdh.de\\\/side\\\/#\\\/schema\\\/logo\\\/image\\\/\",\"url\":\"https:\\\/\\\/www.kirche-sdh.de\\\/side\\\/wp-content\\\/uploads\\\/2017\\\/12\\\/kirche-logos.png\",\"contentUrl\":\"https:\\\/\\\/www.kirche-sdh.de\\\/side\\\/wp-content\\\/uploads\\\/2017\\\/12\\\/kirche-logos.png\",\"width\":438,\"height\":191,\"caption\":\"Informationsseite und Seelsorgeeinheit\"},\"image\":{\"@id\":\"https:\\\/\\\/www.kirche-sdh.de\\\/side\\\/#\\\/schema\\\/logo\\\/image\\\/\"}},{\"@type\":\"Person\",\"@id\":\"https:\\\/\\\/www.kirche-sdh.de\\\/side\\\/#\\\/schema\\\/person\\\/03813c96da9249c1923a325c77818b1a\",\"name\":\"Dirscherl\",\"url\":\"https:\\\/\\\/www.kirche-sdh.de\\\/side\\\/author\\\/kirchesdh\\\/\"}]}<\/script>\n<!-- \/ Yoast SEO plugin. -->","yoast_head_json":{"title":"Erstkommunion in D\u00f6fering - Informationsseite und Seelsorgeeinheit","robots":{"index":"index","follow":"follow","max-snippet":"max-snippet:-1","max-image-preview":"max-image-preview:large","max-video-preview":"max-video-preview:-1"},"canonical":"https:\/\/www.kirche-sdh.de\/side\/erstkommunion-in-doefering-4\/","og_locale":"de_DE","og_type":"article","og_title":"Erstkommunion in D\u00f6fering - Informationsseite und Seelsorgeeinheit","og_description":"Feierliche Erstkommunion in D\u00f6fering F\u00fcr die Kinder der Pfarrei D\u00f6fering aus der 3. Klasse kam nach monatelanger Vorbereitungszeit nun endlich der lang ersehnte H\u00f6hepunkt. Maja Nagler, Anna Zimmermann, Ben Maier, Jule Graf, Philipp Stangl, Franziska Wagner, Josef Bayer durften an einem \u00fcberraschend sonnigen Sonntag zum ersten mal an den Tisch [&hellip;]","og_url":"https:\/\/www.kirche-sdh.de\/side\/erstkommunion-in-doefering-4\/","og_site_name":"Informationsseite und Seelsorgeeinheit","article_published_time":"2023-04-16T12:03:45+00:00","article_modified_time":"2023-04-16T12:08:21+00:00","og_image":[{"width":1600,"height":1067,"url":"https:\/\/www.kirche-sdh.de\/side\/wp-content\/uploads\/P1000781.jpg","type":"image\/jpeg"}],"author":"Dirscherl","twitter_card":"summary_large_image","twitter_misc":{"Verfasst von":"Dirscherl","Gesch\u00e4tzte Lesezeit":"2\u00a0Minuten"},"schema":{"@context":"https:\/\/schema.org","@graph":[{"@type":"Article","@id":"https:\/\/www.kirche-sdh.de\/side\/erstkommunion-in-doefering-4\/#article","isPartOf":{"@id":"https:\/\/www.kirche-sdh.de\/side\/erstkommunion-in-doefering-4\/"},"author":{"name":"Dirscherl","@id":"https:\/\/www.kirche-sdh.de\/side\/#\/schema\/person\/03813c96da9249c1923a325c77818b1a"},"headline":"Erstkommunion in D\u00f6fering","datePublished":"2023-04-16T12:03:45+00:00","dateModified":"2023-04-16T12:08:21+00:00","mainEntityOfPage":{"@id":"https:\/\/www.kirche-sdh.de\/side\/erstkommunion-in-doefering-4\/"},"wordCount":357,"publisher":{"@id":"https:\/\/www.kirche-sdh.de\/side\/#organization"},"image":{"@id":"https:\/\/www.kirche-sdh.de\/side\/erstkommunion-in-doefering-4\/#primaryimage"},"thumbnailUrl":"https:\/\/www.kirche-sdh.de\/side\/wp-content\/uploads\/P1000781.jpg","articleSection":["D\u00f6fering"],"inLanguage":"de"},{"@type":"WebPage","@id":"https:\/\/www.kirche-sdh.de\/side\/erstkommunion-in-doefering-4\/","url":"https:\/\/www.kirche-sdh.de\/side\/erstkommunion-in-doefering-4\/","name":"Erstkommunion in D\u00f6fering - Informationsseite und Seelsorgeeinheit","isPartOf":{"@id":"https:\/\/www.kirche-sdh.de\/side\/#website"},"primaryImageOfPage":{"@id":"https:\/\/www.kirche-sdh.de\/side\/erstkommunion-in-doefering-4\/#primaryimage"},"image":{"@id":"https:\/\/www.kirche-sdh.de\/side\/erstkommunion-in-doefering-4\/#primaryimage"},"thumbnailUrl":"https:\/\/www.kirche-sdh.de\/side\/wp-content\/uploads\/P1000781.jpg","datePublished":"2023-04-16T12:03:45+00:00","dateModified":"2023-04-16T12:08:21+00:00","breadcrumb":{"@id":"https:\/\/www.kirche-sdh.de\/side\/erstkommunion-in-doefering-4\/#breadcrumb"},"inLanguage":"de","potentialAction":[{"@type":"ReadAction","target":["https:\/\/www.kirche-sdh.de\/side\/erstkommunion-in-doefering-4\/"]}]},{"@type":"ImageObject","inLanguage":"de","@id":"https:\/\/www.kirche-sdh.de\/side\/erstkommunion-in-doefering-4\/#primaryimage","url":"https:\/\/www.kirche-sdh.de\/side\/wp-content\/uploads\/P1000781.jpg","contentUrl":"https:\/\/www.kirche-sdh.de\/side\/wp-content\/uploads\/P1000781.jpg","width":1600,"height":1067},{"@type":"BreadcrumbList","@id":"https:\/\/www.kirche-sdh.de\/side\/erstkommunion-in-doefering-4\/#breadcrumb","itemListElement":[{"@type":"ListItem","position":1,"name":"Startseite","item":"https:\/\/www.kirche-sdh.de\/side\/"},{"@type":"ListItem","position":2,"name":"Erstkommunion in D\u00f6fering"}]},{"@type":"WebSite","@id":"https:\/\/www.kirche-sdh.de\/side\/#website","url":"https:\/\/www.kirche-sdh.de\/side\/","name":"Informationsseite und Seelsorgeeinheit","description":"Informationsseite und Seelsorgeeinheit","publisher":{"@id":"https:\/\/www.kirche-sdh.de\/side\/#organization"},"potentialAction":[{"@type":"SearchAction","target":{"@type":"EntryPoint","urlTemplate":"https:\/\/www.kirche-sdh.de\/side\/?s={search_term_string}"},"query-input":{"@type":"PropertyValueSpecification","valueRequired":true,"valueName":"search_term_string"}}],"inLanguage":"de"},{"@type":"Organization","@id":"https:\/\/www.kirche-sdh.de\/side\/#organization","name":"Informationsseite und Seelsorgeeinheit","url":"https:\/\/www.kirche-sdh.de\/side\/","logo":{"@type":"ImageObject","inLanguage":"de","@id":"https:\/\/www.kirche-sdh.de\/side\/#\/schema\/logo\/image\/","url":"https:\/\/www.kirche-sdh.de\/side\/wp-content\/uploads\/2017\/12\/kirche-logos.png","contentUrl":"https:\/\/www.kirche-sdh.de\/side\/wp-content\/uploads\/2017\/12\/kirche-logos.png","width":438,"height":191,"caption":"Informationsseite und Seelsorgeeinheit"},"image":{"@id":"https:\/\/www.kirche-sdh.de\/side\/#\/schema\/logo\/image\/"}},{"@type":"Person","@id":"https:\/\/www.kirche-sdh.de\/side\/#\/schema\/person\/03813c96da9249c1923a325c77818b1a","name":"Dirscherl","url":"https:\/\/www.kirche-sdh.de\/side\/author\/kirchesdh\/"}]}},"_links":{"self":[{"href":"https:\/\/www.kirche-sdh.de\/side\/wp-json\/wp\/v2\/posts\/18908","targetHints":{"allow":["GET"]}}],"collection":[{"href":"https:\/\/www.kirche-sdh.de\/side\/wp-json\/wp\/v2\/posts"}],"about":[{"href":"https:\/\/www.kirche-sdh.de\/side\/wp-json\/wp\/v2\/types\/post"}],"author":[{"embeddable":true,"href":"https:\/\/www.kirche-sdh.de\/side\/wp-json\/wp\/v2\/users\/1"}],"replies":[{"embeddable":true,"href":"https:\/\/www.kirche-sdh.de\/side\/wp-json\/wp\/v2\/comments?post=18908"}],"version-history":[{"count":0,"href":"https:\/\/www.kirche-sdh.de\/side\/wp-json\/wp\/v2\/posts\/18908\/revisions"}],"wp:featuredmedia":[{"embeddable":true,"href":"https:\/\/www.kirche-sdh.de\/side\/wp-json\/wp\/v2\/media\/18909"}],"wp:attachment":[{"href":"https:\/\/www.kirche-sdh.de\/side\/wp-json\/wp\/v2\/media?parent=18908"}],"wp:term":[{"taxonomy":"category","embeddable":true,"href":"https:\/\/www.kirche-sdh.de\/side\/wp-json\/wp\/v2\/categories?post=18908"},{"taxonomy":"post_tag","embeddable":true,"href":"https:\/\/www.kirche-sdh.de\/side\/wp-json\/wp\/v2\/tags?post=18908"}],"curies":[{"name":"wp","href":"https:\/\/api.w.org\/{rel}","templated":true}]}}