{"id":18302,"date":"2022-01-23T21:47:49","date_gmt":"2022-01-23T20:47:49","guid":{"rendered":"https:\/\/www.kirche-sdh.de\/side\/?p=18302"},"modified":"2022-01-23T21:47:49","modified_gmt":"2022-01-23T20:47:49","slug":"ein-vorbild-des-glaubens-der-guete-und-der-liebe","status":"publish","type":"post","link":"https:\/\/www.kirche-sdh.de\/side\/ein-vorbild-des-glaubens-der-guete-und-der-liebe\/","title":{"rendered":"Ein Vorbild des Glaubens, der G\u00fcte und der Liebe"},"content":{"rendered":"<p><strong>Gedenktag des Pestheiligen Sebastian \u2013 Sebastianibruderschaft seit 1723<\/strong><\/p>\n<p>Das Altarbild des rechten Seitenaltars der Pfarrkirche Sch\u00f6nthal ist ein Gem\u00e4lde aus der Klosterzeit und stellt den Pestpatron und Martyreroffizier Sebastian dar. Seinen Gedenktag am 20. Januar begeht die Pfarrgemeinde Sch\u00f6nthal seit nahezu 300 Jahren. In einer Sebastianibruderschaft, eingef\u00fchrt 1723, ehrt sie den Schutzpatron im Besonderen und feiert seither einen Festgottesdienst mit Prozession und Gedenken an die verstorbenen Mitglieder. Dieses Hochamt hat die Pfarrei am Sonntag in w\u00fcrdevollem Rahmen begangen. Die Prozession musste hingegen bereits das zweite Jahr in Folge wegen der Corona-Pandemie entfallen. \u201eSein Name bedeutet der vor dem man Respekt hat\u201c erinnerte Pfarrer Alfons Eder an den Vorbildcharakter des Volksheiligen und M\u00e4rtyrers den man auch in weiteren Gemeinden wie Winklarn, Schorndorf oder Roding in besonderer Weise ehre.<\/p>\n<p><img loading=\"lazy\" decoding=\"async\" src=\"https:\/\/www.kirche-sdh.de\/side\/wp-content\/uploads\/IMG_8628-scaled.jpg\" alt=\"\" width=\"2560\" height=\"1707\" class=\"alignnone size-full wp-image-18305\" srcset=\"https:\/\/www.kirche-sdh.de\/side\/wp-content\/uploads\/IMG_8628-scaled.jpg 2560w, https:\/\/www.kirche-sdh.de\/side\/wp-content\/uploads\/IMG_8628-300x200.jpg 300w, https:\/\/www.kirche-sdh.de\/side\/wp-content\/uploads\/IMG_8628-1024x683.jpg 1024w, https:\/\/www.kirche-sdh.de\/side\/wp-content\/uploads\/IMG_8628-768x512.jpg 768w, https:\/\/www.kirche-sdh.de\/side\/wp-content\/uploads\/IMG_8628-1536x1024.jpg 1536w, https:\/\/www.kirche-sdh.de\/side\/wp-content\/uploads\/IMG_8628-2048x1365.jpg 2048w, https:\/\/www.kirche-sdh.de\/side\/wp-content\/uploads\/IMG_8628-360x240.jpg 360w\" sizes=\"auto, (max-width: 2560px) 100vw, 2560px\" \/><\/p>\n<p>Festprediger Diakon Alfons Eiber stellte Sebastian als einen Menschen dar, der im Verlauf seines Lebens nie an Gott gezweifelt habe. Selbst w\u00e4hrend der Christenverfolgung im 4.\u00a0Jahrhundert ermutigte der heilige Sebastian die Menschen ihren christlichen Glauben nicht zu verleugnen und lieber das Martyrium auf sich zu nehmen. Mit Leidenschaft f\u00fcr Gott und sein Reich, durch sein \u00fcberzeugtes Christenleben habe er die Menschen immer wieder auf den Glauben aufmerksam gemacht und zum Glauben hingef\u00fchrt, trotz Androhungen. Solche vom Geist Gottes und einer Leidenschaft f\u00fcr Jesus Christus erf\u00fcllte, vor allem junge Menschen brauche die heutige Zeit dringend. Standhaftigkeit und Treue zeichneten den Heiligen Sebastian aus. Mit seinem ganzen Leben habe er Zeugnis von der frohen Botschaft Gottes gegeben. Diese Menschen w\u00fcnschte sich Eiber auch f\u00fcr die heutige Zeit, Zeugen der Wahrheit und der Liebe die sich nicht f\u00fcr ihren Glauben sch\u00e4mten und sich nicht von der Kirche abwendeten. Der heilige Sebastian habe G\u00fcte und Liebe gelebt, sich gegen Bestechung, Betrug und Falschheit gewehrt und stattdessen N\u00e4chstenliebe und Barmherzigkeit gezeigt. Er habe niemals seinen Glauben versteckt und sei unerschrocken dem Kaiser und seinen Peinigern gegen\u00fcber getreten. Den Gottesdienstbesuchern gab Diakon Eiber die Bitte mit auf den Weg, sich wie Sebastian nicht vom Glauben abbringen zu lassen und wieder \u201emehr Glaubensmut sich zu Jesus Christus zu bekennen\u201c zu beweisen.<img loading=\"lazy\" decoding=\"async\" src=\"https:\/\/www.kirche-sdh.de\/side\/wp-content\/uploads\/IMG_8624a-scaled.jpg\" alt=\"\" width=\"1610\" height=\"2560\" class=\"alignnone size-full wp-image-18303\" srcset=\"https:\/\/www.kirche-sdh.de\/side\/wp-content\/uploads\/IMG_8624a-scaled.jpg 1610w, https:\/\/www.kirche-sdh.de\/side\/wp-content\/uploads\/IMG_8624a-189x300.jpg 189w, https:\/\/www.kirche-sdh.de\/side\/wp-content\/uploads\/IMG_8624a-644x1024.jpg 644w, https:\/\/www.kirche-sdh.de\/side\/wp-content\/uploads\/IMG_8624a-768x1221.jpg 768w, https:\/\/www.kirche-sdh.de\/side\/wp-content\/uploads\/IMG_8624a-966x1536.jpg 966w, https:\/\/www.kirche-sdh.de\/side\/wp-content\/uploads\/IMG_8624a-1288x2048.jpg 1288w\" sizes=\"auto, (max-width: 1610px) 100vw, 1610px\" \/> <img loading=\"lazy\" decoding=\"async\" src=\"https:\/\/www.kirche-sdh.de\/side\/wp-content\/uploads\/IMG_8625-scaled.jpg\" alt=\"\" width=\"2560\" height=\"1707\" class=\"alignnone size-full wp-image-18304\" srcset=\"https:\/\/www.kirche-sdh.de\/side\/wp-content\/uploads\/IMG_8625-scaled.jpg 2560w, https:\/\/www.kirche-sdh.de\/side\/wp-content\/uploads\/IMG_8625-300x200.jpg 300w, https:\/\/www.kirche-sdh.de\/side\/wp-content\/uploads\/IMG_8625-1024x683.jpg 1024w, https:\/\/www.kirche-sdh.de\/side\/wp-content\/uploads\/IMG_8625-768x512.jpg 768w, https:\/\/www.kirche-sdh.de\/side\/wp-content\/uploads\/IMG_8625-1536x1024.jpg 1536w, https:\/\/www.kirche-sdh.de\/side\/wp-content\/uploads\/IMG_8625-2048x1365.jpg 2048w, https:\/\/www.kirche-sdh.de\/side\/wp-content\/uploads\/IMG_8625-360x240.jpg 360w\" sizes=\"auto, (max-width: 2560px) 100vw, 2560px\" \/> Der Festgottesdienst, der von einer kleinen Abordnung des Sch\u00f6nthaler Kirchenchores unter Leitung von Edith Pongratz mit Sebastiansliedern feierlich gestaltet wurde, fand seinen Abschluss in der Aussetzung des Allerheiligsten. Das \u201eGro\u00dfer Gott wir loben dich\u201c beschloss die w\u00fcrdevolle Feier. Pfarrer Eder dankte den Chormitgliedern f\u00fcr die musikalische Gestaltung, Diakon Alfons Eiber f\u00fcr die Konzelebration und allen Gottesdienstbesuchern f\u00fcr die gl\u00e4ubige Mitfeier trotz Pandemiebeschr\u00e4nkungen und dem Entfall der Prozession. Nach dem Gottesdienst bestand die M\u00f6glichkeit sich in die Sebastianibruderschaft neu aufnehmen zu lassen.<img loading=\"lazy\" decoding=\"async\" src=\"https:\/\/www.kirche-sdh.de\/side\/wp-content\/uploads\/IMG_8633a-scaled.jpg\" alt=\"\" width=\"2560\" height=\"1800\" class=\"alignnone size-full wp-image-18306\" srcset=\"https:\/\/www.kirche-sdh.de\/side\/wp-content\/uploads\/IMG_8633a-scaled.jpg 2560w, https:\/\/www.kirche-sdh.de\/side\/wp-content\/uploads\/IMG_8633a-300x211.jpg 300w, https:\/\/www.kirche-sdh.de\/side\/wp-content\/uploads\/IMG_8633a-1024x720.jpg 1024w, https:\/\/www.kirche-sdh.de\/side\/wp-content\/uploads\/IMG_8633a-768x540.jpg 768w, https:\/\/www.kirche-sdh.de\/side\/wp-content\/uploads\/IMG_8633a-1536x1080.jpg 1536w, https:\/\/www.kirche-sdh.de\/side\/wp-content\/uploads\/IMG_8633a-2048x1440.jpg 2048w\" sizes=\"auto, (max-width: 2560px) 100vw, 2560px\" \/><\/p>\n","protected":false},"excerpt":{"rendered":"<p>Gedenktag des Pestheiligen Sebastian \u2013 Sebastianibruderschaft seit 1723 Das Altarbild des rechten Seitenaltars der Pfarrkirche Sch\u00f6nthal ist ein Gem\u00e4lde aus der Klosterzeit und stellt den Pestpatron und Martyreroffizier Sebastian dar. Seinen Gedenktag am 20. Januar begeht die Pfarrgemeinde Sch\u00f6nthal seit nahezu 300 Jahren. In einer Sebastianibruderschaft, eingef\u00fchrt 1723, ehrt sie [&hellip;]<\/p>\n","protected":false},"author":3,"featured_media":18306,"comment_status":"closed","ping_status":"closed","sticky":true,"template":"","format":"standard","meta":{"footnotes":""},"categories":[21],"tags":[],"class_list":["post-18302","post","type-post","status-publish","format-standard","has-post-thumbnail","hentry","category-schoenthal"],"yoast_head":"<!-- This site is optimized with the Yoast SEO plugin v27.5 - https:\/\/yoast.com\/product\/yoast-seo-wordpress\/ -->\n<title>Ein Vorbild des Glaubens, der G\u00fcte und der Liebe - Informationsseite und Seelsorgeeinheit<\/title>\n<meta name=\"robots\" content=\"index, follow, max-snippet:-1, max-image-preview:large, max-video-preview:-1\" \/>\n<link rel=\"canonical\" href=\"https:\/\/www.kirche-sdh.de\/side\/ein-vorbild-des-glaubens-der-guete-und-der-liebe\/\" \/>\n<meta property=\"og:locale\" content=\"de_DE\" \/>\n<meta property=\"og:type\" content=\"article\" \/>\n<meta property=\"og:title\" content=\"Ein Vorbild des Glaubens, der G\u00fcte und der Liebe - Informationsseite und Seelsorgeeinheit\" \/>\n<meta property=\"og:description\" content=\"Gedenktag des Pestheiligen Sebastian \u2013 Sebastianibruderschaft seit 1723 Das Altarbild des rechten Seitenaltars der Pfarrkirche Sch\u00f6nthal ist ein Gem\u00e4lde aus der Klosterzeit und stellt den Pestpatron und Martyreroffizier Sebastian dar. Seinen Gedenktag am 20. Januar begeht die Pfarrgemeinde Sch\u00f6nthal seit nahezu 300 Jahren. In einer Sebastianibruderschaft, eingef\u00fchrt 1723, ehrt sie [&hellip;]\" \/>\n<meta property=\"og:url\" content=\"https:\/\/www.kirche-sdh.de\/side\/ein-vorbild-des-glaubens-der-guete-und-der-liebe\/\" \/>\n<meta property=\"og:site_name\" content=\"Informationsseite und Seelsorgeeinheit\" \/>\n<meta property=\"article:published_time\" content=\"2022-01-23T20:47:49+00:00\" \/>\n<meta property=\"og:image\" content=\"https:\/\/www.kirche-sdh.de\/side\/wp-content\/uploads\/IMG_8633a-scaled.jpg\" \/>\n\t<meta property=\"og:image:width\" content=\"2560\" \/>\n\t<meta property=\"og:image:height\" content=\"1800\" \/>\n\t<meta property=\"og:image:type\" content=\"image\/jpeg\" \/>\n<meta name=\"author\" content=\"Martin Zangl\" \/>\n<meta name=\"twitter:card\" content=\"summary_large_image\" \/>\n<meta name=\"twitter:label1\" content=\"Verfasst von\" \/>\n\t<meta name=\"twitter:data1\" content=\"Martin Zangl\" \/>\n\t<meta name=\"twitter:label2\" content=\"Gesch\u00e4tzte Lesezeit\" \/>\n\t<meta name=\"twitter:data2\" content=\"2\u00a0Minuten\" \/>\n<script type=\"application\/ld+json\" class=\"yoast-schema-graph\">{\"@context\":\"https:\\\/\\\/schema.org\",\"@graph\":[{\"@type\":\"Article\",\"@id\":\"https:\\\/\\\/www.kirche-sdh.de\\\/side\\\/ein-vorbild-des-glaubens-der-guete-und-der-liebe\\\/#article\",\"isPartOf\":{\"@id\":\"https:\\\/\\\/www.kirche-sdh.de\\\/side\\\/ein-vorbild-des-glaubens-der-guete-und-der-liebe\\\/\"},\"author\":{\"name\":\"Martin Zangl\",\"@id\":\"https:\\\/\\\/www.kirche-sdh.de\\\/side\\\/#\\\/schema\\\/person\\\/e05baeb81583d4659c11ea77b24c3640\"},\"headline\":\"Ein Vorbild des Glaubens, der G\u00fcte und der Liebe\",\"datePublished\":\"2022-01-23T20:47:49+00:00\",\"mainEntityOfPage\":{\"@id\":\"https:\\\/\\\/www.kirche-sdh.de\\\/side\\\/ein-vorbild-des-glaubens-der-guete-und-der-liebe\\\/\"},\"wordCount\":454,\"publisher\":{\"@id\":\"https:\\\/\\\/www.kirche-sdh.de\\\/side\\\/#organization\"},\"image\":{\"@id\":\"https:\\\/\\\/www.kirche-sdh.de\\\/side\\\/ein-vorbild-des-glaubens-der-guete-und-der-liebe\\\/#primaryimage\"},\"thumbnailUrl\":\"https:\\\/\\\/www.kirche-sdh.de\\\/side\\\/wp-content\\\/uploads\\\/IMG_8633a-scaled.jpg\",\"articleSection\":[\"Sch\u00f6nthal\"],\"inLanguage\":\"de\"},{\"@type\":\"WebPage\",\"@id\":\"https:\\\/\\\/www.kirche-sdh.de\\\/side\\\/ein-vorbild-des-glaubens-der-guete-und-der-liebe\\\/\",\"url\":\"https:\\\/\\\/www.kirche-sdh.de\\\/side\\\/ein-vorbild-des-glaubens-der-guete-und-der-liebe\\\/\",\"name\":\"Ein Vorbild des Glaubens, der G\u00fcte und der Liebe - Informationsseite und Seelsorgeeinheit\",\"isPartOf\":{\"@id\":\"https:\\\/\\\/www.kirche-sdh.de\\\/side\\\/#website\"},\"primaryImageOfPage\":{\"@id\":\"https:\\\/\\\/www.kirche-sdh.de\\\/side\\\/ein-vorbild-des-glaubens-der-guete-und-der-liebe\\\/#primaryimage\"},\"image\":{\"@id\":\"https:\\\/\\\/www.kirche-sdh.de\\\/side\\\/ein-vorbild-des-glaubens-der-guete-und-der-liebe\\\/#primaryimage\"},\"thumbnailUrl\":\"https:\\\/\\\/www.kirche-sdh.de\\\/side\\\/wp-content\\\/uploads\\\/IMG_8633a-scaled.jpg\",\"datePublished\":\"2022-01-23T20:47:49+00:00\",\"breadcrumb\":{\"@id\":\"https:\\\/\\\/www.kirche-sdh.de\\\/side\\\/ein-vorbild-des-glaubens-der-guete-und-der-liebe\\\/#breadcrumb\"},\"inLanguage\":\"de\",\"potentialAction\":[{\"@type\":\"ReadAction\",\"target\":[\"https:\\\/\\\/www.kirche-sdh.de\\\/side\\\/ein-vorbild-des-glaubens-der-guete-und-der-liebe\\\/\"]}]},{\"@type\":\"ImageObject\",\"inLanguage\":\"de\",\"@id\":\"https:\\\/\\\/www.kirche-sdh.de\\\/side\\\/ein-vorbild-des-glaubens-der-guete-und-der-liebe\\\/#primaryimage\",\"url\":\"https:\\\/\\\/www.kirche-sdh.de\\\/side\\\/wp-content\\\/uploads\\\/IMG_8633a-scaled.jpg\",\"contentUrl\":\"https:\\\/\\\/www.kirche-sdh.de\\\/side\\\/wp-content\\\/uploads\\\/IMG_8633a-scaled.jpg\",\"width\":2560,\"height\":1800},{\"@type\":\"BreadcrumbList\",\"@id\":\"https:\\\/\\\/www.kirche-sdh.de\\\/side\\\/ein-vorbild-des-glaubens-der-guete-und-der-liebe\\\/#breadcrumb\",\"itemListElement\":[{\"@type\":\"ListItem\",\"position\":1,\"name\":\"Startseite\",\"item\":\"https:\\\/\\\/www.kirche-sdh.de\\\/side\\\/\"},{\"@type\":\"ListItem\",\"position\":2,\"name\":\"Ein Vorbild des Glaubens, der G\u00fcte und der Liebe\"}]},{\"@type\":\"WebSite\",\"@id\":\"https:\\\/\\\/www.kirche-sdh.de\\\/side\\\/#website\",\"url\":\"https:\\\/\\\/www.kirche-sdh.de\\\/side\\\/\",\"name\":\"Informationsseite und Seelsorgeeinheit\",\"description\":\"Informationsseite und Seelsorgeeinheit\",\"publisher\":{\"@id\":\"https:\\\/\\\/www.kirche-sdh.de\\\/side\\\/#organization\"},\"potentialAction\":[{\"@type\":\"SearchAction\",\"target\":{\"@type\":\"EntryPoint\",\"urlTemplate\":\"https:\\\/\\\/www.kirche-sdh.de\\\/side\\\/?s={search_term_string}\"},\"query-input\":{\"@type\":\"PropertyValueSpecification\",\"valueRequired\":true,\"valueName\":\"search_term_string\"}}],\"inLanguage\":\"de\"},{\"@type\":\"Organization\",\"@id\":\"https:\\\/\\\/www.kirche-sdh.de\\\/side\\\/#organization\",\"name\":\"Informationsseite und Seelsorgeeinheit\",\"url\":\"https:\\\/\\\/www.kirche-sdh.de\\\/side\\\/\",\"logo\":{\"@type\":\"ImageObject\",\"inLanguage\":\"de\",\"@id\":\"https:\\\/\\\/www.kirche-sdh.de\\\/side\\\/#\\\/schema\\\/logo\\\/image\\\/\",\"url\":\"https:\\\/\\\/www.kirche-sdh.de\\\/side\\\/wp-content\\\/uploads\\\/2017\\\/12\\\/kirche-logos.png\",\"contentUrl\":\"https:\\\/\\\/www.kirche-sdh.de\\\/side\\\/wp-content\\\/uploads\\\/2017\\\/12\\\/kirche-logos.png\",\"width\":438,\"height\":191,\"caption\":\"Informationsseite und Seelsorgeeinheit\"},\"image\":{\"@id\":\"https:\\\/\\\/www.kirche-sdh.de\\\/side\\\/#\\\/schema\\\/logo\\\/image\\\/\"}},{\"@type\":\"Person\",\"@id\":\"https:\\\/\\\/www.kirche-sdh.de\\\/side\\\/#\\\/schema\\\/person\\\/e05baeb81583d4659c11ea77b24c3640\",\"name\":\"Martin Zangl\",\"url\":\"https:\\\/\\\/www.kirche-sdh.de\\\/side\\\/author\\\/zangl\\\/\"}]}<\/script>\n<!-- \/ Yoast SEO plugin. -->","yoast_head_json":{"title":"Ein Vorbild des Glaubens, der G\u00fcte und der Liebe - Informationsseite und Seelsorgeeinheit","robots":{"index":"index","follow":"follow","max-snippet":"max-snippet:-1","max-image-preview":"max-image-preview:large","max-video-preview":"max-video-preview:-1"},"canonical":"https:\/\/www.kirche-sdh.de\/side\/ein-vorbild-des-glaubens-der-guete-und-der-liebe\/","og_locale":"de_DE","og_type":"article","og_title":"Ein Vorbild des Glaubens, der G\u00fcte und der Liebe - Informationsseite und Seelsorgeeinheit","og_description":"Gedenktag des Pestheiligen Sebastian \u2013 Sebastianibruderschaft seit 1723 Das Altarbild des rechten Seitenaltars der Pfarrkirche Sch\u00f6nthal ist ein Gem\u00e4lde aus der Klosterzeit und stellt den Pestpatron und Martyreroffizier Sebastian dar. Seinen Gedenktag am 20. Januar begeht die Pfarrgemeinde Sch\u00f6nthal seit nahezu 300 Jahren. In einer Sebastianibruderschaft, eingef\u00fchrt 1723, ehrt sie [&hellip;]","og_url":"https:\/\/www.kirche-sdh.de\/side\/ein-vorbild-des-glaubens-der-guete-und-der-liebe\/","og_site_name":"Informationsseite und Seelsorgeeinheit","article_published_time":"2022-01-23T20:47:49+00:00","og_image":[{"width":2560,"height":1800,"url":"https:\/\/www.kirche-sdh.de\/side\/wp-content\/uploads\/IMG_8633a-scaled.jpg","type":"image\/jpeg"}],"author":"Martin Zangl","twitter_card":"summary_large_image","twitter_misc":{"Verfasst von":"Martin Zangl","Gesch\u00e4tzte Lesezeit":"2\u00a0Minuten"},"schema":{"@context":"https:\/\/schema.org","@graph":[{"@type":"Article","@id":"https:\/\/www.kirche-sdh.de\/side\/ein-vorbild-des-glaubens-der-guete-und-der-liebe\/#article","isPartOf":{"@id":"https:\/\/www.kirche-sdh.de\/side\/ein-vorbild-des-glaubens-der-guete-und-der-liebe\/"},"author":{"name":"Martin Zangl","@id":"https:\/\/www.kirche-sdh.de\/side\/#\/schema\/person\/e05baeb81583d4659c11ea77b24c3640"},"headline":"Ein Vorbild des Glaubens, der G\u00fcte und der Liebe","datePublished":"2022-01-23T20:47:49+00:00","mainEntityOfPage":{"@id":"https:\/\/www.kirche-sdh.de\/side\/ein-vorbild-des-glaubens-der-guete-und-der-liebe\/"},"wordCount":454,"publisher":{"@id":"https:\/\/www.kirche-sdh.de\/side\/#organization"},"image":{"@id":"https:\/\/www.kirche-sdh.de\/side\/ein-vorbild-des-glaubens-der-guete-und-der-liebe\/#primaryimage"},"thumbnailUrl":"https:\/\/www.kirche-sdh.de\/side\/wp-content\/uploads\/IMG_8633a-scaled.jpg","articleSection":["Sch\u00f6nthal"],"inLanguage":"de"},{"@type":"WebPage","@id":"https:\/\/www.kirche-sdh.de\/side\/ein-vorbild-des-glaubens-der-guete-und-der-liebe\/","url":"https:\/\/www.kirche-sdh.de\/side\/ein-vorbild-des-glaubens-der-guete-und-der-liebe\/","name":"Ein Vorbild des Glaubens, der G\u00fcte und der Liebe - Informationsseite und Seelsorgeeinheit","isPartOf":{"@id":"https:\/\/www.kirche-sdh.de\/side\/#website"},"primaryImageOfPage":{"@id":"https:\/\/www.kirche-sdh.de\/side\/ein-vorbild-des-glaubens-der-guete-und-der-liebe\/#primaryimage"},"image":{"@id":"https:\/\/www.kirche-sdh.de\/side\/ein-vorbild-des-glaubens-der-guete-und-der-liebe\/#primaryimage"},"thumbnailUrl":"https:\/\/www.kirche-sdh.de\/side\/wp-content\/uploads\/IMG_8633a-scaled.jpg","datePublished":"2022-01-23T20:47:49+00:00","breadcrumb":{"@id":"https:\/\/www.kirche-sdh.de\/side\/ein-vorbild-des-glaubens-der-guete-und-der-liebe\/#breadcrumb"},"inLanguage":"de","potentialAction":[{"@type":"ReadAction","target":["https:\/\/www.kirche-sdh.de\/side\/ein-vorbild-des-glaubens-der-guete-und-der-liebe\/"]}]},{"@type":"ImageObject","inLanguage":"de","@id":"https:\/\/www.kirche-sdh.de\/side\/ein-vorbild-des-glaubens-der-guete-und-der-liebe\/#primaryimage","url":"https:\/\/www.kirche-sdh.de\/side\/wp-content\/uploads\/IMG_8633a-scaled.jpg","contentUrl":"https:\/\/www.kirche-sdh.de\/side\/wp-content\/uploads\/IMG_8633a-scaled.jpg","width":2560,"height":1800},{"@type":"BreadcrumbList","@id":"https:\/\/www.kirche-sdh.de\/side\/ein-vorbild-des-glaubens-der-guete-und-der-liebe\/#breadcrumb","itemListElement":[{"@type":"ListItem","position":1,"name":"Startseite","item":"https:\/\/www.kirche-sdh.de\/side\/"},{"@type":"ListItem","position":2,"name":"Ein Vorbild des Glaubens, der G\u00fcte und der Liebe"}]},{"@type":"WebSite","@id":"https:\/\/www.kirche-sdh.de\/side\/#website","url":"https:\/\/www.kirche-sdh.de\/side\/","name":"Informationsseite und Seelsorgeeinheit","description":"Informationsseite und Seelsorgeeinheit","publisher":{"@id":"https:\/\/www.kirche-sdh.de\/side\/#organization"},"potentialAction":[{"@type":"SearchAction","target":{"@type":"EntryPoint","urlTemplate":"https:\/\/www.kirche-sdh.de\/side\/?s={search_term_string}"},"query-input":{"@type":"PropertyValueSpecification","valueRequired":true,"valueName":"search_term_string"}}],"inLanguage":"de"},{"@type":"Organization","@id":"https:\/\/www.kirche-sdh.de\/side\/#organization","name":"Informationsseite und Seelsorgeeinheit","url":"https:\/\/www.kirche-sdh.de\/side\/","logo":{"@type":"ImageObject","inLanguage":"de","@id":"https:\/\/www.kirche-sdh.de\/side\/#\/schema\/logo\/image\/","url":"https:\/\/www.kirche-sdh.de\/side\/wp-content\/uploads\/2017\/12\/kirche-logos.png","contentUrl":"https:\/\/www.kirche-sdh.de\/side\/wp-content\/uploads\/2017\/12\/kirche-logos.png","width":438,"height":191,"caption":"Informationsseite und Seelsorgeeinheit"},"image":{"@id":"https:\/\/www.kirche-sdh.de\/side\/#\/schema\/logo\/image\/"}},{"@type":"Person","@id":"https:\/\/www.kirche-sdh.de\/side\/#\/schema\/person\/e05baeb81583d4659c11ea77b24c3640","name":"Martin Zangl","url":"https:\/\/www.kirche-sdh.de\/side\/author\/zangl\/"}]}},"_links":{"self":[{"href":"https:\/\/www.kirche-sdh.de\/side\/wp-json\/wp\/v2\/posts\/18302","targetHints":{"allow":["GET"]}}],"collection":[{"href":"https:\/\/www.kirche-sdh.de\/side\/wp-json\/wp\/v2\/posts"}],"about":[{"href":"https:\/\/www.kirche-sdh.de\/side\/wp-json\/wp\/v2\/types\/post"}],"author":[{"embeddable":true,"href":"https:\/\/www.kirche-sdh.de\/side\/wp-json\/wp\/v2\/users\/3"}],"replies":[{"embeddable":true,"href":"https:\/\/www.kirche-sdh.de\/side\/wp-json\/wp\/v2\/comments?post=18302"}],"version-history":[{"count":0,"href":"https:\/\/www.kirche-sdh.de\/side\/wp-json\/wp\/v2\/posts\/18302\/revisions"}],"wp:featuredmedia":[{"embeddable":true,"href":"https:\/\/www.kirche-sdh.de\/side\/wp-json\/wp\/v2\/media\/18306"}],"wp:attachment":[{"href":"https:\/\/www.kirche-sdh.de\/side\/wp-json\/wp\/v2\/media?parent=18302"}],"wp:term":[{"taxonomy":"category","embeddable":true,"href":"https:\/\/www.kirche-sdh.de\/side\/wp-json\/wp\/v2\/categories?post=18302"},{"taxonomy":"post_tag","embeddable":true,"href":"https:\/\/www.kirche-sdh.de\/side\/wp-json\/wp\/v2\/tags?post=18302"}],"curies":[{"name":"wp","href":"https:\/\/api.w.org\/{rel}","templated":true}]}}