{"id":18181,"date":"2021-11-13T21:07:57","date_gmt":"2021-11-13T20:07:57","guid":{"rendered":"https:\/\/www.kirche-sdh.de\/side\/?p=18181"},"modified":"2021-11-13T21:07:57","modified_gmt":"2021-11-13T20:07:57","slug":"die-liebe-haelt-alles-zusammen","status":"publish","type":"post","link":"https:\/\/www.kirche-sdh.de\/side\/die-liebe-haelt-alles-zusammen\/","title":{"rendered":"\u201eDie Liebe h\u00e4lt alles zusammen\u201c"},"content":{"rendered":"<p><strong>Jubelpaare feiern Gottesdienst anl\u00e4sslich Ehejubil\u00e4um \u2013 Rote Rosen \u00fcberreicht<\/strong><\/p>\n<p>H\u00f6hen und Tiefen, gute und schlechte Tage geh\u00f6ren in einer Ehe erfahrungsgem\u00e4\u00df zur Normalit\u00e4t. Diese zusammen zu meistern sei Inhalt des Ehelebens betonte Pfarrer Eder im Gottesdienst anl\u00e4sslich der gemeinsamen Feier der Ehejubilare aus den Pfarreien Sch\u00f6nthal und D\u00f6fering am Freitagabend in der Sch\u00f6nthaler Pfarrkirche Sankt Michael. Den Paaren galt der Willkommensgru\u00df des Geistlichen, der sich freute, trotz Corona 17 Ehepaare zum Ehejubil\u00e4umsgottesdienst begr\u00fc\u00dfen zu d\u00fcrfen und ihnen im Gottesdienst herzlich gratulieren zu k\u00f6nnen. Als Heilmittel einer gl\u00fccklichen Ehe zitierte Pfarrer Eder aus dem Kolosserbrief die Liebe, \u201eDie Liebe ist das Band, das alles zusammenh\u00e4lt\u201c.<\/p>\n<p><img loading=\"lazy\" decoding=\"async\" src=\"https:\/\/www.kirche-sdh.de\/side\/wp-content\/uploads\/IMG_8519-scaled.jpg\" alt=\"\" width=\"2560\" height=\"1707\" class=\"alignnone size-full wp-image-18185\" srcset=\"https:\/\/www.kirche-sdh.de\/side\/wp-content\/uploads\/IMG_8519-scaled.jpg 2560w, https:\/\/www.kirche-sdh.de\/side\/wp-content\/uploads\/IMG_8519-300x200.jpg 300w, https:\/\/www.kirche-sdh.de\/side\/wp-content\/uploads\/IMG_8519-1024x683.jpg 1024w, https:\/\/www.kirche-sdh.de\/side\/wp-content\/uploads\/IMG_8519-768x512.jpg 768w, https:\/\/www.kirche-sdh.de\/side\/wp-content\/uploads\/IMG_8519-1536x1024.jpg 1536w, https:\/\/www.kirche-sdh.de\/side\/wp-content\/uploads\/IMG_8519-2048x1365.jpg 2048w, https:\/\/www.kirche-sdh.de\/side\/wp-content\/uploads\/IMG_8519-360x240.jpg 360w\" sizes=\"auto, (max-width: 2560px) 100vw, 2560px\" \/><\/p>\n<p>Einen etwas au\u00dfergew\u00f6hnlichen Vergleich mit einer W\u00e4scheklammer stellte der Geistliche seiner Predigt zu Grunde. Bestehend aus zwei gleichen oder gleichwertigen Teilen werden diese durch eine Feder zusammengehalten. Diese dazwischenliegende Klammer sei entscheidend, dass das System funktionieren kann. Auf die Ehe \u00fcbertragen k\u00f6nne diese Klammer mit der Liebe verglichen werden. Die Liebe sei es, die die Ehe wie ein Band zusammenh\u00e4lt. Diesen Satz f\u00fcllten die Paare mit ihrer Lebensgeschichte. Jedes Paar k\u00f6nnte vermutlich ein ganzes Buch dar\u00fcber schreiben, \u201edurch das Dick und D\u00fcnn, das Auf und Ab, miteinander durch die guten Tage zu gehen aber auch die schwierigen Zeiten auszuhalten\u201c. Mit Stolz und Dankbarkeit, auch und vor allem dem Herrgott gegen\u00fcber, d\u00fcrften sie auf ihre Lebensinhalte gl\u00fccklich zur\u00fcckblicken.<\/p>\n<p>Verbunden mit der Bitte und dem Wunsch nach einer noch langen, erf\u00fcllten gemeinsamen Zeit in Gesundheit schloss der Gottesdienst mit der pers\u00f6nlichen Segnung der Jubelpaare durch Pfarrer Eder. F\u00fcr die Pfarrgemeinden sprachen die Pfarrgemeinderatssprecher Egon Hausladen und Maximilian Ruhland ihre Gl\u00fcckw\u00fcnsche aus. Sie \u00fcberreichten rote Rosen und anstelle des ansonsten \u00fcblichen gem\u00fctlichen Beisammenseins und der Bewirtung einen Essensgutschein.<\/p>\n<p><img loading=\"lazy\" decoding=\"async\" src=\"https:\/\/www.kirche-sdh.de\/side\/wp-content\/uploads\/IMG_8532-scaled.jpg\" alt=\"\" width=\"2560\" height=\"1665\" class=\"alignnone size-full wp-image-18182\" srcset=\"https:\/\/www.kirche-sdh.de\/side\/wp-content\/uploads\/IMG_8532-scaled.jpg 2560w, https:\/\/www.kirche-sdh.de\/side\/wp-content\/uploads\/IMG_8532-300x195.jpg 300w, https:\/\/www.kirche-sdh.de\/side\/wp-content\/uploads\/IMG_8532-1024x666.jpg 1024w, https:\/\/www.kirche-sdh.de\/side\/wp-content\/uploads\/IMG_8532-768x499.jpg 768w, https:\/\/www.kirche-sdh.de\/side\/wp-content\/uploads\/IMG_8532-1536x999.jpg 1536w, https:\/\/www.kirche-sdh.de\/side\/wp-content\/uploads\/IMG_8532-2048x1332.jpg 2048w\" sizes=\"auto, (max-width: 2560px) 100vw, 2560px\" \/><\/p>\n<p>F\u00fcr einen ansprechenden musikalischen Rahmen sorgte der D\u00f6feringer Kirchenchor. Unter Leitung von Barbara Zwicknagl mit Gitarre und instrumentaler Begleitung durch Anna und Lena Dirscherl mit Geige und Klavier verliehen die S\u00e4ngerinnen und S\u00e4nger dem Gottesdienst eine besonders feierliche Note.<\/p>\n<p>&nbsp;<\/p>\n<p>Jubelpaare:<\/p>\n<p>&nbsp;<\/p>\n<p><u>Pfarrei D\u00f6fering<\/u><\/p>\n<p>&nbsp;<\/p>\n<p><strong>30 Ehejahre<\/strong><\/p>\n<p>Anna und Wolfgang Kumschier, D\u00f6fering<\/p>\n<p><strong>40 Ehejahre<\/strong><\/p>\n<p>Rita und Johann Zwicknagl, D\u00f6fering<\/p>\n<p><strong>45 Ehejahre<\/strong><\/p>\n<p>Elfriede und Johann B\u00f6sl, Haschaberg<\/p>\n<p><strong>50 Ehejahre (Goldene Hochzeit):<\/strong><\/p>\n<p>Marianne und Fritz Riedl, Lixend\u00f6fering<\/p>\n<p>Marille und Josef Br\u00fcckl, Haschaberg<\/p>\n<p>Theresia und Xaver Zwicknagl, Lixend\u00f6fering<\/p>\n<p>Monika und Theodor Nagler, D\u00f6fering<\/p>\n<p>Anna und Alfred H\u00f6cherl, Flischberg<\/p>\n<p><img loading=\"lazy\" decoding=\"async\" src=\"https:\/\/www.kirche-sdh.de\/side\/wp-content\/uploads\/IMG_8537-scaled.jpg\" alt=\"\" width=\"2560\" height=\"1629\" class=\"alignnone size-full wp-image-18183\" srcset=\"https:\/\/www.kirche-sdh.de\/side\/wp-content\/uploads\/IMG_8537-scaled.jpg 2560w, https:\/\/www.kirche-sdh.de\/side\/wp-content\/uploads\/IMG_8537-300x191.jpg 300w, https:\/\/www.kirche-sdh.de\/side\/wp-content\/uploads\/IMG_8537-1024x652.jpg 1024w, https:\/\/www.kirche-sdh.de\/side\/wp-content\/uploads\/IMG_8537-768x489.jpg 768w, https:\/\/www.kirche-sdh.de\/side\/wp-content\/uploads\/IMG_8537-1536x978.jpg 1536w, https:\/\/www.kirche-sdh.de\/side\/wp-content\/uploads\/IMG_8537-2048x1304.jpg 2048w\" sizes=\"auto, (max-width: 2560px) 100vw, 2560px\" \/><\/p>\n<p>&nbsp;<\/p>\n<p><u>Pfarrei Sch\u00f6nthal<\/u><\/p>\n<p>&nbsp;<\/p>\n<p><strong>25 Ehejahre (Silberne Hochzeit<\/strong><\/p>\n<p>Monika und Michael B\u00fccherl, Sch\u00f6nthal<\/p>\n<p>Regina und Anton Fischer, Sch\u00f6nthal<\/p>\n<p>Steffi und Thomas Beier, Sch\u00f6nthal<\/p>\n<p>Claudia und Christian Wutz, Sch\u00f6nthal<\/p>\n<p><strong>40 Ehejahre<\/strong><\/p>\n<p>Marie und Georg Malterer, Sch\u00f6nthal<\/p>\n<p><strong>50 Ehejahre (Goldene Hochzeit):<\/strong><\/p>\n<p>Anna und Georg Sturm, Flischbach<\/p>\n<p>C\u00e4cilia und Franz Beer, Flischbach<\/p>\n<p><strong>55 Ehejahre<\/strong><\/p>\n<p>Theresia und Josef Dietl, Sch\u00f6nthal<\/p>\n<p><strong>60 Ehejahre (Diamantene Hochzeit):<\/strong><\/p>\n<p>Klara und Johann Heimerl, \u00d6d<\/p>\n<p><img loading=\"lazy\" decoding=\"async\" src=\"https:\/\/www.kirche-sdh.de\/side\/wp-content\/uploads\/IMG_8545-scaled.jpg\" alt=\"\" width=\"2560\" height=\"1698\" class=\"alignnone size-full wp-image-18184\" srcset=\"https:\/\/www.kirche-sdh.de\/side\/wp-content\/uploads\/IMG_8545-scaled.jpg 2560w, https:\/\/www.kirche-sdh.de\/side\/wp-content\/uploads\/IMG_8545-300x199.jpg 300w, https:\/\/www.kirche-sdh.de\/side\/wp-content\/uploads\/IMG_8545-1024x679.jpg 1024w, https:\/\/www.kirche-sdh.de\/side\/wp-content\/uploads\/IMG_8545-768x509.jpg 768w, https:\/\/www.kirche-sdh.de\/side\/wp-content\/uploads\/IMG_8545-1536x1019.jpg 1536w, https:\/\/www.kirche-sdh.de\/side\/wp-content\/uploads\/IMG_8545-2048x1359.jpg 2048w, https:\/\/www.kirche-sdh.de\/side\/wp-content\/uploads\/IMG_8545-360x240.jpg 360w\" sizes=\"auto, (max-width: 2560px) 100vw, 2560px\" \/><\/p>\n","protected":false},"excerpt":{"rendered":"<p>Jubelpaare feiern Gottesdienst anl\u00e4sslich Ehejubil\u00e4um \u2013 Rote Rosen \u00fcberreicht H\u00f6hen und Tiefen, gute und schlechte Tage geh\u00f6ren in einer Ehe erfahrungsgem\u00e4\u00df zur Normalit\u00e4t. Diese zusammen zu meistern sei Inhalt des Ehelebens betonte Pfarrer Eder im Gottesdienst anl\u00e4sslich der gemeinsamen Feier der Ehejubilare aus den Pfarreien Sch\u00f6nthal und D\u00f6fering am Freitagabend [&hellip;]<\/p>\n","protected":false},"author":3,"featured_media":18185,"comment_status":"closed","ping_status":"closed","sticky":true,"template":"","format":"standard","meta":{"footnotes":""},"categories":[56],"tags":[],"class_list":["post-18181","post","type-post","status-publish","format-standard","has-post-thumbnail","hentry","category-schoenthal-doefering"],"yoast_head":"<!-- This site is optimized with the Yoast SEO plugin v27.5 - https:\/\/yoast.com\/product\/yoast-seo-wordpress\/ -->\n<title>\u201eDie Liebe h\u00e4lt alles zusammen\u201c - Informationsseite und Seelsorgeeinheit<\/title>\n<meta name=\"robots\" content=\"index, follow, max-snippet:-1, max-image-preview:large, max-video-preview:-1\" \/>\n<link rel=\"canonical\" href=\"https:\/\/www.kirche-sdh.de\/side\/die-liebe-haelt-alles-zusammen\/\" \/>\n<meta property=\"og:locale\" content=\"de_DE\" \/>\n<meta property=\"og:type\" content=\"article\" \/>\n<meta property=\"og:title\" content=\"\u201eDie Liebe h\u00e4lt alles zusammen\u201c - Informationsseite und Seelsorgeeinheit\" \/>\n<meta property=\"og:description\" content=\"Jubelpaare feiern Gottesdienst anl\u00e4sslich Ehejubil\u00e4um \u2013 Rote Rosen \u00fcberreicht H\u00f6hen und Tiefen, gute und schlechte Tage geh\u00f6ren in einer Ehe erfahrungsgem\u00e4\u00df zur Normalit\u00e4t. Diese zusammen zu meistern sei Inhalt des Ehelebens betonte Pfarrer Eder im Gottesdienst anl\u00e4sslich der gemeinsamen Feier der Ehejubilare aus den Pfarreien Sch\u00f6nthal und D\u00f6fering am Freitagabend [&hellip;]\" \/>\n<meta property=\"og:url\" content=\"https:\/\/www.kirche-sdh.de\/side\/die-liebe-haelt-alles-zusammen\/\" \/>\n<meta property=\"og:site_name\" content=\"Informationsseite und Seelsorgeeinheit\" \/>\n<meta property=\"article:published_time\" content=\"2021-11-13T20:07:57+00:00\" \/>\n<meta property=\"og:image\" content=\"https:\/\/www.kirche-sdh.de\/side\/wp-content\/uploads\/IMG_8519-scaled.jpg\" \/>\n\t<meta property=\"og:image:width\" content=\"2560\" \/>\n\t<meta property=\"og:image:height\" content=\"1707\" \/>\n\t<meta property=\"og:image:type\" content=\"image\/jpeg\" \/>\n<meta name=\"author\" content=\"Martin Zangl\" \/>\n<meta name=\"twitter:card\" content=\"summary_large_image\" \/>\n<meta name=\"twitter:label1\" content=\"Verfasst von\" \/>\n\t<meta name=\"twitter:data1\" content=\"Martin Zangl\" \/>\n\t<meta name=\"twitter:label2\" content=\"Gesch\u00e4tzte Lesezeit\" \/>\n\t<meta name=\"twitter:data2\" content=\"2\u00a0Minuten\" \/>\n<script type=\"application\/ld+json\" class=\"yoast-schema-graph\">{\"@context\":\"https:\\\/\\\/schema.org\",\"@graph\":[{\"@type\":\"Article\",\"@id\":\"https:\\\/\\\/www.kirche-sdh.de\\\/side\\\/die-liebe-haelt-alles-zusammen\\\/#article\",\"isPartOf\":{\"@id\":\"https:\\\/\\\/www.kirche-sdh.de\\\/side\\\/die-liebe-haelt-alles-zusammen\\\/\"},\"author\":{\"name\":\"Martin Zangl\",\"@id\":\"https:\\\/\\\/www.kirche-sdh.de\\\/side\\\/#\\\/schema\\\/person\\\/e05baeb81583d4659c11ea77b24c3640\"},\"headline\":\"\u201eDie Liebe h\u00e4lt alles zusammen\u201c\",\"datePublished\":\"2021-11-13T20:07:57+00:00\",\"mainEntityOfPage\":{\"@id\":\"https:\\\/\\\/www.kirche-sdh.de\\\/side\\\/die-liebe-haelt-alles-zusammen\\\/\"},\"wordCount\":490,\"publisher\":{\"@id\":\"https:\\\/\\\/www.kirche-sdh.de\\\/side\\\/#organization\"},\"image\":{\"@id\":\"https:\\\/\\\/www.kirche-sdh.de\\\/side\\\/die-liebe-haelt-alles-zusammen\\\/#primaryimage\"},\"thumbnailUrl\":\"https:\\\/\\\/www.kirche-sdh.de\\\/side\\\/wp-content\\\/uploads\\\/IMG_8519-scaled.jpg\",\"articleSection\":[\"Sch\u00f6nthal\\\/D\u00f6fering\"],\"inLanguage\":\"de\"},{\"@type\":\"WebPage\",\"@id\":\"https:\\\/\\\/www.kirche-sdh.de\\\/side\\\/die-liebe-haelt-alles-zusammen\\\/\",\"url\":\"https:\\\/\\\/www.kirche-sdh.de\\\/side\\\/die-liebe-haelt-alles-zusammen\\\/\",\"name\":\"\u201eDie Liebe h\u00e4lt alles zusammen\u201c - Informationsseite und Seelsorgeeinheit\",\"isPartOf\":{\"@id\":\"https:\\\/\\\/www.kirche-sdh.de\\\/side\\\/#website\"},\"primaryImageOfPage\":{\"@id\":\"https:\\\/\\\/www.kirche-sdh.de\\\/side\\\/die-liebe-haelt-alles-zusammen\\\/#primaryimage\"},\"image\":{\"@id\":\"https:\\\/\\\/www.kirche-sdh.de\\\/side\\\/die-liebe-haelt-alles-zusammen\\\/#primaryimage\"},\"thumbnailUrl\":\"https:\\\/\\\/www.kirche-sdh.de\\\/side\\\/wp-content\\\/uploads\\\/IMG_8519-scaled.jpg\",\"datePublished\":\"2021-11-13T20:07:57+00:00\",\"breadcrumb\":{\"@id\":\"https:\\\/\\\/www.kirche-sdh.de\\\/side\\\/die-liebe-haelt-alles-zusammen\\\/#breadcrumb\"},\"inLanguage\":\"de\",\"potentialAction\":[{\"@type\":\"ReadAction\",\"target\":[\"https:\\\/\\\/www.kirche-sdh.de\\\/side\\\/die-liebe-haelt-alles-zusammen\\\/\"]}]},{\"@type\":\"ImageObject\",\"inLanguage\":\"de\",\"@id\":\"https:\\\/\\\/www.kirche-sdh.de\\\/side\\\/die-liebe-haelt-alles-zusammen\\\/#primaryimage\",\"url\":\"https:\\\/\\\/www.kirche-sdh.de\\\/side\\\/wp-content\\\/uploads\\\/IMG_8519-scaled.jpg\",\"contentUrl\":\"https:\\\/\\\/www.kirche-sdh.de\\\/side\\\/wp-content\\\/uploads\\\/IMG_8519-scaled.jpg\",\"width\":2560,\"height\":1707},{\"@type\":\"BreadcrumbList\",\"@id\":\"https:\\\/\\\/www.kirche-sdh.de\\\/side\\\/die-liebe-haelt-alles-zusammen\\\/#breadcrumb\",\"itemListElement\":[{\"@type\":\"ListItem\",\"position\":1,\"name\":\"Startseite\",\"item\":\"https:\\\/\\\/www.kirche-sdh.de\\\/side\\\/\"},{\"@type\":\"ListItem\",\"position\":2,\"name\":\"\u201eDie Liebe h\u00e4lt alles zusammen\u201c\"}]},{\"@type\":\"WebSite\",\"@id\":\"https:\\\/\\\/www.kirche-sdh.de\\\/side\\\/#website\",\"url\":\"https:\\\/\\\/www.kirche-sdh.de\\\/side\\\/\",\"name\":\"Informationsseite und Seelsorgeeinheit\",\"description\":\"Informationsseite und Seelsorgeeinheit\",\"publisher\":{\"@id\":\"https:\\\/\\\/www.kirche-sdh.de\\\/side\\\/#organization\"},\"potentialAction\":[{\"@type\":\"SearchAction\",\"target\":{\"@type\":\"EntryPoint\",\"urlTemplate\":\"https:\\\/\\\/www.kirche-sdh.de\\\/side\\\/?s={search_term_string}\"},\"query-input\":{\"@type\":\"PropertyValueSpecification\",\"valueRequired\":true,\"valueName\":\"search_term_string\"}}],\"inLanguage\":\"de\"},{\"@type\":\"Organization\",\"@id\":\"https:\\\/\\\/www.kirche-sdh.de\\\/side\\\/#organization\",\"name\":\"Informationsseite und Seelsorgeeinheit\",\"url\":\"https:\\\/\\\/www.kirche-sdh.de\\\/side\\\/\",\"logo\":{\"@type\":\"ImageObject\",\"inLanguage\":\"de\",\"@id\":\"https:\\\/\\\/www.kirche-sdh.de\\\/side\\\/#\\\/schema\\\/logo\\\/image\\\/\",\"url\":\"https:\\\/\\\/www.kirche-sdh.de\\\/side\\\/wp-content\\\/uploads\\\/2017\\\/12\\\/kirche-logos.png\",\"contentUrl\":\"https:\\\/\\\/www.kirche-sdh.de\\\/side\\\/wp-content\\\/uploads\\\/2017\\\/12\\\/kirche-logos.png\",\"width\":438,\"height\":191,\"caption\":\"Informationsseite und Seelsorgeeinheit\"},\"image\":{\"@id\":\"https:\\\/\\\/www.kirche-sdh.de\\\/side\\\/#\\\/schema\\\/logo\\\/image\\\/\"}},{\"@type\":\"Person\",\"@id\":\"https:\\\/\\\/www.kirche-sdh.de\\\/side\\\/#\\\/schema\\\/person\\\/e05baeb81583d4659c11ea77b24c3640\",\"name\":\"Martin Zangl\",\"url\":\"https:\\\/\\\/www.kirche-sdh.de\\\/side\\\/author\\\/zangl\\\/\"}]}<\/script>\n<!-- \/ Yoast SEO plugin. -->","yoast_head_json":{"title":"\u201eDie Liebe h\u00e4lt alles zusammen\u201c - Informationsseite und Seelsorgeeinheit","robots":{"index":"index","follow":"follow","max-snippet":"max-snippet:-1","max-image-preview":"max-image-preview:large","max-video-preview":"max-video-preview:-1"},"canonical":"https:\/\/www.kirche-sdh.de\/side\/die-liebe-haelt-alles-zusammen\/","og_locale":"de_DE","og_type":"article","og_title":"\u201eDie Liebe h\u00e4lt alles zusammen\u201c - Informationsseite und Seelsorgeeinheit","og_description":"Jubelpaare feiern Gottesdienst anl\u00e4sslich Ehejubil\u00e4um \u2013 Rote Rosen \u00fcberreicht H\u00f6hen und Tiefen, gute und schlechte Tage geh\u00f6ren in einer Ehe erfahrungsgem\u00e4\u00df zur Normalit\u00e4t. Diese zusammen zu meistern sei Inhalt des Ehelebens betonte Pfarrer Eder im Gottesdienst anl\u00e4sslich der gemeinsamen Feier der Ehejubilare aus den Pfarreien Sch\u00f6nthal und D\u00f6fering am Freitagabend [&hellip;]","og_url":"https:\/\/www.kirche-sdh.de\/side\/die-liebe-haelt-alles-zusammen\/","og_site_name":"Informationsseite und Seelsorgeeinheit","article_published_time":"2021-11-13T20:07:57+00:00","og_image":[{"width":2560,"height":1707,"url":"https:\/\/www.kirche-sdh.de\/side\/wp-content\/uploads\/IMG_8519-scaled.jpg","type":"image\/jpeg"}],"author":"Martin Zangl","twitter_card":"summary_large_image","twitter_misc":{"Verfasst von":"Martin Zangl","Gesch\u00e4tzte Lesezeit":"2\u00a0Minuten"},"schema":{"@context":"https:\/\/schema.org","@graph":[{"@type":"Article","@id":"https:\/\/www.kirche-sdh.de\/side\/die-liebe-haelt-alles-zusammen\/#article","isPartOf":{"@id":"https:\/\/www.kirche-sdh.de\/side\/die-liebe-haelt-alles-zusammen\/"},"author":{"name":"Martin Zangl","@id":"https:\/\/www.kirche-sdh.de\/side\/#\/schema\/person\/e05baeb81583d4659c11ea77b24c3640"},"headline":"\u201eDie Liebe h\u00e4lt alles zusammen\u201c","datePublished":"2021-11-13T20:07:57+00:00","mainEntityOfPage":{"@id":"https:\/\/www.kirche-sdh.de\/side\/die-liebe-haelt-alles-zusammen\/"},"wordCount":490,"publisher":{"@id":"https:\/\/www.kirche-sdh.de\/side\/#organization"},"image":{"@id":"https:\/\/www.kirche-sdh.de\/side\/die-liebe-haelt-alles-zusammen\/#primaryimage"},"thumbnailUrl":"https:\/\/www.kirche-sdh.de\/side\/wp-content\/uploads\/IMG_8519-scaled.jpg","articleSection":["Sch\u00f6nthal\/D\u00f6fering"],"inLanguage":"de"},{"@type":"WebPage","@id":"https:\/\/www.kirche-sdh.de\/side\/die-liebe-haelt-alles-zusammen\/","url":"https:\/\/www.kirche-sdh.de\/side\/die-liebe-haelt-alles-zusammen\/","name":"\u201eDie Liebe h\u00e4lt alles zusammen\u201c - Informationsseite und Seelsorgeeinheit","isPartOf":{"@id":"https:\/\/www.kirche-sdh.de\/side\/#website"},"primaryImageOfPage":{"@id":"https:\/\/www.kirche-sdh.de\/side\/die-liebe-haelt-alles-zusammen\/#primaryimage"},"image":{"@id":"https:\/\/www.kirche-sdh.de\/side\/die-liebe-haelt-alles-zusammen\/#primaryimage"},"thumbnailUrl":"https:\/\/www.kirche-sdh.de\/side\/wp-content\/uploads\/IMG_8519-scaled.jpg","datePublished":"2021-11-13T20:07:57+00:00","breadcrumb":{"@id":"https:\/\/www.kirche-sdh.de\/side\/die-liebe-haelt-alles-zusammen\/#breadcrumb"},"inLanguage":"de","potentialAction":[{"@type":"ReadAction","target":["https:\/\/www.kirche-sdh.de\/side\/die-liebe-haelt-alles-zusammen\/"]}]},{"@type":"ImageObject","inLanguage":"de","@id":"https:\/\/www.kirche-sdh.de\/side\/die-liebe-haelt-alles-zusammen\/#primaryimage","url":"https:\/\/www.kirche-sdh.de\/side\/wp-content\/uploads\/IMG_8519-scaled.jpg","contentUrl":"https:\/\/www.kirche-sdh.de\/side\/wp-content\/uploads\/IMG_8519-scaled.jpg","width":2560,"height":1707},{"@type":"BreadcrumbList","@id":"https:\/\/www.kirche-sdh.de\/side\/die-liebe-haelt-alles-zusammen\/#breadcrumb","itemListElement":[{"@type":"ListItem","position":1,"name":"Startseite","item":"https:\/\/www.kirche-sdh.de\/side\/"},{"@type":"ListItem","position":2,"name":"\u201eDie Liebe h\u00e4lt alles zusammen\u201c"}]},{"@type":"WebSite","@id":"https:\/\/www.kirche-sdh.de\/side\/#website","url":"https:\/\/www.kirche-sdh.de\/side\/","name":"Informationsseite und Seelsorgeeinheit","description":"Informationsseite und Seelsorgeeinheit","publisher":{"@id":"https:\/\/www.kirche-sdh.de\/side\/#organization"},"potentialAction":[{"@type":"SearchAction","target":{"@type":"EntryPoint","urlTemplate":"https:\/\/www.kirche-sdh.de\/side\/?s={search_term_string}"},"query-input":{"@type":"PropertyValueSpecification","valueRequired":true,"valueName":"search_term_string"}}],"inLanguage":"de"},{"@type":"Organization","@id":"https:\/\/www.kirche-sdh.de\/side\/#organization","name":"Informationsseite und Seelsorgeeinheit","url":"https:\/\/www.kirche-sdh.de\/side\/","logo":{"@type":"ImageObject","inLanguage":"de","@id":"https:\/\/www.kirche-sdh.de\/side\/#\/schema\/logo\/image\/","url":"https:\/\/www.kirche-sdh.de\/side\/wp-content\/uploads\/2017\/12\/kirche-logos.png","contentUrl":"https:\/\/www.kirche-sdh.de\/side\/wp-content\/uploads\/2017\/12\/kirche-logos.png","width":438,"height":191,"caption":"Informationsseite und Seelsorgeeinheit"},"image":{"@id":"https:\/\/www.kirche-sdh.de\/side\/#\/schema\/logo\/image\/"}},{"@type":"Person","@id":"https:\/\/www.kirche-sdh.de\/side\/#\/schema\/person\/e05baeb81583d4659c11ea77b24c3640","name":"Martin Zangl","url":"https:\/\/www.kirche-sdh.de\/side\/author\/zangl\/"}]}},"_links":{"self":[{"href":"https:\/\/www.kirche-sdh.de\/side\/wp-json\/wp\/v2\/posts\/18181","targetHints":{"allow":["GET"]}}],"collection":[{"href":"https:\/\/www.kirche-sdh.de\/side\/wp-json\/wp\/v2\/posts"}],"about":[{"href":"https:\/\/www.kirche-sdh.de\/side\/wp-json\/wp\/v2\/types\/post"}],"author":[{"embeddable":true,"href":"https:\/\/www.kirche-sdh.de\/side\/wp-json\/wp\/v2\/users\/3"}],"replies":[{"embeddable":true,"href":"https:\/\/www.kirche-sdh.de\/side\/wp-json\/wp\/v2\/comments?post=18181"}],"version-history":[{"count":0,"href":"https:\/\/www.kirche-sdh.de\/side\/wp-json\/wp\/v2\/posts\/18181\/revisions"}],"wp:featuredmedia":[{"embeddable":true,"href":"https:\/\/www.kirche-sdh.de\/side\/wp-json\/wp\/v2\/media\/18185"}],"wp:attachment":[{"href":"https:\/\/www.kirche-sdh.de\/side\/wp-json\/wp\/v2\/media?parent=18181"}],"wp:term":[{"taxonomy":"category","embeddable":true,"href":"https:\/\/www.kirche-sdh.de\/side\/wp-json\/wp\/v2\/categories?post=18181"},{"taxonomy":"post_tag","embeddable":true,"href":"https:\/\/www.kirche-sdh.de\/side\/wp-json\/wp\/v2\/tags?post=18181"}],"curies":[{"name":"wp","href":"https:\/\/api.w.org\/{rel}","templated":true}]}}