{"id":18139,"date":"2021-10-17T20:35:19","date_gmt":"2021-10-17T18:35:19","guid":{"rendered":"https:\/\/www.kirche-sdh.de\/side\/?p=18139"},"modified":"2021-10-17T20:35:19","modified_gmt":"2021-10-17T18:35:19","slug":"erstkommunion-in-doefering-2","status":"publish","type":"post","link":"https:\/\/www.kirche-sdh.de\/side\/erstkommunion-in-doefering-2\/","title":{"rendered":"Erstkommunion in D\u00f6fering"},"content":{"rendered":"<p>&nbsp;<\/p>\n<p><strong>D\u00f6fering feiert Erstkommunion am Kirchweihfest<\/strong><\/p>\n<p><strong>\u00a0<\/strong><\/p>\n<p>Die Pfarrei D\u00f6fering nutze das Kirchweihfest f\u00fcr die Feier der Heiligen Erstkommunion. Coronabedingt war der Termin leider in den Herbst gerutscht. F\u00fcr Johannes Hausladen, Julia Dirnberger, Luis Mauerer war nun aber nach l\u00e4ngerer Vorbereitungszeit der gro\u00dfe Tag gekommen.<\/p>\n<p>Pfarrer Alfons Eder nutzte das besondere Format der Feier um jedes Kommunionkind pers\u00f6nlich mit all seinen Vorlieben vorzustellen. Zuvor wurden die Kommunionkerzen am Altar entz\u00fcndet. In Anspielung auf das gew\u00e4hlte Motiv mit der Hostie mit den Sonnenstrahlen w\u00fcnschte er den Kindern, dass Sie jedesmal, wenn sie den Leib Christi in Form einer Hostie empfangen werden, die Sonne in ihren Herzen sein solle.<\/p>\n<p>Zur musikalischen Begleitung hatte sich eine sehr gut aufgestellte Gruppe mit Gesang und verschiedensten Instrumenten zusammengefunden, die dem besonderen Anla\u00df die entsprechende feierliche No<img loading=\"lazy\" decoding=\"async\" src=\"https:\/\/www.kirche-sdh.de\/side\/wp-content\/uploads\/P1380240-1024x768.jpg\" alt=\"\" width=\"750\" height=\"563\" class=\"size-large wp-image-18140 alignright\" srcset=\"https:\/\/www.kirche-sdh.de\/side\/wp-content\/uploads\/P1380240-1024x768.jpg 1024w, https:\/\/www.kirche-sdh.de\/side\/wp-content\/uploads\/P1380240-300x225.jpg 300w, https:\/\/www.kirche-sdh.de\/side\/wp-content\/uploads\/P1380240-768x576.jpg 768w, https:\/\/www.kirche-sdh.de\/side\/wp-content\/uploads\/P1380240-1536x1152.jpg 1536w, https:\/\/www.kirche-sdh.de\/side\/wp-content\/uploads\/P1380240-2048x1536.jpg 2048w\" sizes=\"auto, (max-width: 750px) 100vw, 750px\" \/>te verlieh.<\/p>\n<p>&nbsp;<\/p>\n","protected":false},"excerpt":{"rendered":"<p>&nbsp; D\u00f6fering feiert Erstkommunion am Kirchweihfest \u00a0 Die Pfarrei D\u00f6fering nutze das Kirchweihfest f\u00fcr die Feier der Heiligen Erstkommunion. Coronabedingt war der Termin leider in den Herbst gerutscht. F\u00fcr Johannes Hausladen, Julia Dirnberger, Luis Mauerer war nun aber nach l\u00e4ngerer Vorbereitungszeit der gro\u00dfe Tag gekommen. Pfarrer Alfons Eder nutzte das [&hellip;]<\/p>\n","protected":false},"author":1,"featured_media":18140,"comment_status":"closed","ping_status":"closed","sticky":true,"template":"","format":"standard","meta":{"footnotes":""},"categories":[20],"tags":[],"class_list":["post-18139","post","type-post","status-publish","format-standard","has-post-thumbnail","hentry","category-doefering"],"yoast_head":"<!-- This site is optimized with the Yoast SEO plugin v27.4 - https:\/\/yoast.com\/product\/yoast-seo-wordpress\/ -->\n<title>Erstkommunion in D\u00f6fering - Informationsseite und Seelsorgeeinheit<\/title>\n<meta name=\"robots\" content=\"index, follow, max-snippet:-1, max-image-preview:large, max-video-preview:-1\" \/>\n<link rel=\"canonical\" href=\"https:\/\/www.kirche-sdh.de\/side\/erstkommunion-in-doefering-2\/\" \/>\n<meta property=\"og:locale\" content=\"de_DE\" \/>\n<meta property=\"og:type\" content=\"article\" \/>\n<meta property=\"og:title\" content=\"Erstkommunion in D\u00f6fering - Informationsseite und Seelsorgeeinheit\" \/>\n<meta property=\"og:description\" content=\"&nbsp; D\u00f6fering feiert Erstkommunion am Kirchweihfest \u00a0 Die Pfarrei D\u00f6fering nutze das Kirchweihfest f\u00fcr die Feier der Heiligen Erstkommunion. Coronabedingt war der Termin leider in den Herbst gerutscht. F\u00fcr Johannes Hausladen, Julia Dirnberger, Luis Mauerer war nun aber nach l\u00e4ngerer Vorbereitungszeit der gro\u00dfe Tag gekommen. Pfarrer Alfons Eder nutzte das [&hellip;]\" \/>\n<meta property=\"og:url\" content=\"https:\/\/www.kirche-sdh.de\/side\/erstkommunion-in-doefering-2\/\" \/>\n<meta property=\"og:site_name\" content=\"Informationsseite und Seelsorgeeinheit\" \/>\n<meta property=\"article:published_time\" content=\"2021-10-17T18:35:19+00:00\" \/>\n<meta property=\"og:image\" content=\"https:\/\/www.kirche-sdh.de\/side\/wp-content\/uploads\/P1380240-scaled.jpg\" \/>\n\t<meta property=\"og:image:width\" content=\"2560\" \/>\n\t<meta property=\"og:image:height\" content=\"1920\" \/>\n\t<meta property=\"og:image:type\" content=\"image\/jpeg\" \/>\n<meta name=\"author\" content=\"Dirscherl\" \/>\n<meta name=\"twitter:card\" content=\"summary_large_image\" \/>\n<meta name=\"twitter:label1\" content=\"Verfasst von\" \/>\n\t<meta name=\"twitter:data1\" content=\"Dirscherl\" \/>\n\t<meta name=\"twitter:label2\" content=\"Gesch\u00e4tzte Lesezeit\" \/>\n\t<meta name=\"twitter:data2\" content=\"1\u00a0Minute\" \/>\n<script type=\"application\/ld+json\" class=\"yoast-schema-graph\">{\"@context\":\"https:\\\/\\\/schema.org\",\"@graph\":[{\"@type\":\"Article\",\"@id\":\"https:\\\/\\\/www.kirche-sdh.de\\\/side\\\/erstkommunion-in-doefering-2\\\/#article\",\"isPartOf\":{\"@id\":\"https:\\\/\\\/www.kirche-sdh.de\\\/side\\\/erstkommunion-in-doefering-2\\\/\"},\"author\":{\"name\":\"Dirscherl\",\"@id\":\"https:\\\/\\\/www.kirche-sdh.de\\\/side\\\/#\\\/schema\\\/person\\\/03813c96da9249c1923a325c77818b1a\"},\"headline\":\"Erstkommunion in D\u00f6fering\",\"datePublished\":\"2021-10-17T18:35:19+00:00\",\"mainEntityOfPage\":{\"@id\":\"https:\\\/\\\/www.kirche-sdh.de\\\/side\\\/erstkommunion-in-doefering-2\\\/\"},\"wordCount\":146,\"publisher\":{\"@id\":\"https:\\\/\\\/www.kirche-sdh.de\\\/side\\\/#organization\"},\"image\":{\"@id\":\"https:\\\/\\\/www.kirche-sdh.de\\\/side\\\/erstkommunion-in-doefering-2\\\/#primaryimage\"},\"thumbnailUrl\":\"https:\\\/\\\/www.kirche-sdh.de\\\/side\\\/wp-content\\\/uploads\\\/P1380240-scaled.jpg\",\"articleSection\":[\"D\u00f6fering\"],\"inLanguage\":\"de\"},{\"@type\":\"WebPage\",\"@id\":\"https:\\\/\\\/www.kirche-sdh.de\\\/side\\\/erstkommunion-in-doefering-2\\\/\",\"url\":\"https:\\\/\\\/www.kirche-sdh.de\\\/side\\\/erstkommunion-in-doefering-2\\\/\",\"name\":\"Erstkommunion in D\u00f6fering - Informationsseite und Seelsorgeeinheit\",\"isPartOf\":{\"@id\":\"https:\\\/\\\/www.kirche-sdh.de\\\/side\\\/#website\"},\"primaryImageOfPage\":{\"@id\":\"https:\\\/\\\/www.kirche-sdh.de\\\/side\\\/erstkommunion-in-doefering-2\\\/#primaryimage\"},\"image\":{\"@id\":\"https:\\\/\\\/www.kirche-sdh.de\\\/side\\\/erstkommunion-in-doefering-2\\\/#primaryimage\"},\"thumbnailUrl\":\"https:\\\/\\\/www.kirche-sdh.de\\\/side\\\/wp-content\\\/uploads\\\/P1380240-scaled.jpg\",\"datePublished\":\"2021-10-17T18:35:19+00:00\",\"breadcrumb\":{\"@id\":\"https:\\\/\\\/www.kirche-sdh.de\\\/side\\\/erstkommunion-in-doefering-2\\\/#breadcrumb\"},\"inLanguage\":\"de\",\"potentialAction\":[{\"@type\":\"ReadAction\",\"target\":[\"https:\\\/\\\/www.kirche-sdh.de\\\/side\\\/erstkommunion-in-doefering-2\\\/\"]}]},{\"@type\":\"ImageObject\",\"inLanguage\":\"de\",\"@id\":\"https:\\\/\\\/www.kirche-sdh.de\\\/side\\\/erstkommunion-in-doefering-2\\\/#primaryimage\",\"url\":\"https:\\\/\\\/www.kirche-sdh.de\\\/side\\\/wp-content\\\/uploads\\\/P1380240-scaled.jpg\",\"contentUrl\":\"https:\\\/\\\/www.kirche-sdh.de\\\/side\\\/wp-content\\\/uploads\\\/P1380240-scaled.jpg\",\"width\":2560,\"height\":1920},{\"@type\":\"BreadcrumbList\",\"@id\":\"https:\\\/\\\/www.kirche-sdh.de\\\/side\\\/erstkommunion-in-doefering-2\\\/#breadcrumb\",\"itemListElement\":[{\"@type\":\"ListItem\",\"position\":1,\"name\":\"Startseite\",\"item\":\"https:\\\/\\\/www.kirche-sdh.de\\\/side\\\/\"},{\"@type\":\"ListItem\",\"position\":2,\"name\":\"Erstkommunion in D\u00f6fering\"}]},{\"@type\":\"WebSite\",\"@id\":\"https:\\\/\\\/www.kirche-sdh.de\\\/side\\\/#website\",\"url\":\"https:\\\/\\\/www.kirche-sdh.de\\\/side\\\/\",\"name\":\"Informationsseite und Seelsorgeeinheit\",\"description\":\"Informationsseite und Seelsorgeeinheit\",\"publisher\":{\"@id\":\"https:\\\/\\\/www.kirche-sdh.de\\\/side\\\/#organization\"},\"potentialAction\":[{\"@type\":\"SearchAction\",\"target\":{\"@type\":\"EntryPoint\",\"urlTemplate\":\"https:\\\/\\\/www.kirche-sdh.de\\\/side\\\/?s={search_term_string}\"},\"query-input\":{\"@type\":\"PropertyValueSpecification\",\"valueRequired\":true,\"valueName\":\"search_term_string\"}}],\"inLanguage\":\"de\"},{\"@type\":\"Organization\",\"@id\":\"https:\\\/\\\/www.kirche-sdh.de\\\/side\\\/#organization\",\"name\":\"Informationsseite und Seelsorgeeinheit\",\"url\":\"https:\\\/\\\/www.kirche-sdh.de\\\/side\\\/\",\"logo\":{\"@type\":\"ImageObject\",\"inLanguage\":\"de\",\"@id\":\"https:\\\/\\\/www.kirche-sdh.de\\\/side\\\/#\\\/schema\\\/logo\\\/image\\\/\",\"url\":\"https:\\\/\\\/www.kirche-sdh.de\\\/side\\\/wp-content\\\/uploads\\\/2017\\\/12\\\/kirche-logos.png\",\"contentUrl\":\"https:\\\/\\\/www.kirche-sdh.de\\\/side\\\/wp-content\\\/uploads\\\/2017\\\/12\\\/kirche-logos.png\",\"width\":438,\"height\":191,\"caption\":\"Informationsseite und Seelsorgeeinheit\"},\"image\":{\"@id\":\"https:\\\/\\\/www.kirche-sdh.de\\\/side\\\/#\\\/schema\\\/logo\\\/image\\\/\"}},{\"@type\":\"Person\",\"@id\":\"https:\\\/\\\/www.kirche-sdh.de\\\/side\\\/#\\\/schema\\\/person\\\/03813c96da9249c1923a325c77818b1a\",\"name\":\"Dirscherl\",\"url\":\"https:\\\/\\\/www.kirche-sdh.de\\\/side\\\/author\\\/kirchesdh\\\/\"}]}<\/script>\n<!-- \/ Yoast SEO plugin. -->","yoast_head_json":{"title":"Erstkommunion in D\u00f6fering - Informationsseite und Seelsorgeeinheit","robots":{"index":"index","follow":"follow","max-snippet":"max-snippet:-1","max-image-preview":"max-image-preview:large","max-video-preview":"max-video-preview:-1"},"canonical":"https:\/\/www.kirche-sdh.de\/side\/erstkommunion-in-doefering-2\/","og_locale":"de_DE","og_type":"article","og_title":"Erstkommunion in D\u00f6fering - Informationsseite und Seelsorgeeinheit","og_description":"&nbsp; D\u00f6fering feiert Erstkommunion am Kirchweihfest \u00a0 Die Pfarrei D\u00f6fering nutze das Kirchweihfest f\u00fcr die Feier der Heiligen Erstkommunion. Coronabedingt war der Termin leider in den Herbst gerutscht. F\u00fcr Johannes Hausladen, Julia Dirnberger, Luis Mauerer war nun aber nach l\u00e4ngerer Vorbereitungszeit der gro\u00dfe Tag gekommen. Pfarrer Alfons Eder nutzte das [&hellip;]","og_url":"https:\/\/www.kirche-sdh.de\/side\/erstkommunion-in-doefering-2\/","og_site_name":"Informationsseite und Seelsorgeeinheit","article_published_time":"2021-10-17T18:35:19+00:00","og_image":[{"width":2560,"height":1920,"url":"https:\/\/www.kirche-sdh.de\/side\/wp-content\/uploads\/P1380240-scaled.jpg","type":"image\/jpeg"}],"author":"Dirscherl","twitter_card":"summary_large_image","twitter_misc":{"Verfasst von":"Dirscherl","Gesch\u00e4tzte Lesezeit":"1\u00a0Minute"},"schema":{"@context":"https:\/\/schema.org","@graph":[{"@type":"Article","@id":"https:\/\/www.kirche-sdh.de\/side\/erstkommunion-in-doefering-2\/#article","isPartOf":{"@id":"https:\/\/www.kirche-sdh.de\/side\/erstkommunion-in-doefering-2\/"},"author":{"name":"Dirscherl","@id":"https:\/\/www.kirche-sdh.de\/side\/#\/schema\/person\/03813c96da9249c1923a325c77818b1a"},"headline":"Erstkommunion in D\u00f6fering","datePublished":"2021-10-17T18:35:19+00:00","mainEntityOfPage":{"@id":"https:\/\/www.kirche-sdh.de\/side\/erstkommunion-in-doefering-2\/"},"wordCount":146,"publisher":{"@id":"https:\/\/www.kirche-sdh.de\/side\/#organization"},"image":{"@id":"https:\/\/www.kirche-sdh.de\/side\/erstkommunion-in-doefering-2\/#primaryimage"},"thumbnailUrl":"https:\/\/www.kirche-sdh.de\/side\/wp-content\/uploads\/P1380240-scaled.jpg","articleSection":["D\u00f6fering"],"inLanguage":"de"},{"@type":"WebPage","@id":"https:\/\/www.kirche-sdh.de\/side\/erstkommunion-in-doefering-2\/","url":"https:\/\/www.kirche-sdh.de\/side\/erstkommunion-in-doefering-2\/","name":"Erstkommunion in D\u00f6fering - Informationsseite und Seelsorgeeinheit","isPartOf":{"@id":"https:\/\/www.kirche-sdh.de\/side\/#website"},"primaryImageOfPage":{"@id":"https:\/\/www.kirche-sdh.de\/side\/erstkommunion-in-doefering-2\/#primaryimage"},"image":{"@id":"https:\/\/www.kirche-sdh.de\/side\/erstkommunion-in-doefering-2\/#primaryimage"},"thumbnailUrl":"https:\/\/www.kirche-sdh.de\/side\/wp-content\/uploads\/P1380240-scaled.jpg","datePublished":"2021-10-17T18:35:19+00:00","breadcrumb":{"@id":"https:\/\/www.kirche-sdh.de\/side\/erstkommunion-in-doefering-2\/#breadcrumb"},"inLanguage":"de","potentialAction":[{"@type":"ReadAction","target":["https:\/\/www.kirche-sdh.de\/side\/erstkommunion-in-doefering-2\/"]}]},{"@type":"ImageObject","inLanguage":"de","@id":"https:\/\/www.kirche-sdh.de\/side\/erstkommunion-in-doefering-2\/#primaryimage","url":"https:\/\/www.kirche-sdh.de\/side\/wp-content\/uploads\/P1380240-scaled.jpg","contentUrl":"https:\/\/www.kirche-sdh.de\/side\/wp-content\/uploads\/P1380240-scaled.jpg","width":2560,"height":1920},{"@type":"BreadcrumbList","@id":"https:\/\/www.kirche-sdh.de\/side\/erstkommunion-in-doefering-2\/#breadcrumb","itemListElement":[{"@type":"ListItem","position":1,"name":"Startseite","item":"https:\/\/www.kirche-sdh.de\/side\/"},{"@type":"ListItem","position":2,"name":"Erstkommunion in D\u00f6fering"}]},{"@type":"WebSite","@id":"https:\/\/www.kirche-sdh.de\/side\/#website","url":"https:\/\/www.kirche-sdh.de\/side\/","name":"Informationsseite und Seelsorgeeinheit","description":"Informationsseite und Seelsorgeeinheit","publisher":{"@id":"https:\/\/www.kirche-sdh.de\/side\/#organization"},"potentialAction":[{"@type":"SearchAction","target":{"@type":"EntryPoint","urlTemplate":"https:\/\/www.kirche-sdh.de\/side\/?s={search_term_string}"},"query-input":{"@type":"PropertyValueSpecification","valueRequired":true,"valueName":"search_term_string"}}],"inLanguage":"de"},{"@type":"Organization","@id":"https:\/\/www.kirche-sdh.de\/side\/#organization","name":"Informationsseite und Seelsorgeeinheit","url":"https:\/\/www.kirche-sdh.de\/side\/","logo":{"@type":"ImageObject","inLanguage":"de","@id":"https:\/\/www.kirche-sdh.de\/side\/#\/schema\/logo\/image\/","url":"https:\/\/www.kirche-sdh.de\/side\/wp-content\/uploads\/2017\/12\/kirche-logos.png","contentUrl":"https:\/\/www.kirche-sdh.de\/side\/wp-content\/uploads\/2017\/12\/kirche-logos.png","width":438,"height":191,"caption":"Informationsseite und Seelsorgeeinheit"},"image":{"@id":"https:\/\/www.kirche-sdh.de\/side\/#\/schema\/logo\/image\/"}},{"@type":"Person","@id":"https:\/\/www.kirche-sdh.de\/side\/#\/schema\/person\/03813c96da9249c1923a325c77818b1a","name":"Dirscherl","url":"https:\/\/www.kirche-sdh.de\/side\/author\/kirchesdh\/"}]}},"_links":{"self":[{"href":"https:\/\/www.kirche-sdh.de\/side\/wp-json\/wp\/v2\/posts\/18139","targetHints":{"allow":["GET"]}}],"collection":[{"href":"https:\/\/www.kirche-sdh.de\/side\/wp-json\/wp\/v2\/posts"}],"about":[{"href":"https:\/\/www.kirche-sdh.de\/side\/wp-json\/wp\/v2\/types\/post"}],"author":[{"embeddable":true,"href":"https:\/\/www.kirche-sdh.de\/side\/wp-json\/wp\/v2\/users\/1"}],"replies":[{"embeddable":true,"href":"https:\/\/www.kirche-sdh.de\/side\/wp-json\/wp\/v2\/comments?post=18139"}],"version-history":[{"count":0,"href":"https:\/\/www.kirche-sdh.de\/side\/wp-json\/wp\/v2\/posts\/18139\/revisions"}],"wp:featuredmedia":[{"embeddable":true,"href":"https:\/\/www.kirche-sdh.de\/side\/wp-json\/wp\/v2\/media\/18140"}],"wp:attachment":[{"href":"https:\/\/www.kirche-sdh.de\/side\/wp-json\/wp\/v2\/media?parent=18139"}],"wp:term":[{"taxonomy":"category","embeddable":true,"href":"https:\/\/www.kirche-sdh.de\/side\/wp-json\/wp\/v2\/categories?post=18139"},{"taxonomy":"post_tag","embeddable":true,"href":"https:\/\/www.kirche-sdh.de\/side\/wp-json\/wp\/v2\/tags?post=18139"}],"curies":[{"name":"wp","href":"https:\/\/api.w.org\/{rel}","templated":true}]}}