{"id":17492,"date":"2021-03-28T13:39:49","date_gmt":"2021-03-28T11:39:49","guid":{"rendered":"https:\/\/www.kirche-sdh.de\/side\/?p=17492"},"modified":"2021-03-28T13:39:49","modified_gmt":"2021-03-28T11:39:49","slug":"neustrukturierung-der-pfarreien-steht-an","status":"publish","type":"post","link":"https:\/\/www.kirche-sdh.de\/side\/neustrukturierung-der-pfarreien-steht-an\/","title":{"rendered":"Neustrukturierung der Pfarreien steht an"},"content":{"rendered":"<p><strong>Neustrukturierung der Pfarreien steht an<\/strong><\/p>\n<p><strong>Regionaldekan Holger Kruschina macht sich bei \u201eGro\u00dfer Visitation\u201c ein Bild von Pfarreiengemeinschaft<\/strong><\/p>\n<p><strong><img loading=\"lazy\" decoding=\"async\" src=\"https:\/\/www.kirche-sdh.de\/side\/wp-content\/uploads\/IMG_7174-scaled.jpg\" alt=\"\" width=\"2560\" height=\"1707\" class=\"aligncenter size-full wp-image-17493\" srcset=\"https:\/\/www.kirche-sdh.de\/side\/wp-content\/uploads\/IMG_7174-scaled.jpg 2560w, https:\/\/www.kirche-sdh.de\/side\/wp-content\/uploads\/IMG_7174-300x200.jpg 300w, https:\/\/www.kirche-sdh.de\/side\/wp-content\/uploads\/IMG_7174-1024x683.jpg 1024w, https:\/\/www.kirche-sdh.de\/side\/wp-content\/uploads\/IMG_7174-768x512.jpg 768w, https:\/\/www.kirche-sdh.de\/side\/wp-content\/uploads\/IMG_7174-1536x1024.jpg 1536w, https:\/\/www.kirche-sdh.de\/side\/wp-content\/uploads\/IMG_7174-2048x1365.jpg 2048w, https:\/\/www.kirche-sdh.de\/side\/wp-content\/uploads\/IMG_7174-360x240.jpg 360w\" sizes=\"auto, (max-width: 2560px) 100vw, 2560px\" \/> <\/strong>Alle zehn Jahre wird in den Pfarreien und Pfarreiengemeinschaften die Pastoralvisitation oder \u201eGro\u00dfe Visitation\u201c durch den zust\u00e4ndigen Regionaldekan vorgenommen. Aus diesem Anlass war der Rodinger Stadtpfarrer und Regionaldekan Holger Kruschina in die Pfarreiengemeinschaft Sch\u00f6nthal, D\u00f6fering und Hiltersried gekommen. Grundgedanke sei es, im \u201eAuftrag des Bischofs vorbeizuschauen und ein wohlwollendes und interessiertes Auge auf die Seelsorgearbeit zu haben\u201c. Das sei von Haus aus keine Spassveranstaltung, wenn jemand pr\u00fcft und schaut, ob alles in Ordnung ist. Gleichzeitig solle aber auch das Gef\u00fchl gegeben werden, dass die Arbeit und das kirchliche Wirken gesehen wird. Der Visitation vorausgegangen waren eine Aufforderung an die Pfarrgemeinderatssprecher und Kirchenpfleger eine Einsch\u00e4tzung bez\u00fcglich der Seelsorge und der Zusammenarbeit mit Pfarrer Alfons Eder abzugeben sowie ein ausf\u00fchrlicher Bericht von Pastoralreferentin Rosa-Maria Roth und Pfarrer Eder zur Situation in der Pfarreiengemeinschaft.<\/p>\n<p>Im Anschluss an die Besprechung mit Pfarrer Alfons Eder feierte der Regionaldekan in der Sch\u00f6nthaler Pfarrkirche einen Gottesdienst mit Gl\u00e4ubigen aus der gesamten Pfarreiengemeinschaft, darunter insbesondere die Pfarrgemeinder\u00e4te und Mitglieder der jeweiligen Kirchenverwaltungen. Musikalisch umrahmt wurde die Abendmesse von Evi Mauerer an der Orgel und gesanglicher Begleitung durch Pastoralreferentin Rosa-Maria Roth. Den Lektorendienst \u00fcbernahm der Hiltersrieder Pfarrgemeinderatssprecher Josef Reitinger. In seinen in der Predigt an die Gottesdienstbesucher gerichteten Worten ging Pfarrer Kruschina auf die Lesung und das Evangelium ein. Diese erz\u00e4hlten von zwei Propheten, der eine sei Jeremia der sich nach seiner Berufung in einer Notsituation befunden habe. Gegen das etablierte Priestertum und den K\u00f6nigshof zu prophezeien habe ihn schmerzliche Erfahrungen machen lassen und ihn in Gefangenschaft gebracht. Prophet im Alten Testament sei kein vergn\u00fcgungss\u00fcchtiger Beruf gewesen und dennoch habe Jeremia nicht aufgegeben, an Gott als Retter zu glauben. Der zweite Prophet sei Jesus gewesen. Sein prophetisches Tun zeige sich im vorgetragenen Evangelium in der Ahnung des baldigen Todes und der Auferstehung. Die Evangelisten w\u00e4ren sich dieser Worte im Nachhinein und in Erinnerung an das Erlebte bewusst geworden. Das Erlebte weiterzugeben und von Erfahrungen mit Gott zu erz\u00e4hlen werde k\u00fcnftig vermehrt Bedeutung in der Glaubensweitergabe beizumessen sein. \u201eWarum stehen wir in unserem Leben zu Gott und zu unserem Glauben?\u201c m\u00fcssten sich die Gl\u00e4ubigen fragen. Gleichzeitig m\u00fcssten sie den Mut haben, \u201edie eigene Lebens- und Glaubensgeschichte mit Gott zu erz\u00e4hlen und nicht nur das Glaubensbekenntnis herunter zu rattern.\u201c \u201eGeben Sie Auskunft von Ihrem Glauben und erz\u00e4hlen sie davon!\u201c appellierte der Geistliche an die Gottesdienstbesucher. Den bitteren Kelch des Leibes Christus zu trinken, ihm nachzufolgen und Christ zu sein sei mehr denn je Herausforderung aber auch Ermutigung. Es brauche Menschen f\u00fcr die sehr konkrete Nachfolge, Menschen die den durchaus bitteren Weg mitgehen und im Glauben vorangehen. Dabei d\u00fcrften sich die Gl\u00e4ubigen sicher sein, auf dem pers\u00f6nlichen Lebensweg nicht allein zu sein, gerade da wo es schwierig ist und nicht nur heute in der Zeit der Corona-Pandemie. \u201eWarum ist das so? Warum l\u00e4sst Gott das zu?\u201c Diese Fragen k\u00f6nnten nicht beantwortet werden. Aber Jesus sichere zu, in der pers\u00f6nlichen Not nicht allein auf diesem schweren Weg unterwegs zu sein.<\/p>\n<p><img loading=\"lazy\" decoding=\"async\" src=\"https:\/\/www.kirche-sdh.de\/side\/wp-content\/uploads\/IMG_7177a-scaled.jpg\" alt=\"\" width=\"1707\" height=\"2560\" class=\"aligncenter size-full wp-image-17495\" srcset=\"https:\/\/www.kirche-sdh.de\/side\/wp-content\/uploads\/IMG_7177a-scaled.jpg 1707w, https:\/\/www.kirche-sdh.de\/side\/wp-content\/uploads\/IMG_7177a-200x300.jpg 200w, https:\/\/www.kirche-sdh.de\/side\/wp-content\/uploads\/IMG_7177a-683x1024.jpg 683w, https:\/\/www.kirche-sdh.de\/side\/wp-content\/uploads\/IMG_7177a-768x1152.jpg 768w, https:\/\/www.kirche-sdh.de\/side\/wp-content\/uploads\/IMG_7177a-1024x1536.jpg 1024w, https:\/\/www.kirche-sdh.de\/side\/wp-content\/uploads\/IMG_7177a-1366x2048.jpg 1366w\" sizes=\"auto, (max-width: 1707px) 100vw, 1707px\" \/><\/p>\n<p>Anschlie\u00dfend an die Eucharistiefeier ging Regionaldekan Holger Kruschina im Beisein der Pfarrgemeinderatssprecher, der Kirchenpfleger, von Pastoralreferentin Roth und Pfarrer Eder auf die Entstehung und die Intention der \u201eGro\u00dfen Visitation\u201c ein. Diese sei als Antwort auf die Reformation und Anprangerung der kirchlichen Missst\u00e4nde auf dem Konzil von Trient beschlossen worden. Im Rahmen des Zweiten Vatikanischen Konzils habe man die heutigen Strukturen eingef\u00fchrt und die Unterteilung in Dekanate vorgenommen. Diesen wurden die Regionaldekane vorangestellt. Durchgef\u00fchrt werden die Pastoralvisitationen alle zehn Jahre. In deren Rahmen m\u00fcssten durch den Pfarrer umfangreiche Stellungnahmen abgegeben und Fragen beantwortet werden. Auch die Kirchenpfleger und Pfarrgemeinderatssprecher h\u00e4tten einen Beitrag zu leisten. Zum Ende aller Pastoralvisitationen w\u00fcrden die Erhebungsb\u00f6gen mit dem Bischof besprochen und ausgewertet. Einzelne Pfarreien besuche der Bischof abschlie\u00dfend und ginge dabei auf Schwerpunkte ein.<\/p>\n<p>Als einen Hauptpunkt griff Pfarrer Kruschina die seit langem anstehende Renovierung der Pfarrkirche Sch\u00f6nthal auf. Die zeitlichen Verz\u00f6gerungen h\u00e4tten vielfache Gr\u00fcnde. Dazu z\u00e4hlten unter anderem der Anspruch auf einen Kinderkrippenplatz mit Auswirkung auf die kirchlichen Tr\u00e4ger \u00fcber Jahre hinweg, erhebliche notwendige Umstrukturierungen in den Baureferaten und Ma\u00dfnahmen zur Offenlegung von Finanzwerten. Im Baureferat habe man viele neue Stellen geschaffen um gegen zu wirken und den Bearbeitungsstau aufzul\u00f6sen. Das brauche jedoch Zeit. Eine Entschuldigung f\u00fcr eine mangelhafte Informationspolitik und Verschiebung auf die lange Bank k\u00f6nnten diese Argumente jedoch nicht sein.<\/p>\n<p>Mit Blick auf die allgemeine Situation der katholischen Kirche ging der Regionaldekan auf den immer gr\u00f6\u00dfer werdenden Priestermangel und die Ver\u00e4nderung in der Pfarreienstruktur ein. Nach dem enormen Zuwachs an Gl\u00e4ubigen und Priestern in den letzten 150 Jahren, insbesondere nach dem Zweiten Weltkrieg durch Zuwanderung aus den Ostgebieten und Gro\u00dffamilien mit zahlreichen Kindern, habe man einst gr\u00f6\u00dfere Pfarreien in viele kleine Pfarreien aufgeteilt. Heute hingegen, bedingt durch eine vollst\u00e4ndig umgedrehte Alterspyramide bei oftmals nur einem Kind und in einer Zeit des schwindenden Glaubens, mache sich konsequenter Weise Priesternachwuchs rar. In der Folge m\u00fcsse sich die Struktur wieder zur\u00fcck zu gr\u00f6\u00dferen Pfarreien und Pfarreiengemeinschaften entwickeln. Dieser negative Trend sei aber nicht nur bei Priestern, sondern auch bei Diakonen und Pastoralreferentinnen und Pastoralreferenten und somit Berufsgruppen mit Familie festzustellen. Gleiches gelte f\u00fcr die evangelischen Christen. In Roding besuchten von 1200 evangelischen Christen nur 10 \u2013 15 Personen sonntags die Messe. Das \u00dcbrige leisteten Finanzskandal und Missbrauch in der Kirche, obwohl alles daran gesetzt werde die Missst\u00e4nde aufzudecken.<\/p>\n<p>In allen drei Pfarreien hat sich die Katholikenanzahl in den vergangenen 10 Jahren verringert, in Sch\u00f6nthal um 4 Prozent, in D\u00f6fering um 3 Prozent und in Hiltersried um 8\u00a0Prozent. Das Saldo zwischen Verstorbenen und Taufen ist dabei in Sch\u00f6nthal ausgeglichen, in D\u00f6fering positiv und in Hiltersried negativ. Erfreulich stellte Pfarrer Kruschina den w\u00f6chentlichen Sch\u00fclergottesdienst in der Grundschule Sch\u00f6nthal, den Kinderbibeltag in Hiltersried und die starke Ministrantenzahl in allen drei Pfarreien dar. Wichtig sei es, Kindern und Jugendlichen ein positives Kirchenbild zu vermitteln und ihnen die Kirchent\u00fcr offen zu halten. Als Verbesserungsvorschl\u00e4ge regte er in Sch\u00f6nthal und Hiltersried einen Besuchsdienst wie in D\u00f6fering sowie einen Nachtaufgottesdienst in allen Pfarreien mit j\u00e4hrlich wechselndem Impuls an. Die modern gestaltete Internetseite sollte mit weiteren Informationen, z. B. wohin wende ich mich bei einer Taufe und aktuellen Terminen, ausgestaltet werden.<\/p>\n<p>In der offenen Diskussionsrunde wurde die stets schwierige Kandidatensuche f\u00fcr die Pfarrgemeinderats- und Kirchenverwaltungswahlen angesprochen. An den Gremien sollte Pfarrer Kruschina zu Folge nach M\u00f6glichkeit zur Unterst\u00fctzung des Pfarrers festgehalten werden. Eine Best\u00e4tigungsw\u00e4hl w\u00e4re zumindest ausreichend und w\u00fcrde das Verprellen von Kandidaten verhindern.<\/p>\n<p>Zum Thema Begr\u00fc\u00dfung von neuen Pfarrangeh\u00f6rigen meinte der Regionaldekan auf Nachfrage, dass diese pers\u00f6nlich oder durch ein Anschreiben mit einem aktuellen Pfarrbrief und dem Angebot auf eine Haus- oder Wohnungssegnung erfolgen k\u00f6nnte.<\/p>\n<p>Pfarrer Eder gab bekannt, dass es eine neue Pfarreienplanung geben wird. Die Frage, wie die Pfarreiengemeinschaft Sch\u00f6nthal, D\u00f6fering und Hiltersried in Zukunft aussehen wird konnte auch Regionaldekan Holger Kruschina zum aktuellen Zeitpunkt nicht beantworten. Beschlossen ist hingegen die Zusammenlegung der Dekanate Cham, Bad K\u00f6tzting und Waldm\u00fcnchen zum Dekanat Cham zum 1.\u00a0September\u00a02021. Geplant ist, die Neustrukturierung der Pfarreien und Pfarreiengemeinschaften bis 2033 abzuschlie\u00dfen.<\/p>\n","protected":false},"excerpt":{"rendered":"<p>Neustrukturierung der Pfarreien steht an Regionaldekan Holger Kruschina macht sich bei \u201eGro\u00dfer Visitation\u201c ein Bild von Pfarreiengemeinschaft Alle zehn Jahre wird in den Pfarreien und Pfarreiengemeinschaften die Pastoralvisitation oder \u201eGro\u00dfe Visitation\u201c durch den zust\u00e4ndigen Regionaldekan vorgenommen. Aus diesem Anlass war der Rodinger Stadtpfarrer und Regionaldekan Holger Kruschina in die Pfarreiengemeinschaft [&hellip;]<\/p>\n","protected":false},"author":3,"featured_media":17494,"comment_status":"closed","ping_status":"closed","sticky":true,"template":"","format":"standard","meta":{"footnotes":""},"categories":[51],"tags":[],"class_list":["post-17492","post","type-post","status-publish","format-standard","has-post-thumbnail","hentry","category-schoenthal-doefering-hiltersried"],"yoast_head":"<!-- This site is optimized with the Yoast SEO plugin v27.4 - https:\/\/yoast.com\/product\/yoast-seo-wordpress\/ -->\n<title>Neustrukturierung der Pfarreien steht an - Informationsseite und Seelsorgeeinheit<\/title>\n<meta name=\"robots\" content=\"index, follow, max-snippet:-1, max-image-preview:large, max-video-preview:-1\" \/>\n<link rel=\"canonical\" href=\"https:\/\/www.kirche-sdh.de\/side\/neustrukturierung-der-pfarreien-steht-an\/\" \/>\n<meta property=\"og:locale\" content=\"de_DE\" \/>\n<meta property=\"og:type\" content=\"article\" \/>\n<meta property=\"og:title\" content=\"Neustrukturierung der Pfarreien steht an - Informationsseite und Seelsorgeeinheit\" \/>\n<meta property=\"og:description\" content=\"Neustrukturierung der Pfarreien steht an Regionaldekan Holger Kruschina macht sich bei \u201eGro\u00dfer Visitation\u201c ein Bild von Pfarreiengemeinschaft Alle zehn Jahre wird in den Pfarreien und Pfarreiengemeinschaften die Pastoralvisitation oder \u201eGro\u00dfe Visitation\u201c durch den zust\u00e4ndigen Regionaldekan vorgenommen. Aus diesem Anlass war der Rodinger Stadtpfarrer und Regionaldekan Holger Kruschina in die Pfarreiengemeinschaft [&hellip;]\" \/>\n<meta property=\"og:url\" content=\"https:\/\/www.kirche-sdh.de\/side\/neustrukturierung-der-pfarreien-steht-an\/\" \/>\n<meta property=\"og:site_name\" content=\"Informationsseite und Seelsorgeeinheit\" \/>\n<meta property=\"article:published_time\" content=\"2021-03-28T11:39:49+00:00\" \/>\n<meta property=\"og:image\" content=\"https:\/\/www.kirche-sdh.de\/side\/wp-content\/uploads\/IMG_7174a-scaled.jpg\" \/>\n\t<meta property=\"og:image:width\" content=\"2560\" \/>\n\t<meta property=\"og:image:height\" content=\"1706\" \/>\n\t<meta property=\"og:image:type\" content=\"image\/jpeg\" \/>\n<meta name=\"author\" content=\"Martin Zangl\" \/>\n<meta name=\"twitter:card\" content=\"summary_large_image\" \/>\n<meta name=\"twitter:label1\" content=\"Verfasst von\" \/>\n\t<meta name=\"twitter:data1\" content=\"Martin Zangl\" \/>\n\t<meta name=\"twitter:label2\" content=\"Gesch\u00e4tzte Lesezeit\" \/>\n\t<meta name=\"twitter:data2\" content=\"6\u00a0Minuten\" \/>\n<script type=\"application\/ld+json\" class=\"yoast-schema-graph\">{\"@context\":\"https:\\\/\\\/schema.org\",\"@graph\":[{\"@type\":\"Article\",\"@id\":\"https:\\\/\\\/www.kirche-sdh.de\\\/side\\\/neustrukturierung-der-pfarreien-steht-an\\\/#article\",\"isPartOf\":{\"@id\":\"https:\\\/\\\/www.kirche-sdh.de\\\/side\\\/neustrukturierung-der-pfarreien-steht-an\\\/\"},\"author\":{\"name\":\"Martin Zangl\",\"@id\":\"https:\\\/\\\/www.kirche-sdh.de\\\/side\\\/#\\\/schema\\\/person\\\/e05baeb81583d4659c11ea77b24c3640\"},\"headline\":\"Neustrukturierung der Pfarreien steht an\",\"datePublished\":\"2021-03-28T11:39:49+00:00\",\"mainEntityOfPage\":{\"@id\":\"https:\\\/\\\/www.kirche-sdh.de\\\/side\\\/neustrukturierung-der-pfarreien-steht-an\\\/\"},\"wordCount\":1245,\"publisher\":{\"@id\":\"https:\\\/\\\/www.kirche-sdh.de\\\/side\\\/#organization\"},\"image\":{\"@id\":\"https:\\\/\\\/www.kirche-sdh.de\\\/side\\\/neustrukturierung-der-pfarreien-steht-an\\\/#primaryimage\"},\"thumbnailUrl\":\"https:\\\/\\\/www.kirche-sdh.de\\\/side\\\/wp-content\\\/uploads\\\/IMG_7174a-scaled.jpg\",\"articleSection\":[\"Sch\u00f6nthal\\\/D\u00f6fering\\\/Hiltersried\"],\"inLanguage\":\"de\"},{\"@type\":\"WebPage\",\"@id\":\"https:\\\/\\\/www.kirche-sdh.de\\\/side\\\/neustrukturierung-der-pfarreien-steht-an\\\/\",\"url\":\"https:\\\/\\\/www.kirche-sdh.de\\\/side\\\/neustrukturierung-der-pfarreien-steht-an\\\/\",\"name\":\"Neustrukturierung der Pfarreien steht an - Informationsseite und Seelsorgeeinheit\",\"isPartOf\":{\"@id\":\"https:\\\/\\\/www.kirche-sdh.de\\\/side\\\/#website\"},\"primaryImageOfPage\":{\"@id\":\"https:\\\/\\\/www.kirche-sdh.de\\\/side\\\/neustrukturierung-der-pfarreien-steht-an\\\/#primaryimage\"},\"image\":{\"@id\":\"https:\\\/\\\/www.kirche-sdh.de\\\/side\\\/neustrukturierung-der-pfarreien-steht-an\\\/#primaryimage\"},\"thumbnailUrl\":\"https:\\\/\\\/www.kirche-sdh.de\\\/side\\\/wp-content\\\/uploads\\\/IMG_7174a-scaled.jpg\",\"datePublished\":\"2021-03-28T11:39:49+00:00\",\"breadcrumb\":{\"@id\":\"https:\\\/\\\/www.kirche-sdh.de\\\/side\\\/neustrukturierung-der-pfarreien-steht-an\\\/#breadcrumb\"},\"inLanguage\":\"de\",\"potentialAction\":[{\"@type\":\"ReadAction\",\"target\":[\"https:\\\/\\\/www.kirche-sdh.de\\\/side\\\/neustrukturierung-der-pfarreien-steht-an\\\/\"]}]},{\"@type\":\"ImageObject\",\"inLanguage\":\"de\",\"@id\":\"https:\\\/\\\/www.kirche-sdh.de\\\/side\\\/neustrukturierung-der-pfarreien-steht-an\\\/#primaryimage\",\"url\":\"https:\\\/\\\/www.kirche-sdh.de\\\/side\\\/wp-content\\\/uploads\\\/IMG_7174a-scaled.jpg\",\"contentUrl\":\"https:\\\/\\\/www.kirche-sdh.de\\\/side\\\/wp-content\\\/uploads\\\/IMG_7174a-scaled.jpg\",\"width\":2560,\"height\":1706},{\"@type\":\"BreadcrumbList\",\"@id\":\"https:\\\/\\\/www.kirche-sdh.de\\\/side\\\/neustrukturierung-der-pfarreien-steht-an\\\/#breadcrumb\",\"itemListElement\":[{\"@type\":\"ListItem\",\"position\":1,\"name\":\"Startseite\",\"item\":\"https:\\\/\\\/www.kirche-sdh.de\\\/side\\\/\"},{\"@type\":\"ListItem\",\"position\":2,\"name\":\"Neustrukturierung der Pfarreien steht an\"}]},{\"@type\":\"WebSite\",\"@id\":\"https:\\\/\\\/www.kirche-sdh.de\\\/side\\\/#website\",\"url\":\"https:\\\/\\\/www.kirche-sdh.de\\\/side\\\/\",\"name\":\"Informationsseite und Seelsorgeeinheit\",\"description\":\"Informationsseite und Seelsorgeeinheit\",\"publisher\":{\"@id\":\"https:\\\/\\\/www.kirche-sdh.de\\\/side\\\/#organization\"},\"potentialAction\":[{\"@type\":\"SearchAction\",\"target\":{\"@type\":\"EntryPoint\",\"urlTemplate\":\"https:\\\/\\\/www.kirche-sdh.de\\\/side\\\/?s={search_term_string}\"},\"query-input\":{\"@type\":\"PropertyValueSpecification\",\"valueRequired\":true,\"valueName\":\"search_term_string\"}}],\"inLanguage\":\"de\"},{\"@type\":\"Organization\",\"@id\":\"https:\\\/\\\/www.kirche-sdh.de\\\/side\\\/#organization\",\"name\":\"Informationsseite und Seelsorgeeinheit\",\"url\":\"https:\\\/\\\/www.kirche-sdh.de\\\/side\\\/\",\"logo\":{\"@type\":\"ImageObject\",\"inLanguage\":\"de\",\"@id\":\"https:\\\/\\\/www.kirche-sdh.de\\\/side\\\/#\\\/schema\\\/logo\\\/image\\\/\",\"url\":\"https:\\\/\\\/www.kirche-sdh.de\\\/side\\\/wp-content\\\/uploads\\\/2017\\\/12\\\/kirche-logos.png\",\"contentUrl\":\"https:\\\/\\\/www.kirche-sdh.de\\\/side\\\/wp-content\\\/uploads\\\/2017\\\/12\\\/kirche-logos.png\",\"width\":438,\"height\":191,\"caption\":\"Informationsseite und Seelsorgeeinheit\"},\"image\":{\"@id\":\"https:\\\/\\\/www.kirche-sdh.de\\\/side\\\/#\\\/schema\\\/logo\\\/image\\\/\"}},{\"@type\":\"Person\",\"@id\":\"https:\\\/\\\/www.kirche-sdh.de\\\/side\\\/#\\\/schema\\\/person\\\/e05baeb81583d4659c11ea77b24c3640\",\"name\":\"Martin Zangl\",\"url\":\"https:\\\/\\\/www.kirche-sdh.de\\\/side\\\/author\\\/zangl\\\/\"}]}<\/script>\n<!-- \/ Yoast SEO plugin. -->","yoast_head_json":{"title":"Neustrukturierung der Pfarreien steht an - Informationsseite und Seelsorgeeinheit","robots":{"index":"index","follow":"follow","max-snippet":"max-snippet:-1","max-image-preview":"max-image-preview:large","max-video-preview":"max-video-preview:-1"},"canonical":"https:\/\/www.kirche-sdh.de\/side\/neustrukturierung-der-pfarreien-steht-an\/","og_locale":"de_DE","og_type":"article","og_title":"Neustrukturierung der Pfarreien steht an - Informationsseite und Seelsorgeeinheit","og_description":"Neustrukturierung der Pfarreien steht an Regionaldekan Holger Kruschina macht sich bei \u201eGro\u00dfer Visitation\u201c ein Bild von Pfarreiengemeinschaft Alle zehn Jahre wird in den Pfarreien und Pfarreiengemeinschaften die Pastoralvisitation oder \u201eGro\u00dfe Visitation\u201c durch den zust\u00e4ndigen Regionaldekan vorgenommen. Aus diesem Anlass war der Rodinger Stadtpfarrer und Regionaldekan Holger Kruschina in die Pfarreiengemeinschaft [&hellip;]","og_url":"https:\/\/www.kirche-sdh.de\/side\/neustrukturierung-der-pfarreien-steht-an\/","og_site_name":"Informationsseite und Seelsorgeeinheit","article_published_time":"2021-03-28T11:39:49+00:00","og_image":[{"width":2560,"height":1706,"url":"https:\/\/www.kirche-sdh.de\/side\/wp-content\/uploads\/IMG_7174a-scaled.jpg","type":"image\/jpeg"}],"author":"Martin Zangl","twitter_card":"summary_large_image","twitter_misc":{"Verfasst von":"Martin Zangl","Gesch\u00e4tzte Lesezeit":"6\u00a0Minuten"},"schema":{"@context":"https:\/\/schema.org","@graph":[{"@type":"Article","@id":"https:\/\/www.kirche-sdh.de\/side\/neustrukturierung-der-pfarreien-steht-an\/#article","isPartOf":{"@id":"https:\/\/www.kirche-sdh.de\/side\/neustrukturierung-der-pfarreien-steht-an\/"},"author":{"name":"Martin Zangl","@id":"https:\/\/www.kirche-sdh.de\/side\/#\/schema\/person\/e05baeb81583d4659c11ea77b24c3640"},"headline":"Neustrukturierung der Pfarreien steht an","datePublished":"2021-03-28T11:39:49+00:00","mainEntityOfPage":{"@id":"https:\/\/www.kirche-sdh.de\/side\/neustrukturierung-der-pfarreien-steht-an\/"},"wordCount":1245,"publisher":{"@id":"https:\/\/www.kirche-sdh.de\/side\/#organization"},"image":{"@id":"https:\/\/www.kirche-sdh.de\/side\/neustrukturierung-der-pfarreien-steht-an\/#primaryimage"},"thumbnailUrl":"https:\/\/www.kirche-sdh.de\/side\/wp-content\/uploads\/IMG_7174a-scaled.jpg","articleSection":["Sch\u00f6nthal\/D\u00f6fering\/Hiltersried"],"inLanguage":"de"},{"@type":"WebPage","@id":"https:\/\/www.kirche-sdh.de\/side\/neustrukturierung-der-pfarreien-steht-an\/","url":"https:\/\/www.kirche-sdh.de\/side\/neustrukturierung-der-pfarreien-steht-an\/","name":"Neustrukturierung der Pfarreien steht an - Informationsseite und Seelsorgeeinheit","isPartOf":{"@id":"https:\/\/www.kirche-sdh.de\/side\/#website"},"primaryImageOfPage":{"@id":"https:\/\/www.kirche-sdh.de\/side\/neustrukturierung-der-pfarreien-steht-an\/#primaryimage"},"image":{"@id":"https:\/\/www.kirche-sdh.de\/side\/neustrukturierung-der-pfarreien-steht-an\/#primaryimage"},"thumbnailUrl":"https:\/\/www.kirche-sdh.de\/side\/wp-content\/uploads\/IMG_7174a-scaled.jpg","datePublished":"2021-03-28T11:39:49+00:00","breadcrumb":{"@id":"https:\/\/www.kirche-sdh.de\/side\/neustrukturierung-der-pfarreien-steht-an\/#breadcrumb"},"inLanguage":"de","potentialAction":[{"@type":"ReadAction","target":["https:\/\/www.kirche-sdh.de\/side\/neustrukturierung-der-pfarreien-steht-an\/"]}]},{"@type":"ImageObject","inLanguage":"de","@id":"https:\/\/www.kirche-sdh.de\/side\/neustrukturierung-der-pfarreien-steht-an\/#primaryimage","url":"https:\/\/www.kirche-sdh.de\/side\/wp-content\/uploads\/IMG_7174a-scaled.jpg","contentUrl":"https:\/\/www.kirche-sdh.de\/side\/wp-content\/uploads\/IMG_7174a-scaled.jpg","width":2560,"height":1706},{"@type":"BreadcrumbList","@id":"https:\/\/www.kirche-sdh.de\/side\/neustrukturierung-der-pfarreien-steht-an\/#breadcrumb","itemListElement":[{"@type":"ListItem","position":1,"name":"Startseite","item":"https:\/\/www.kirche-sdh.de\/side\/"},{"@type":"ListItem","position":2,"name":"Neustrukturierung der Pfarreien steht an"}]},{"@type":"WebSite","@id":"https:\/\/www.kirche-sdh.de\/side\/#website","url":"https:\/\/www.kirche-sdh.de\/side\/","name":"Informationsseite und Seelsorgeeinheit","description":"Informationsseite und Seelsorgeeinheit","publisher":{"@id":"https:\/\/www.kirche-sdh.de\/side\/#organization"},"potentialAction":[{"@type":"SearchAction","target":{"@type":"EntryPoint","urlTemplate":"https:\/\/www.kirche-sdh.de\/side\/?s={search_term_string}"},"query-input":{"@type":"PropertyValueSpecification","valueRequired":true,"valueName":"search_term_string"}}],"inLanguage":"de"},{"@type":"Organization","@id":"https:\/\/www.kirche-sdh.de\/side\/#organization","name":"Informationsseite und Seelsorgeeinheit","url":"https:\/\/www.kirche-sdh.de\/side\/","logo":{"@type":"ImageObject","inLanguage":"de","@id":"https:\/\/www.kirche-sdh.de\/side\/#\/schema\/logo\/image\/","url":"https:\/\/www.kirche-sdh.de\/side\/wp-content\/uploads\/2017\/12\/kirche-logos.png","contentUrl":"https:\/\/www.kirche-sdh.de\/side\/wp-content\/uploads\/2017\/12\/kirche-logos.png","width":438,"height":191,"caption":"Informationsseite und Seelsorgeeinheit"},"image":{"@id":"https:\/\/www.kirche-sdh.de\/side\/#\/schema\/logo\/image\/"}},{"@type":"Person","@id":"https:\/\/www.kirche-sdh.de\/side\/#\/schema\/person\/e05baeb81583d4659c11ea77b24c3640","name":"Martin Zangl","url":"https:\/\/www.kirche-sdh.de\/side\/author\/zangl\/"}]}},"_links":{"self":[{"href":"https:\/\/www.kirche-sdh.de\/side\/wp-json\/wp\/v2\/posts\/17492","targetHints":{"allow":["GET"]}}],"collection":[{"href":"https:\/\/www.kirche-sdh.de\/side\/wp-json\/wp\/v2\/posts"}],"about":[{"href":"https:\/\/www.kirche-sdh.de\/side\/wp-json\/wp\/v2\/types\/post"}],"author":[{"embeddable":true,"href":"https:\/\/www.kirche-sdh.de\/side\/wp-json\/wp\/v2\/users\/3"}],"replies":[{"embeddable":true,"href":"https:\/\/www.kirche-sdh.de\/side\/wp-json\/wp\/v2\/comments?post=17492"}],"version-history":[{"count":0,"href":"https:\/\/www.kirche-sdh.de\/side\/wp-json\/wp\/v2\/posts\/17492\/revisions"}],"wp:featuredmedia":[{"embeddable":true,"href":"https:\/\/www.kirche-sdh.de\/side\/wp-json\/wp\/v2\/media\/17494"}],"wp:attachment":[{"href":"https:\/\/www.kirche-sdh.de\/side\/wp-json\/wp\/v2\/media?parent=17492"}],"wp:term":[{"taxonomy":"category","embeddable":true,"href":"https:\/\/www.kirche-sdh.de\/side\/wp-json\/wp\/v2\/categories?post=17492"},{"taxonomy":"post_tag","embeddable":true,"href":"https:\/\/www.kirche-sdh.de\/side\/wp-json\/wp\/v2\/tags?post=17492"}],"curies":[{"name":"wp","href":"https:\/\/api.w.org\/{rel}","templated":true}]}}