{"id":16041,"date":"2020-11-24T21:08:49","date_gmt":"2020-11-24T20:08:49","guid":{"rendered":"https:\/\/www.kirche-sdh.de\/side\/?p=16041"},"modified":"2020-11-24T21:08:49","modified_gmt":"2020-11-24T20:08:49","slug":"bekleidet-euch-mit-der-liebe","status":"publish","type":"post","link":"https:\/\/www.kirche-sdh.de\/side\/bekleidet-euch-mit-der-liebe\/","title":{"rendered":"\u201eBekleidet euch mit der Liebe\u201c"},"content":{"rendered":"<p><strong>F\u00fcnf Jubelpaare feiern Gottesdienst anl\u00e4sslich Ehejubil\u00e4um \u2013 Rote Rosen \u00fcberreicht<\/strong><\/p>\n<p><strong>Sch\u00f6nthal.<\/strong> In einer Ehe gibt es erfahrungsgem\u00e4\u00df H\u00f6hen und Tiefen. Diese gemeinsam zu meistern sei die gro\u00dfe Aufgabe des Ehelebens, so Pfarrer Eder im Gottesdienst anl\u00e4sslich der Feier der Ehejubilare in der Pfarrei Sch\u00f6nthal am Freitagabend. Als Heilmittel zitierte Eder aus dem Kolosserbrief die Liebe, \u201esie ist das Band, das alles zusammenh\u00e4lt\u201c. Selbst wenn es \u201eSpitz auf Knopf\u201c steht, es Krisen gibt oder schwere Krankheiten wie in einem von Pfarrer Eder genannten Beispiel drohten, die Liebe helfe diese schwierige Zeit durchzustehen.<\/p>\n<p>\u201eSich mit dem Band der Liebe zu bekleiden\u201c, diesen Ausspruch h\u00e4tten die Ehejubelpaare mit Leben gef\u00fcllt. Ihnen galt der Willkommensgru\u00df von Pfarrer Alfons Eder, der sich unter Corona-Bedingung freute, zumindest f\u00fcnf der geladenen Paare in der Pfarrkirche Sankt Michael zum Ehejubil\u00e4umsgottesdienst begr\u00fc\u00dfen zu d\u00fcrfen und ihnen im Gottesdienst herzlich gratulieren zu k\u00f6nnen.<\/p>\n<p>Alle Paare werden gerne an ihren ersten Hochzeitstag zur\u00fcckdenken und sich dabei fragen, wo die Jahre hingekommen sind. Jedes Paar k\u00f6nne dabei die eigene Geschichte der Ehe erz\u00e4hlen und es w\u00fcrde vermutlich ein Buch daraus werden. Durch Dick und D\u00fcnn, Freud und Leid sind sie gegangen und blieben dabei doch dem vor Gott gegebenen Jawort treu. Mit Stolz und auch Dankbarkeit d\u00fcrften sie darauf zur\u00fcckblicken und k\u00f6nnten best\u00e4tigen, dass \u201edas Band der Liebe alles zusammengehalten hat\u201c, so Pfarrer Alfons Eder in seinen pers\u00f6nlichen Worten.<\/p>\n<p>Verbunden mit dem Wunsch nach noch vielen gemeinsamen Jahren in Gesundheit schloss sich die pers\u00f6nliche Segnung der Paare durch den Geistlichen an. Vom Pfarrgemeinderat sprachen Pfarrgemeinderatssprecher Maximilian Ruhland und Monika B\u00fccherl ihre Gl\u00fcckw\u00fcnsche aus. Sie \u00fcberreichten rote Rosen und anstelle des ansonsten \u00fcblichen gem\u00fctlichen Beisammenseins und Bewirtung einen Essensgutschein. F\u00fcr einen ansprechenden musikalischen Rahmen sorgten Gemeindereferentin Rosa-Maria Roth und Organistin Evi Mauerer.<\/p>\n<p><img loading=\"lazy\" decoding=\"async\" width=\"2560\" height=\"1707\" class=\"aligncenter size-full wp-image-16040\" alt=\"\" src=\"https:\/\/www.kirche-sdh.de\/side\/wp-content\/uploads\/IMG_7001ba-1-scaled.jpg\" srcset=\"https:\/\/www.kirche-sdh.de\/side\/wp-content\/uploads\/IMG_7001ba-1-scaled.jpg 2560w, https:\/\/www.kirche-sdh.de\/side\/wp-content\/uploads\/IMG_7001ba-1-300x200.jpg 300w, https:\/\/www.kirche-sdh.de\/side\/wp-content\/uploads\/IMG_7001ba-1-1024x683.jpg 1024w, https:\/\/www.kirche-sdh.de\/side\/wp-content\/uploads\/IMG_7001ba-1-768x512.jpg 768w, https:\/\/www.kirche-sdh.de\/side\/wp-content\/uploads\/IMG_7001ba-1-1536x1024.jpg 1536w, https:\/\/www.kirche-sdh.de\/side\/wp-content\/uploads\/IMG_7001ba-1-2048x1366.jpg 2048w, https:\/\/www.kirche-sdh.de\/side\/wp-content\/uploads\/IMG_7001ba-1-360x240.jpg 360w\" sizes=\"auto, (max-width: 2560px) 100vw, 2560px\" \/>Jubelpaare:<\/p>\n<p><strong>30 Ehejahre<\/strong><\/p>\n<p>Ehepaar Karin und Alexander Sperlich<\/p>\n<p><strong>40 Ehejahre<\/strong><\/p>\n<p>Ehepaar Agnes und Andreas R\u00f6tzer<\/p>\n<p>Ehepaar Christine und Ludwig Kuftner<\/p>\n<p><strong>50 Ehejahre (Goldene Hochzeit):<\/strong><\/p>\n<p>Ehepaar Theresia und Johann Windmai\u00dfer<\/p>\n<p><strong>60 Ehejahre (Diamantene Hochzeit):<\/strong><\/p>\n<p>Ehepaar Anna und Michael B\u00f6sl<\/p>\n<p>&nbsp;<\/p>\n","protected":false},"excerpt":{"rendered":"<p>F\u00fcnf Jubelpaare feiern Gottesdienst anl\u00e4sslich Ehejubil\u00e4um \u2013 Rote Rosen \u00fcberreicht Sch\u00f6nthal. In einer Ehe gibt es erfahrungsgem\u00e4\u00df H\u00f6hen und Tiefen. Diese gemeinsam zu meistern sei die gro\u00dfe Aufgabe des Ehelebens, so Pfarrer Eder im Gottesdienst anl\u00e4sslich der Feier der Ehejubilare in der Pfarrei Sch\u00f6nthal am Freitagabend. Als Heilmittel zitierte Eder [&hellip;]<\/p>\n","protected":false},"author":3,"featured_media":16040,"comment_status":"closed","ping_status":"closed","sticky":true,"template":"","format":"standard","meta":{"footnotes":""},"categories":[21],"tags":[],"class_list":["post-16041","post","type-post","status-publish","format-standard","has-post-thumbnail","hentry","category-schoenthal"],"yoast_head":"<!-- This site is optimized with the Yoast SEO plugin v27.5 - https:\/\/yoast.com\/product\/yoast-seo-wordpress\/ -->\n<title>\u201eBekleidet euch mit der Liebe\u201c - Informationsseite und Seelsorgeeinheit<\/title>\n<meta name=\"robots\" content=\"index, follow, max-snippet:-1, max-image-preview:large, max-video-preview:-1\" \/>\n<link rel=\"canonical\" href=\"https:\/\/www.kirche-sdh.de\/side\/bekleidet-euch-mit-der-liebe\/\" \/>\n<meta property=\"og:locale\" content=\"de_DE\" \/>\n<meta property=\"og:type\" content=\"article\" \/>\n<meta property=\"og:title\" content=\"\u201eBekleidet euch mit der Liebe\u201c - Informationsseite und Seelsorgeeinheit\" \/>\n<meta property=\"og:description\" content=\"F\u00fcnf Jubelpaare feiern Gottesdienst anl\u00e4sslich Ehejubil\u00e4um \u2013 Rote Rosen \u00fcberreicht Sch\u00f6nthal. In einer Ehe gibt es erfahrungsgem\u00e4\u00df H\u00f6hen und Tiefen. Diese gemeinsam zu meistern sei die gro\u00dfe Aufgabe des Ehelebens, so Pfarrer Eder im Gottesdienst anl\u00e4sslich der Feier der Ehejubilare in der Pfarrei Sch\u00f6nthal am Freitagabend. Als Heilmittel zitierte Eder [&hellip;]\" \/>\n<meta property=\"og:url\" content=\"https:\/\/www.kirche-sdh.de\/side\/bekleidet-euch-mit-der-liebe\/\" \/>\n<meta property=\"og:site_name\" content=\"Informationsseite und Seelsorgeeinheit\" \/>\n<meta property=\"article:published_time\" content=\"2020-11-24T20:08:49+00:00\" \/>\n<meta property=\"og:image\" content=\"https:\/\/www.kirche-sdh.de\/side\/wp-content\/uploads\/IMG_7001ba-1-scaled.jpg\" \/>\n\t<meta property=\"og:image:width\" content=\"2560\" \/>\n\t<meta property=\"og:image:height\" content=\"1707\" \/>\n\t<meta property=\"og:image:type\" content=\"image\/jpeg\" \/>\n<meta name=\"author\" content=\"Martin Zangl\" \/>\n<meta name=\"twitter:card\" content=\"summary_large_image\" \/>\n<meta name=\"twitter:label1\" content=\"Verfasst von\" \/>\n\t<meta name=\"twitter:data1\" content=\"Martin Zangl\" \/>\n\t<meta name=\"twitter:label2\" content=\"Gesch\u00e4tzte Lesezeit\" \/>\n\t<meta name=\"twitter:data2\" content=\"2\u00a0Minuten\" \/>\n<script type=\"application\/ld+json\" class=\"yoast-schema-graph\">{\"@context\":\"https:\\\/\\\/schema.org\",\"@graph\":[{\"@type\":\"Article\",\"@id\":\"https:\\\/\\\/www.kirche-sdh.de\\\/side\\\/bekleidet-euch-mit-der-liebe\\\/#article\",\"isPartOf\":{\"@id\":\"https:\\\/\\\/www.kirche-sdh.de\\\/side\\\/bekleidet-euch-mit-der-liebe\\\/\"},\"author\":{\"name\":\"Martin Zangl\",\"@id\":\"https:\\\/\\\/www.kirche-sdh.de\\\/side\\\/#\\\/schema\\\/person\\\/e05baeb81583d4659c11ea77b24c3640\"},\"headline\":\"\u201eBekleidet euch mit der Liebe\u201c\",\"datePublished\":\"2020-11-24T20:08:49+00:00\",\"mainEntityOfPage\":{\"@id\":\"https:\\\/\\\/www.kirche-sdh.de\\\/side\\\/bekleidet-euch-mit-der-liebe\\\/\"},\"wordCount\":363,\"publisher\":{\"@id\":\"https:\\\/\\\/www.kirche-sdh.de\\\/side\\\/#organization\"},\"image\":{\"@id\":\"https:\\\/\\\/www.kirche-sdh.de\\\/side\\\/bekleidet-euch-mit-der-liebe\\\/#primaryimage\"},\"thumbnailUrl\":\"https:\\\/\\\/www.kirche-sdh.de\\\/side\\\/wp-content\\\/uploads\\\/IMG_7001ba-1-scaled.jpg\",\"articleSection\":[\"Sch\u00f6nthal\"],\"inLanguage\":\"de\"},{\"@type\":\"WebPage\",\"@id\":\"https:\\\/\\\/www.kirche-sdh.de\\\/side\\\/bekleidet-euch-mit-der-liebe\\\/\",\"url\":\"https:\\\/\\\/www.kirche-sdh.de\\\/side\\\/bekleidet-euch-mit-der-liebe\\\/\",\"name\":\"\u201eBekleidet euch mit der Liebe\u201c - Informationsseite und Seelsorgeeinheit\",\"isPartOf\":{\"@id\":\"https:\\\/\\\/www.kirche-sdh.de\\\/side\\\/#website\"},\"primaryImageOfPage\":{\"@id\":\"https:\\\/\\\/www.kirche-sdh.de\\\/side\\\/bekleidet-euch-mit-der-liebe\\\/#primaryimage\"},\"image\":{\"@id\":\"https:\\\/\\\/www.kirche-sdh.de\\\/side\\\/bekleidet-euch-mit-der-liebe\\\/#primaryimage\"},\"thumbnailUrl\":\"https:\\\/\\\/www.kirche-sdh.de\\\/side\\\/wp-content\\\/uploads\\\/IMG_7001ba-1-scaled.jpg\",\"datePublished\":\"2020-11-24T20:08:49+00:00\",\"breadcrumb\":{\"@id\":\"https:\\\/\\\/www.kirche-sdh.de\\\/side\\\/bekleidet-euch-mit-der-liebe\\\/#breadcrumb\"},\"inLanguage\":\"de\",\"potentialAction\":[{\"@type\":\"ReadAction\",\"target\":[\"https:\\\/\\\/www.kirche-sdh.de\\\/side\\\/bekleidet-euch-mit-der-liebe\\\/\"]}]},{\"@type\":\"ImageObject\",\"inLanguage\":\"de\",\"@id\":\"https:\\\/\\\/www.kirche-sdh.de\\\/side\\\/bekleidet-euch-mit-der-liebe\\\/#primaryimage\",\"url\":\"https:\\\/\\\/www.kirche-sdh.de\\\/side\\\/wp-content\\\/uploads\\\/IMG_7001ba-1-scaled.jpg\",\"contentUrl\":\"https:\\\/\\\/www.kirche-sdh.de\\\/side\\\/wp-content\\\/uploads\\\/IMG_7001ba-1-scaled.jpg\",\"width\":2560,\"height\":1707},{\"@type\":\"BreadcrumbList\",\"@id\":\"https:\\\/\\\/www.kirche-sdh.de\\\/side\\\/bekleidet-euch-mit-der-liebe\\\/#breadcrumb\",\"itemListElement\":[{\"@type\":\"ListItem\",\"position\":1,\"name\":\"Startseite\",\"item\":\"https:\\\/\\\/www.kirche-sdh.de\\\/side\\\/\"},{\"@type\":\"ListItem\",\"position\":2,\"name\":\"\u201eBekleidet euch mit der Liebe\u201c\"}]},{\"@type\":\"WebSite\",\"@id\":\"https:\\\/\\\/www.kirche-sdh.de\\\/side\\\/#website\",\"url\":\"https:\\\/\\\/www.kirche-sdh.de\\\/side\\\/\",\"name\":\"Informationsseite und Seelsorgeeinheit\",\"description\":\"Informationsseite und Seelsorgeeinheit\",\"publisher\":{\"@id\":\"https:\\\/\\\/www.kirche-sdh.de\\\/side\\\/#organization\"},\"potentialAction\":[{\"@type\":\"SearchAction\",\"target\":{\"@type\":\"EntryPoint\",\"urlTemplate\":\"https:\\\/\\\/www.kirche-sdh.de\\\/side\\\/?s={search_term_string}\"},\"query-input\":{\"@type\":\"PropertyValueSpecification\",\"valueRequired\":true,\"valueName\":\"search_term_string\"}}],\"inLanguage\":\"de\"},{\"@type\":\"Organization\",\"@id\":\"https:\\\/\\\/www.kirche-sdh.de\\\/side\\\/#organization\",\"name\":\"Informationsseite und Seelsorgeeinheit\",\"url\":\"https:\\\/\\\/www.kirche-sdh.de\\\/side\\\/\",\"logo\":{\"@type\":\"ImageObject\",\"inLanguage\":\"de\",\"@id\":\"https:\\\/\\\/www.kirche-sdh.de\\\/side\\\/#\\\/schema\\\/logo\\\/image\\\/\",\"url\":\"https:\\\/\\\/www.kirche-sdh.de\\\/side\\\/wp-content\\\/uploads\\\/2017\\\/12\\\/kirche-logos.png\",\"contentUrl\":\"https:\\\/\\\/www.kirche-sdh.de\\\/side\\\/wp-content\\\/uploads\\\/2017\\\/12\\\/kirche-logos.png\",\"width\":438,\"height\":191,\"caption\":\"Informationsseite und Seelsorgeeinheit\"},\"image\":{\"@id\":\"https:\\\/\\\/www.kirche-sdh.de\\\/side\\\/#\\\/schema\\\/logo\\\/image\\\/\"}},{\"@type\":\"Person\",\"@id\":\"https:\\\/\\\/www.kirche-sdh.de\\\/side\\\/#\\\/schema\\\/person\\\/e05baeb81583d4659c11ea77b24c3640\",\"name\":\"Martin Zangl\",\"url\":\"https:\\\/\\\/www.kirche-sdh.de\\\/side\\\/author\\\/zangl\\\/\"}]}<\/script>\n<!-- \/ Yoast SEO plugin. -->","yoast_head_json":{"title":"\u201eBekleidet euch mit der Liebe\u201c - Informationsseite und Seelsorgeeinheit","robots":{"index":"index","follow":"follow","max-snippet":"max-snippet:-1","max-image-preview":"max-image-preview:large","max-video-preview":"max-video-preview:-1"},"canonical":"https:\/\/www.kirche-sdh.de\/side\/bekleidet-euch-mit-der-liebe\/","og_locale":"de_DE","og_type":"article","og_title":"\u201eBekleidet euch mit der Liebe\u201c - Informationsseite und Seelsorgeeinheit","og_description":"F\u00fcnf Jubelpaare feiern Gottesdienst anl\u00e4sslich Ehejubil\u00e4um \u2013 Rote Rosen \u00fcberreicht Sch\u00f6nthal. In einer Ehe gibt es erfahrungsgem\u00e4\u00df H\u00f6hen und Tiefen. Diese gemeinsam zu meistern sei die gro\u00dfe Aufgabe des Ehelebens, so Pfarrer Eder im Gottesdienst anl\u00e4sslich der Feier der Ehejubilare in der Pfarrei Sch\u00f6nthal am Freitagabend. Als Heilmittel zitierte Eder [&hellip;]","og_url":"https:\/\/www.kirche-sdh.de\/side\/bekleidet-euch-mit-der-liebe\/","og_site_name":"Informationsseite und Seelsorgeeinheit","article_published_time":"2020-11-24T20:08:49+00:00","og_image":[{"width":2560,"height":1707,"url":"https:\/\/www.kirche-sdh.de\/side\/wp-content\/uploads\/IMG_7001ba-1-scaled.jpg","type":"image\/jpeg"}],"author":"Martin Zangl","twitter_card":"summary_large_image","twitter_misc":{"Verfasst von":"Martin Zangl","Gesch\u00e4tzte Lesezeit":"2\u00a0Minuten"},"schema":{"@context":"https:\/\/schema.org","@graph":[{"@type":"Article","@id":"https:\/\/www.kirche-sdh.de\/side\/bekleidet-euch-mit-der-liebe\/#article","isPartOf":{"@id":"https:\/\/www.kirche-sdh.de\/side\/bekleidet-euch-mit-der-liebe\/"},"author":{"name":"Martin Zangl","@id":"https:\/\/www.kirche-sdh.de\/side\/#\/schema\/person\/e05baeb81583d4659c11ea77b24c3640"},"headline":"\u201eBekleidet euch mit der Liebe\u201c","datePublished":"2020-11-24T20:08:49+00:00","mainEntityOfPage":{"@id":"https:\/\/www.kirche-sdh.de\/side\/bekleidet-euch-mit-der-liebe\/"},"wordCount":363,"publisher":{"@id":"https:\/\/www.kirche-sdh.de\/side\/#organization"},"image":{"@id":"https:\/\/www.kirche-sdh.de\/side\/bekleidet-euch-mit-der-liebe\/#primaryimage"},"thumbnailUrl":"https:\/\/www.kirche-sdh.de\/side\/wp-content\/uploads\/IMG_7001ba-1-scaled.jpg","articleSection":["Sch\u00f6nthal"],"inLanguage":"de"},{"@type":"WebPage","@id":"https:\/\/www.kirche-sdh.de\/side\/bekleidet-euch-mit-der-liebe\/","url":"https:\/\/www.kirche-sdh.de\/side\/bekleidet-euch-mit-der-liebe\/","name":"\u201eBekleidet euch mit der Liebe\u201c - Informationsseite und Seelsorgeeinheit","isPartOf":{"@id":"https:\/\/www.kirche-sdh.de\/side\/#website"},"primaryImageOfPage":{"@id":"https:\/\/www.kirche-sdh.de\/side\/bekleidet-euch-mit-der-liebe\/#primaryimage"},"image":{"@id":"https:\/\/www.kirche-sdh.de\/side\/bekleidet-euch-mit-der-liebe\/#primaryimage"},"thumbnailUrl":"https:\/\/www.kirche-sdh.de\/side\/wp-content\/uploads\/IMG_7001ba-1-scaled.jpg","datePublished":"2020-11-24T20:08:49+00:00","breadcrumb":{"@id":"https:\/\/www.kirche-sdh.de\/side\/bekleidet-euch-mit-der-liebe\/#breadcrumb"},"inLanguage":"de","potentialAction":[{"@type":"ReadAction","target":["https:\/\/www.kirche-sdh.de\/side\/bekleidet-euch-mit-der-liebe\/"]}]},{"@type":"ImageObject","inLanguage":"de","@id":"https:\/\/www.kirche-sdh.de\/side\/bekleidet-euch-mit-der-liebe\/#primaryimage","url":"https:\/\/www.kirche-sdh.de\/side\/wp-content\/uploads\/IMG_7001ba-1-scaled.jpg","contentUrl":"https:\/\/www.kirche-sdh.de\/side\/wp-content\/uploads\/IMG_7001ba-1-scaled.jpg","width":2560,"height":1707},{"@type":"BreadcrumbList","@id":"https:\/\/www.kirche-sdh.de\/side\/bekleidet-euch-mit-der-liebe\/#breadcrumb","itemListElement":[{"@type":"ListItem","position":1,"name":"Startseite","item":"https:\/\/www.kirche-sdh.de\/side\/"},{"@type":"ListItem","position":2,"name":"\u201eBekleidet euch mit der Liebe\u201c"}]},{"@type":"WebSite","@id":"https:\/\/www.kirche-sdh.de\/side\/#website","url":"https:\/\/www.kirche-sdh.de\/side\/","name":"Informationsseite und Seelsorgeeinheit","description":"Informationsseite und Seelsorgeeinheit","publisher":{"@id":"https:\/\/www.kirche-sdh.de\/side\/#organization"},"potentialAction":[{"@type":"SearchAction","target":{"@type":"EntryPoint","urlTemplate":"https:\/\/www.kirche-sdh.de\/side\/?s={search_term_string}"},"query-input":{"@type":"PropertyValueSpecification","valueRequired":true,"valueName":"search_term_string"}}],"inLanguage":"de"},{"@type":"Organization","@id":"https:\/\/www.kirche-sdh.de\/side\/#organization","name":"Informationsseite und Seelsorgeeinheit","url":"https:\/\/www.kirche-sdh.de\/side\/","logo":{"@type":"ImageObject","inLanguage":"de","@id":"https:\/\/www.kirche-sdh.de\/side\/#\/schema\/logo\/image\/","url":"https:\/\/www.kirche-sdh.de\/side\/wp-content\/uploads\/2017\/12\/kirche-logos.png","contentUrl":"https:\/\/www.kirche-sdh.de\/side\/wp-content\/uploads\/2017\/12\/kirche-logos.png","width":438,"height":191,"caption":"Informationsseite und Seelsorgeeinheit"},"image":{"@id":"https:\/\/www.kirche-sdh.de\/side\/#\/schema\/logo\/image\/"}},{"@type":"Person","@id":"https:\/\/www.kirche-sdh.de\/side\/#\/schema\/person\/e05baeb81583d4659c11ea77b24c3640","name":"Martin Zangl","url":"https:\/\/www.kirche-sdh.de\/side\/author\/zangl\/"}]}},"_links":{"self":[{"href":"https:\/\/www.kirche-sdh.de\/side\/wp-json\/wp\/v2\/posts\/16041","targetHints":{"allow":["GET"]}}],"collection":[{"href":"https:\/\/www.kirche-sdh.de\/side\/wp-json\/wp\/v2\/posts"}],"about":[{"href":"https:\/\/www.kirche-sdh.de\/side\/wp-json\/wp\/v2\/types\/post"}],"author":[{"embeddable":true,"href":"https:\/\/www.kirche-sdh.de\/side\/wp-json\/wp\/v2\/users\/3"}],"replies":[{"embeddable":true,"href":"https:\/\/www.kirche-sdh.de\/side\/wp-json\/wp\/v2\/comments?post=16041"}],"version-history":[{"count":0,"href":"https:\/\/www.kirche-sdh.de\/side\/wp-json\/wp\/v2\/posts\/16041\/revisions"}],"wp:featuredmedia":[{"embeddable":true,"href":"https:\/\/www.kirche-sdh.de\/side\/wp-json\/wp\/v2\/media\/16040"}],"wp:attachment":[{"href":"https:\/\/www.kirche-sdh.de\/side\/wp-json\/wp\/v2\/media?parent=16041"}],"wp:term":[{"taxonomy":"category","embeddable":true,"href":"https:\/\/www.kirche-sdh.de\/side\/wp-json\/wp\/v2\/categories?post=16041"},{"taxonomy":"post_tag","embeddable":true,"href":"https:\/\/www.kirche-sdh.de\/side\/wp-json\/wp\/v2\/tags?post=16041"}],"curies":[{"name":"wp","href":"https:\/\/api.w.org\/{rel}","templated":true}]}}