{"id":15947,"date":"2020-11-16T20:51:58","date_gmt":"2020-11-16T19:51:58","guid":{"rendered":"https:\/\/www.kirche-sdh.de\/side\/?p=15947"},"modified":"2020-11-16T20:51:58","modified_gmt":"2020-11-16T19:51:58","slug":"volkstrauertag-in-doefering","status":"publish","type":"post","link":"https:\/\/www.kirche-sdh.de\/side\/volkstrauertag-in-doefering\/","title":{"rendered":"Volkstrauertag in D\u00f6fering"},"content":{"rendered":"<p><strong>Die Frage des Friedens ist eine Frage an jeden selbst<\/strong><\/p>\n<p>-Volkstrauertag in D\u00f6fering-<\/p>\n<p>Das Gedenken zum Volkstrauertag fand heuer aufgrund der Corona Pandemie in der Pfarrkirche St. \u00c4gidius im Rahmen des Gottesdienstes nur im \u201ekleinen Kreise\u201c statt. Dazu waren Fahnenabordnungen von KLB und MMC zugegen.<\/p>\n<p>In seiner Predigt trug Pfarrer Alfons Eder Gedanken vor: \u201eDie Toten haben es verdient, dass wir ihrer gedenken und wir haben die Pflicht, uns darum zu bem\u00fchen, dass Vergleichbares nicht wieder geschieht. Lassen wir uns ermutigen, uns niemals mit der scheinbaren \u00dcbermacht von Hass und Gewalt abzufinden. Unsere Toten w\u00e4ren sonst ganz umsonst gestorben\u201c, betonte Pfarrer Alfons Eder. <img loading=\"lazy\" decoding=\"async\" src=\"https:\/\/www.kirche-sdh.de\/side\/wp-content\/uploads\/P1370781-768x1024.jpg\" alt=\"\" width=\"264\" height=\"353\" class=\"wp-image-15949 alignright\" srcset=\"https:\/\/www.kirche-sdh.de\/side\/wp-content\/uploads\/P1370781-768x1024.jpg 768w, https:\/\/www.kirche-sdh.de\/side\/wp-content\/uploads\/P1370781-225x300.jpg 225w, https:\/\/www.kirche-sdh.de\/side\/wp-content\/uploads\/P1370781-1152x1536.jpg 1152w, https:\/\/www.kirche-sdh.de\/side\/wp-content\/uploads\/P1370781-1536x2048.jpg 1536w, https:\/\/www.kirche-sdh.de\/side\/wp-content\/uploads\/P1370781-scaled.jpg 1920w\" sizes=\"auto, (max-width: 264px) 100vw, 264px\" \/>So sei der Volkstrauertag ein Tag, an dem besonders auch um jene Menschen getrauert wird, an deren Tod Menschen mitschuldig waren. \u201eAber gibt uns unsere eigene Vergangenheit nicht die Best\u00e4tigung dazu, dass sich Unrecht wieder zu Recht, B\u00f6ses wieder zu Gutem, Krieg zu Frieden wenden kann?\u201c fragte er. Der Tag des Erinnerns, des Mahnens und \u00dcberdenkens. Es ist gut in Frieden zu ruhen, aber es ist besser, in Frieden zu leben, so der Geistliche.<\/p>\n<p>&nbsp;<\/p>\n<p>&nbsp;<\/p>\n<p>&nbsp;<\/p>\n<p>&nbsp;<\/p>\n<p><img loading=\"lazy\" decoding=\"async\" src=\"https:\/\/www.kirche-sdh.de\/side\/wp-content\/uploads\/P1370785-768x1024.jpg\" alt=\"\" width=\"291\" height=\"388\" class=\"wp-image-15948 alignleft\" srcset=\"https:\/\/www.kirche-sdh.de\/side\/wp-content\/uploads\/P1370785-768x1024.jpg 768w, https:\/\/www.kirche-sdh.de\/side\/wp-content\/uploads\/P1370785-225x300.jpg 225w, https:\/\/www.kirche-sdh.de\/side\/wp-content\/uploads\/P1370785-1152x1536.jpg 1152w, https:\/\/www.kirche-sdh.de\/side\/wp-content\/uploads\/P1370785-1536x2048.jpg 1536w, https:\/\/www.kirche-sdh.de\/side\/wp-content\/uploads\/P1370785-scaled.jpg 1920w\" sizes=\"auto, (max-width: 291px) 100vw, 291px\" \/>Der erste B\u00fcrgermeister der Gemeinde Sch\u00f6nthal, Ludwig Wallinger, hielt dann die Rede zum Volkstrauertag. \u201eErinnert wird heute nicht nur an die Opfer des Ersten und Zweiten Weltkriegs, sondern an alle Toten aufgrund von Krieg, Gewaltenherrschaft und Terrorismus. Eine schier erdr\u00fcckende und unglaubliche Zahl von Opfern, die unser Vorstellungsverm\u00f6gen \u00fcbersteigt. Der Volkstrauertag ruft vor allem dazu auf, Zeichen von Hoffnung und Vers\u00f6hnung zu setzen, und er fordert uns dazu auf, unsere Verantwortung f\u00fcr Frieden zu \u00fcbernehmen. Frieden beginnt bei jedem von uns. Es geht um unseren inneren Frieden, es geht um den Frieden mit den Kollegen oder den Nachbarn. Wallinger schloss dann mit dem Satz des Philosophen Karl Jaspers: Die Frage des Friedens ist keine Frage an die Welt, sondern eine Frage an jeden selbst.<\/p>\n<p>&nbsp;<\/p>\n","protected":false},"excerpt":{"rendered":"<p>Die Frage des Friedens ist eine Frage an jeden selbst -Volkstrauertag in D\u00f6fering- Das Gedenken zum Volkstrauertag fand heuer aufgrund der Corona Pandemie in der Pfarrkirche St. \u00c4gidius im Rahmen des Gottesdienstes nur im \u201ekleinen Kreise\u201c statt. Dazu waren Fahnenabordnungen von KLB und MMC zugegen. In seiner Predigt trug Pfarrer [&hellip;]<\/p>\n","protected":false},"author":1,"featured_media":15948,"comment_status":"closed","ping_status":"closed","sticky":true,"template":"","format":"standard","meta":{"footnotes":""},"categories":[20],"tags":[],"class_list":["post-15947","post","type-post","status-publish","format-standard","has-post-thumbnail","hentry","category-doefering"],"yoast_head":"<!-- This site is optimized with the Yoast SEO plugin v27.5 - https:\/\/yoast.com\/product\/yoast-seo-wordpress\/ -->\n<title>Volkstrauertag in D\u00f6fering - Informationsseite und Seelsorgeeinheit<\/title>\n<meta name=\"robots\" content=\"index, follow, max-snippet:-1, max-image-preview:large, max-video-preview:-1\" \/>\n<link rel=\"canonical\" href=\"https:\/\/www.kirche-sdh.de\/side\/volkstrauertag-in-doefering\/\" \/>\n<meta property=\"og:locale\" content=\"de_DE\" \/>\n<meta property=\"og:type\" content=\"article\" \/>\n<meta property=\"og:title\" content=\"Volkstrauertag in D\u00f6fering - Informationsseite und Seelsorgeeinheit\" \/>\n<meta property=\"og:description\" content=\"Die Frage des Friedens ist eine Frage an jeden selbst -Volkstrauertag in D\u00f6fering- Das Gedenken zum Volkstrauertag fand heuer aufgrund der Corona Pandemie in der Pfarrkirche St. \u00c4gidius im Rahmen des Gottesdienstes nur im \u201ekleinen Kreise\u201c statt. Dazu waren Fahnenabordnungen von KLB und MMC zugegen. In seiner Predigt trug Pfarrer [&hellip;]\" \/>\n<meta property=\"og:url\" content=\"https:\/\/www.kirche-sdh.de\/side\/volkstrauertag-in-doefering\/\" \/>\n<meta property=\"og:site_name\" content=\"Informationsseite und Seelsorgeeinheit\" \/>\n<meta property=\"article:published_time\" content=\"2020-11-16T19:51:58+00:00\" \/>\n<meta property=\"og:image\" content=\"https:\/\/www.kirche-sdh.de\/side\/wp-content\/uploads\/P1370785-scaled.jpg\" \/>\n\t<meta property=\"og:image:width\" content=\"1920\" \/>\n\t<meta property=\"og:image:height\" content=\"2560\" \/>\n\t<meta property=\"og:image:type\" content=\"image\/jpeg\" \/>\n<meta name=\"author\" content=\"Dirscherl\" \/>\n<meta name=\"twitter:card\" content=\"summary_large_image\" \/>\n<meta name=\"twitter:label1\" content=\"Verfasst von\" \/>\n\t<meta name=\"twitter:data1\" content=\"Dirscherl\" \/>\n\t<meta name=\"twitter:label2\" content=\"Gesch\u00e4tzte Lesezeit\" \/>\n\t<meta name=\"twitter:data2\" content=\"2\u00a0Minuten\" \/>\n<script type=\"application\/ld+json\" class=\"yoast-schema-graph\">{\"@context\":\"https:\\\/\\\/schema.org\",\"@graph\":[{\"@type\":\"Article\",\"@id\":\"https:\\\/\\\/www.kirche-sdh.de\\\/side\\\/volkstrauertag-in-doefering\\\/#article\",\"isPartOf\":{\"@id\":\"https:\\\/\\\/www.kirche-sdh.de\\\/side\\\/volkstrauertag-in-doefering\\\/\"},\"author\":{\"name\":\"Dirscherl\",\"@id\":\"https:\\\/\\\/www.kirche-sdh.de\\\/side\\\/#\\\/schema\\\/person\\\/03813c96da9249c1923a325c77818b1a\"},\"headline\":\"Volkstrauertag in D\u00f6fering\",\"datePublished\":\"2020-11-16T19:51:58+00:00\",\"mainEntityOfPage\":{\"@id\":\"https:\\\/\\\/www.kirche-sdh.de\\\/side\\\/volkstrauertag-in-doefering\\\/\"},\"wordCount\":321,\"publisher\":{\"@id\":\"https:\\\/\\\/www.kirche-sdh.de\\\/side\\\/#organization\"},\"image\":{\"@id\":\"https:\\\/\\\/www.kirche-sdh.de\\\/side\\\/volkstrauertag-in-doefering\\\/#primaryimage\"},\"thumbnailUrl\":\"https:\\\/\\\/www.kirche-sdh.de\\\/side\\\/wp-content\\\/uploads\\\/P1370785-scaled.jpg\",\"articleSection\":[\"D\u00f6fering\"],\"inLanguage\":\"de\"},{\"@type\":\"WebPage\",\"@id\":\"https:\\\/\\\/www.kirche-sdh.de\\\/side\\\/volkstrauertag-in-doefering\\\/\",\"url\":\"https:\\\/\\\/www.kirche-sdh.de\\\/side\\\/volkstrauertag-in-doefering\\\/\",\"name\":\"Volkstrauertag in D\u00f6fering - Informationsseite und Seelsorgeeinheit\",\"isPartOf\":{\"@id\":\"https:\\\/\\\/www.kirche-sdh.de\\\/side\\\/#website\"},\"primaryImageOfPage\":{\"@id\":\"https:\\\/\\\/www.kirche-sdh.de\\\/side\\\/volkstrauertag-in-doefering\\\/#primaryimage\"},\"image\":{\"@id\":\"https:\\\/\\\/www.kirche-sdh.de\\\/side\\\/volkstrauertag-in-doefering\\\/#primaryimage\"},\"thumbnailUrl\":\"https:\\\/\\\/www.kirche-sdh.de\\\/side\\\/wp-content\\\/uploads\\\/P1370785-scaled.jpg\",\"datePublished\":\"2020-11-16T19:51:58+00:00\",\"breadcrumb\":{\"@id\":\"https:\\\/\\\/www.kirche-sdh.de\\\/side\\\/volkstrauertag-in-doefering\\\/#breadcrumb\"},\"inLanguage\":\"de\",\"potentialAction\":[{\"@type\":\"ReadAction\",\"target\":[\"https:\\\/\\\/www.kirche-sdh.de\\\/side\\\/volkstrauertag-in-doefering\\\/\"]}]},{\"@type\":\"ImageObject\",\"inLanguage\":\"de\",\"@id\":\"https:\\\/\\\/www.kirche-sdh.de\\\/side\\\/volkstrauertag-in-doefering\\\/#primaryimage\",\"url\":\"https:\\\/\\\/www.kirche-sdh.de\\\/side\\\/wp-content\\\/uploads\\\/P1370785-scaled.jpg\",\"contentUrl\":\"https:\\\/\\\/www.kirche-sdh.de\\\/side\\\/wp-content\\\/uploads\\\/P1370785-scaled.jpg\",\"width\":1920,\"height\":2560},{\"@type\":\"BreadcrumbList\",\"@id\":\"https:\\\/\\\/www.kirche-sdh.de\\\/side\\\/volkstrauertag-in-doefering\\\/#breadcrumb\",\"itemListElement\":[{\"@type\":\"ListItem\",\"position\":1,\"name\":\"Startseite\",\"item\":\"https:\\\/\\\/www.kirche-sdh.de\\\/side\\\/\"},{\"@type\":\"ListItem\",\"position\":2,\"name\":\"Volkstrauertag in D\u00f6fering\"}]},{\"@type\":\"WebSite\",\"@id\":\"https:\\\/\\\/www.kirche-sdh.de\\\/side\\\/#website\",\"url\":\"https:\\\/\\\/www.kirche-sdh.de\\\/side\\\/\",\"name\":\"Informationsseite und Seelsorgeeinheit\",\"description\":\"Informationsseite und Seelsorgeeinheit\",\"publisher\":{\"@id\":\"https:\\\/\\\/www.kirche-sdh.de\\\/side\\\/#organization\"},\"potentialAction\":[{\"@type\":\"SearchAction\",\"target\":{\"@type\":\"EntryPoint\",\"urlTemplate\":\"https:\\\/\\\/www.kirche-sdh.de\\\/side\\\/?s={search_term_string}\"},\"query-input\":{\"@type\":\"PropertyValueSpecification\",\"valueRequired\":true,\"valueName\":\"search_term_string\"}}],\"inLanguage\":\"de\"},{\"@type\":\"Organization\",\"@id\":\"https:\\\/\\\/www.kirche-sdh.de\\\/side\\\/#organization\",\"name\":\"Informationsseite und Seelsorgeeinheit\",\"url\":\"https:\\\/\\\/www.kirche-sdh.de\\\/side\\\/\",\"logo\":{\"@type\":\"ImageObject\",\"inLanguage\":\"de\",\"@id\":\"https:\\\/\\\/www.kirche-sdh.de\\\/side\\\/#\\\/schema\\\/logo\\\/image\\\/\",\"url\":\"https:\\\/\\\/www.kirche-sdh.de\\\/side\\\/wp-content\\\/uploads\\\/2017\\\/12\\\/kirche-logos.png\",\"contentUrl\":\"https:\\\/\\\/www.kirche-sdh.de\\\/side\\\/wp-content\\\/uploads\\\/2017\\\/12\\\/kirche-logos.png\",\"width\":438,\"height\":191,\"caption\":\"Informationsseite und Seelsorgeeinheit\"},\"image\":{\"@id\":\"https:\\\/\\\/www.kirche-sdh.de\\\/side\\\/#\\\/schema\\\/logo\\\/image\\\/\"}},{\"@type\":\"Person\",\"@id\":\"https:\\\/\\\/www.kirche-sdh.de\\\/side\\\/#\\\/schema\\\/person\\\/03813c96da9249c1923a325c77818b1a\",\"name\":\"Dirscherl\",\"url\":\"https:\\\/\\\/www.kirche-sdh.de\\\/side\\\/author\\\/kirchesdh\\\/\"}]}<\/script>\n<!-- \/ Yoast SEO plugin. -->","yoast_head_json":{"title":"Volkstrauertag in D\u00f6fering - Informationsseite und Seelsorgeeinheit","robots":{"index":"index","follow":"follow","max-snippet":"max-snippet:-1","max-image-preview":"max-image-preview:large","max-video-preview":"max-video-preview:-1"},"canonical":"https:\/\/www.kirche-sdh.de\/side\/volkstrauertag-in-doefering\/","og_locale":"de_DE","og_type":"article","og_title":"Volkstrauertag in D\u00f6fering - Informationsseite und Seelsorgeeinheit","og_description":"Die Frage des Friedens ist eine Frage an jeden selbst -Volkstrauertag in D\u00f6fering- Das Gedenken zum Volkstrauertag fand heuer aufgrund der Corona Pandemie in der Pfarrkirche St. \u00c4gidius im Rahmen des Gottesdienstes nur im \u201ekleinen Kreise\u201c statt. Dazu waren Fahnenabordnungen von KLB und MMC zugegen. In seiner Predigt trug Pfarrer [&hellip;]","og_url":"https:\/\/www.kirche-sdh.de\/side\/volkstrauertag-in-doefering\/","og_site_name":"Informationsseite und Seelsorgeeinheit","article_published_time":"2020-11-16T19:51:58+00:00","og_image":[{"width":1920,"height":2560,"url":"https:\/\/www.kirche-sdh.de\/side\/wp-content\/uploads\/P1370785-scaled.jpg","type":"image\/jpeg"}],"author":"Dirscherl","twitter_card":"summary_large_image","twitter_misc":{"Verfasst von":"Dirscherl","Gesch\u00e4tzte Lesezeit":"2\u00a0Minuten"},"schema":{"@context":"https:\/\/schema.org","@graph":[{"@type":"Article","@id":"https:\/\/www.kirche-sdh.de\/side\/volkstrauertag-in-doefering\/#article","isPartOf":{"@id":"https:\/\/www.kirche-sdh.de\/side\/volkstrauertag-in-doefering\/"},"author":{"name":"Dirscherl","@id":"https:\/\/www.kirche-sdh.de\/side\/#\/schema\/person\/03813c96da9249c1923a325c77818b1a"},"headline":"Volkstrauertag in D\u00f6fering","datePublished":"2020-11-16T19:51:58+00:00","mainEntityOfPage":{"@id":"https:\/\/www.kirche-sdh.de\/side\/volkstrauertag-in-doefering\/"},"wordCount":321,"publisher":{"@id":"https:\/\/www.kirche-sdh.de\/side\/#organization"},"image":{"@id":"https:\/\/www.kirche-sdh.de\/side\/volkstrauertag-in-doefering\/#primaryimage"},"thumbnailUrl":"https:\/\/www.kirche-sdh.de\/side\/wp-content\/uploads\/P1370785-scaled.jpg","articleSection":["D\u00f6fering"],"inLanguage":"de"},{"@type":"WebPage","@id":"https:\/\/www.kirche-sdh.de\/side\/volkstrauertag-in-doefering\/","url":"https:\/\/www.kirche-sdh.de\/side\/volkstrauertag-in-doefering\/","name":"Volkstrauertag in D\u00f6fering - Informationsseite und Seelsorgeeinheit","isPartOf":{"@id":"https:\/\/www.kirche-sdh.de\/side\/#website"},"primaryImageOfPage":{"@id":"https:\/\/www.kirche-sdh.de\/side\/volkstrauertag-in-doefering\/#primaryimage"},"image":{"@id":"https:\/\/www.kirche-sdh.de\/side\/volkstrauertag-in-doefering\/#primaryimage"},"thumbnailUrl":"https:\/\/www.kirche-sdh.de\/side\/wp-content\/uploads\/P1370785-scaled.jpg","datePublished":"2020-11-16T19:51:58+00:00","breadcrumb":{"@id":"https:\/\/www.kirche-sdh.de\/side\/volkstrauertag-in-doefering\/#breadcrumb"},"inLanguage":"de","potentialAction":[{"@type":"ReadAction","target":["https:\/\/www.kirche-sdh.de\/side\/volkstrauertag-in-doefering\/"]}]},{"@type":"ImageObject","inLanguage":"de","@id":"https:\/\/www.kirche-sdh.de\/side\/volkstrauertag-in-doefering\/#primaryimage","url":"https:\/\/www.kirche-sdh.de\/side\/wp-content\/uploads\/P1370785-scaled.jpg","contentUrl":"https:\/\/www.kirche-sdh.de\/side\/wp-content\/uploads\/P1370785-scaled.jpg","width":1920,"height":2560},{"@type":"BreadcrumbList","@id":"https:\/\/www.kirche-sdh.de\/side\/volkstrauertag-in-doefering\/#breadcrumb","itemListElement":[{"@type":"ListItem","position":1,"name":"Startseite","item":"https:\/\/www.kirche-sdh.de\/side\/"},{"@type":"ListItem","position":2,"name":"Volkstrauertag in D\u00f6fering"}]},{"@type":"WebSite","@id":"https:\/\/www.kirche-sdh.de\/side\/#website","url":"https:\/\/www.kirche-sdh.de\/side\/","name":"Informationsseite und Seelsorgeeinheit","description":"Informationsseite und Seelsorgeeinheit","publisher":{"@id":"https:\/\/www.kirche-sdh.de\/side\/#organization"},"potentialAction":[{"@type":"SearchAction","target":{"@type":"EntryPoint","urlTemplate":"https:\/\/www.kirche-sdh.de\/side\/?s={search_term_string}"},"query-input":{"@type":"PropertyValueSpecification","valueRequired":true,"valueName":"search_term_string"}}],"inLanguage":"de"},{"@type":"Organization","@id":"https:\/\/www.kirche-sdh.de\/side\/#organization","name":"Informationsseite und Seelsorgeeinheit","url":"https:\/\/www.kirche-sdh.de\/side\/","logo":{"@type":"ImageObject","inLanguage":"de","@id":"https:\/\/www.kirche-sdh.de\/side\/#\/schema\/logo\/image\/","url":"https:\/\/www.kirche-sdh.de\/side\/wp-content\/uploads\/2017\/12\/kirche-logos.png","contentUrl":"https:\/\/www.kirche-sdh.de\/side\/wp-content\/uploads\/2017\/12\/kirche-logos.png","width":438,"height":191,"caption":"Informationsseite und Seelsorgeeinheit"},"image":{"@id":"https:\/\/www.kirche-sdh.de\/side\/#\/schema\/logo\/image\/"}},{"@type":"Person","@id":"https:\/\/www.kirche-sdh.de\/side\/#\/schema\/person\/03813c96da9249c1923a325c77818b1a","name":"Dirscherl","url":"https:\/\/www.kirche-sdh.de\/side\/author\/kirchesdh\/"}]}},"_links":{"self":[{"href":"https:\/\/www.kirche-sdh.de\/side\/wp-json\/wp\/v2\/posts\/15947","targetHints":{"allow":["GET"]}}],"collection":[{"href":"https:\/\/www.kirche-sdh.de\/side\/wp-json\/wp\/v2\/posts"}],"about":[{"href":"https:\/\/www.kirche-sdh.de\/side\/wp-json\/wp\/v2\/types\/post"}],"author":[{"embeddable":true,"href":"https:\/\/www.kirche-sdh.de\/side\/wp-json\/wp\/v2\/users\/1"}],"replies":[{"embeddable":true,"href":"https:\/\/www.kirche-sdh.de\/side\/wp-json\/wp\/v2\/comments?post=15947"}],"version-history":[{"count":0,"href":"https:\/\/www.kirche-sdh.de\/side\/wp-json\/wp\/v2\/posts\/15947\/revisions"}],"wp:featuredmedia":[{"embeddable":true,"href":"https:\/\/www.kirche-sdh.de\/side\/wp-json\/wp\/v2\/media\/15948"}],"wp:attachment":[{"href":"https:\/\/www.kirche-sdh.de\/side\/wp-json\/wp\/v2\/media?parent=15947"}],"wp:term":[{"taxonomy":"category","embeddable":true,"href":"https:\/\/www.kirche-sdh.de\/side\/wp-json\/wp\/v2\/categories?post=15947"},{"taxonomy":"post_tag","embeddable":true,"href":"https:\/\/www.kirche-sdh.de\/side\/wp-json\/wp\/v2\/tags?post=15947"}],"curies":[{"name":"wp","href":"https:\/\/api.w.org\/{rel}","templated":true}]}}