{"id":15071,"date":"2020-10-05T22:31:06","date_gmt":"2020-10-05T20:31:06","guid":{"rendered":"https:\/\/www.kirche-sdh.de\/side\/?p=15071"},"modified":"2020-10-25T19:49:34","modified_gmt":"2020-10-25T18:49:34","slug":"taufe-von-josef-boesl-in-doefering","status":"publish","type":"post","link":"https:\/\/www.kirche-sdh.de\/side\/taufe-von-josef-boesl-in-doefering\/","title":{"rendered":"Taufe von Josef B\u00f6sl in D\u00f6fering"},"content":{"rendered":"<p><strong>Josef B\u00f6sl in D\u00f6fering getauft<\/strong><\/p>\n<p>Am Ernte Dank Fest wurde Josef B\u00f6sl in der Kirche St. \u00c4gidius in D\u00f6fering getauft. \u00a0Josef ist das erste Kind der Eheleute Josef und Theresa B\u00f6sl die vor zwei Jahren an gleicher Stelle geheiratet hatten. Der gew\u00e4hlte Termin an Ernte Dank passt sehr gut f\u00fcr eine gestandene Landwirtsfamilie wie der Familie B\u00f6sl. \u00a0Dieser Dank passt aber auch sehr gut f\u00fcr eine Familie der ein Kind geschenkt wurde. \u00a0\u00a0Die Eltern und der stolze Pate, Thomas B\u00f6sl, versprachen zu Beginn den kleinen Erdenb\u00fcrger im christlichen Glauben zu erziehen. \u201eJosef soll hier in der Kirche seinen Platz finden und auch das Beten lernen sowie durch das Vorbild der Eltern und auch des Paten ein anst\u00e4ndiger Mensch werden.\u201c so Pfarrer Eder. Als Zeichen der Verbundenheit zeichneten Eltern, Pate und auch die Gro\u00dfeltern dem T\u00e4ufling ein Kreuz auf die Stirn von. \u00a0In seinen pers\u00f6nlichen Worten f\u00fchrte Pfarrer Eder aus, dass die Geburt eines Kindes ein besonderes Gl\u00fcck bedeutet. Solche Momente sind ein wirklich wichtiger \u00a0H\u00f6hepunkt im Leben. Der gew\u00e4hlte Name Josef hat dabei bei der Familie B\u00f6sl durchaus Tradition, denn es leben mit Urgro\u00dfvater Josef, Gro\u00dfvater Josef, Vater Josef und Sohn Josef gleich vier Mitglieder einer Generationen unter einem Dach mit dem Namen Josef.<\/p>\n<p>Dann versammelten sich Eltern und Pate am Taufbecken und Josef wurde mit heiligem Wasser getauft.<img loading=\"lazy\" decoding=\"async\" src=\"https:\/\/www.kirche-sdh.de\/side\/wp-content\/uploads\/2020\/10\/P1370759-1024x768.jpg\" alt=\"\" width=\"692\" height=\"518\" class=\"alignnone wp-image-15074\" srcset=\"https:\/\/www.kirche-sdh.de\/side\/wp-content\/uploads\/2020\/10\/P1370759-1024x768.jpg 1024w, https:\/\/www.kirche-sdh.de\/side\/wp-content\/uploads\/2020\/10\/P1370759-300x225.jpg 300w, https:\/\/www.kirche-sdh.de\/side\/wp-content\/uploads\/2020\/10\/P1370759-768x576.jpg 768w, https:\/\/www.kirche-sdh.de\/side\/wp-content\/uploads\/2020\/10\/P1370759-1536x1152.jpg 1536w, https:\/\/www.kirche-sdh.de\/side\/wp-content\/uploads\/2020\/10\/P1370759-2048x1536.jpg 2048w\" sizes=\"auto, (max-width: 692px) 100vw, 692px\" \/><\/p>\n<p>&nbsp;<\/p>\n<p>Pfarrer Eder salbte in mit Chrisam und entz\u00fcndete die Taufkerzen an der Osterkerze.<\/p>\n<p><img loading=\"lazy\" decoding=\"async\" src=\"https:\/\/www.kirche-sdh.de\/side\/wp-content\/uploads\/2020\/10\/P1370763-768x1024.jpg\" alt=\"\" width=\"203\" height=\"270\" class=\"alignnone wp-image-15073\" srcset=\"https:\/\/www.kirche-sdh.de\/side\/wp-content\/uploads\/2020\/10\/P1370763-768x1024.jpg 768w, https:\/\/www.kirche-sdh.de\/side\/wp-content\/uploads\/2020\/10\/P1370763-225x300.jpg 225w, https:\/\/www.kirche-sdh.de\/side\/wp-content\/uploads\/2020\/10\/P1370763-1152x1536.jpg 1152w, https:\/\/www.kirche-sdh.de\/side\/wp-content\/uploads\/2020\/10\/P1370763-1536x2048.jpg 1536w, https:\/\/www.kirche-sdh.de\/side\/wp-content\/uploads\/2020\/10\/P1370763-scaled.jpg 1920w\" sizes=\"auto, (max-width: 203px) 100vw, 203px\" \/><\/p>\n<p>Mit dem Effata Ruf bat er darum, dass ihm Gott Ohren und Mund \u00f6ffnen wolle. Musikalisch umrahmt wurde die Tauffeier von Claudia Babl und Rudi Zwicknagl.<\/p>\n<p><img loading=\"lazy\" decoding=\"async\" src=\"https:\/\/www.kirche-sdh.de\/side\/wp-content\/uploads\/2020\/10\/P1370774-1024x768.jpg\" alt=\"\" width=\"750\" height=\"563\" class=\"alignnone size-large wp-image-15072\" srcset=\"https:\/\/www.kirche-sdh.de\/side\/wp-content\/uploads\/2020\/10\/P1370774-1024x768.jpg 1024w, https:\/\/www.kirche-sdh.de\/side\/wp-content\/uploads\/2020\/10\/P1370774-300x225.jpg 300w, https:\/\/www.kirche-sdh.de\/side\/wp-content\/uploads\/2020\/10\/P1370774-768x576.jpg 768w, https:\/\/www.kirche-sdh.de\/side\/wp-content\/uploads\/2020\/10\/P1370774-1536x1152.jpg 1536w, https:\/\/www.kirche-sdh.de\/side\/wp-content\/uploads\/2020\/10\/P1370774.jpg 1600w\" sizes=\"auto, (max-width: 750px) 100vw, 750px\" \/><\/p>\n<p>&nbsp;<\/p>\n","protected":false},"excerpt":{"rendered":"<p>Josef B\u00f6sl in D\u00f6fering getauft Am Ernte Dank Fest wurde Josef B\u00f6sl in der Kirche St. \u00c4gidius in D\u00f6fering getauft. \u00a0Josef ist das erste Kind der Eheleute Josef und Theresa B\u00f6sl die vor zwei Jahren an gleicher Stelle geheiratet hatten. Der gew\u00e4hlte Termin an Ernte Dank passt sehr gut f\u00fcr [&hellip;]<\/p>\n","protected":false},"author":1,"featured_media":15072,"comment_status":"closed","ping_status":"closed","sticky":true,"template":"","format":"standard","meta":{"footnotes":""},"categories":[20,51],"tags":[],"class_list":["post-15071","post","type-post","status-publish","format-standard","has-post-thumbnail","hentry","category-doefering","category-schoenthal-doefering-hiltersried"],"yoast_head":"<!-- This site is optimized with the Yoast SEO plugin v27.5 - https:\/\/yoast.com\/product\/yoast-seo-wordpress\/ -->\n<title>Taufe von Josef B\u00f6sl in D\u00f6fering - Informationsseite und Seelsorgeeinheit<\/title>\n<meta name=\"robots\" content=\"index, follow, max-snippet:-1, max-image-preview:large, max-video-preview:-1\" \/>\n<link rel=\"canonical\" href=\"https:\/\/www.kirche-sdh.de\/side\/taufe-von-josef-boesl-in-doefering\/\" \/>\n<meta property=\"og:locale\" content=\"de_DE\" \/>\n<meta property=\"og:type\" content=\"article\" \/>\n<meta property=\"og:title\" content=\"Taufe von Josef B\u00f6sl in D\u00f6fering - Informationsseite und Seelsorgeeinheit\" \/>\n<meta property=\"og:description\" content=\"Josef B\u00f6sl in D\u00f6fering getauft Am Ernte Dank Fest wurde Josef B\u00f6sl in der Kirche St. \u00c4gidius in D\u00f6fering getauft. \u00a0Josef ist das erste Kind der Eheleute Josef und Theresa B\u00f6sl die vor zwei Jahren an gleicher Stelle geheiratet hatten. Der gew\u00e4hlte Termin an Ernte Dank passt sehr gut f\u00fcr [&hellip;]\" \/>\n<meta property=\"og:url\" content=\"https:\/\/www.kirche-sdh.de\/side\/taufe-von-josef-boesl-in-doefering\/\" \/>\n<meta property=\"og:site_name\" content=\"Informationsseite und Seelsorgeeinheit\" \/>\n<meta property=\"article:published_time\" content=\"2020-10-05T20:31:06+00:00\" \/>\n<meta property=\"article:modified_time\" content=\"2020-10-25T18:49:34+00:00\" \/>\n<meta property=\"og:image\" content=\"https:\/\/www.kirche-sdh.de\/side\/wp-content\/uploads\/2020\/10\/P1370774.jpg\" \/>\n\t<meta property=\"og:image:width\" content=\"1600\" \/>\n\t<meta property=\"og:image:height\" content=\"1200\" \/>\n\t<meta property=\"og:image:type\" content=\"image\/jpeg\" \/>\n<meta name=\"author\" content=\"Dirscherl\" \/>\n<meta name=\"twitter:card\" content=\"summary_large_image\" \/>\n<meta name=\"twitter:label1\" content=\"Verfasst von\" \/>\n\t<meta name=\"twitter:data1\" content=\"Dirscherl\" \/>\n\t<meta name=\"twitter:label2\" content=\"Gesch\u00e4tzte Lesezeit\" \/>\n\t<meta name=\"twitter:data2\" content=\"1\u00a0Minute\" \/>\n<script type=\"application\/ld+json\" class=\"yoast-schema-graph\">{\"@context\":\"https:\\\/\\\/schema.org\",\"@graph\":[{\"@type\":\"Article\",\"@id\":\"https:\\\/\\\/www.kirche-sdh.de\\\/side\\\/taufe-von-josef-boesl-in-doefering\\\/#article\",\"isPartOf\":{\"@id\":\"https:\\\/\\\/www.kirche-sdh.de\\\/side\\\/taufe-von-josef-boesl-in-doefering\\\/\"},\"author\":{\"name\":\"Dirscherl\",\"@id\":\"https:\\\/\\\/www.kirche-sdh.de\\\/side\\\/#\\\/schema\\\/person\\\/03813c96da9249c1923a325c77818b1a\"},\"headline\":\"Taufe von Josef B\u00f6sl in D\u00f6fering\",\"datePublished\":\"2020-10-05T20:31:06+00:00\",\"dateModified\":\"2020-10-25T18:49:34+00:00\",\"mainEntityOfPage\":{\"@id\":\"https:\\\/\\\/www.kirche-sdh.de\\\/side\\\/taufe-von-josef-boesl-in-doefering\\\/\"},\"wordCount\":291,\"publisher\":{\"@id\":\"https:\\\/\\\/www.kirche-sdh.de\\\/side\\\/#organization\"},\"image\":{\"@id\":\"https:\\\/\\\/www.kirche-sdh.de\\\/side\\\/taufe-von-josef-boesl-in-doefering\\\/#primaryimage\"},\"thumbnailUrl\":\"https:\\\/\\\/www.kirche-sdh.de\\\/side\\\/wp-content\\\/uploads\\\/2020\\\/10\\\/P1370774.jpg\",\"articleSection\":[\"D\u00f6fering\",\"Sch\u00f6nthal\\\/D\u00f6fering\\\/Hiltersried\"],\"inLanguage\":\"de\"},{\"@type\":\"WebPage\",\"@id\":\"https:\\\/\\\/www.kirche-sdh.de\\\/side\\\/taufe-von-josef-boesl-in-doefering\\\/\",\"url\":\"https:\\\/\\\/www.kirche-sdh.de\\\/side\\\/taufe-von-josef-boesl-in-doefering\\\/\",\"name\":\"Taufe von Josef B\u00f6sl in D\u00f6fering - Informationsseite und Seelsorgeeinheit\",\"isPartOf\":{\"@id\":\"https:\\\/\\\/www.kirche-sdh.de\\\/side\\\/#website\"},\"primaryImageOfPage\":{\"@id\":\"https:\\\/\\\/www.kirche-sdh.de\\\/side\\\/taufe-von-josef-boesl-in-doefering\\\/#primaryimage\"},\"image\":{\"@id\":\"https:\\\/\\\/www.kirche-sdh.de\\\/side\\\/taufe-von-josef-boesl-in-doefering\\\/#primaryimage\"},\"thumbnailUrl\":\"https:\\\/\\\/www.kirche-sdh.de\\\/side\\\/wp-content\\\/uploads\\\/2020\\\/10\\\/P1370774.jpg\",\"datePublished\":\"2020-10-05T20:31:06+00:00\",\"dateModified\":\"2020-10-25T18:49:34+00:00\",\"breadcrumb\":{\"@id\":\"https:\\\/\\\/www.kirche-sdh.de\\\/side\\\/taufe-von-josef-boesl-in-doefering\\\/#breadcrumb\"},\"inLanguage\":\"de\",\"potentialAction\":[{\"@type\":\"ReadAction\",\"target\":[\"https:\\\/\\\/www.kirche-sdh.de\\\/side\\\/taufe-von-josef-boesl-in-doefering\\\/\"]}]},{\"@type\":\"ImageObject\",\"inLanguage\":\"de\",\"@id\":\"https:\\\/\\\/www.kirche-sdh.de\\\/side\\\/taufe-von-josef-boesl-in-doefering\\\/#primaryimage\",\"url\":\"https:\\\/\\\/www.kirche-sdh.de\\\/side\\\/wp-content\\\/uploads\\\/2020\\\/10\\\/P1370774.jpg\",\"contentUrl\":\"https:\\\/\\\/www.kirche-sdh.de\\\/side\\\/wp-content\\\/uploads\\\/2020\\\/10\\\/P1370774.jpg\",\"width\":1600,\"height\":1200},{\"@type\":\"BreadcrumbList\",\"@id\":\"https:\\\/\\\/www.kirche-sdh.de\\\/side\\\/taufe-von-josef-boesl-in-doefering\\\/#breadcrumb\",\"itemListElement\":[{\"@type\":\"ListItem\",\"position\":1,\"name\":\"Startseite\",\"item\":\"https:\\\/\\\/www.kirche-sdh.de\\\/side\\\/\"},{\"@type\":\"ListItem\",\"position\":2,\"name\":\"Taufe von Josef B\u00f6sl in D\u00f6fering\"}]},{\"@type\":\"WebSite\",\"@id\":\"https:\\\/\\\/www.kirche-sdh.de\\\/side\\\/#website\",\"url\":\"https:\\\/\\\/www.kirche-sdh.de\\\/side\\\/\",\"name\":\"Informationsseite und Seelsorgeeinheit\",\"description\":\"Informationsseite und Seelsorgeeinheit\",\"publisher\":{\"@id\":\"https:\\\/\\\/www.kirche-sdh.de\\\/side\\\/#organization\"},\"potentialAction\":[{\"@type\":\"SearchAction\",\"target\":{\"@type\":\"EntryPoint\",\"urlTemplate\":\"https:\\\/\\\/www.kirche-sdh.de\\\/side\\\/?s={search_term_string}\"},\"query-input\":{\"@type\":\"PropertyValueSpecification\",\"valueRequired\":true,\"valueName\":\"search_term_string\"}}],\"inLanguage\":\"de\"},{\"@type\":\"Organization\",\"@id\":\"https:\\\/\\\/www.kirche-sdh.de\\\/side\\\/#organization\",\"name\":\"Informationsseite und Seelsorgeeinheit\",\"url\":\"https:\\\/\\\/www.kirche-sdh.de\\\/side\\\/\",\"logo\":{\"@type\":\"ImageObject\",\"inLanguage\":\"de\",\"@id\":\"https:\\\/\\\/www.kirche-sdh.de\\\/side\\\/#\\\/schema\\\/logo\\\/image\\\/\",\"url\":\"https:\\\/\\\/www.kirche-sdh.de\\\/side\\\/wp-content\\\/uploads\\\/2017\\\/12\\\/kirche-logos.png\",\"contentUrl\":\"https:\\\/\\\/www.kirche-sdh.de\\\/side\\\/wp-content\\\/uploads\\\/2017\\\/12\\\/kirche-logos.png\",\"width\":438,\"height\":191,\"caption\":\"Informationsseite und Seelsorgeeinheit\"},\"image\":{\"@id\":\"https:\\\/\\\/www.kirche-sdh.de\\\/side\\\/#\\\/schema\\\/logo\\\/image\\\/\"}},{\"@type\":\"Person\",\"@id\":\"https:\\\/\\\/www.kirche-sdh.de\\\/side\\\/#\\\/schema\\\/person\\\/03813c96da9249c1923a325c77818b1a\",\"name\":\"Dirscherl\",\"url\":\"https:\\\/\\\/www.kirche-sdh.de\\\/side\\\/author\\\/kirchesdh\\\/\"}]}<\/script>\n<!-- \/ Yoast SEO plugin. -->","yoast_head_json":{"title":"Taufe von Josef B\u00f6sl in D\u00f6fering - Informationsseite und Seelsorgeeinheit","robots":{"index":"index","follow":"follow","max-snippet":"max-snippet:-1","max-image-preview":"max-image-preview:large","max-video-preview":"max-video-preview:-1"},"canonical":"https:\/\/www.kirche-sdh.de\/side\/taufe-von-josef-boesl-in-doefering\/","og_locale":"de_DE","og_type":"article","og_title":"Taufe von Josef B\u00f6sl in D\u00f6fering - Informationsseite und Seelsorgeeinheit","og_description":"Josef B\u00f6sl in D\u00f6fering getauft Am Ernte Dank Fest wurde Josef B\u00f6sl in der Kirche St. \u00c4gidius in D\u00f6fering getauft. \u00a0Josef ist das erste Kind der Eheleute Josef und Theresa B\u00f6sl die vor zwei Jahren an gleicher Stelle geheiratet hatten. Der gew\u00e4hlte Termin an Ernte Dank passt sehr gut f\u00fcr [&hellip;]","og_url":"https:\/\/www.kirche-sdh.de\/side\/taufe-von-josef-boesl-in-doefering\/","og_site_name":"Informationsseite und Seelsorgeeinheit","article_published_time":"2020-10-05T20:31:06+00:00","article_modified_time":"2020-10-25T18:49:34+00:00","og_image":[{"width":1600,"height":1200,"url":"https:\/\/www.kirche-sdh.de\/side\/wp-content\/uploads\/2020\/10\/P1370774.jpg","type":"image\/jpeg"}],"author":"Dirscherl","twitter_card":"summary_large_image","twitter_misc":{"Verfasst von":"Dirscherl","Gesch\u00e4tzte Lesezeit":"1\u00a0Minute"},"schema":{"@context":"https:\/\/schema.org","@graph":[{"@type":"Article","@id":"https:\/\/www.kirche-sdh.de\/side\/taufe-von-josef-boesl-in-doefering\/#article","isPartOf":{"@id":"https:\/\/www.kirche-sdh.de\/side\/taufe-von-josef-boesl-in-doefering\/"},"author":{"name":"Dirscherl","@id":"https:\/\/www.kirche-sdh.de\/side\/#\/schema\/person\/03813c96da9249c1923a325c77818b1a"},"headline":"Taufe von Josef B\u00f6sl in D\u00f6fering","datePublished":"2020-10-05T20:31:06+00:00","dateModified":"2020-10-25T18:49:34+00:00","mainEntityOfPage":{"@id":"https:\/\/www.kirche-sdh.de\/side\/taufe-von-josef-boesl-in-doefering\/"},"wordCount":291,"publisher":{"@id":"https:\/\/www.kirche-sdh.de\/side\/#organization"},"image":{"@id":"https:\/\/www.kirche-sdh.de\/side\/taufe-von-josef-boesl-in-doefering\/#primaryimage"},"thumbnailUrl":"https:\/\/www.kirche-sdh.de\/side\/wp-content\/uploads\/2020\/10\/P1370774.jpg","articleSection":["D\u00f6fering","Sch\u00f6nthal\/D\u00f6fering\/Hiltersried"],"inLanguage":"de"},{"@type":"WebPage","@id":"https:\/\/www.kirche-sdh.de\/side\/taufe-von-josef-boesl-in-doefering\/","url":"https:\/\/www.kirche-sdh.de\/side\/taufe-von-josef-boesl-in-doefering\/","name":"Taufe von Josef B\u00f6sl in D\u00f6fering - Informationsseite und Seelsorgeeinheit","isPartOf":{"@id":"https:\/\/www.kirche-sdh.de\/side\/#website"},"primaryImageOfPage":{"@id":"https:\/\/www.kirche-sdh.de\/side\/taufe-von-josef-boesl-in-doefering\/#primaryimage"},"image":{"@id":"https:\/\/www.kirche-sdh.de\/side\/taufe-von-josef-boesl-in-doefering\/#primaryimage"},"thumbnailUrl":"https:\/\/www.kirche-sdh.de\/side\/wp-content\/uploads\/2020\/10\/P1370774.jpg","datePublished":"2020-10-05T20:31:06+00:00","dateModified":"2020-10-25T18:49:34+00:00","breadcrumb":{"@id":"https:\/\/www.kirche-sdh.de\/side\/taufe-von-josef-boesl-in-doefering\/#breadcrumb"},"inLanguage":"de","potentialAction":[{"@type":"ReadAction","target":["https:\/\/www.kirche-sdh.de\/side\/taufe-von-josef-boesl-in-doefering\/"]}]},{"@type":"ImageObject","inLanguage":"de","@id":"https:\/\/www.kirche-sdh.de\/side\/taufe-von-josef-boesl-in-doefering\/#primaryimage","url":"https:\/\/www.kirche-sdh.de\/side\/wp-content\/uploads\/2020\/10\/P1370774.jpg","contentUrl":"https:\/\/www.kirche-sdh.de\/side\/wp-content\/uploads\/2020\/10\/P1370774.jpg","width":1600,"height":1200},{"@type":"BreadcrumbList","@id":"https:\/\/www.kirche-sdh.de\/side\/taufe-von-josef-boesl-in-doefering\/#breadcrumb","itemListElement":[{"@type":"ListItem","position":1,"name":"Startseite","item":"https:\/\/www.kirche-sdh.de\/side\/"},{"@type":"ListItem","position":2,"name":"Taufe von Josef B\u00f6sl in D\u00f6fering"}]},{"@type":"WebSite","@id":"https:\/\/www.kirche-sdh.de\/side\/#website","url":"https:\/\/www.kirche-sdh.de\/side\/","name":"Informationsseite und Seelsorgeeinheit","description":"Informationsseite und Seelsorgeeinheit","publisher":{"@id":"https:\/\/www.kirche-sdh.de\/side\/#organization"},"potentialAction":[{"@type":"SearchAction","target":{"@type":"EntryPoint","urlTemplate":"https:\/\/www.kirche-sdh.de\/side\/?s={search_term_string}"},"query-input":{"@type":"PropertyValueSpecification","valueRequired":true,"valueName":"search_term_string"}}],"inLanguage":"de"},{"@type":"Organization","@id":"https:\/\/www.kirche-sdh.de\/side\/#organization","name":"Informationsseite und Seelsorgeeinheit","url":"https:\/\/www.kirche-sdh.de\/side\/","logo":{"@type":"ImageObject","inLanguage":"de","@id":"https:\/\/www.kirche-sdh.de\/side\/#\/schema\/logo\/image\/","url":"https:\/\/www.kirche-sdh.de\/side\/wp-content\/uploads\/2017\/12\/kirche-logos.png","contentUrl":"https:\/\/www.kirche-sdh.de\/side\/wp-content\/uploads\/2017\/12\/kirche-logos.png","width":438,"height":191,"caption":"Informationsseite und Seelsorgeeinheit"},"image":{"@id":"https:\/\/www.kirche-sdh.de\/side\/#\/schema\/logo\/image\/"}},{"@type":"Person","@id":"https:\/\/www.kirche-sdh.de\/side\/#\/schema\/person\/03813c96da9249c1923a325c77818b1a","name":"Dirscherl","url":"https:\/\/www.kirche-sdh.de\/side\/author\/kirchesdh\/"}]}},"_links":{"self":[{"href":"https:\/\/www.kirche-sdh.de\/side\/wp-json\/wp\/v2\/posts\/15071","targetHints":{"allow":["GET"]}}],"collection":[{"href":"https:\/\/www.kirche-sdh.de\/side\/wp-json\/wp\/v2\/posts"}],"about":[{"href":"https:\/\/www.kirche-sdh.de\/side\/wp-json\/wp\/v2\/types\/post"}],"author":[{"embeddable":true,"href":"https:\/\/www.kirche-sdh.de\/side\/wp-json\/wp\/v2\/users\/1"}],"replies":[{"embeddable":true,"href":"https:\/\/www.kirche-sdh.de\/side\/wp-json\/wp\/v2\/comments?post=15071"}],"version-history":[{"count":0,"href":"https:\/\/www.kirche-sdh.de\/side\/wp-json\/wp\/v2\/posts\/15071\/revisions"}],"wp:featuredmedia":[{"embeddable":true,"href":"https:\/\/www.kirche-sdh.de\/side\/wp-json\/wp\/v2\/media\/15072"}],"wp:attachment":[{"href":"https:\/\/www.kirche-sdh.de\/side\/wp-json\/wp\/v2\/media?parent=15071"}],"wp:term":[{"taxonomy":"category","embeddable":true,"href":"https:\/\/www.kirche-sdh.de\/side\/wp-json\/wp\/v2\/categories?post=15071"},{"taxonomy":"post_tag","embeddable":true,"href":"https:\/\/www.kirche-sdh.de\/side\/wp-json\/wp\/v2\/tags?post=15071"}],"curies":[{"name":"wp","href":"https:\/\/api.w.org\/{rel}","templated":true}]}}