{"id":14732,"date":"2020-09-15T22:05:51","date_gmt":"2020-09-15T20:05:51","guid":{"rendered":"https:\/\/www.kirche-sdh.de\/side\/?p=14732"},"modified":"2020-09-15T22:05:51","modified_gmt":"2020-09-15T20:05:51","slug":"festgottesdienst-zum-50-jaehrigen-gruendungsjubilaeum-des-ogv-doefering","status":"publish","type":"post","link":"https:\/\/www.kirche-sdh.de\/side\/festgottesdienst-zum-50-jaehrigen-gruendungsjubilaeum-des-ogv-doefering\/","title":{"rendered":"Festgottesdienst zum 50-j\u00e4hrigen Gr\u00fcndungsjubil\u00e4um des OGV D\u00f6fering"},"content":{"rendered":"<h1>Festgottesdienst zum 50-j\u00e4hrigen Gr\u00fcndungsjubil\u00e4um des Obst- und Gartenbauvereins D\u00f6fering<\/h1>\n<p>&nbsp;<\/p>\n<p>Nicht nur von anderen fordern, sondern selbst anpacken und neue Wege aufzeigen, so beschreibt Landrat Franz L\u00f6ffler in seinen Gru\u00dfworten den D\u00f6feringer Obst- und Gartenbauvereins in der Jubil\u00e4umsschrift, welche anl\u00e4sslich des 50-j\u00e4hrigen Bestehens erstellt wurde. Die Erfolgsgeschichte des Vereins begann am 13.02.1970 als sich 44 interessierte zur Gr\u00fcndungsversammlung im Gasthaus Eisenrieth auf Anregung des damaligen Kreisfachberaters Betz trafen. Aus den 44 Mitgliedern wurden \u00fcber die Jahre hinweg fast 200 begeisterte Mitglieder. \u00a0In Folge hat sich der OGV D\u00f6fering dann in den vergangenen Jahrzehnten zu einem wahren Gl\u00fcckfall f\u00fcr D\u00f6fering und die Umgebung entwickelt und hat sich dabei mit einem bunten Blumenstrau\u00df an Aktionen in die Dorfgemeinschaft eingebracht. Zu nennen w\u00e4ren zum Beispiel die Ortsversch\u00f6nerung, die Kinder- und Jugendarbeit und die Landschafts- und Heimatpflege. Aber auch Pflanz- und Pflegema\u00dfnahmen und diverse Vortragsveranstaltungen. Sofern die Natur mitspielte, wurde Obst gepresst und Kraut gehobelt. Nicht zuletzt wurden auch zahlreiche Vereinsausfl\u00fcge organisiert.<\/p>\n<p>M\u00fcsste man sich nicht mit den Folgen rund um die Coronapandemie und den damit verbundenen Abstandsgeboten und begrenzten Anzahlen von G\u00e4sten bei Veranstaltungen auseinandersetzen, h\u00e4tte es sicher, wie schon so oft, ein Gartenfest rund um die Flurbereinigungshalle gegeben. Bei Kaffee und Kuchen h\u00e4tte man die Geselligkeit gepflegt. \u00a0In diesen Zeiten ist jedoch leider vieles anders und so beschr\u00e4nkte man sich auf einen Festgottesdienst in der D\u00f6feringer St. \u00c4gidius Kirche.<\/p>\n<p>Den Gottesdienst begann man mit dann einem Gedenken an die verstorbenen Mitglieder. Dazu wurde am Seitenaltar eine Totentafel mit den Sterbebildern aufgestellt. Der D\u00f6feringer Ortsvertreter Rudi Kumschier, einer von insgesamt 5 Ortsvertretern der zum OGV D\u00f6fering zugeh\u00f6rigen D\u00f6rfer, \u00fcbernahm die Lesung.<\/p>\n<p>Seine Predigt begann Pfarrer Alfons Eder dann mit dem Rosenstrauch vor seinem Pfarrhof in Sch\u00f6nthal. An diesem Strauch finden sich gleichzeitig sch\u00f6ne, in der Bl\u00fcte stehende, aber auch schon vertrocknete Rosen. Die Natur zeigt uns dabei wie in einem Zeitraffer die Sch\u00f6nheit im Leben aber auch das Vergehen. Viele kennen vielleicht den Spruch:\u201c Dumme rennen, Kluge warten, Weise gehen in den Garten\u201c. Die weisen Mitglieder des OGV D\u00f6fering f\u00fchlen sich daher sicher sehr mit der Natur verbunden, so der Geistliche. \u00a0Dabei hilft die Natur zu entspannen und neue Gedanken zu bekommen. Die Natur hilft uns aber auch zu beten und macht unser Herz weit. Die Weisheit der Natur f\u00fchrt uns auch zur Weisheit des Sch\u00f6pfergottes.<img loading=\"lazy\" decoding=\"async\" src=\"https:\/\/www.kirche-sdh.de\/side\/wp-content\/uploads\/2020\/09\/Die-Natur-ist-ein-Zeitraffer-1024x768.jpg\" alt=\"\" width=\"806\" height=\"604\" class=\"alignnone wp-image-14734\" srcset=\"https:\/\/www.kirche-sdh.de\/side\/wp-content\/uploads\/2020\/09\/Die-Natur-ist-ein-Zeitraffer-1024x768.jpg 1024w, https:\/\/www.kirche-sdh.de\/side\/wp-content\/uploads\/2020\/09\/Die-Natur-ist-ein-Zeitraffer-300x225.jpg 300w, https:\/\/www.kirche-sdh.de\/side\/wp-content\/uploads\/2020\/09\/Die-Natur-ist-ein-Zeitraffer-768x576.jpg 768w, https:\/\/www.kirche-sdh.de\/side\/wp-content\/uploads\/2020\/09\/Die-Natur-ist-ein-Zeitraffer-1536x1152.jpg 1536w, https:\/\/www.kirche-sdh.de\/side\/wp-content\/uploads\/2020\/09\/Die-Natur-ist-ein-Zeitraffer-2048x1536.jpg 2048w\" sizes=\"auto, (max-width: 806px) 100vw, 806px\" \/><\/p>\n<p>Dann wurden die F\u00fcrbitten vorgetragen, die das leider verstorbene Mitglied, Josef Schneider, zum 40-j\u00e4hrigen Jubil\u00e4um des OGVs noch verfasst hatte.<\/p>\n<p>Vorsitzende Maria Schneider \u00fcbernahm dann die Laudatio zum Ehrentag. Besonders freute sie dabei, dass die Jubilare 50 Jahre dem OGV die treue gehalten hatten und auf vielf\u00e4ltige Weise gro\u00dfartiges vollbracht haben. Die Blumenpracht an den H\u00e4usern und Fenstern, die Pflanzungen im Rahmen der Ortsversch\u00f6nerung versch\u00f6nern noch heute das Ortsbild. Es wurden viele Triumphb\u00f6gen bei weltlichen und kirchlichen Feiern gebunden. In zahlreichen Arbeitseins\u00e4tzen zu Gunsten der Dorfgemeinschaft und der Pfarrei wurde ein wichtiger Beitrag geleistet. Viel Einsatz wurde auch beim Apfelpressen und den Krautaktionen gezeigt. Besonderer Dank ging an die Vereinsmitglieder, welche in letzter Zeit eine Vereinschronik in aufw\u00e4ndiger Detailarbeit erstellt hatten. Johanna Kumschier schm\u00fcckte die Kirche wieder festlich.<\/p>\n<p><img loading=\"lazy\" decoding=\"async\" src=\"https:\/\/www.kirche-sdh.de\/side\/wp-content\/uploads\/2020\/09\/Vorsitzende-Maria-Schneider-bei-der-Laudatio-768x1024.jpg\" alt=\"\" width=\"750\" height=\"1000\" class=\"alignnone size-large wp-image-14735\" srcset=\"https:\/\/www.kirche-sdh.de\/side\/wp-content\/uploads\/2020\/09\/Vorsitzende-Maria-Schneider-bei-der-Laudatio-768x1024.jpg 768w, https:\/\/www.kirche-sdh.de\/side\/wp-content\/uploads\/2020\/09\/Vorsitzende-Maria-Schneider-bei-der-Laudatio-225x300.jpg 225w, https:\/\/www.kirche-sdh.de\/side\/wp-content\/uploads\/2020\/09\/Vorsitzende-Maria-Schneider-bei-der-Laudatio-1152x1536.jpg 1152w, https:\/\/www.kirche-sdh.de\/side\/wp-content\/uploads\/2020\/09\/Vorsitzende-Maria-Schneider-bei-der-Laudatio-1536x2048.jpg 1536w, https:\/\/www.kirche-sdh.de\/side\/wp-content\/uploads\/2020\/09\/Vorsitzende-Maria-Schneider-bei-der-Laudatio-scaled.jpg 1920w\" sizes=\"auto, (max-width: 750px) 100vw, 750px\" \/><\/p>\n<p>15 Gr\u00fcndungsmitglieder wurden f\u00fcr 50-j\u00e4hrigen Mitgliedschaft mit einer \u201eGoldenen Ehrennadel\u201c samt Urkunde vom Landesverband sowie einer Vereinschronik \u00a0geehrt:<\/p>\n<p>Danzer Josef (D\u00f6fering)<\/p>\n<p>Decker Betty<\/p>\n<p>Gschwendtner Maria<\/p>\n<p>Hupf Konrad<\/p>\n<p>Kumschier Rudi<\/p>\n<p>Nagler Resi<\/p>\n<p>Rohrm\u00fcller Anna und Max<\/p>\n<p>Schr\u00f6pfer Johann<\/p>\n<p>Stautner Michael<\/p>\n<p>Zwicknagl Barbara<\/p>\n<p>Br\u00fcckl Ludwig (Haschaberg)<\/p>\n<p>Liebl Hilde<\/p>\n<p>Lubinski Marlene<\/p>\n<p>Nagler Theo<\/p>\n<p>Rudi Zwicknagl mit seiner Bl\u00e4sergruppe \u00fcbernahm festlich die musikalische Gestaltung des Gottesdienstes und somit auch den feierlichen Auszug mit dem Te Deum Prelude.<img loading=\"lazy\" decoding=\"async\" src=\"https:\/\/www.kirche-sdh.de\/side\/wp-content\/uploads\/2020\/09\/Die-geehrten-Gr\u00fcndungsmitglieder-1024x632.jpg\" alt=\"\" width=\"750\" height=\"463\" class=\"alignnone size-large wp-image-14733\" srcset=\"https:\/\/www.kirche-sdh.de\/side\/wp-content\/uploads\/2020\/09\/Die-geehrten-Gr\u00fcndungsmitglieder-1024x632.jpg 1024w, https:\/\/www.kirche-sdh.de\/side\/wp-content\/uploads\/2020\/09\/Die-geehrten-Gr\u00fcndungsmitglieder-300x185.jpg 300w, https:\/\/www.kirche-sdh.de\/side\/wp-content\/uploads\/2020\/09\/Die-geehrten-Gr\u00fcndungsmitglieder-768x474.jpg 768w, https:\/\/www.kirche-sdh.de\/side\/wp-content\/uploads\/2020\/09\/Die-geehrten-Gr\u00fcndungsmitglieder-1536x949.jpg 1536w, https:\/\/www.kirche-sdh.de\/side\/wp-content\/uploads\/2020\/09\/Die-geehrten-Gr\u00fcndungsmitglieder-2048x1265.jpg 2048w\" sizes=\"auto, (max-width: 750px) 100vw, 750px\" \/><\/p>\n","protected":false},"excerpt":{"rendered":"<p>Festgottesdienst zum 50-j\u00e4hrigen Gr\u00fcndungsjubil\u00e4um des Obst- und Gartenbauvereins D\u00f6fering &nbsp; Nicht nur von anderen fordern, sondern selbst anpacken und neue Wege aufzeigen, so beschreibt Landrat Franz L\u00f6ffler in seinen Gru\u00dfworten den D\u00f6feringer Obst- und Gartenbauvereins in der Jubil\u00e4umsschrift, welche anl\u00e4sslich des 50-j\u00e4hrigen Bestehens erstellt wurde. Die Erfolgsgeschichte des Vereins begann [&hellip;]<\/p>\n","protected":false},"author":1,"featured_media":14733,"comment_status":"closed","ping_status":"closed","sticky":true,"template":"","format":"standard","meta":{"footnotes":""},"categories":[20],"tags":[],"class_list":["post-14732","post","type-post","status-publish","format-standard","has-post-thumbnail","hentry","category-doefering"],"yoast_head":"<!-- This site is optimized with the Yoast SEO plugin v27.5 - https:\/\/yoast.com\/product\/yoast-seo-wordpress\/ -->\n<title>Festgottesdienst zum 50-j\u00e4hrigen Gr\u00fcndungsjubil\u00e4um des OGV D\u00f6fering - Informationsseite und Seelsorgeeinheit<\/title>\n<meta name=\"robots\" content=\"index, follow, max-snippet:-1, max-image-preview:large, max-video-preview:-1\" \/>\n<link rel=\"canonical\" href=\"https:\/\/www.kirche-sdh.de\/side\/festgottesdienst-zum-50-jaehrigen-gruendungsjubilaeum-des-ogv-doefering\/\" \/>\n<meta property=\"og:locale\" content=\"de_DE\" \/>\n<meta property=\"og:type\" content=\"article\" \/>\n<meta property=\"og:title\" content=\"Festgottesdienst zum 50-j\u00e4hrigen Gr\u00fcndungsjubil\u00e4um des OGV D\u00f6fering - Informationsseite und Seelsorgeeinheit\" \/>\n<meta property=\"og:description\" content=\"Festgottesdienst zum 50-j\u00e4hrigen Gr\u00fcndungsjubil\u00e4um des Obst- und Gartenbauvereins D\u00f6fering &nbsp; Nicht nur von anderen fordern, sondern selbst anpacken und neue Wege aufzeigen, so beschreibt Landrat Franz L\u00f6ffler in seinen Gru\u00dfworten den D\u00f6feringer Obst- und Gartenbauvereins in der Jubil\u00e4umsschrift, welche anl\u00e4sslich des 50-j\u00e4hrigen Bestehens erstellt wurde. Die Erfolgsgeschichte des Vereins begann [&hellip;]\" \/>\n<meta property=\"og:url\" content=\"https:\/\/www.kirche-sdh.de\/side\/festgottesdienst-zum-50-jaehrigen-gruendungsjubilaeum-des-ogv-doefering\/\" \/>\n<meta property=\"og:site_name\" content=\"Informationsseite und Seelsorgeeinheit\" \/>\n<meta property=\"article:published_time\" content=\"2020-09-15T20:05:51+00:00\" \/>\n<meta property=\"og:image\" content=\"https:\/\/www.kirche-sdh.de\/side\/wp-content\/uploads\/2020\/09\/Die-geehrten-Gr\u00fcndungsmitglieder-scaled.jpg\" \/>\n\t<meta property=\"og:image:width\" content=\"2560\" \/>\n\t<meta property=\"og:image:height\" content=\"1581\" \/>\n\t<meta property=\"og:image:type\" content=\"image\/jpeg\" \/>\n<meta name=\"author\" content=\"Dirscherl\" \/>\n<meta name=\"twitter:card\" content=\"summary_large_image\" \/>\n<meta name=\"twitter:label1\" content=\"Verfasst von\" \/>\n\t<meta name=\"twitter:data1\" content=\"Dirscherl\" \/>\n\t<meta name=\"twitter:label2\" content=\"Gesch\u00e4tzte Lesezeit\" \/>\n\t<meta name=\"twitter:data2\" content=\"3\u00a0Minuten\" \/>\n<script type=\"application\/ld+json\" class=\"yoast-schema-graph\">{\"@context\":\"https:\\\/\\\/schema.org\",\"@graph\":[{\"@type\":\"Article\",\"@id\":\"https:\\\/\\\/www.kirche-sdh.de\\\/side\\\/festgottesdienst-zum-50-jaehrigen-gruendungsjubilaeum-des-ogv-doefering\\\/#article\",\"isPartOf\":{\"@id\":\"https:\\\/\\\/www.kirche-sdh.de\\\/side\\\/festgottesdienst-zum-50-jaehrigen-gruendungsjubilaeum-des-ogv-doefering\\\/\"},\"author\":{\"name\":\"Dirscherl\",\"@id\":\"https:\\\/\\\/www.kirche-sdh.de\\\/side\\\/#\\\/schema\\\/person\\\/03813c96da9249c1923a325c77818b1a\"},\"headline\":\"Festgottesdienst zum 50-j\u00e4hrigen Gr\u00fcndungsjubil\u00e4um des OGV D\u00f6fering\",\"datePublished\":\"2020-09-15T20:05:51+00:00\",\"mainEntityOfPage\":{\"@id\":\"https:\\\/\\\/www.kirche-sdh.de\\\/side\\\/festgottesdienst-zum-50-jaehrigen-gruendungsjubilaeum-des-ogv-doefering\\\/\"},\"wordCount\":645,\"publisher\":{\"@id\":\"https:\\\/\\\/www.kirche-sdh.de\\\/side\\\/#organization\"},\"image\":{\"@id\":\"https:\\\/\\\/www.kirche-sdh.de\\\/side\\\/festgottesdienst-zum-50-jaehrigen-gruendungsjubilaeum-des-ogv-doefering\\\/#primaryimage\"},\"thumbnailUrl\":\"https:\\\/\\\/www.kirche-sdh.de\\\/side\\\/wp-content\\\/uploads\\\/2020\\\/09\\\/Die-geehrten-Gr\u00fcndungsmitglieder-scaled.jpg\",\"articleSection\":[\"D\u00f6fering\"],\"inLanguage\":\"de\"},{\"@type\":\"WebPage\",\"@id\":\"https:\\\/\\\/www.kirche-sdh.de\\\/side\\\/festgottesdienst-zum-50-jaehrigen-gruendungsjubilaeum-des-ogv-doefering\\\/\",\"url\":\"https:\\\/\\\/www.kirche-sdh.de\\\/side\\\/festgottesdienst-zum-50-jaehrigen-gruendungsjubilaeum-des-ogv-doefering\\\/\",\"name\":\"Festgottesdienst zum 50-j\u00e4hrigen Gr\u00fcndungsjubil\u00e4um des OGV D\u00f6fering - Informationsseite und Seelsorgeeinheit\",\"isPartOf\":{\"@id\":\"https:\\\/\\\/www.kirche-sdh.de\\\/side\\\/#website\"},\"primaryImageOfPage\":{\"@id\":\"https:\\\/\\\/www.kirche-sdh.de\\\/side\\\/festgottesdienst-zum-50-jaehrigen-gruendungsjubilaeum-des-ogv-doefering\\\/#primaryimage\"},\"image\":{\"@id\":\"https:\\\/\\\/www.kirche-sdh.de\\\/side\\\/festgottesdienst-zum-50-jaehrigen-gruendungsjubilaeum-des-ogv-doefering\\\/#primaryimage\"},\"thumbnailUrl\":\"https:\\\/\\\/www.kirche-sdh.de\\\/side\\\/wp-content\\\/uploads\\\/2020\\\/09\\\/Die-geehrten-Gr\u00fcndungsmitglieder-scaled.jpg\",\"datePublished\":\"2020-09-15T20:05:51+00:00\",\"breadcrumb\":{\"@id\":\"https:\\\/\\\/www.kirche-sdh.de\\\/side\\\/festgottesdienst-zum-50-jaehrigen-gruendungsjubilaeum-des-ogv-doefering\\\/#breadcrumb\"},\"inLanguage\":\"de\",\"potentialAction\":[{\"@type\":\"ReadAction\",\"target\":[\"https:\\\/\\\/www.kirche-sdh.de\\\/side\\\/festgottesdienst-zum-50-jaehrigen-gruendungsjubilaeum-des-ogv-doefering\\\/\"]}]},{\"@type\":\"ImageObject\",\"inLanguage\":\"de\",\"@id\":\"https:\\\/\\\/www.kirche-sdh.de\\\/side\\\/festgottesdienst-zum-50-jaehrigen-gruendungsjubilaeum-des-ogv-doefering\\\/#primaryimage\",\"url\":\"https:\\\/\\\/www.kirche-sdh.de\\\/side\\\/wp-content\\\/uploads\\\/2020\\\/09\\\/Die-geehrten-Gr\u00fcndungsmitglieder-scaled.jpg\",\"contentUrl\":\"https:\\\/\\\/www.kirche-sdh.de\\\/side\\\/wp-content\\\/uploads\\\/2020\\\/09\\\/Die-geehrten-Gr\u00fcndungsmitglieder-scaled.jpg\",\"width\":2560,\"height\":1581},{\"@type\":\"BreadcrumbList\",\"@id\":\"https:\\\/\\\/www.kirche-sdh.de\\\/side\\\/festgottesdienst-zum-50-jaehrigen-gruendungsjubilaeum-des-ogv-doefering\\\/#breadcrumb\",\"itemListElement\":[{\"@type\":\"ListItem\",\"position\":1,\"name\":\"Startseite\",\"item\":\"https:\\\/\\\/www.kirche-sdh.de\\\/side\\\/\"},{\"@type\":\"ListItem\",\"position\":2,\"name\":\"Festgottesdienst zum 50-j\u00e4hrigen Gr\u00fcndungsjubil\u00e4um des OGV D\u00f6fering\"}]},{\"@type\":\"WebSite\",\"@id\":\"https:\\\/\\\/www.kirche-sdh.de\\\/side\\\/#website\",\"url\":\"https:\\\/\\\/www.kirche-sdh.de\\\/side\\\/\",\"name\":\"Informationsseite und Seelsorgeeinheit\",\"description\":\"Informationsseite und Seelsorgeeinheit\",\"publisher\":{\"@id\":\"https:\\\/\\\/www.kirche-sdh.de\\\/side\\\/#organization\"},\"potentialAction\":[{\"@type\":\"SearchAction\",\"target\":{\"@type\":\"EntryPoint\",\"urlTemplate\":\"https:\\\/\\\/www.kirche-sdh.de\\\/side\\\/?s={search_term_string}\"},\"query-input\":{\"@type\":\"PropertyValueSpecification\",\"valueRequired\":true,\"valueName\":\"search_term_string\"}}],\"inLanguage\":\"de\"},{\"@type\":\"Organization\",\"@id\":\"https:\\\/\\\/www.kirche-sdh.de\\\/side\\\/#organization\",\"name\":\"Informationsseite und Seelsorgeeinheit\",\"url\":\"https:\\\/\\\/www.kirche-sdh.de\\\/side\\\/\",\"logo\":{\"@type\":\"ImageObject\",\"inLanguage\":\"de\",\"@id\":\"https:\\\/\\\/www.kirche-sdh.de\\\/side\\\/#\\\/schema\\\/logo\\\/image\\\/\",\"url\":\"https:\\\/\\\/www.kirche-sdh.de\\\/side\\\/wp-content\\\/uploads\\\/2017\\\/12\\\/kirche-logos.png\",\"contentUrl\":\"https:\\\/\\\/www.kirche-sdh.de\\\/side\\\/wp-content\\\/uploads\\\/2017\\\/12\\\/kirche-logos.png\",\"width\":438,\"height\":191,\"caption\":\"Informationsseite und Seelsorgeeinheit\"},\"image\":{\"@id\":\"https:\\\/\\\/www.kirche-sdh.de\\\/side\\\/#\\\/schema\\\/logo\\\/image\\\/\"}},{\"@type\":\"Person\",\"@id\":\"https:\\\/\\\/www.kirche-sdh.de\\\/side\\\/#\\\/schema\\\/person\\\/03813c96da9249c1923a325c77818b1a\",\"name\":\"Dirscherl\",\"url\":\"https:\\\/\\\/www.kirche-sdh.de\\\/side\\\/author\\\/kirchesdh\\\/\"}]}<\/script>\n<!-- \/ Yoast SEO plugin. -->","yoast_head_json":{"title":"Festgottesdienst zum 50-j\u00e4hrigen Gr\u00fcndungsjubil\u00e4um des OGV D\u00f6fering - Informationsseite und Seelsorgeeinheit","robots":{"index":"index","follow":"follow","max-snippet":"max-snippet:-1","max-image-preview":"max-image-preview:large","max-video-preview":"max-video-preview:-1"},"canonical":"https:\/\/www.kirche-sdh.de\/side\/festgottesdienst-zum-50-jaehrigen-gruendungsjubilaeum-des-ogv-doefering\/","og_locale":"de_DE","og_type":"article","og_title":"Festgottesdienst zum 50-j\u00e4hrigen Gr\u00fcndungsjubil\u00e4um des OGV D\u00f6fering - Informationsseite und Seelsorgeeinheit","og_description":"Festgottesdienst zum 50-j\u00e4hrigen Gr\u00fcndungsjubil\u00e4um des Obst- und Gartenbauvereins D\u00f6fering &nbsp; Nicht nur von anderen fordern, sondern selbst anpacken und neue Wege aufzeigen, so beschreibt Landrat Franz L\u00f6ffler in seinen Gru\u00dfworten den D\u00f6feringer Obst- und Gartenbauvereins in der Jubil\u00e4umsschrift, welche anl\u00e4sslich des 50-j\u00e4hrigen Bestehens erstellt wurde. Die Erfolgsgeschichte des Vereins begann [&hellip;]","og_url":"https:\/\/www.kirche-sdh.de\/side\/festgottesdienst-zum-50-jaehrigen-gruendungsjubilaeum-des-ogv-doefering\/","og_site_name":"Informationsseite und Seelsorgeeinheit","article_published_time":"2020-09-15T20:05:51+00:00","og_image":[{"width":2560,"height":1581,"url":"https:\/\/www.kirche-sdh.de\/side\/wp-content\/uploads\/2020\/09\/Die-geehrten-Gr\u00fcndungsmitglieder-scaled.jpg","type":"image\/jpeg"}],"author":"Dirscherl","twitter_card":"summary_large_image","twitter_misc":{"Verfasst von":"Dirscherl","Gesch\u00e4tzte Lesezeit":"3\u00a0Minuten"},"schema":{"@context":"https:\/\/schema.org","@graph":[{"@type":"Article","@id":"https:\/\/www.kirche-sdh.de\/side\/festgottesdienst-zum-50-jaehrigen-gruendungsjubilaeum-des-ogv-doefering\/#article","isPartOf":{"@id":"https:\/\/www.kirche-sdh.de\/side\/festgottesdienst-zum-50-jaehrigen-gruendungsjubilaeum-des-ogv-doefering\/"},"author":{"name":"Dirscherl","@id":"https:\/\/www.kirche-sdh.de\/side\/#\/schema\/person\/03813c96da9249c1923a325c77818b1a"},"headline":"Festgottesdienst zum 50-j\u00e4hrigen Gr\u00fcndungsjubil\u00e4um des OGV D\u00f6fering","datePublished":"2020-09-15T20:05:51+00:00","mainEntityOfPage":{"@id":"https:\/\/www.kirche-sdh.de\/side\/festgottesdienst-zum-50-jaehrigen-gruendungsjubilaeum-des-ogv-doefering\/"},"wordCount":645,"publisher":{"@id":"https:\/\/www.kirche-sdh.de\/side\/#organization"},"image":{"@id":"https:\/\/www.kirche-sdh.de\/side\/festgottesdienst-zum-50-jaehrigen-gruendungsjubilaeum-des-ogv-doefering\/#primaryimage"},"thumbnailUrl":"https:\/\/www.kirche-sdh.de\/side\/wp-content\/uploads\/2020\/09\/Die-geehrten-Gr\u00fcndungsmitglieder-scaled.jpg","articleSection":["D\u00f6fering"],"inLanguage":"de"},{"@type":"WebPage","@id":"https:\/\/www.kirche-sdh.de\/side\/festgottesdienst-zum-50-jaehrigen-gruendungsjubilaeum-des-ogv-doefering\/","url":"https:\/\/www.kirche-sdh.de\/side\/festgottesdienst-zum-50-jaehrigen-gruendungsjubilaeum-des-ogv-doefering\/","name":"Festgottesdienst zum 50-j\u00e4hrigen Gr\u00fcndungsjubil\u00e4um des OGV D\u00f6fering - Informationsseite und Seelsorgeeinheit","isPartOf":{"@id":"https:\/\/www.kirche-sdh.de\/side\/#website"},"primaryImageOfPage":{"@id":"https:\/\/www.kirche-sdh.de\/side\/festgottesdienst-zum-50-jaehrigen-gruendungsjubilaeum-des-ogv-doefering\/#primaryimage"},"image":{"@id":"https:\/\/www.kirche-sdh.de\/side\/festgottesdienst-zum-50-jaehrigen-gruendungsjubilaeum-des-ogv-doefering\/#primaryimage"},"thumbnailUrl":"https:\/\/www.kirche-sdh.de\/side\/wp-content\/uploads\/2020\/09\/Die-geehrten-Gr\u00fcndungsmitglieder-scaled.jpg","datePublished":"2020-09-15T20:05:51+00:00","breadcrumb":{"@id":"https:\/\/www.kirche-sdh.de\/side\/festgottesdienst-zum-50-jaehrigen-gruendungsjubilaeum-des-ogv-doefering\/#breadcrumb"},"inLanguage":"de","potentialAction":[{"@type":"ReadAction","target":["https:\/\/www.kirche-sdh.de\/side\/festgottesdienst-zum-50-jaehrigen-gruendungsjubilaeum-des-ogv-doefering\/"]}]},{"@type":"ImageObject","inLanguage":"de","@id":"https:\/\/www.kirche-sdh.de\/side\/festgottesdienst-zum-50-jaehrigen-gruendungsjubilaeum-des-ogv-doefering\/#primaryimage","url":"https:\/\/www.kirche-sdh.de\/side\/wp-content\/uploads\/2020\/09\/Die-geehrten-Gr\u00fcndungsmitglieder-scaled.jpg","contentUrl":"https:\/\/www.kirche-sdh.de\/side\/wp-content\/uploads\/2020\/09\/Die-geehrten-Gr\u00fcndungsmitglieder-scaled.jpg","width":2560,"height":1581},{"@type":"BreadcrumbList","@id":"https:\/\/www.kirche-sdh.de\/side\/festgottesdienst-zum-50-jaehrigen-gruendungsjubilaeum-des-ogv-doefering\/#breadcrumb","itemListElement":[{"@type":"ListItem","position":1,"name":"Startseite","item":"https:\/\/www.kirche-sdh.de\/side\/"},{"@type":"ListItem","position":2,"name":"Festgottesdienst zum 50-j\u00e4hrigen Gr\u00fcndungsjubil\u00e4um des OGV D\u00f6fering"}]},{"@type":"WebSite","@id":"https:\/\/www.kirche-sdh.de\/side\/#website","url":"https:\/\/www.kirche-sdh.de\/side\/","name":"Informationsseite und Seelsorgeeinheit","description":"Informationsseite und Seelsorgeeinheit","publisher":{"@id":"https:\/\/www.kirche-sdh.de\/side\/#organization"},"potentialAction":[{"@type":"SearchAction","target":{"@type":"EntryPoint","urlTemplate":"https:\/\/www.kirche-sdh.de\/side\/?s={search_term_string}"},"query-input":{"@type":"PropertyValueSpecification","valueRequired":true,"valueName":"search_term_string"}}],"inLanguage":"de"},{"@type":"Organization","@id":"https:\/\/www.kirche-sdh.de\/side\/#organization","name":"Informationsseite und Seelsorgeeinheit","url":"https:\/\/www.kirche-sdh.de\/side\/","logo":{"@type":"ImageObject","inLanguage":"de","@id":"https:\/\/www.kirche-sdh.de\/side\/#\/schema\/logo\/image\/","url":"https:\/\/www.kirche-sdh.de\/side\/wp-content\/uploads\/2017\/12\/kirche-logos.png","contentUrl":"https:\/\/www.kirche-sdh.de\/side\/wp-content\/uploads\/2017\/12\/kirche-logos.png","width":438,"height":191,"caption":"Informationsseite und Seelsorgeeinheit"},"image":{"@id":"https:\/\/www.kirche-sdh.de\/side\/#\/schema\/logo\/image\/"}},{"@type":"Person","@id":"https:\/\/www.kirche-sdh.de\/side\/#\/schema\/person\/03813c96da9249c1923a325c77818b1a","name":"Dirscherl","url":"https:\/\/www.kirche-sdh.de\/side\/author\/kirchesdh\/"}]}},"_links":{"self":[{"href":"https:\/\/www.kirche-sdh.de\/side\/wp-json\/wp\/v2\/posts\/14732","targetHints":{"allow":["GET"]}}],"collection":[{"href":"https:\/\/www.kirche-sdh.de\/side\/wp-json\/wp\/v2\/posts"}],"about":[{"href":"https:\/\/www.kirche-sdh.de\/side\/wp-json\/wp\/v2\/types\/post"}],"author":[{"embeddable":true,"href":"https:\/\/www.kirche-sdh.de\/side\/wp-json\/wp\/v2\/users\/1"}],"replies":[{"embeddable":true,"href":"https:\/\/www.kirche-sdh.de\/side\/wp-json\/wp\/v2\/comments?post=14732"}],"version-history":[{"count":0,"href":"https:\/\/www.kirche-sdh.de\/side\/wp-json\/wp\/v2\/posts\/14732\/revisions"}],"wp:featuredmedia":[{"embeddable":true,"href":"https:\/\/www.kirche-sdh.de\/side\/wp-json\/wp\/v2\/media\/14733"}],"wp:attachment":[{"href":"https:\/\/www.kirche-sdh.de\/side\/wp-json\/wp\/v2\/media?parent=14732"}],"wp:term":[{"taxonomy":"category","embeddable":true,"href":"https:\/\/www.kirche-sdh.de\/side\/wp-json\/wp\/v2\/categories?post=14732"},{"taxonomy":"post_tag","embeddable":true,"href":"https:\/\/www.kirche-sdh.de\/side\/wp-json\/wp\/v2\/tags?post=14732"}],"curies":[{"name":"wp","href":"https:\/\/api.w.org\/{rel}","templated":true}]}}