{"id":11497,"date":"2020-02-26T18:13:38","date_gmt":"2020-02-26T17:13:38","guid":{"rendered":"https:\/\/www.kirche-sdh.de\/side\/?p=11497"},"modified":"2020-02-26T18:14:44","modified_gmt":"2020-02-26T17:14:44","slug":"dank-fuer-geleistete-dienste","status":"publish","type":"post","link":"https:\/\/www.kirche-sdh.de\/side\/dank-fuer-geleistete-dienste\/","title":{"rendered":"Dank f\u00fcr geleistete Dienste"},"content":{"rendered":"<p><strong>Jahresabschluss der Pfarrei Sch\u00f6nthal \u2013 Kirchenrenovierung l\u00e4sst auf sich warten<\/strong><\/p>\n<p><strong>Sch\u00f6nthal.<\/strong> Als Dank f\u00fcr die im vergangenen Jahr geleistete Mitarbeit in der Pfarrgemeinde Sch\u00f6nthal waren alle kirchlichen Gremien und ehrenamtlichen Helfer der Pfarrei zu einem gemeinsamen Jahresabschlussessen in das Gasthaus Klostersch\u00e4nke eingeladen. Neben dem Dank stand auch der Jahresr\u00fcckblick von Seiten des Pfarrgemeinderates und der Kirchenverwaltung an. Kirchenpfleger Martin Zangl nutzte die Gelegenheit, \u00fcber die sich seit vielen Jahr verz\u00f6gernde Kirchenrenovierung zu informieren<\/p>\n<p><img loading=\"lazy\" decoding=\"async\" width=\"2560\" height=\"1707\" class=\"aligncenter size-full wp-image-11498\" alt=\"\" src=\"https:\/\/www.kirche-sdh.de\/side\/wp-content\/uploads\/2020\/02\/IMG_4587-scaled.jpg\" srcset=\"https:\/\/www.kirche-sdh.de\/side\/wp-content\/uploads\/2020\/02\/IMG_4587-scaled.jpg 2560w, https:\/\/www.kirche-sdh.de\/side\/wp-content\/uploads\/2020\/02\/IMG_4587-300x200.jpg 300w, https:\/\/www.kirche-sdh.de\/side\/wp-content\/uploads\/2020\/02\/IMG_4587-1024x683.jpg 1024w, https:\/\/www.kirche-sdh.de\/side\/wp-content\/uploads\/2020\/02\/IMG_4587-768x512.jpg 768w, https:\/\/www.kirche-sdh.de\/side\/wp-content\/uploads\/2020\/02\/IMG_4587-1536x1024.jpg 1536w, https:\/\/www.kirche-sdh.de\/side\/wp-content\/uploads\/2020\/02\/IMG_4587-2048x1365.jpg 2048w, https:\/\/www.kirche-sdh.de\/side\/wp-content\/uploads\/2020\/02\/IMG_4587-360x240.jpg 360w\" sizes=\"auto, (max-width: 2560px) 100vw, 2560px\" \/>Pfarrer Eder er\u00f6ffnete offiziell die Veranstaltung und begr\u00fc\u00dfte die rund 60 G\u00e4ste. Als besonderen Gast durfte Eder das Mitglied des di\u00f6zesanen Steuerausschusses Klaus Hofbauer willkommen hei\u00dfen. Hofbauer vermittelt f\u00fcr die Pfarrgemeinde seit letztem Jahr zwischen der Di\u00f6zese und dem zust\u00e4ndigen Kultusministerium bez\u00fcglich der Kirchenrenovierung. Allen in der Pfarrgemeinde t\u00e4tigen Ehrenamtlichen dankte Eder f\u00fcr den tatkr\u00e4ftigen Einsatz und das Engagement in allen kirchlichen Belangen. Diesem Dank schlossen sich Pfarrgemeinderatssprecher Maximilian Ruhland und Kirchenpfleger Martin Zangl gerne an. Mit einer Fotopr\u00e4sentation f\u00fchrten Maximilian Ruhland f\u00fcr den Pfarrgemeinderat und Martin Zangl f\u00fcr die Kirchenverwaltung die wesentlichen Inhalte und kirchlichen Feste des vergangenen Jahres aus.<\/p>\n<p>Der Pfarrgemeinderat veranstaltete ein Fastensuppenessen zu Gunsten der Hilfsorganisation \u201eFilipa\u201c, bewirtete Brautpaare, die am Ehevorbereitungsseminar in Sch\u00f6nthal teilgenommen haben, mit Kaffee und Kuchen und nahm die Pfingstwallfahrer nach ihrer R\u00fcckkehr in Sch\u00f6nthal im Pfarrgarten in Empfang. Zum zweiten Mal gestaltete der Pfarrgemeinderat einen Altar f\u00fcr das Fronleichnamsfest. Mit Familiengottesdiensten und der Kinderkrippenfeier bereicherte das Liturgieteam die Gottesdienstfeiern und leistete wieder wertvolle Kinder- und Jugendarbeit. Gemeinsam wurde mit den Pfarreien D\u00f6fering und Hiltersried im Kloster Mallersdorf das Franziskusfest gefeiert.<\/p>\n<p>Kirchenpfleger Martin Zangl berichtete dar\u00fcber hinaus von allen wichtigen kirchlichen Jahresereignissen. Dazu z\u00e4hlten unter anderem das Sebastiansfest, die Hochfeste Ostern, Pfingsten, Fronleichnam und Weihnachten sowie das Patrozinium und das Erntedankfest. Fotos vom Ministrantenkegeln, dem Ministrantenausflug zu den Bavaria Filmstudios sowie vom gemeinsamen Adventskonzert des Sch\u00f6nthaler Kirchenchores mit dem Akkordeonorchester geh\u00f6rten ebenfalls dazu. Besonders hob Zangl die Verabschiedung des Mesnerehepaares Edeltraud und Rudi Gilch, die Begr\u00fc\u00dfung der neuen Mesnerin Monika Fries sowie das Jubil\u00e4um zum 25-j\u00e4hrigen Bestehen der Pfarr- und Gemeindeb\u00fccherei und Auszeichnung der ehrenamtlichen Leiterin Inge Haberl hervor. Haberl leitet die B\u00fccherei seit Bestehen.<\/p>\n<p>Zusammen mit dem OGV und dem Frauenbund Sch\u00f6nthal sowie einigen flei\u00dfigen Helfern war man wie in jedem Jahr bei einem Arbeitseinsatz im Gartenbereich rund um die Pfarrkirche und den Pfarrhof aktiv. Die Mauer um den Pfarrgarten wurde mit vielen flei\u00dfigen Helfern ausgebessert und neu gestrichen. Hier steht im Jahr 2020 noch ein zweiter Anstrich an. Daf\u00fcr, wie auch f\u00fcr den Arbeitseinsatz im Pfarrgarten, werden wieder Helfer gesucht.<\/p>\n<p>Zur anstehenden Kirchenrenovierung konnte Kirchenpfleger Martin Zangl leider noch immer keine positiven Nachrichten berichten. Die seit mehr als einhundert Jahren offene Frage des Eigentums an der Pfarrkirche verhindert weiterhin die Durchf\u00fchrung der Ma\u00dfnahme. F\u00fcr die Zukunft soll mit einer Nutzungsvereinbarung zwischen dem Freistaat Bayern und der Kirchenstiftung Sch\u00f6nthal Klarheit geschaffen werden. Diese wird auf Vermittlung von Klaus Hofbauer inzwischen in der Di\u00f6zese erstellt. Erst nach der erfolgreichen Unterzeichnung k\u00f6nne die Kirchenrenovierung weiter vorangebracht und schlie\u00dflich durchgef\u00fchrt werden.<\/p>\n<p><img loading=\"lazy\" decoding=\"async\" width=\"1030\" height=\"711\" class=\"aligncenter size-full wp-image-11499\" alt=\"\" src=\"https:\/\/www.kirche-sdh.de\/side\/wp-content\/uploads\/2020\/02\/jahresabschluss_pfarrei_schoenthal2.jpg\" srcset=\"https:\/\/www.kirche-sdh.de\/side\/wp-content\/uploads\/2020\/02\/jahresabschluss_pfarrei_schoenthal2.jpg 1030w, https:\/\/www.kirche-sdh.de\/side\/wp-content\/uploads\/2020\/02\/jahresabschluss_pfarrei_schoenthal2-300x207.jpg 300w, https:\/\/www.kirche-sdh.de\/side\/wp-content\/uploads\/2020\/02\/jahresabschluss_pfarrei_schoenthal2-1024x707.jpg 1024w, https:\/\/www.kirche-sdh.de\/side\/wp-content\/uploads\/2020\/02\/jahresabschluss_pfarrei_schoenthal2-768x530.jpg 768w\" sizes=\"auto, (max-width: 1030px) 100vw, 1030px\" \/><\/p>\n","protected":false},"excerpt":{"rendered":"<p>Jahresabschluss der Pfarrei Sch\u00f6nthal \u2013 Kirchenrenovierung l\u00e4sst auf sich warten Sch\u00f6nthal. Als Dank f\u00fcr die im vergangenen Jahr geleistete Mitarbeit in der Pfarrgemeinde Sch\u00f6nthal waren alle kirchlichen Gremien und ehrenamtlichen Helfer der Pfarrei zu einem gemeinsamen Jahresabschlussessen in das Gasthaus Klostersch\u00e4nke eingeladen. Neben dem Dank stand auch der Jahresr\u00fcckblick von [&hellip;]<\/p>\n","protected":false},"author":3,"featured_media":11499,"comment_status":"open","ping_status":"open","sticky":true,"template":"","format":"standard","meta":{"footnotes":""},"categories":[21],"tags":[],"class_list":["post-11497","post","type-post","status-publish","format-standard","has-post-thumbnail","hentry","category-schoenthal"],"yoast_head":"<!-- This site is optimized with the Yoast SEO plugin v27.4 - https:\/\/yoast.com\/product\/yoast-seo-wordpress\/ -->\n<title>Dank f\u00fcr geleistete Dienste - Informationsseite und Seelsorgeeinheit<\/title>\n<meta name=\"robots\" content=\"index, follow, max-snippet:-1, max-image-preview:large, max-video-preview:-1\" \/>\n<link rel=\"canonical\" href=\"https:\/\/www.kirche-sdh.de\/side\/dank-fuer-geleistete-dienste\/\" \/>\n<meta property=\"og:locale\" content=\"de_DE\" \/>\n<meta property=\"og:type\" content=\"article\" \/>\n<meta property=\"og:title\" content=\"Dank f\u00fcr geleistete Dienste - Informationsseite und Seelsorgeeinheit\" \/>\n<meta property=\"og:description\" content=\"Jahresabschluss der Pfarrei Sch\u00f6nthal \u2013 Kirchenrenovierung l\u00e4sst auf sich warten Sch\u00f6nthal. Als Dank f\u00fcr die im vergangenen Jahr geleistete Mitarbeit in der Pfarrgemeinde Sch\u00f6nthal waren alle kirchlichen Gremien und ehrenamtlichen Helfer der Pfarrei zu einem gemeinsamen Jahresabschlussessen in das Gasthaus Klostersch\u00e4nke eingeladen. Neben dem Dank stand auch der Jahresr\u00fcckblick von [&hellip;]\" \/>\n<meta property=\"og:url\" content=\"https:\/\/www.kirche-sdh.de\/side\/dank-fuer-geleistete-dienste\/\" \/>\n<meta property=\"og:site_name\" content=\"Informationsseite und Seelsorgeeinheit\" \/>\n<meta property=\"article:published_time\" content=\"2020-02-26T17:13:38+00:00\" \/>\n<meta property=\"article:modified_time\" content=\"2020-02-26T17:14:44+00:00\" \/>\n<meta property=\"og:image\" content=\"https:\/\/www.kirche-sdh.de\/side\/wp-content\/uploads\/2020\/02\/jahresabschluss_pfarrei_schoenthal2.jpg\" \/>\n\t<meta property=\"og:image:width\" content=\"1030\" \/>\n\t<meta property=\"og:image:height\" content=\"711\" \/>\n\t<meta property=\"og:image:type\" content=\"image\/jpeg\" \/>\n<meta name=\"author\" content=\"Martin Zangl\" \/>\n<meta name=\"twitter:card\" content=\"summary_large_image\" \/>\n<meta name=\"twitter:label1\" content=\"Verfasst von\" \/>\n\t<meta name=\"twitter:data1\" content=\"Martin Zangl\" \/>\n\t<meta name=\"twitter:label2\" content=\"Gesch\u00e4tzte Lesezeit\" \/>\n\t<meta name=\"twitter:data2\" content=\"3\u00a0Minuten\" \/>\n<script type=\"application\/ld+json\" class=\"yoast-schema-graph\">{\"@context\":\"https:\\\/\\\/schema.org\",\"@graph\":[{\"@type\":\"Article\",\"@id\":\"https:\\\/\\\/www.kirche-sdh.de\\\/side\\\/dank-fuer-geleistete-dienste\\\/#article\",\"isPartOf\":{\"@id\":\"https:\\\/\\\/www.kirche-sdh.de\\\/side\\\/dank-fuer-geleistete-dienste\\\/\"},\"author\":{\"name\":\"Martin Zangl\",\"@id\":\"https:\\\/\\\/www.kirche-sdh.de\\\/side\\\/#\\\/schema\\\/person\\\/e05baeb81583d4659c11ea77b24c3640\"},\"headline\":\"Dank f\u00fcr geleistete Dienste\",\"datePublished\":\"2020-02-26T17:13:38+00:00\",\"dateModified\":\"2020-02-26T17:14:44+00:00\",\"mainEntityOfPage\":{\"@id\":\"https:\\\/\\\/www.kirche-sdh.de\\\/side\\\/dank-fuer-geleistete-dienste\\\/\"},\"wordCount\":543,\"commentCount\":0,\"publisher\":{\"@id\":\"https:\\\/\\\/www.kirche-sdh.de\\\/side\\\/#organization\"},\"image\":{\"@id\":\"https:\\\/\\\/www.kirche-sdh.de\\\/side\\\/dank-fuer-geleistete-dienste\\\/#primaryimage\"},\"thumbnailUrl\":\"https:\\\/\\\/www.kirche-sdh.de\\\/side\\\/wp-content\\\/uploads\\\/2020\\\/02\\\/jahresabschluss_pfarrei_schoenthal2.jpg\",\"articleSection\":[\"Sch\u00f6nthal\"],\"inLanguage\":\"de\"},{\"@type\":\"WebPage\",\"@id\":\"https:\\\/\\\/www.kirche-sdh.de\\\/side\\\/dank-fuer-geleistete-dienste\\\/\",\"url\":\"https:\\\/\\\/www.kirche-sdh.de\\\/side\\\/dank-fuer-geleistete-dienste\\\/\",\"name\":\"Dank f\u00fcr geleistete Dienste - Informationsseite und Seelsorgeeinheit\",\"isPartOf\":{\"@id\":\"https:\\\/\\\/www.kirche-sdh.de\\\/side\\\/#website\"},\"primaryImageOfPage\":{\"@id\":\"https:\\\/\\\/www.kirche-sdh.de\\\/side\\\/dank-fuer-geleistete-dienste\\\/#primaryimage\"},\"image\":{\"@id\":\"https:\\\/\\\/www.kirche-sdh.de\\\/side\\\/dank-fuer-geleistete-dienste\\\/#primaryimage\"},\"thumbnailUrl\":\"https:\\\/\\\/www.kirche-sdh.de\\\/side\\\/wp-content\\\/uploads\\\/2020\\\/02\\\/jahresabschluss_pfarrei_schoenthal2.jpg\",\"datePublished\":\"2020-02-26T17:13:38+00:00\",\"dateModified\":\"2020-02-26T17:14:44+00:00\",\"breadcrumb\":{\"@id\":\"https:\\\/\\\/www.kirche-sdh.de\\\/side\\\/dank-fuer-geleistete-dienste\\\/#breadcrumb\"},\"inLanguage\":\"de\",\"potentialAction\":[{\"@type\":\"ReadAction\",\"target\":[\"https:\\\/\\\/www.kirche-sdh.de\\\/side\\\/dank-fuer-geleistete-dienste\\\/\"]}]},{\"@type\":\"ImageObject\",\"inLanguage\":\"de\",\"@id\":\"https:\\\/\\\/www.kirche-sdh.de\\\/side\\\/dank-fuer-geleistete-dienste\\\/#primaryimage\",\"url\":\"https:\\\/\\\/www.kirche-sdh.de\\\/side\\\/wp-content\\\/uploads\\\/2020\\\/02\\\/jahresabschluss_pfarrei_schoenthal2.jpg\",\"contentUrl\":\"https:\\\/\\\/www.kirche-sdh.de\\\/side\\\/wp-content\\\/uploads\\\/2020\\\/02\\\/jahresabschluss_pfarrei_schoenthal2.jpg\",\"width\":1030,\"height\":711},{\"@type\":\"BreadcrumbList\",\"@id\":\"https:\\\/\\\/www.kirche-sdh.de\\\/side\\\/dank-fuer-geleistete-dienste\\\/#breadcrumb\",\"itemListElement\":[{\"@type\":\"ListItem\",\"position\":1,\"name\":\"Startseite\",\"item\":\"https:\\\/\\\/www.kirche-sdh.de\\\/side\\\/\"},{\"@type\":\"ListItem\",\"position\":2,\"name\":\"Dank f\u00fcr geleistete Dienste\"}]},{\"@type\":\"WebSite\",\"@id\":\"https:\\\/\\\/www.kirche-sdh.de\\\/side\\\/#website\",\"url\":\"https:\\\/\\\/www.kirche-sdh.de\\\/side\\\/\",\"name\":\"Informationsseite und Seelsorgeeinheit\",\"description\":\"Informationsseite und Seelsorgeeinheit\",\"publisher\":{\"@id\":\"https:\\\/\\\/www.kirche-sdh.de\\\/side\\\/#organization\"},\"potentialAction\":[{\"@type\":\"SearchAction\",\"target\":{\"@type\":\"EntryPoint\",\"urlTemplate\":\"https:\\\/\\\/www.kirche-sdh.de\\\/side\\\/?s={search_term_string}\"},\"query-input\":{\"@type\":\"PropertyValueSpecification\",\"valueRequired\":true,\"valueName\":\"search_term_string\"}}],\"inLanguage\":\"de\"},{\"@type\":\"Organization\",\"@id\":\"https:\\\/\\\/www.kirche-sdh.de\\\/side\\\/#organization\",\"name\":\"Informationsseite und Seelsorgeeinheit\",\"url\":\"https:\\\/\\\/www.kirche-sdh.de\\\/side\\\/\",\"logo\":{\"@type\":\"ImageObject\",\"inLanguage\":\"de\",\"@id\":\"https:\\\/\\\/www.kirche-sdh.de\\\/side\\\/#\\\/schema\\\/logo\\\/image\\\/\",\"url\":\"https:\\\/\\\/www.kirche-sdh.de\\\/side\\\/wp-content\\\/uploads\\\/2017\\\/12\\\/kirche-logos.png\",\"contentUrl\":\"https:\\\/\\\/www.kirche-sdh.de\\\/side\\\/wp-content\\\/uploads\\\/2017\\\/12\\\/kirche-logos.png\",\"width\":438,\"height\":191,\"caption\":\"Informationsseite und Seelsorgeeinheit\"},\"image\":{\"@id\":\"https:\\\/\\\/www.kirche-sdh.de\\\/side\\\/#\\\/schema\\\/logo\\\/image\\\/\"}},{\"@type\":\"Person\",\"@id\":\"https:\\\/\\\/www.kirche-sdh.de\\\/side\\\/#\\\/schema\\\/person\\\/e05baeb81583d4659c11ea77b24c3640\",\"name\":\"Martin Zangl\",\"url\":\"https:\\\/\\\/www.kirche-sdh.de\\\/side\\\/author\\\/zangl\\\/\"}]}<\/script>\n<!-- \/ Yoast SEO plugin. -->","yoast_head_json":{"title":"Dank f\u00fcr geleistete Dienste - Informationsseite und Seelsorgeeinheit","robots":{"index":"index","follow":"follow","max-snippet":"max-snippet:-1","max-image-preview":"max-image-preview:large","max-video-preview":"max-video-preview:-1"},"canonical":"https:\/\/www.kirche-sdh.de\/side\/dank-fuer-geleistete-dienste\/","og_locale":"de_DE","og_type":"article","og_title":"Dank f\u00fcr geleistete Dienste - Informationsseite und Seelsorgeeinheit","og_description":"Jahresabschluss der Pfarrei Sch\u00f6nthal \u2013 Kirchenrenovierung l\u00e4sst auf sich warten Sch\u00f6nthal. Als Dank f\u00fcr die im vergangenen Jahr geleistete Mitarbeit in der Pfarrgemeinde Sch\u00f6nthal waren alle kirchlichen Gremien und ehrenamtlichen Helfer der Pfarrei zu einem gemeinsamen Jahresabschlussessen in das Gasthaus Klostersch\u00e4nke eingeladen. Neben dem Dank stand auch der Jahresr\u00fcckblick von [&hellip;]","og_url":"https:\/\/www.kirche-sdh.de\/side\/dank-fuer-geleistete-dienste\/","og_site_name":"Informationsseite und Seelsorgeeinheit","article_published_time":"2020-02-26T17:13:38+00:00","article_modified_time":"2020-02-26T17:14:44+00:00","og_image":[{"width":1030,"height":711,"url":"https:\/\/www.kirche-sdh.de\/side\/wp-content\/uploads\/2020\/02\/jahresabschluss_pfarrei_schoenthal2.jpg","type":"image\/jpeg"}],"author":"Martin Zangl","twitter_card":"summary_large_image","twitter_misc":{"Verfasst von":"Martin Zangl","Gesch\u00e4tzte Lesezeit":"3\u00a0Minuten"},"schema":{"@context":"https:\/\/schema.org","@graph":[{"@type":"Article","@id":"https:\/\/www.kirche-sdh.de\/side\/dank-fuer-geleistete-dienste\/#article","isPartOf":{"@id":"https:\/\/www.kirche-sdh.de\/side\/dank-fuer-geleistete-dienste\/"},"author":{"name":"Martin Zangl","@id":"https:\/\/www.kirche-sdh.de\/side\/#\/schema\/person\/e05baeb81583d4659c11ea77b24c3640"},"headline":"Dank f\u00fcr geleistete Dienste","datePublished":"2020-02-26T17:13:38+00:00","dateModified":"2020-02-26T17:14:44+00:00","mainEntityOfPage":{"@id":"https:\/\/www.kirche-sdh.de\/side\/dank-fuer-geleistete-dienste\/"},"wordCount":543,"commentCount":0,"publisher":{"@id":"https:\/\/www.kirche-sdh.de\/side\/#organization"},"image":{"@id":"https:\/\/www.kirche-sdh.de\/side\/dank-fuer-geleistete-dienste\/#primaryimage"},"thumbnailUrl":"https:\/\/www.kirche-sdh.de\/side\/wp-content\/uploads\/2020\/02\/jahresabschluss_pfarrei_schoenthal2.jpg","articleSection":["Sch\u00f6nthal"],"inLanguage":"de"},{"@type":"WebPage","@id":"https:\/\/www.kirche-sdh.de\/side\/dank-fuer-geleistete-dienste\/","url":"https:\/\/www.kirche-sdh.de\/side\/dank-fuer-geleistete-dienste\/","name":"Dank f\u00fcr geleistete Dienste - Informationsseite und Seelsorgeeinheit","isPartOf":{"@id":"https:\/\/www.kirche-sdh.de\/side\/#website"},"primaryImageOfPage":{"@id":"https:\/\/www.kirche-sdh.de\/side\/dank-fuer-geleistete-dienste\/#primaryimage"},"image":{"@id":"https:\/\/www.kirche-sdh.de\/side\/dank-fuer-geleistete-dienste\/#primaryimage"},"thumbnailUrl":"https:\/\/www.kirche-sdh.de\/side\/wp-content\/uploads\/2020\/02\/jahresabschluss_pfarrei_schoenthal2.jpg","datePublished":"2020-02-26T17:13:38+00:00","dateModified":"2020-02-26T17:14:44+00:00","breadcrumb":{"@id":"https:\/\/www.kirche-sdh.de\/side\/dank-fuer-geleistete-dienste\/#breadcrumb"},"inLanguage":"de","potentialAction":[{"@type":"ReadAction","target":["https:\/\/www.kirche-sdh.de\/side\/dank-fuer-geleistete-dienste\/"]}]},{"@type":"ImageObject","inLanguage":"de","@id":"https:\/\/www.kirche-sdh.de\/side\/dank-fuer-geleistete-dienste\/#primaryimage","url":"https:\/\/www.kirche-sdh.de\/side\/wp-content\/uploads\/2020\/02\/jahresabschluss_pfarrei_schoenthal2.jpg","contentUrl":"https:\/\/www.kirche-sdh.de\/side\/wp-content\/uploads\/2020\/02\/jahresabschluss_pfarrei_schoenthal2.jpg","width":1030,"height":711},{"@type":"BreadcrumbList","@id":"https:\/\/www.kirche-sdh.de\/side\/dank-fuer-geleistete-dienste\/#breadcrumb","itemListElement":[{"@type":"ListItem","position":1,"name":"Startseite","item":"https:\/\/www.kirche-sdh.de\/side\/"},{"@type":"ListItem","position":2,"name":"Dank f\u00fcr geleistete Dienste"}]},{"@type":"WebSite","@id":"https:\/\/www.kirche-sdh.de\/side\/#website","url":"https:\/\/www.kirche-sdh.de\/side\/","name":"Informationsseite und Seelsorgeeinheit","description":"Informationsseite und Seelsorgeeinheit","publisher":{"@id":"https:\/\/www.kirche-sdh.de\/side\/#organization"},"potentialAction":[{"@type":"SearchAction","target":{"@type":"EntryPoint","urlTemplate":"https:\/\/www.kirche-sdh.de\/side\/?s={search_term_string}"},"query-input":{"@type":"PropertyValueSpecification","valueRequired":true,"valueName":"search_term_string"}}],"inLanguage":"de"},{"@type":"Organization","@id":"https:\/\/www.kirche-sdh.de\/side\/#organization","name":"Informationsseite und Seelsorgeeinheit","url":"https:\/\/www.kirche-sdh.de\/side\/","logo":{"@type":"ImageObject","inLanguage":"de","@id":"https:\/\/www.kirche-sdh.de\/side\/#\/schema\/logo\/image\/","url":"https:\/\/www.kirche-sdh.de\/side\/wp-content\/uploads\/2017\/12\/kirche-logos.png","contentUrl":"https:\/\/www.kirche-sdh.de\/side\/wp-content\/uploads\/2017\/12\/kirche-logos.png","width":438,"height":191,"caption":"Informationsseite und Seelsorgeeinheit"},"image":{"@id":"https:\/\/www.kirche-sdh.de\/side\/#\/schema\/logo\/image\/"}},{"@type":"Person","@id":"https:\/\/www.kirche-sdh.de\/side\/#\/schema\/person\/e05baeb81583d4659c11ea77b24c3640","name":"Martin Zangl","url":"https:\/\/www.kirche-sdh.de\/side\/author\/zangl\/"}]}},"_links":{"self":[{"href":"https:\/\/www.kirche-sdh.de\/side\/wp-json\/wp\/v2\/posts\/11497","targetHints":{"allow":["GET"]}}],"collection":[{"href":"https:\/\/www.kirche-sdh.de\/side\/wp-json\/wp\/v2\/posts"}],"about":[{"href":"https:\/\/www.kirche-sdh.de\/side\/wp-json\/wp\/v2\/types\/post"}],"author":[{"embeddable":true,"href":"https:\/\/www.kirche-sdh.de\/side\/wp-json\/wp\/v2\/users\/3"}],"replies":[{"embeddable":true,"href":"https:\/\/www.kirche-sdh.de\/side\/wp-json\/wp\/v2\/comments?post=11497"}],"version-history":[{"count":0,"href":"https:\/\/www.kirche-sdh.de\/side\/wp-json\/wp\/v2\/posts\/11497\/revisions"}],"wp:featuredmedia":[{"embeddable":true,"href":"https:\/\/www.kirche-sdh.de\/side\/wp-json\/wp\/v2\/media\/11499"}],"wp:attachment":[{"href":"https:\/\/www.kirche-sdh.de\/side\/wp-json\/wp\/v2\/media?parent=11497"}],"wp:term":[{"taxonomy":"category","embeddable":true,"href":"https:\/\/www.kirche-sdh.de\/side\/wp-json\/wp\/v2\/categories?post=11497"},{"taxonomy":"post_tag","embeddable":true,"href":"https:\/\/www.kirche-sdh.de\/side\/wp-json\/wp\/v2\/tags?post=11497"}],"curies":[{"name":"wp","href":"https:\/\/api.w.org\/{rel}","templated":true}]}}